{"id":9988,"date":"2011-02-12T15:14:11","date_gmt":"2011-02-12T14:14:11","guid":{"rendered":"http:\/\/www.hohenlohe-ungefiltert.de\/?p=9988"},"modified":"2011-02-12T15:14:11","modified_gmt":"2011-02-12T14:14:11","slug":"die-kuh-ist-kein-klima-killer-%e2%80%93%c2%a0vortrag-der-tierarztin-anita-idel-in-schwabisch-hall","status":"publish","type":"post","link":"https:\/\/www.hohenlohe-ungefiltert.de\/?p=9988","title":{"rendered":"&#8222;Die Kuh ist kein Klima-Killer&#8220; \u2013\u00a0Vortrag der Tier\u00e4rztin Anita Idel in Schw\u00e4bisch Hall"},"content":{"rendered":"<p><strong>&#8222;Die Kuh ist kein Klima-Killer.&#8220; Warum wir Kuh und Co sogar brauchen, legt die Berliner Tier\u00e4rztin Dr. Anita Idel am Dienstag, 22. Februar 2011, um 11 Uhr in ihrem Vortrag in Schw\u00e4bisch Hall dar. Veranstaltungsort ist der Mittlere Pavillon in der Freien Waldorfschule Schw\u00e4bisch Hall, Teurerweg 2. Die \u00f6ffentliche Veranstaltung findet im Rahmen der Mitgliederversammlung des Beratungsdienstes \u00d6kolandbau Schw\u00e4bisch Hall statt. Mitorganisatoren sind Demeter und Bioland Hohenlohe.<\/strong><\/p>\n<p><em>Von Iris M\u00fchlberger, Demeter Baden-W\u00fcrttemberg<\/em><\/p>\n<p><strong>Manche Forscher fordern Klimasteuer auf Rinder-Steaks und  Milchprodukte<\/strong><\/p>\n<p>Die Kuh hat in der aktuellen Klimadiskussion oft keinen guten Ruf. Sie  wird wegen ihrer Methanausscheidungen als &#8222;Klima-Killer&#8220; angeprangert.  Manche Forscher fordern sogar eine Klimasteuer auf Rinder-Steaks und  Milchprodukte. Ist die Kuh klimasch\u00e4dlicher als das Auto? &#8222;Nein&#8220;, sagt  die Berliner Tier\u00e4rztin Dr. Anita Idel, \u201centscheidend ist das  Agrarsystem&#8220;.<\/p>\n<p><strong>Problem ist F\u00fctterung mit Kraftfutter<\/strong><\/p>\n<p>Anita Idel, Tier\u00e4rztin, Mitautorin des Weltagrarberichts und Lehrbeauftragte an der Universit\u00e4t Kassel bestreitet in ihrem  neuen Buch nicht, dass Rinder klimasch\u00e4dliches Methan aussto\u00dfen. Viel entscheidender sei, dass sie immer mehr vom Weideland verdr\u00e4ngt und mit Kraftfutter gef\u00fcttert w\u00fcrden. Durch die intensive D\u00fcngung von Getreide, Mais und Soja w\u00fcrde Lachgas freigesetzt \u00ad und das sei 295mal so klimasch\u00e4dlich wie CO2.<\/p>\n<p><strong>Weitere Informationen im Internet:<\/strong><\/p>\n<p><a href=\"http:\/\/www.demeter-bw.de\" target=\"_blank\">www.demeter-bw.de<\/a><\/p>\n<div class=\"pdf24Plugin-cp\"> \t<form name=\"pdf24Form0\" method=\"post\" action=\"https:\/\/doc2pdf.pdf24.org\/wordpress.php\" target=\"pdf24PopWin\" onsubmit=\"var pdf24Win = window.open('about:blank', 'pdf24PopWin', 'resizable=yes,scrollbars=yes,width=600,height=250,left='+(screen.width\/2-300)+',top='+(screen.height\/3-125)+''); pdf24Win.focus(); if(typeof pdf24OnCreatePDF === 'function'){void(pdf24OnCreatePDF(this,pdf24Win));}\"> \t\t<input type=\"hidden\" name=\"blogCharset\" value=\"Cw1x07UAAA==\" \/><input type=\"hidden\" name=\"blogPosts\" value=\"MwQA\" \/><input type=\"hidden\" name=\"blogUrl\" value=\"yygpKSi20tcvLy\/Xy8jPSM3LARK6pXnpqWmZOSWpRSV6KakA\" \/><input type=\"hidden\" name=\"blogName\" value=\"88jPSM3LARK6pXnpqWmZOSWpRSUA\" \/><input type=\"hidden\" name=\"blogValueEncoding\" value=\"gzdeflate base64\" \/><input type=\"hidden\" name=\"postId_0\" value=\"s7S0sAAA\" \/><input type=\"hidden\" name=\"postTitle_0\" value=\"U1O2MDIysnbJTFXwLs1QyCwuUchOzcxT8M7JzE3U9c7MyUktUgOpMbBWeNQw+dCCsPyikqLEdIWU1CKFkMzUosNLiqpKgBoc8zJLEhU8U1JzFIC84OSM8sNLkjKLkzMUPBJzcgA=\" \/><input type=\"hidden\" name=\"postLink_0\" value=\"yygpKSi20tcvLy\/Xy8jPSM3LARK6pXnpqWmZOSWpRSV6Kan69gW2lpYWFgA=\" \/><input type=\"hidden\" name=\"postAuthor_0\" value=\"AwA=\" \/><input type=\"hidden\" name=\"postDateTime_0\" value=\"MzIwNNQ1MNI1NFIwNLUyMLIyNAQA\" \/><input type=\"hidden\" name=\"postContent_0\" value=\"lVRNbyNFEL3zK0pB4uTYG0tIsOs1StYKG2UDq2Q3OaKyu2amcU9PVF0Ta\/fEr+CExCVXrpxyYv4Jv4TX4\/ESYiHBZTTqrn713quP2e18lkybWM6\/+Pyr6XT6YuGFztuKfDJai490HnzNh+c+BNFxH\/TsBd2wtjVtvPaxbXT0qqHUlKy0VG5XlcQRBSmNHPBORIOPovTOi3b3+tGAu9AxHUdvTGdOAnFNSB2TcTmi6XRMp7LUFnjTZ0dHI0K2oyN6Xynhqa9Uarpu1JTLfHC1qjbd\/dKnVUWvOQRyDPRrUc6AwdpYJkT3ohx4XHgzyBF6y3cQ1sQMki9OVUAC8oJrtABcG2QPfUTvpFXRjZQEotmx7veikGjBQ\/k\/81LhoxOkrumSq1rijkAZvOD3TjRxXYcc6iRlr7jn63o3cNL9vG4CR7fkdl8o0piNM16jJUefGD9IkpCVFlKLIVuuz4nvQeh1g9oEfMazyVD52eR2\/tkMnSD1\/BpenKlPdNE9VGEpWoqOPgGdsJN4eNM9qJnU+XY2waNPAAPgBcfsw2mj4IlnRaNQOrQSNLU447agy2yNHl6Z8Dr1LCEkrKpbbVy7NtljuGvOim1XMV5bK+jNAd35tG5T8pDRFNsOxlXZGr6XbTGmK0DkxnWE8sm2l1APsYoj4yUIewf\/ccUh0TAVj4dgNwOMoFvNX0UF6N9Eb6ci8\/jf+sd0lrYTlEWv+9erqrt3fZ9pT9BxouPWmm92VL9DqoHiiBJjBP\/rDI7oz59+QRdvPRDQ6ecFCei4VNb0AdzrAXv8tOhvtVkGjGV+c9o9oEE093Ttjc6VCyvafLRX0sfpH1Eb5ZZm6NK+zoluJGA1gAW6Dupt69cbqXAAL\/MmMEFN+qZ4H32eK2\/dPbJzSlgwS0Fm8Sb29wqhiFpEOsHCophRR1luGgqz53ga+oRyo1jT\/SoRW8YD\/LFreJjED0gJ1vu6xlkNqnTX1FCCsH4WwdFBcESNspgnVlEpxdZHow1GzuVsi1bBNRfUR\/R0gk5adA+xzF7foeu\/lazSCQxkvzXpqvmRBwR6w6uqREULBJWSxD4a\/fFbH5YLDeI0\/frLmrFZmqf6MTZCr76f7pX+JtuKbXoW0fQ1G6YvT1aNA5xHsef7u4YJFSheHlRmt88nk81mM3bbLXO4zL8HZIzlYy8PfljCrPXBfC9kNuEt3l8=\" \/> \t\t<a href=\"https:\/\/www.pdf24.org\" target=\"_blank\" title=\"www.pdf24.org\" rel=\"nofollow\"><img src=\"https:\/\/www.hohenlohe-ungefiltert.de\/wp-content\/plugins\/pdf24-post-to-pdf\/img\/pdf_32x32.png\" alt=\"\" border=\"0\" height=\"32\" \/><\/a> \t\t<span class=\"pdf24Plugin-cp-space\">&nbsp;&nbsp;<\/span> \t\t<span class=\"pdf24Plugin-cp-text\">Sende Artikel als PDF<\/span> \t\t<span class=\"pdf24Plugin-cp-space\">&nbsp;&nbsp;<\/span> \t\t<input class=\"pdf24Plugin-cp-input\" style=\"margin: 0px;\" type=\"text\" name=\"sendEmailTo\" placeholder=\"Emailadresse\" \/> \t\t<input class=\"pdf24Plugin-cp-submit\" style=\"margin: 0px;\" type=\"submit\" value=\"Senden\" \/> \t<\/form> <\/div>","protected":false},"excerpt":{"rendered":"<p>&#8222;Die Kuh ist kein Klima-Killer.&#8220; Warum wir Kuh und Co sogar brauchen, legt die Berliner Tier\u00e4rztin Dr. Anita Idel am Dienstag, 22. Februar 2011, um 11 Uhr in ihrem Vortrag in Schw\u00e4bisch Hall dar. Veranstaltungsort ist der Mittlere Pavillon in der Freien Waldorfschule Schw\u00e4bisch Hall, Teurerweg 2. Die \u00f6ffentliche Veranstaltung findet im Rahmen der Mitgliederversammlung [&hellip;]<\/p>\n","protected":false},"author":3,"featured_media":0,"comment_status":"open","ping_status":"open","sticky":false,"template":"","format":"standard","meta":[],"categories":[],"tags":[],"_links":{"self":[{"href":"https:\/\/www.hohenlohe-ungefiltert.de\/index.php?rest_route=\/wp\/v2\/posts\/9988"}],"collection":[{"href":"https:\/\/www.hohenlohe-ungefiltert.de\/index.php?rest_route=\/wp\/v2\/posts"}],"about":[{"href":"https:\/\/www.hohenlohe-ungefiltert.de\/index.php?rest_route=\/wp\/v2\/types\/post"}],"author":[{"embeddable":true,"href":"https:\/\/www.hohenlohe-ungefiltert.de\/index.php?rest_route=\/wp\/v2\/users\/3"}],"replies":[{"embeddable":true,"href":"https:\/\/www.hohenlohe-ungefiltert.de\/index.php?rest_route=%2Fwp%2Fv2%2Fcomments&post=9988"}],"version-history":[{"count":2,"href":"https:\/\/www.hohenlohe-ungefiltert.de\/index.php?rest_route=\/wp\/v2\/posts\/9988\/revisions"}],"predecessor-version":[{"id":9990,"href":"https:\/\/www.hohenlohe-ungefiltert.de\/index.php?rest_route=\/wp\/v2\/posts\/9988\/revisions\/9990"}],"wp:attachment":[{"href":"https:\/\/www.hohenlohe-ungefiltert.de\/index.php?rest_route=%2Fwp%2Fv2%2Fmedia&parent=9988"}],"wp:term":[{"taxonomy":"category","embeddable":true,"href":"https:\/\/www.hohenlohe-ungefiltert.de\/index.php?rest_route=%2Fwp%2Fv2%2Fcategories&post=9988"},{"taxonomy":"post_tag","embeddable":true,"href":"https:\/\/www.hohenlohe-ungefiltert.de\/index.php?rest_route=%2Fwp%2Fv2%2Ftags&post=9988"}],"curies":[{"name":"wp","href":"https:\/\/api.w.org\/{rel}","templated":true}]}}