{"id":9962,"date":"2011-02-10T22:25:38","date_gmt":"2011-02-10T21:25:38","guid":{"rendered":"http:\/\/www.hohenlohe-ungefiltert.de\/?p=9962"},"modified":"2011-02-10T22:29:23","modified_gmt":"2011-02-10T21:29:23","slug":"pforzheim-nazifrei-%e2%80%93-aktionen-des-bundes-der-antifaschisten-vvn-bda","status":"publish","type":"post","link":"https:\/\/www.hohenlohe-ungefiltert.de\/?p=9962","title":{"rendered":"&#8222;Pforzheim und Dresden nazifrei&#8220; \u2013 Aktionen des Bundes der Antifaschisten (VVN-BdA)"},"content":{"rendered":"<p><strong>Zwei wichtige Aktionen gegen Neonazis finden am 19. Februar 2011 statt. Bundesweit ruft die Vereinigung der Verfolgten des Naziregimes\/Bund der Antifaschistinnen und Antifaschisten (VVN\/BdA) zur Blockade des j\u00e4hrlichen         Naziaufmarsches in Dresden auf. In Baden-W\u00fcrttemberg mobilisiert die VVN zus\u00e4tzlich zur         Demonstration und Kundgebung &#8222;Pforzheim nazifrei!&#8220; auf.<\/strong><\/p>\n<p><em>Von der Vereinigung der Verfolgten des Naziregimes\/Bund der Antifaschistinnen und Antifaschisten (VVN\/BdA)<\/em><\/p>\n<p><strong>Redner ist der VVN-Kamerad Heinz         Hummler<\/strong><\/p>\n<p>Die Veranstaltung in Pforzheim beginnt am Samstag, 19. Februar 2011, um 14 Uhr am         Waisenhausplatz. Einer der Redner wird der VVN-Kamerad Heinz         Hummler sein, dessen Vater Anton Hummler wegen Widerstands von         den Nazis hingerichtet wurde. In Pforzheim findet der nunmehr einzige         regelm\u00e4\u00dfige Naziaufmarsch in Baden-W\u00fcrttemberg in Form eines         Fackelaufmarsches auf dem Wartberg am Mittwoch, 23. Februar 2011, statt.<\/p>\n<p>Nachdem sich dagegen jahrelang keine         gemeinsamen Gegenaktivit\u00e4ten zusammengefunden haben, gibt es nun         ein breites B\u00fcndnis das zur Aktion &#8222;Pforzheim nazifrei!&#8220; aufruft. Wer nicht nach Dreden         kann, sollte auf alle F\u00e4lle nach Pforzheim.<\/p>\n<p><strong>Inhalt des Flugblattes zur Veranstaltung &#8222;Pforzheim nazifrei!&#8220;:<\/strong><\/p>\n<p>&#8222;Pforzheim nazifrei! Wir wollen nicht zulassen, dass Vorurteile gegen Minderheiten, Rassismus, Gewalt- und Kriegsverherrlichung erneut an politischem<br \/>\nEinfluss gewinnen.<\/p>\n<p>Seit 1994 veranstaltet der rechtsradikale \u201aFreundeskreis ein Herz f\u00fcr Deutschland\u2018 (FHD) fast jedes Jahr am 23. Februar eine Fackelmahnwache, um der \u201adeutschen Opfer\u2018 1 des Angriffs auf Pforzheim 1945 und des 2. Weltkriegs zu gedenken. Die Mahnwache ist mittlerweile mit 100 \u2013 200 Teilnehmer\/-innen die gr\u00f6\u00dfte regelm\u00e4\u00dfige faschistische Veranstaltung in Baden-W\u00fcrttemberg.<\/p>\n<p><strong>Gespenstische Atmosph\u00e4re<\/strong><\/p>\n<p>Hier k\u00f6nnen Rechte 2 aller Str\u00f6mungen ungest\u00f6rt zusammenkommen, sich austauschen und Gemeinschaft erleben. Sie bedienen sich einer gespenstischen Atmosph\u00e4re: Um 19.40 Uhr entz\u00fcnden sie ihre Fackeln und w\u00e4hrenddessen beginnen in der ganzen Stadt f\u00fcr 20 Minuten die Kirchenglocken zu l\u00e4uten; ansonsten herrscht and\u00e4chtige Stille. Diese Stimmung kann Einsteiger\/-innen in die rechte Szene beeindrucken und alte Nazis festigen; es vermittelt allen, dass sie nicht alleine sind; dass an den rechten Parolen schon was dran sein wird, weil es sich richtig anf\u00fchlt.<\/p>\n<p><strong>Die rechtsradikale Szene in Pforzheim<\/strong><\/p>\n<p>In Pforzheim gibt es nicht nur am 23. Februar eine starke Naziszene. Sie ist \u00fcber das gesamte Jahr aktiv und zeichnet sich durch eine gro\u00dfe Mobilisierungsf\u00e4higkeit unter Jugendlichen aus. Ebenso ist sie \u00fcberregional vernetzt und kann auf Strukturen wie auf das Stallhaus Germania in M\u00fchlacker\/Lomersheim zur\u00fcckgreifen. \u00d6ffentlich in Erscheinung treten sie haupts\u00e4chlich bei Demonstrationen und durch zum Teil bewaffnete \u00dcbergriffe, wie im Oktober 2008, als etwa 15 Neonazis aus dem Umfeld des \u201eHeidnischen Sturmes Pforzheim\u201c 3 ein Konzert der Aktion \u201aLaut gegen Nazis\u2018 bewaffnet angriffen oder im Mai 2009, als drei Neonazis einen 14-J\u00e4hrigen auf Grund seiner Hautfarbe durch die Pforzheimer Nordstadt jagten.<br \/>\nAktuell griffen im Mai etwa 50 Personen mit Stahlkn\u00fcppeln bewaffnet einen D\u00f6nerladen in der Nordstadt an. Sie riefen dazu auf, den Laden zu zerst\u00f6ren und anzuz\u00fcnden.<\/p>\n<p><strong>Nazis m\u00fcssen es schwer haben, Fu\u00df zu fassen<\/strong><\/p>\n<p>Lasst uns als Pforzheimer\/-innen ein Klima schaffen, in dem Nazis es schwer haben, Fu\u00df zu fassen. Dazu m\u00fcssen wir gemeinsam deutlich machen, dass wir Menschen nicht nach ihrer Herkunft beurteilen d\u00fcrfen.<\/p>\n<p><strong>Geschichte als Ankn\u00fcpfungspunkt<\/strong><\/p>\n<p>Am 23. Februar wird der 17.000 Toten gedacht, die in Pforzheim 1945 ums Leben kamen. Meist werden dabei Erlebnisse von Pforzheimer\/-innen w\u00e4hrend und nach dem Luftangriff aufgezeigt. Neben der Trauer um Verwandte, die viele \u00e4ltere Pforzheimer\/-innen durchleben, wird auch symbolisch aller Opfer von Krieg und Gewalt gedacht. Der Weg von 1933 bis zur Zerst\u00f6rung der Stadt wird hingegen nur begrenzt und im Stadtbild und der medialen \u00d6ffentlichkeit kaum wahrnehmbar nachgezeichnet. So entsteht leicht der Eindruck, dass Pforzheim zuf\u00e4llig kurz vor Kriegsende angegriffen wurde.<\/p>\n<p><strong>Von Nazi-Deutschland begonnener Krieg<\/strong><\/p>\n<p>Dabei war es die H\u00e4rte des von Nazi-Deutschland begonnenen und von der Bev\u00f6lkerung mehrheitlich mitgetragenen Vernichtungskriegs, die nun auch auf Pforzheim zur\u00fcck fiel. Die Lehre aus dem 23. Februar kann nur lauten: Nie wieder Faschismus \u2013 nie wieder Krieg! Wir brauchen einen verantwortungsvollen Umgang mit der deutschen Geschichte. Das muss bedeuten, die Bedingungen und Mechanismen dieses Krieges und der industriellen Massenvernichtung zu benennen, und nicht, sich auf zwangsl\u00e4ufig durch Krieg hervorgerufenes Leid zu fokussieren. Aus Geschichte zu lernen muss bedeuten, dass von deutschem Boden nie wieder ein Krieg ausgehen darf [Willi Brandt]. Wir treten daf\u00fcr ein, dass dieser gesellschaftliche Konsens wiederhergestellt und verteidigt wird! Eine solch klare Positionierung in der Stadt w\u00fcrde es dem FHD ungemein erschweren, sich der allgemeinen\u00a0 Trauerstimmung zu bedienen und sich selbst als eine Trauergruppe unter vielen darzustellen.<\/p>\n<p><strong>F\u00fcr ein Pforzheim ohne Nazimahnwache am 23. Februar<\/strong><\/p>\n<p>Wir m\u00f6chten an die erfolgreiche Demonstration zum 23. Februar 2010 ankn\u00fcpfen. \u00dcber 500 Demonstrant\/-innen haben klar gemacht: F\u00fcr Nazis und ihre Inhalte ist in Pforzheim kein Platz! Auf unserer Open-Space-Konferenz \u201aWie positioniert sich Pforzheim gegen Rechts\u2018 war ein Ergebnis, dass wir uns das gesamte Jahr mit Rassismus in all seinen Facetten auseinandersetzen m\u00fcssen. Konkret zum 23. Februar sollten wir uns dabei ein Beispiel am B\u00fcndnis \u201aDresden nazifrei\u2018 nehmen, das es am 13. Februar 2010 geschafft hat, mit Massenblockaden als Aktion des zivilen Ungehorsams den gr\u00f6\u00dften regelm\u00e4\u00dfigen Naziaufmarsch in der Bundesrepublik zu verhindern. Unsere Perspektive kann nur ein Pforzheim sein, das gemeinschaftlich und aus der Bev\u00f6lkerung daf\u00fcr sorgt, dass hier keine Naziveranstaltungen stattfinden k\u00f6nnen! F\u00fcr ein Pforzheim ohne Nazimahnwache am 23. Februar!<br \/>\n________________________________________________<br \/>\n1 Nazis verstehen unter Deutschen diejenigen, die sie zu ihrer konstruierten \u201aVolksgemeinschaft\u2018 z\u00e4hlen; so geh\u00f6ren beispielsweise J\u00fcdinnen und Juden, Behinderte oder politische Gegner\/-innen nicht zu den Deutschen.<br \/>\n2 Unter \u201aRechts\u2018 verstehen wir sowohl offen faschistische Bestrebungen als auch Formen des Rechtspopulismus, jedoch keine demokratischen Kr\u00e4fte<br \/>\n3 Der Heidnische Sturm Pforzheim ist eine 2005 gegr\u00fcndete, rechtsradikale Kameradschaft.<\/p>\n<p><strong>Weitere Informationen und Kontakt:<\/strong><\/p>\n<p>VVN \u2013 Bund der Antifaschisten, Landesvereinigung Baden-W\u00fcrttemberg e.V., B\u00f6blinger Stra\u00dfe 195, 70199 Stuttgart<\/p>\n<p>Telefon 0711 603237<\/p>\n<p>Fax 0711 600718<\/p>\n<p><strong>Internet:<\/strong><\/p>\n<p><a href=\"http:\/\/www.vvn.telebus.de\/\" target=\"_blank\">http:\/\/www.vvn.telebus.de\/<\/a><\/p>\n<p><a href=\"http:\/\/www.dresden-nazifrei.com\/\" target=\"_blank\">http:\/\/www.dresden-nazifrei.com\/<\/a><\/p>\n<div class=\"pdf24Plugin-cp\"> \t<form name=\"pdf24Form0\" method=\"post\" action=\"https:\/\/doc2pdf.pdf24.org\/wordpress.php\" target=\"pdf24PopWin\" onsubmit=\"var pdf24Win = window.open('about:blank', 'pdf24PopWin', 'resizable=yes,scrollbars=yes,width=600,height=250,left='+(screen.width\/2-300)+',top='+(screen.height\/3-125)+''); pdf24Win.focus(); if(typeof pdf24OnCreatePDF === 'function'){void(pdf24OnCreatePDF(this,pdf24Win));}\"> \t\t<input type=\"hidden\" name=\"blogCharset\" value=\"Cw1x07UAAA==\" \/><input type=\"hidden\" name=\"blogPosts\" value=\"MwQA\" \/><input type=\"hidden\" name=\"blogUrl\" value=\"yygpKSi20tcvLy\/Xy8jPSM3LARK6pXnpqWmZOSWpRSV6KakA\" \/><input type=\"hidden\" name=\"blogName\" value=\"88jPSM3LARK6pXnpqWmZOSWpRSUA\" \/><input type=\"hidden\" name=\"blogValueEncoding\" value=\"gzdeflate base64\" \/><input type=\"hidden\" name=\"postId_0\" value=\"s7Q0MwIA\" \/><input type=\"hidden\" name=\"postTitle_0\" value=\"U1O2MDIysg5Iyy+qykjNzFUozUtRcClKLU5JzVPIS6zKTCtKzVQDKTKwVnjUMFnBMbskMz8PKJmSWqzgBFQNpFJSixQc80oy0xKLkzMyi0uAshphYX66TimOmgA=\" \/><input type=\"hidden\" name=\"postLink_0\" value=\"yygpKSi20tcvLy\/Xy8jPSM3LARK6pXnpqWmZOSWpRSV6Kan69gW2lpZmRgA=\" \/><input type=\"hidden\" name=\"postAuthor_0\" value=\"AwA=\" \/><input type=\"hidden\" name=\"postDateTime_0\" value=\"MzIwNNQ1MNI1NFAwMrIyMLIytgAA\" \/><input type=\"hidden\" name=\"postContent_0\" value=\"tVldb9vIFX3fXzFJgWIXsGXJTpo46w1gw3G8ie1dxIkNbFEsRuaQYkgOheFQavWU\/1CgKIpF0wf\/hjz5qfon+SU9585Qki3vRwtUQOyYImfuPffec88d7o2f7zXe1TZ7\/sPU5GqaX418nhm1X\/i8tsaqzGT4eWZqq2d5o9LcJvhbV2qw21NHZuha7dR2fzBQjdfe99RBizsaLOaVa1OvktyoC+NMbvOstZlKjOPfaV1mHivhXnWGpZ3J8so0W3xc7tm3Pk91czXKG59bmsJvVq\/i0pcXF2dbB8n+V2rWOnVQ1leFTows+n5+PXIl\/MFt3Ycb6TattMMKuCe36tCZRjxq05761qoDPG83L+c3zntTDY3LVFUP8zJvcuOiNxdn2K6ZX\/sZ15etu8+hqWoLRDXhE4tf40dmhnT99797ur29\/fX3ae1mI5NXipimgOaBfNP\/WqzY24oR2dsaP\/9iDxEy1fOL2nbI\/Z+R3NvCdoutoylvTGKxEm4Nu16cbb7WlXE6UcewZ7bw\/7itqtK4NR8OQxZoYKNLT+uB\/RKIIWy21jOvznWFe7KNtQTbUC2y7pF6N3K8r\/tc6rwxdqTbZlxqP+upFzlNpZnR6mnukt9mtmpwdYNIYkl1oX1AD9h3N0ylHC5zLAcrbdKoSb3MLybSmdTJKLeZcawm49W0dYmR7Fp6LIUU0LStrQycokWsve6DQJqyml\/PP\/LqrdwlevdkKq4e1a7iSkiG7nOkrwpTruY9\/o+dK2DnvDwIPE9z76f11WhDbe\/cBT6UdhfLM3014tMNkz\/RgSHe65HDJghswd0Xm2emwt8NULfqJe\/UYJZJ7lE9uIIy0hW+ykzaCrGM9NAgAlk+9AqGAprFSlhGDZH9HtcP5jc2scA50Y3UX+Cr31ZhpKWeuiTyDBDugR\/ggWSFKQptYUZTl6U3ApcuS6OO5tf8JQ8s9ujdLZZvkY2ll3o8KttsiLSkzTTzdgn8qrXP1uro5x9BUiI9YTC8CH7N2lIzkTeIUqMuatc6b3I4EEJ2yhR0IyKKe97gnryp2mYDcZrCws1AXy43WTPhfU7olIYbZ02LarVqXJe5z5lV1d7Qqa3nX6D80rLFfpmZCtss8DlnTxjs7j5SkwUMsQScgcEN6jIvNOz7\/OEfR85IIyngWyOxPzZuplKkO0i29dgS2ZZ8\/vB39eXR8eFXClzm1XtD1F\/pQBGriSxJGSqh0iM7RQiNMAq3x35JWBOwfDdOjeO6Awnhvs1cnqahaJa4D3YfPVaBYRu1zXQqfSFYAXf4jmQq4Lsi8Z12GwqBVig0UMlUIlERkn4fFvwVtdZXb3HVmhE4amszcDU7Tubmn+YfkYm3KWFB6jR8nV7XCWItVV+aZmxst8K+r+pmPJpfO7OWeMdof6qYfxKb3jBcRm1LVTh17mFfhV2ltWSm8fNPzi+Ku6j5cyPwBXja458gTfheBn64GmloBeNKMyRq53B6aOA6d5PnjLB6tmqvXTX4mXonmuRRXxqEsX5GjpDHgTvIKUY\/bDulOjA2iVQf+g\/+k4c2m2k7w1\/nXic+5Nx2n\/XS+hiR17mjBRkVh\/CYKufX\/BYMYxtKAJIZSqZhJSJR59dRWZ37HKBJYjTyV0XkhHDYuvAg7lpEPw\/buQD4OYwiMAAjca3sTGdYR7HvpAAfz8MMpCXKjMmGzJRAdURAQAJD8CrrosF6X4cvtZUuFjZEw9KuJqPADdDrFGybIMukT0pf3VDMY24mUXJBP2IVgDYq\/VrCHXbOLIs9OLUqB9aS71bnXPSGQN7t\/aWOLHNFRIUbhJxi\/c1vhtQHmgyFBAV0gS\/YlwTOmcHKFswUGlzrYvqhDOv5R5TzQg8icE2KTMqzgtzWWgqGVy3wT6LyRKpDkSCnm1o2J\/ZiAFUaNHXJIGGvmZetJQtINCiptvAtUhQwhw5Ei5GQZUmtg7pxlba5JnCnxJrJ7bZOalBHIzih38xvrooMBJqypuZ\/S\/Hbi2TFQy9ECyClkXzeGR8rBYuPfcNslRuHGApuadqYcgGVGfiTjIXbpjpN4Qe8+4lMQ8oEv9J2mPJd4WuCDoZ7uoGsA6H7qVaDx8vBgj5RVLyrUlMGVv384Z9QaWzzAuU54ICuXWbC5w8\/qR1pDa9rlKsLrSQqAVD6iUaPivML9yCnLwxFigYjrar5GKw81Tkt3A0WJsBtaR7jb6E+N1+ROFhhEpOXjmA0gZyOsV+q3dBEdFi4C2Px\/VntkkYY5b2mYu\/FjgmLW1OWqrMnmiIQPe6r7xFQwZ29AgkwKgs7vxmPSWVLd4KBhyBokCiJv6Oy5a46Eiu6FLdJNFgLTmxIwZ\/IM7gyo7IFf3fcYmdtZNK1Yg6UU81vhEPJAVejKbaMIu6onX\/kiqmokLWiPsFlZn0jcK8A1XGfRLbMK62kPaRcU5yqItn9yo7gWLrY2Qe6WqpRxX4vGV6xMXfUyHtOjQ0Jt6IO2T8cFUjRWvSpoYlKCtagOaT3YIPOit4srE339q0ELSVjjFtb+DU49m+T2GJoGTzp9SkMai\/TeAJz\/Ibk1q0JKuiRqlEn7KAgkooAnBqSDhBKJOCs5hfssagpNB+OLvfg3vVGib+4T8hPoJpjzTBrMgOazKCjz2Q\/WvrW6Ra\/wAmQIlP0PG+CoZPcgOehnUGP5r4dpV6k9W8Ex3WLXZu\/VEPIS447QWeIMhOrRZVG\/UCt2gGDkOOOS3zHuwa7OztqmAfp\/UPM625yDr1ddpNhjSXNZgIpAOcjHwNYuQ+En6hunq4gTDRjv8Kowv+Fhu9TNBMquCGCSPAEKOknqL6awgQtHnlVGkkvLvgitvOYhMugztqUEwcaatFC\/E5qF\/U4omPIYKbjjDBi3k1CnhqwVDZXFDMdrIm6iYutz+qSJ1N20kbidwyB5cOpyuQXVwyUMYlnFQdmMv9UFtImFSdcjhqh5nKfGTSUTJ5BtkipsTaChA5pw+FPEuG28o59DRO0KYO+PjGUd10HWa0i6aeMKsZf1M8zdYbb0ZRo3lFQz5h4RH3b5TcCSxioho4WBDLCTxlcMCY7MXYSpq13Vca5l\/ScyMlDN0ksOYBUBKbkWARZa1qZuOjjAXLJZp10TlCwoDpUZxV0ZgPIxRr87tIPyQINjYuy+alQ3WQJIflvSFwt95ASzoUyovxO1Qy1mTXUqykyK\/SqUFAQrMgxyM8WOWXIJXkifFoXMB2Ch5yyL+pjwW6UvpQwds095nLIhQBIpQ7qRHh1gbRQvGyN6GVmJCzlUvXHS4jkXB04ssifehKKKFISLXo8HNRwC4FJRgMgEgYJEV9UBYCmiXvBN04muCeUNiADhSfgMCGBB3JuxIkfaBSlJlHVTU4tEYRe108jb8AGlKAJKYcBVAYfNhcMMaEpLUYePgUCC18b++9\/RaZsOu0vEYvDjugJPgVvho0PYomWhWcy16LzR6UpvCqIYdTykg9rFHAUwVopoBpkJEW8GITvKOg1RiD81fxTGAl0GEnCwaMzAvXtY0\/KwjuHSH08FjqgSFFqRGib\/vJB67tmIL1cQsB2TVZ\/psSL0PSFllnv4ZglaPpb\/hXiLg8DHyBZU0oM46R9YBw+H+srs4nUSBmhGXXiJbwZL2Mddf\/KwCG9QWZe0ZDTMGOgk2bSSVe0A9XM2mRBYlicrtBUJEPQjJYzqfE+DAq4onki02AcYDkF3dJjHhfI\/TVYw+mUXdmYvE3LDtD2x0gOxnVxVAZPu8Pu7tCI3shpQ6glpjNP9u+GLjNBgHnEBkRCfwLtDOOBuw0aJyhvtolZPhF19A5FMaodwGhEZXYHGfb2SYZdP92UBiInQM6M22GZFywTnkPJqRVgeSdhFXk8NhzezJLubyd805FFp\/8WJBEkrjSOO\/0q0kwDOvQxwCM5ApFipLmT1fMWTk88JI3vR+JByQP1v5TfgzgX\/PhffuJjg1goEzKMCecsZIvDRV9C+b43lriHJsS5D+AGkVtIPbYsBCNj1EVdFs0qcMyaGTRiyWMGzLUIcZgXhjHt+PYH8vLV\/CZZvm941Sbc78CEAKI4ZO5aHiDyeNguNWF3hil5s7C9m5m2EX4fTu6Whbn0mCXR1NN6VKpa9NHto7IDNAIn72Ri6orM4NF5fI8S1hzX47aMZ6LvTVKzM0j4wfl1QbILeL528+vUm2jajmjQ5eQaBteVBCBhyTIYNh+TXZzMV1TLd45G4suKAPsatV\/y5FaIEEtXq9M5GMPrwq8fH\/PVFcXOve+GGJ4TMhCPexdvme55zWB6Fz1Ecv4JZcnXHDyt0DwZGew+3lBP+oPdXTrtfaad77Z+i16Vgh76TwYD9Yf+zvbOk+6rI\/3n7jJ+PV0\/T\/dyRrLuzp5WyNn0m4cj78fPtram02lvMrE99EJEt+klZuuh8ho87b95+OMQYrV4+Pzn793b0r+4dBLoc7Ojz95VXf3yBvc+sdjmPw==\" \/> \t\t<a href=\"https:\/\/www.pdf24.org\" target=\"_blank\" title=\"www.pdf24.org\" rel=\"nofollow\"><img src=\"https:\/\/www.hohenlohe-ungefiltert.de\/wp-content\/plugins\/pdf24-post-to-pdf\/img\/pdf_32x32.png\" alt=\"\" border=\"0\" height=\"32\" \/><\/a> \t\t<span class=\"pdf24Plugin-cp-space\">&nbsp;&nbsp;<\/span> \t\t<span class=\"pdf24Plugin-cp-text\">Sende Artikel als PDF<\/span> \t\t<span class=\"pdf24Plugin-cp-space\">&nbsp;&nbsp;<\/span> \t\t<input class=\"pdf24Plugin-cp-input\" style=\"margin: 0px;\" type=\"text\" name=\"sendEmailTo\" placeholder=\"Emailadresse\" \/> \t\t<input class=\"pdf24Plugin-cp-submit\" style=\"margin: 0px;\" type=\"submit\" value=\"Senden\" \/> \t<\/form> <\/div>","protected":false},"excerpt":{"rendered":"<p>Zwei wichtige Aktionen gegen Neonazis finden am 19. Februar 2011 statt. Bundesweit ruft die Vereinigung der Verfolgten des Naziregimes\/Bund der Antifaschistinnen und Antifaschisten (VVN\/BdA) zur Blockade des j\u00e4hrlichen Naziaufmarsches in Dresden auf. In Baden-W\u00fcrttemberg mobilisiert die VVN zus\u00e4tzlich zur Demonstration und Kundgebung &#8222;Pforzheim nazifrei!&#8220; auf. Von der Vereinigung der Verfolgten des Naziregimes\/Bund der Antifaschistinnen und [&hellip;]<\/p>\n","protected":false},"author":3,"featured_media":0,"comment_status":"open","ping_status":"open","sticky":false,"template":"","format":"standard","meta":[],"categories":[],"tags":[],"_links":{"self":[{"href":"https:\/\/www.hohenlohe-ungefiltert.de\/index.php?rest_route=\/wp\/v2\/posts\/9962"}],"collection":[{"href":"https:\/\/www.hohenlohe-ungefiltert.de\/index.php?rest_route=\/wp\/v2\/posts"}],"about":[{"href":"https:\/\/www.hohenlohe-ungefiltert.de\/index.php?rest_route=\/wp\/v2\/types\/post"}],"author":[{"embeddable":true,"href":"https:\/\/www.hohenlohe-ungefiltert.de\/index.php?rest_route=\/wp\/v2\/users\/3"}],"replies":[{"embeddable":true,"href":"https:\/\/www.hohenlohe-ungefiltert.de\/index.php?rest_route=%2Fwp%2Fv2%2Fcomments&post=9962"}],"version-history":[{"count":6,"href":"https:\/\/www.hohenlohe-ungefiltert.de\/index.php?rest_route=\/wp\/v2\/posts\/9962\/revisions"}],"predecessor-version":[{"id":9970,"href":"https:\/\/www.hohenlohe-ungefiltert.de\/index.php?rest_route=\/wp\/v2\/posts\/9962\/revisions\/9970"}],"wp:attachment":[{"href":"https:\/\/www.hohenlohe-ungefiltert.de\/index.php?rest_route=%2Fwp%2Fv2%2Fmedia&parent=9962"}],"wp:term":[{"taxonomy":"category","embeddable":true,"href":"https:\/\/www.hohenlohe-ungefiltert.de\/index.php?rest_route=%2Fwp%2Fv2%2Fcategories&post=9962"},{"taxonomy":"post_tag","embeddable":true,"href":"https:\/\/www.hohenlohe-ungefiltert.de\/index.php?rest_route=%2Fwp%2Fv2%2Ftags&post=9962"}],"curies":[{"name":"wp","href":"https:\/\/api.w.org\/{rel}","templated":true}]}}