{"id":9952,"date":"2011-02-10T22:02:05","date_gmt":"2011-02-10T21:02:05","guid":{"rendered":"http:\/\/www.hohenlohe-ungefiltert.de\/?p=9952"},"modified":"2011-02-10T22:02:05","modified_gmt":"2011-02-10T21:02:05","slug":"ver-di-verurteilt-einschuchterung-von-versammlungsleitern-%e2%80%93-gerichtsprozess-gegen-gewerkschaftssekretar-in-stuttgart","status":"publish","type":"post","link":"https:\/\/www.hohenlohe-ungefiltert.de\/?p=9952","title":{"rendered":"&#8222;ver.di verurteilt Einsch\u00fcchterung von Versammlungsleitern&#8220; \u2013 Gerichtsprozess gegen Gewerkschaftssekret\u00e4r in Stuttgart"},"content":{"rendered":"<p><strong>Ein Gerichtsprozess gegen den ver.di-Gewerkschaftssekret\u00e4r Marc Kappler findet am Donnerstag, 10. Februar 2011, um 10 Uhr im Amtsgericht Stuttgart\u00a0 statt.<\/strong><\/p>\n<p><em>Von ver.di Stuttgart<\/em><\/p>\n<p><strong>F\u00fcr die Versammlungsfreiheit k\u00e4mpfen<\/strong><\/p>\n<p>Grund hierf\u00fcr ist ein angeblicher Versto\u00df gegen die Auflagen bei einer Bildungsstreikdemonstration im Juni 2010, die er beim Amt f\u00fcr \u00f6ffentliche Ordnung angemeldet hatte. Bernd Riexinger, Gesch\u00e4ftsf\u00fchrer ver.di-Bezirk Stuttgart, verurteilt diese Anklagepraxis: An den Anklagepunkten wird bereits deutlich, dass es nicht darum geht, das Versammlungsgesetz zu beachten, sondern ganz im Gegenteil das Verfahren vom Polizeipr\u00e4sidium und der Staatsanwaltschaft zum Selbstzweck und damit zur Einsch\u00fcchterung von Versammlungsleitern er\u00f6ffnet wurde.&#8220;<\/p>\n<p><strong>Hohe Bedeutung des zu erwartenden Urteils<\/strong><\/p>\n<p>Die Staatsanwaltschaft wirft Marc Kappler, dem Versammlungsleiter, vor, dass die Demonstranten die ohnehin gesperrten Stra\u00dfenkreuzungen am Berliner Platz und am Roteb\u00fchlplatz je 6 und 9 Minuten blockiert h\u00e4tten und eine Zwischenkundgebung wenige Meter neben der geplanten Stelle abhielten. Hierbei verweist Marc Kappler auf die hohe Bedeutung des zu erwartenden Urteils: Alles andere als ein Freispruch, w\u00fcrde eine faktische Einschr\u00e4nkung der Versammlungsfreiheit in Stuttgart bedeuten, da jeder Anmelder einer Demonstration ein Gerichtsverfahren f\u00fcrchten m\u00fcsste, egal wie die Demonstration verlaufen w\u00e4re.&#8220; ver.di wird den Verlauf des Verfahrens genau beobachten.<\/p>\n<p><strong>Starke H\u00e4ufung solcher Anklagen gegen Anmelder von Versammlungen in Stuttgart<\/strong><\/p>\n<p>Bei einer Verurteilung wird ver.di in die n\u00e4chste Instanz gehen, allein um mehr \u00fcber die Hintergr\u00fcnde solcher Strafanzeigen zu erfahren. Bernd Riexinger dazu: In der letzten Zeit l\u00e4sst sich eine starke H\u00e4ufung solcher Anklagen gegen Anmelder von Versammlungen in Stuttgart beobachten, so dass sich der Verdacht einer gewollten Verhinderung von Protest und einer politischen Einflussnahme auf die Polizei geradezu aufdr\u00e4ngt.&#8220;<\/p>\n<p><strong>Weitere Informationen und Kontakt:<\/strong><\/p>\n<p>ver.di Bezirk Stuttgart, Willi-Bleicher-Str. 20, 70174 Stuttgart, Telefon 0711\/1664-200, Fax 0711\/1664-209<\/p>\n<p><strong>Internet:<\/strong><\/p>\n<p><a href=\"http:\/\/stuttgart.verdi.de\/\" target=\"_blank\">http:\/\/stuttgart.verdi.de\/<\/a><\/p>\n<div class=\"pdf24Plugin-cp\"> \t<form name=\"pdf24Form0\" method=\"post\" action=\"https:\/\/doc2pdf.pdf24.org\/wordpress.php\" target=\"pdf24PopWin\" onsubmit=\"var pdf24Win = window.open('about:blank', 'pdf24PopWin', 'resizable=yes,scrollbars=yes,width=600,height=250,left='+(screen.width\/2-300)+',top='+(screen.height\/3-125)+''); pdf24Win.focus(); if(typeof pdf24OnCreatePDF === 'function'){void(pdf24OnCreatePDF(this,pdf24Win));}\"> \t\t<input type=\"hidden\" name=\"blogCharset\" value=\"Cw1x07UAAA==\" \/><input type=\"hidden\" name=\"blogPosts\" value=\"MwQA\" \/><input type=\"hidden\" name=\"blogUrl\" value=\"yygpKSi20tcvLy\/Xy8jPSM3LARK6pXnpqWmZOSWpRSV6KakA\" \/><input type=\"hidden\" name=\"blogName\" value=\"88jPSM3LARK6pXnpqWmZOSWpRSUA\" \/><input type=\"hidden\" name=\"blogValueEncoding\" value=\"gzdeflate base64\" \/><input type=\"hidden\" name=\"postId_0\" value=\"s7Q0NQIA\" \/><input type=\"hidden\" name=\"postTitle_0\" value=\"FYxBCsJQDESvEhC6FPkroWvxAIL7Tx1\/Q39TSdIKrryDV\/AY7noTT2JcDfNmeM1mn1JqF+j2whQxq4Or04HFun79dL0HlELLJHSGWh7HGt0qOBZp\/oJdS9\/ni45Qjr\/ddHrAjAoKJOgdOoQsX90Mg8LXtxILnXx2L1n9Bw==\" \/><input type=\"hidden\" name=\"postLink_0\" value=\"yygpKSi20tcvLy\/Xy8jPSM3LARK6pXnpqWmZOSWpRSV6Kan69gW2lpamRgA=\" \/><input type=\"hidden\" name=\"postAuthor_0\" value=\"AwA=\" \/><input type=\"hidden\" name=\"postDateTime_0\" value=\"MzIwNNQ1MNI1NFAwMrIyACJTAA==\" \/><input type=\"hidden\" name=\"postContent_0\" value=\"rVXNbttGEL73KQYu0JOsHyOwE1cxYMO1nQZGjaRxgFyKlTgkt1wuid2lZehl0oOeISefwhfrN0tKli0H6KGHGNH+zcz3x2l9MvXBVTY7+U1bumSn53nwtauW7D1lnLGlBP\/u2A0TvX\/JC3aFn+cqDd5z4Ti0K0fXys3pvaprw45SbRMOpEo6r6xl54PKBjQZD+mCZ65Rjg7Gk8mAmhKL9Cl3pEs6LYPPuur0MTQhZMqF7\/8QLocwnI76Jqej+uSnKZrm8uS2Wrf1eGM6wsbmUH\/pon1wlGimWzSjytI0NvOpY52zDlS0q7JO2e7UuHSNTSjX7FJ5QPtADIyUzXhm0ChGlQdD1X5dA4Uap01qlPyYsZbzOHWmTSIl8T7rIuGysvivChoDYPTfG6sFkvEgPoALuBoRoVi4\/ZaivRBL0h8usXgrdlGyEaBzIMRDOmOHdj9ovtfYcwOQCZ7aFYjCM7nDuz2JZ7zUrngEbSAbjQusTZAWPKawhUxRO3Wv\/TF+RhGsVxtbBPxcaJegVwwVPPab2CKGUFAOe7KRzEQ5EJ1xHuLOEw4ylApLWjZ4ReEw2wH5CupxljJll4LOpSArra1vpwqzgPmqpJvK6CXr2rUrrxONOsIYrmM2pYJXdqFM6NSKKiV9ZDPzYbngedEdVaWWHUdQv6D1IF04AfgO5Gz3ajCl9MVO+LDAfdG4hIe\/\/Pz64GD863PNXVUg64wFFXktAR4Yk90CeLMVMD9FwP2O7M6hgRfaB9j4u2004MnlCz2Czsr1NIigzteCs6HXaJVbziFl4F+zk4ZQ0an2K1s4ulniLSzBwNCUiRK+MQpECWRY\/VAFnkFSpo6rfzMdxq03dK1tI6\/NTDUvYByIs10FWZF9cQN9WWhMhEJYgZEEnAVbnTFdM5ony7MYOQ7d4X3bNcfGMKkZzGiwMKQrPC4Gg3AXLM58kkCqSeOc+X8lAQpHAQ9XoTAKGR+tfgFpIwsbUfUCVky4myFVRYhT9LKB\/mSeLLb9Ysho+2g3iF06ErEnCujJpVMbzez6xDh\/khG8lcx3GwNINkTPUNk+IFt4QJwpA6HwU9rjG7hnAIu4FoG9ke06QKOVBZDb7lzEamM2+RBYJS6tZp1Ph8\/1DsW6gumqXTWpIOErExOyjwzbJ+Rmzmf2wtY2RDumONuE6e06qqJypO1+BN1p27areQ406B2GlwxB9AjUCgTjCEKgZHxy2gcEV7xwpaExl7n2AeRv+hY\/pLjOWnqLqumw2AlakLhsjlEusm8QaMLJF2HdIJegTQ\/mOuH4\/xWlLT4kNzvHx2K9DhPZ7HHLeFEZMY9s5PKJ3sTcjYOh0efao45qBGuncCsST03jvVV5yRtr9dGLZ51KGPhgIxEfZOFHkfg5ppMQk1aujLLsg+F9ZQMsdbxDe0\/t7gfrszYGHzJQKvjtg60hPqEDOhpPjl5tH\/yTDaeYcXw0mYwmh4ev9g\/GOHeh7p8svXne7DsRBVJ+t6epIuggfbuXh1Afj7DdFxui20QPEx7tEXjOOLzd+2uGCCv2Tn58djpS3dP\/Ag==\" \/> \t\t<a href=\"https:\/\/www.pdf24.org\" target=\"_blank\" title=\"www.pdf24.org\" rel=\"nofollow\"><img src=\"https:\/\/www.hohenlohe-ungefiltert.de\/wp-content\/plugins\/pdf24-post-to-pdf\/img\/pdf_32x32.png\" alt=\"\" border=\"0\" height=\"32\" \/><\/a> \t\t<span class=\"pdf24Plugin-cp-space\">&nbsp;&nbsp;<\/span> \t\t<span class=\"pdf24Plugin-cp-text\">Sende Artikel als PDF<\/span> \t\t<span class=\"pdf24Plugin-cp-space\">&nbsp;&nbsp;<\/span> \t\t<input class=\"pdf24Plugin-cp-input\" style=\"margin: 0px;\" type=\"text\" name=\"sendEmailTo\" placeholder=\"Emailadresse\" \/> \t\t<input class=\"pdf24Plugin-cp-submit\" style=\"margin: 0px;\" type=\"submit\" value=\"Senden\" \/> \t<\/form> <\/div>","protected":false},"excerpt":{"rendered":"<p>Ein Gerichtsprozess gegen den ver.di-Gewerkschaftssekret\u00e4r Marc Kappler findet am Donnerstag, 10. Februar 2011, um 10 Uhr im Amtsgericht Stuttgart\u00a0 statt. Von ver.di Stuttgart F\u00fcr die Versammlungsfreiheit k\u00e4mpfen Grund hierf\u00fcr ist ein angeblicher Versto\u00df gegen die Auflagen bei einer Bildungsstreikdemonstration im Juni 2010, die er beim Amt f\u00fcr \u00f6ffentliche Ordnung angemeldet hatte. Bernd Riexinger, Gesch\u00e4ftsf\u00fchrer ver.di-Bezirk [&hellip;]<\/p>\n","protected":false},"author":3,"featured_media":0,"comment_status":"open","ping_status":"open","sticky":false,"template":"","format":"standard","meta":[],"categories":[],"tags":[],"_links":{"self":[{"href":"https:\/\/www.hohenlohe-ungefiltert.de\/index.php?rest_route=\/wp\/v2\/posts\/9952"}],"collection":[{"href":"https:\/\/www.hohenlohe-ungefiltert.de\/index.php?rest_route=\/wp\/v2\/posts"}],"about":[{"href":"https:\/\/www.hohenlohe-ungefiltert.de\/index.php?rest_route=\/wp\/v2\/types\/post"}],"author":[{"embeddable":true,"href":"https:\/\/www.hohenlohe-ungefiltert.de\/index.php?rest_route=\/wp\/v2\/users\/3"}],"replies":[{"embeddable":true,"href":"https:\/\/www.hohenlohe-ungefiltert.de\/index.php?rest_route=%2Fwp%2Fv2%2Fcomments&post=9952"}],"version-history":[{"count":3,"href":"https:\/\/www.hohenlohe-ungefiltert.de\/index.php?rest_route=\/wp\/v2\/posts\/9952\/revisions"}],"predecessor-version":[{"id":9967,"href":"https:\/\/www.hohenlohe-ungefiltert.de\/index.php?rest_route=\/wp\/v2\/posts\/9952\/revisions\/9967"}],"wp:attachment":[{"href":"https:\/\/www.hohenlohe-ungefiltert.de\/index.php?rest_route=%2Fwp%2Fv2%2Fmedia&parent=9952"}],"wp:term":[{"taxonomy":"category","embeddable":true,"href":"https:\/\/www.hohenlohe-ungefiltert.de\/index.php?rest_route=%2Fwp%2Fv2%2Fcategories&post=9952"},{"taxonomy":"post_tag","embeddable":true,"href":"https:\/\/www.hohenlohe-ungefiltert.de\/index.php?rest_route=%2Fwp%2Fv2%2Ftags&post=9952"}],"curies":[{"name":"wp","href":"https:\/\/api.w.org\/{rel}","templated":true}]}}