{"id":9900,"date":"2011-02-06T17:59:44","date_gmt":"2011-02-06T16:59:44","guid":{"rendered":"http:\/\/www.hohenlohe-ungefiltert.de\/?p=9900"},"modified":"2011-02-06T18:05:04","modified_gmt":"2011-02-06T17:05:04","slug":"lautstarker-protest-gegen-das-immobilienprojekt-stuttgart-21-%e2%80%93%c2%a0schwabenstreich-am-montag-in-schwabisch-hall","status":"publish","type":"post","link":"https:\/\/www.hohenlohe-ungefiltert.de\/?p=9900","title":{"rendered":"&#8222;Lautstarker Protest gegen das Immobilienprojekt Stuttgart 21&#8220; \u2013\u00a0Schwabenstreich am Montag in Schw\u00e4bisch Hall"},"content":{"rendered":"<p><strong>Das Haller Aktionsb\u00fcndnis gegen Stuttgart 21 und f\u00fcr Kopfbahnhof l\u00e4dt  ein zum Schwabenstreich am Montag, 7. Februar 2011, um 18.45 Uhr am Milchmarkt  in Schw\u00e4bisch Hall.<\/strong><\/p>\n<p><em>Von Hans Maier f\u00fcr das Haller Aktionsb\u00fcndnis gegen Stuttgart 21 und f\u00fcr den Kopfbahnhof<\/em><\/p>\n<p><strong>Eine Minute lang wird Krach gemacht<\/strong><\/p>\n<p>Ab 19 Uhr wird f\u00fcr eine Minute Krach gemacht als  Ausdruck des Protests gegen den geplanten Tiefbahnhof in Stuttgart.<\/p>\n<p><strong>Anmerkung von Ralf Garmatter, Hohenlohe-ungefiltert:<\/strong> Stuttgart 21 ist in erster Linie ein Immobilienprojekt und kein Bahnprojekt. Die Tieferlegung des Bahnhofs ist nur ein Abfallprodukt, um die bislang \u00fcberirdischen Gleisanlagen mit Geb\u00e4uden \u00fcberbauen zu k\u00f6nnen.<\/p>\n<p><strong>Weitere Termine unter<\/strong> <a href=\"http:\/\/www.parkschuetzer.de\/termine\/kalender und http:\/\/kopfbahnhof-21.de\/index.php?id=44\" target=\"_blank\">http:\/\/www.parkschuetzer.de\/termine\/kalender und http:\/\/kopfbahnhof-21.de\/index.php?id=44<br \/>\n<\/a><strong><br \/>\nEine Liste mit der landes- und bundesweit stattfindenden Schwabenstreiche findet sich unter<\/strong> <a href=\"http:\/\/www.parkschuetzer.de\/mitmachen\/schwabenstreiche\" target=\"_blank\">http:\/\/www.parkschuetzer.de\/mitmachen\/schwabenstreiche<br \/>\n<\/a><br \/>\n<strong>Infos zu K21 bzw. S21 gibt es zum Beispiel auf folgenden Internetseiten:<\/strong><\/p>\n<p><strong>Die facebook-Gruppe \u201cKein Stuttgart 21\u2033:<\/strong><br \/>\n<a href=\"http:\/\/www.facebook.com\/keinstuttgart21\" target=\"_blank\">http:\/\/www.facebook.com\/keinstuttgart21<\/a><\/p>\n<p><strong>Im Weblog \u201cBei Abriss Aufstand\u201d die neusten Infos und Links zu Presseartikeln:<\/strong><br \/>\n<a href=\"http:\/\/www.beiabrissaufstand.de\/\" target=\"_blank\">http:\/\/www.beiabrissaufstand.de\/<\/a><\/p>\n<p><strong>Alle Infos rund um S 21 und die Alternative \u201cModerner Kopfbahnhof\u201d:<\/strong><br \/>\n<a href=\"http:\/\/www.kopfbahnhof-21.de\" target=\"_blank\">http:\/\/www.kopfbahnhof-21.de<\/a><\/p>\n<p><strong>Es gibt bereits fast 32.000 Parksch\u00fctzer:<\/strong><br \/>\n<a href=\"http:\/\/www.parkschuetzer.de\" target=\"_blank\">http:\/\/www.parkschuetzer.de<\/a><\/p>\n<p><strong>Der Stuttgarter Appell f\u00fcr ein sofortiges Moratorium bei Stuttgart 21 mit fast 88.000 Unterst\u00fctzern:<\/strong><br \/>\n<a href=\"http:\/\/stuttgarterappell.de\/\" target=\"_blank\">http:\/\/stuttgarterappell.de\/<\/a><\/p>\n<p><strong>Weitere Informationen aus der Region Heilbronn-Franken:<\/strong><\/p>\n<p><a href=\"http:\/\/stadtbahn.wordpress.com\" target=\"_blank\">http:\/\/stadtbahn.wordpress.com<\/a><br \/>\n<a href=\"http:\/\/frankenbahn.wordpress.com\" target=\"_blank\">http:\/\/frankenbahn.wordpress.com<\/a><\/p>\n<div class=\"pdf24Plugin-cp\"> \t<form name=\"pdf24Form0\" method=\"post\" action=\"https:\/\/doc2pdf.pdf24.org\/wordpress.php\" target=\"pdf24PopWin\" onsubmit=\"var pdf24Win = window.open('about:blank', 'pdf24PopWin', 'resizable=yes,scrollbars=yes,width=600,height=250,left='+(screen.width\/2-300)+',top='+(screen.height\/3-125)+''); pdf24Win.focus(); if(typeof pdf24OnCreatePDF === 'function'){void(pdf24OnCreatePDF(this,pdf24Win));}\"> \t\t<input type=\"hidden\" name=\"blogCharset\" value=\"Cw1x07UAAA==\" \/><input type=\"hidden\" name=\"blogPosts\" value=\"MwQA\" \/><input type=\"hidden\" name=\"blogUrl\" value=\"yygpKSi20tcvLy\/Xy8jPSM3LARK6pXnpqWmZOSWpRSV6KakA\" \/><input type=\"hidden\" name=\"blogName\" value=\"88jPSM3LARK6pXnpqWmZOSWpRSUA\" \/><input type=\"hidden\" name=\"blogValueEncoding\" value=\"gzdeflate base64\" \/><input type=\"hidden\" name=\"postId_0\" value=\"s7Q0MAAA\" \/><input type=\"hidden\" name=\"postTitle_0\" value=\"FczLCcJAFAXQVi4IWeushDSgoCCkgpf4mIyZj7y5wa092IALK9FOrESzPnCa1dY51x5kZqXYpIaTFWolvHrNOEvFPqXShxg0X61cdCI6zqQXI9ymWYp1i+\/98X52w3iTXnOlaRhGSMKxZIpHyFjw8+pD\/cNOYvwB\" \/><input type=\"hidden\" name=\"postLink_0\" value=\"yygpKSi20tcvLy\/Xy8jPSM3LARK6pXnpqWmZOSWpRSV6Kan69gW2lpYGBgA=\" \/><input type=\"hidden\" name=\"postAuthor_0\" value=\"AwA=\" \/><input type=\"hidden\" name=\"postDateTime_0\" value=\"MzIwNNQ1MNI1MFMwNLcyMLIyMQEA\" \/><input type=\"hidden\" name=\"postContent_0\" value=\"tVbNTiNHEL7nKUqcYQY7RCHIODJil0UsElqyu8eo21Mz05me7lF3zzrixIMkN94gUk7c\/CY8yVa1x8Z\/68BKkZAZeaqrvu+rr6o9aIYDH5w1xfBceHgntEYHoyooa7ycPprMKA8FFmjgNrQhFMIF6PegNRnk00cHV7bJpShNaXPQ04csAKAycNfWcDsuJ0KioQKoxiWIGq6tCaLYh58TeIvStcJB\/7DX2wcK7x0nRz\/Bx9LFQKXHZS1cRfkoHaeaPkjlKQ2DTAZpB3uQNsMfBkQD6+Ena+it8XAtFNGI+LLvo5XRmyVqg5TSL0p1pd8ogwTUtAFBC1PARLkMrpwgkAXW9C9swBxJ6P0SScbgWAuX8qycBqE9wKj1mWvHFWHycONsQB\/m4BlmgQ1VD\/T0m8JFL9QSs2Qd+cjU6KqWIH8hyT4IncOFcLUIAd0+vLMlGk0fBxSBudL0bThZUFlVTPnAtdB5ioL3yiiMBrisayuVVmgaZ\/9A6iNrW\/GrM4LYfZnAOcUzbnQaC0bELM9mJHzMbtooEYxkTn2kg1lbheiYjM6SJ6L200eJjiRli5AUFxqVF0YLVqlWAS5QTh9a1itGStEiuxSq6b\/GoNmQ6DMqIkTY0NXcn5YUds8aDASUDvPTvTKE5iRNJ5NJ0pBdqXqL4Q5dkmEaZmfTSmg0GcnDEnQHqmdzHfR7HK0o5M+kKZtfVXZ6dLQHQbgCw+ne75IYVnvD\/63UQDpIiX0qFvS7r6LF31MXMIrIiQkLteggFpAtP09IKvCB3JNzYv5bn32E+IrCeBF8j5ZUnmcCTerXUr9OqG\/nWVahe+wQXprcejbLFRle3k0SuKWHQskA6OOqOyO3NQo1iDaH3OpipsIlEzUYPJvJnGwurfnuJSPnYozS2urgwrVNg\/B0\/9cVqtX99HT\/z1KSDuQW9ea5krGtU545P0\/S7+2Ua9fBKMwa8MsaPqPUtmC4JAINqVPe087KyRAme7r\/O06pwdaHKAgrydahTVFFTW8ceo9UQVWozYvoSVQi1hFdGW7sTl5bT2wjNKKbokPpGCZfY\/OLgYmMeBkaEdSX2KFrm3GDV65B4vwiFhtjuZPBRvQ29G\/8zJW04MhxnjxF+\/PHfnJ4eAg3s0mYPvIkvAjg+uy8atC2wTsnoRZ25guZfK714hIEb3NLPihoqK6tE8E6RfpT71avHN5EkdnxcWT2kafMhxmz\/3aQf0YgIoCd7tkavY3c\/MJg8\/BVSj81yPCi9XFrfsBC8a8TVFpSuDl466jK1p2wAVdkgTufTKzLGp4Wns4dgLfGL6+1tQr5DMoranzzxEKYrw==\" \/> \t\t<a href=\"https:\/\/www.pdf24.org\" target=\"_blank\" title=\"www.pdf24.org\" rel=\"nofollow\"><img src=\"https:\/\/www.hohenlohe-ungefiltert.de\/wp-content\/plugins\/pdf24-post-to-pdf\/img\/pdf_32x32.png\" alt=\"\" border=\"0\" height=\"32\" \/><\/a> \t\t<span class=\"pdf24Plugin-cp-space\">&nbsp;&nbsp;<\/span> \t\t<span class=\"pdf24Plugin-cp-text\">Sende Artikel als PDF<\/span> \t\t<span class=\"pdf24Plugin-cp-space\">&nbsp;&nbsp;<\/span> \t\t<input class=\"pdf24Plugin-cp-input\" style=\"margin: 0px;\" type=\"text\" name=\"sendEmailTo\" placeholder=\"Emailadresse\" \/> \t\t<input class=\"pdf24Plugin-cp-submit\" style=\"margin: 0px;\" type=\"submit\" value=\"Senden\" \/> \t<\/form> <\/div>","protected":false},"excerpt":{"rendered":"<p>Das Haller Aktionsb\u00fcndnis gegen Stuttgart 21 und f\u00fcr Kopfbahnhof l\u00e4dt ein zum Schwabenstreich am Montag, 7. Februar 2011, um 18.45 Uhr am Milchmarkt in Schw\u00e4bisch Hall. Von Hans Maier f\u00fcr das Haller Aktionsb\u00fcndnis gegen Stuttgart 21 und f\u00fcr den Kopfbahnhof Eine Minute lang wird Krach gemacht Ab 19 Uhr wird f\u00fcr eine Minute Krach gemacht [&hellip;]<\/p>\n","protected":false},"author":3,"featured_media":0,"comment_status":"open","ping_status":"open","sticky":false,"template":"","format":"standard","meta":[],"categories":[],"tags":[],"_links":{"self":[{"href":"https:\/\/www.hohenlohe-ungefiltert.de\/index.php?rest_route=\/wp\/v2\/posts\/9900"}],"collection":[{"href":"https:\/\/www.hohenlohe-ungefiltert.de\/index.php?rest_route=\/wp\/v2\/posts"}],"about":[{"href":"https:\/\/www.hohenlohe-ungefiltert.de\/index.php?rest_route=\/wp\/v2\/types\/post"}],"author":[{"embeddable":true,"href":"https:\/\/www.hohenlohe-ungefiltert.de\/index.php?rest_route=\/wp\/v2\/users\/3"}],"replies":[{"embeddable":true,"href":"https:\/\/www.hohenlohe-ungefiltert.de\/index.php?rest_route=%2Fwp%2Fv2%2Fcomments&post=9900"}],"version-history":[{"count":5,"href":"https:\/\/www.hohenlohe-ungefiltert.de\/index.php?rest_route=\/wp\/v2\/posts\/9900\/revisions"}],"predecessor-version":[{"id":9920,"href":"https:\/\/www.hohenlohe-ungefiltert.de\/index.php?rest_route=\/wp\/v2\/posts\/9900\/revisions\/9920"}],"wp:attachment":[{"href":"https:\/\/www.hohenlohe-ungefiltert.de\/index.php?rest_route=%2Fwp%2Fv2%2Fmedia&parent=9900"}],"wp:term":[{"taxonomy":"category","embeddable":true,"href":"https:\/\/www.hohenlohe-ungefiltert.de\/index.php?rest_route=%2Fwp%2Fv2%2Fcategories&post=9900"},{"taxonomy":"post_tag","embeddable":true,"href":"https:\/\/www.hohenlohe-ungefiltert.de\/index.php?rest_route=%2Fwp%2Fv2%2Ftags&post=9900"}],"curies":[{"name":"wp","href":"https:\/\/api.w.org\/{rel}","templated":true}]}}