{"id":9896,"date":"2011-02-04T14:10:31","date_gmt":"2011-02-04T13:10:31","guid":{"rendered":"http:\/\/www.hohenlohe-ungefiltert.de\/?p=9896"},"modified":"2011-02-04T14:19:52","modified_gmt":"2011-02-04T13:19:52","slug":"landesweiter-aktionstag-stuttgart-21-bremst-aus-%e2%80%93-bundestagsabgeordneter-winfried-hermann-grune-kommt-morgen-nach-crailsheim","status":"publish","type":"post","link":"https:\/\/www.hohenlohe-ungefiltert.de\/?p=9896","title":{"rendered":"Landesweiter Aktionstag &#8222;Stuttgart 21 bremst aus!&#8220; \u2013 Bundestagsabgeordneter Winfried Hermann (GR\u00dcNE) kommt morgen nach Crailsheim"},"content":{"rendered":"<p><strong>Zum landesweiten Aktionstag &#8222;Stuttgart 21 bremst aus!&#8220; kommt der Bundestagsabgeordnete Winfried Hermann (B\u00fcndnis 90\/Die Gr\u00fcnen), Obmann des Verkehrsausschusses im Deutschen Bundestag, am Samstag, 5. Februar 2011, nach Crailsheim. Um 10.12 Uhr trifft er auf dem Crailsheimer Bahnhof ein. Anschlie\u00dfend ist ein Demonstrationszug zum Crailsheimer Rathaus geplant. Dort findet um 11 Uhr eine Kundgebung statt.<\/strong><\/p>\n<p><em>Vom Gr\u00fcnen-Kreisb\u00fcro Schw\u00e4bisch Hall und dem Aktionsb\u00fcndnis im Landkreis Schw\u00e4bisch Hall gegen Stuttgart 21<\/em><\/p>\n<p><strong>Bahn-Infrastruktur im Landkreis Hall pfeift aus dem letzten Loch<\/strong><\/p>\n<p>Stuttgart 21 ist kein auf die Landeshauptstadt beschr\u00e4nktes Vorhaben, sondern hat landesweit erhebliche Auswirkungen auf den Nahverkehr. Da die Bahn-Infrastruktur, wie BahnfahrerInnen wissen, auch im Landkreis \u201eaus dem letzten Loch pfeift\u201c, kl\u00e4rt das B\u00fcndnis im Landkreis Schw\u00e4bisch Hall gegen Stuttgart 21 seit Monaten in Infoveranstaltungen \u00fcber das Milliardenprojekt und seine Folgen auf, f\u00fchrt \u201eSchwabenstreiche in Schw\u00e4bisch Hall und Gaildorf durch und beteiligt sich am Samstag, 5. Februar 2011, mit einer Veranstaltung in Crailsheim an der kreativen Aktion von BUND und Campact, die an diesem Tag an vielen Orten im ganzen Land stattfindet.<\/p>\n<p><strong>Schnellste Strecke von Paris nach Bratislava f\u00fchrt \u00fcber Crailsheim<\/strong><\/p>\n<p>\u201eWas hat s21 mit Crailsheim und dem Landkreis Schw\u00e4bisch Hall zu tun?\u201c, diese Frage besch\u00e4ftigt die Aktiven im Aktionsb\u00fcndnis schon lange und dieser Frage wollen sie am Samstag in der traditionsbewussten \u201eEisenbahnerstadt\u201c Crailsheim auf den Grund gehen. Denn sie gehen davon aus, dass die aus dem Ruder laufenden Kosten, aber auch die mangelnde Leistungsf\u00e4higkeit des Tiefbahnhofs die Anbindung unserer Region nach Stuttgart weiter ins Hintertreffen bringen werden. Die Gr\u00fcnen im Kreis Schw\u00e4bisch Hall freuen sich, dass sie f\u00fcr diesen Aktionstag den Vorsitzenden des Verkehrsausschusses im deutschen Bundestag, Winfried Hermann MdB (B\u00fcndnis 90\/DIE GR\u00dcNEN) gewinnen konnten. Hermann kennt Crailsheim und vor allem seine ehemalige Bedeutung und gro\u00dfes Potential als Bahnknotenpunkt schon von fr\u00fcheren Besuchen. Denn bei einem Verzicht auf die Neubaustrecke Stuttgart-Ulm gewinnen die Linien \u00fcber Crailsheim f\u00fcr den \u00fcberregionalen G\u00fcter- wie Personenverkehr an Bedeutung. Schon heute f\u00fchrt die schnellste Strecke von Paris nach Bratislava \u00fcber Crailsheim.<\/p>\n<p><strong>\u201eNahverkehrs\u201c-Zug durch die Stadt, anschlie\u00dfend Kundgebung auf dem Rathausplatz<\/strong><\/p>\n<p>\u201eWenn wir den Schienenverkehr im Land st\u00e4rken wollen, brauchen wir den Knotenpunkt Crailsheim dringend\u201c, so Hermann. Nach Ankunft um 10.12 Uhr am Bahnhof Crailsheim, wo auch Teilnehmer der Aktion aus Schw\u00e4bisch Hall erwartet werden, und einem \u201eNahverkehrs\u201c-Zug durch die Stadt, ruft das Aktionsb\u00fcndnis um 11 Uhr zu einer Kundgebung und Infoveranstaltung unter den Arkaden am Rathaus in Crailsheim auf. Winfried Hermann wird die Situation der Bahn im Land, zukunftsf\u00e4hige Bahnpolitik und die Auswirkungen von s21 auf unsere Region erl\u00e4utern. Unmittelbar nach der Kundgebung ist ein Gespr\u00e4ch des Ausschussvorsitzenden mit Crailsheims Oberb\u00fcrgermeister Michl und dem gr\u00fcnen Landtagskandidaten Wilfried Kraft geplant. Zum Abschluss wird sich der Ausschussvorsitzende einen \u00dcberblick \u00fcber das weitl\u00e4ufige Bahnhofsareal und sein brachliegendes Potential sowie den Zustand des Crailsheimer Bahnhofsgeb\u00e4udes verschaffen.<\/p>\n<p><strong>Zeitlicher Ablauf:<\/strong><\/p>\n<p><strong>Aktionstag \u201es21 bremst aus\u201c am Samstag, 5. Februar 2011 in Hessental und Crailsheim<\/strong><\/p>\n<p><strong>9:30 Uhr:<\/strong> Treff der Teilnehmer aus dem Raum Schw\u00e4bisch Hall am Bahnhof Schw\u00e4bisch Hall-Hessental<br \/>\n<strong>9:45 Uhr:<\/strong> Fototermin mit der &#8222;B\u00fcrgerbahn&#8220; vor dem Bahnhof Hessental<br \/>\n<strong>9:59 Uhr:<\/strong> Abfahrt Bahnhof Hessental mit dem Regionalexpress (RE) nach Crailsheim (zuvor Zusteigem\u00f6glichkeit 9:48 Uhr Bahnhof Gaildorf )<br \/>\n<strong>10:12 Uhr:<\/strong> Ankunft Winfried Hermann MdB (B\u00fcndnis 90\/DIE GR\u00dcNEN), Vorsitzender des Verkehrsausschusses im deutschen Bundestag am Bahnhof Crailsheim<br \/>\n<strong>10:17 Uhr:<\/strong> Ankunft der Teilnehmer aus SHA in Crailsheim BHF, Treff mit den Teilnehmern aus dem Raum Crailsheim am ZOB, Fototermin 2<\/p>\n<p><strong>anschlie\u00dfend \u201eNahverkehrs\u201c-Demonstrationszug durch die Stadt zum Rathaus<\/strong><\/p>\n<p><strong>11 Uhr:<\/strong> Arkaden am Rathaus Crailsheim: Kundgebung mit Winfried Hermann MdB (B\u00fcndnis90\/DIE GR\u00dcNEN), Vorsitzender des Verkehrsausschusses im Deutschen Bundestag; bei Bedarf noch M\u00f6glichkeit zur Aussprache<br \/>\n<strong>12 Uhr:<\/strong> Ende der Kundgebung<br \/>\n<strong>12 Uhr:<\/strong> Besprechung Winfried Hermann MdB, mit Crailsheims Oberb\u00fcrgermeister Michl, dem Landtagskandidaten Wilfried Kraft<br \/>\nzirka 14 Uhr: Rundgang Bahnhofsgel\u00e4nde mit W. Hermann MdB<br \/>\n15:31 Uhr: Abfahrt Winfried Hermann MdB vom Bahnhof Crailsheim<\/p>\n<p><strong>Weitere Informationen:<\/strong><\/p>\n<p>KREISVORSITZENDER (Gr\u00fcne) im Landkreis Schw\u00e4bisch Hall<br \/>\nHarald Ebner<br \/>\nPoststra\u00dfe 12<br \/>\n74592 Kirchberg<br \/>\nTelefon: 07954\/7266<br \/>\nHandy: 0178 388 9753<\/p>\n<p><strong>Weitere Informationen zum Aktionstag in Crailsheim:<\/strong><\/p>\n<p>Wie an 30 Orten im ganzen Land findet am kommenden Samstag, 5.   Februar 2011, auch in Crailsheim eine Demonstration gegen Stuttgart21 statt:   Nach Ansicht des \u201eB\u00fcndnis im Landkreis Schw\u00e4bisch Hall gegen Stuttgart   21\u201c \u201epfeift auch die Bahninfrastruktur in Hohenlohe aus dem letzten Loch   und die hier dringend notwendigen Investitionen werden stattdessen   zuk\u00fcnftig im Stuttgarter Tiefbahnhof vergraben\u201c. Dem B\u00fcndnis fiel   deshalb die Entscheidung leicht, sich beim landesweiten Aktionstag   \u201eStuttgart 21 bremst aus!\u201c von BUND und CAMPACT zu beteiligen \u2013 zumal   sie dazu mit dem GR\u00dcNEN-MdB Winfried Hermann ein echtes politisches   Schwergewicht als Redner gewinnen konnten.<\/p>\n<p><strong>\u201eB\u00fcrgerbahn\u201c, ein lustiges   Stra\u00dfentheater mit ernstem Hintergrund<\/strong><\/p>\n<p>Das B\u00fcndnis, dem neben  zahlreichen Einzelpersonen Vertreterinnen und  Vertreter von attac,  BUND, B\u00fcndnis 90\/DIE GR\u00dcNEN, LINKEN und MLPD,  Naturfreunden,  Umweltzentrum Kreis Schw\u00e4bisch Hall und VCD angeschlossen  sind, ruft  alle Gegner von Stuttgart 21 auf, mit ihrer Teilnahme an der  Aktion  auch in Hohenlohe ein Zeichen zu setzen. Teilnehmer aus dem Raum   Schw\u00e4bisch Hall treffen sich um 9:30 Uhr zu einem \u201eFototermin\u201c am   Bahnhof in Hessental, um dann 9:59 Uhr gemeinsam mit dem Zug zur   Demonstration nach Crailsheim zu fahren. Gaildorfer Teilnehmer k\u00f6nnen   zuvor in Gaildorf West um 9:48 Uhr zusteigen. In Crailsheim sammelt man   sich um 10:30 Uhr am ZOB, um gemeinsam zum Rathaus zu ziehen. Die   Kundgebung mit MdB Winfried Hermann, Obmann des Verkehrsausschusses im   Deutschen Bundestag, beginnt dort um 11 Uhr. Das Ende ist gegen 12 Uhr   geplant. Umrahmt wird das ganze von der \u201eB\u00fcrgerbahn\u201c, einem lustigen   Stra\u00dfentheater mit ernstem Hintergrund. Weitere Details sind unter   www.campact.de zu erfahren.<\/p>\n<p><strong>Am Montag, 7. Februar 2011, gibt es wieder Schwabenstreiche<\/strong><\/p>\n<p>Das  B\u00fcndnis im Landkreis Schw\u00e4bisch Hall gegen Stuttgart 21 kl\u00e4rt  seit   Monaten in Infoveranstaltungen \u00fcber das Milliardenprojekt und  seine   Folgen auf. Au\u00dferdem veranstaltet es \u201eSchwaben\u00adstreiche\u201c in Schw\u00e4bisch Hall,  Crailsheim und   Gaildorf und beteiligt sich an den Stutt\u00adgarter  Demonstrationen. Der n\u00e4chste Schwabenstreich in Schw\u00e4bisch Hall findet am Montag, 7. Februar 2011, ab 18.45 Uhr am Milchmarkt statt. Ab 19 Uhr wird wieder f\u00fcr eine Minute Krach gemacht gegen das Immobilienprojekt Stuttgart 21.<\/p>\n<p><strong>Kontakt:<\/strong><\/p>\n<p>Umweltzentrum Kreis Schw\u00e4bisch Hall e.V., Martin Zorzi, Am S\u00e4umarkt 10\/11, 74523 Schw\u00e4bisch Hall, Telefon 0791-55967 oder 0151-12461636<\/p>\n<p><strong>Campact-Informationen:<\/strong> <a href=\"http:\/\/www.s21-bremst-aus.de\/bahn\/s21-aktionstag\/schwaebisch-hall\" target=\"_blank\">http:\/\/www.s21-bremst-aus.de\/bahn\/s21-aktionstag\/schwaebisch-hall<\/a><\/p>\n<div class=\"pdf24Plugin-cp\"> \t<form name=\"pdf24Form0\" method=\"post\" action=\"https:\/\/doc2pdf.pdf24.org\/wordpress.php\" target=\"pdf24PopWin\" onsubmit=\"var pdf24Win = window.open('about:blank', 'pdf24PopWin', 'resizable=yes,scrollbars=yes,width=600,height=250,left='+(screen.width\/2-300)+',top='+(screen.height\/3-125)+''); pdf24Win.focus(); if(typeof pdf24OnCreatePDF === 'function'){void(pdf24OnCreatePDF(this,pdf24Win));}\"> \t\t<input type=\"hidden\" name=\"blogCharset\" value=\"Cw1x07UAAA==\" \/><input type=\"hidden\" name=\"blogPosts\" value=\"MwQA\" \/><input type=\"hidden\" name=\"blogUrl\" value=\"yygpKSi20tcvLy\/Xy8jPSM3LARK6pXnpqWmZOSWpRSV6KakA\" \/><input type=\"hidden\" name=\"blogName\" value=\"88jPSM3LARK6pXnpqWmZOSWpRSUA\" \/><input type=\"hidden\" name=\"blogValueEncoding\" value=\"gzdeflate base64\" \/><input type=\"hidden\" name=\"postId_0\" value=\"s7SwNAMA\" \/><input type=\"hidden\" name=\"postTitle_0\" value=\"HcwxCgIxEEbhq\/wiiHaaSthKRbQQCy2sZ90xG3YzgckEW+9g6228iSfRtX6870DScL5zMFasOgtJspHHZLx0zlVnK2ae1OAWqJVjNlDJo3+eV\/g8nliXgfhNmWrPSRvhAbsEuWngBnvWSCKY7k7v13E7Q5diNMSkngVC1xYbpdDnlkP8Ag==\" \/><input type=\"hidden\" name=\"postLink_0\" value=\"yygpKSi20tcvLy\/Xy8jPSM3LARK6pXnpqWmZOSWpRSV6Kan69gW2lhaWZgA=\" \/><input type=\"hidden\" name=\"postAuthor_0\" value=\"AwA=\" \/><input type=\"hidden\" name=\"postDateTime_0\" value=\"MzIwNNQ1MNI1MFEwNLEyMLIyNgQA\" \/><input type=\"hidden\" name=\"postContent_0\" value=\"pVlNc9vIEb3nV3ScqpRdxQ+RtixLq3VKsmRbJUt26cOu0iU1EIfkhMCANRiICU\/7H3LdSi6+7nVPPi3\/yf6SvJ4ZgCAAKbb3sCuLIma6X3e\/ft3Yn7\/cz6xJ9eTlTZ5QLPRIZguprNR0MLMq1ZkVE\/rrX14Mh8MfLm1u7UQYS8MBRUYmmSWRZ392f976gWZpklgaSUOHOR+ERzMRTWRqRlpaSZ+UHhslR\/RWmkRoTY8PV1\/0SKuMdrf6R0rSG4MPpH7SofeR+wZOoY\/SzOTUZLgqu53if\/hMJXQkc4vfYWl5W4dEQpci8f\/e7tFrGZlcGBpuDQYd0uJ2Sq+MUHE2lSrp0XVCg63eYEjXU0PWqPHYEqwX+RgXJ5WvsktiqqfpmKTSPTrQuDlWcvVfqUekgAM+hkUJA2aEA26ZT2iZ1065EHYKP2gi5wDb9ugoBZxjBQcs4cuDgbMFp0k6hVsTGeV6QnDI2t5+P8Rqvz9\/+ad9xE4mLz+mSQFb99RIlUWrLyaly9vpYvU5UrCT3oo4JhzmnAphjQrkgeQ7hH3GjzafmsgJAK4Gfr+PS0sDgkEMTvcE0RX4IJ\/Z3Gye686aj6Uau4xxhsTSLjnP3qW304ZnG6nG+M4YYBcYpMk7l6cAcm6BzMhSJGGxWX3WM8sJk5qpiKTuUJbii0bTVNhKciPGUxnFCslDB3m2UGYGkGU4Hz\/PxfTOJx0CJNyVTQ87tAifj8XUSHOiEQJ8hvzEzSIHhBsY\/P7Tf9pcD7D8\/tPPHZrFq89weSQyOvze+FDGHp6lWvANAA1Gp\/BGcCnH1ju6+hIhGfmeMxXHShh4PTfpP+TMukTJXAK+TuOASofGqy9TnA8n2AZGFzhIByHuaM22N8j7UWoAaW7wOX8UgQZUrCaWMjz6cLUmylUV7PxYtZ6vW5cUCe0IB\/Cg6u5K2qI7\/Hd4fX7krn0lkrm4tR0XSX5CyQxhuAK14bc7JWM8+N44wBKaCL3k4AgGggvPl2evnvRwWss4zsBsl8DidibdrR+EQaQc1xwyFWSxuBMFfh74tf2NxAfAnxAWTtgMwWQQKt4WRfxARixzAkx\/c\/nk\/KTXRkykL5HV57Fl9BkHBurOe1znBHwTjqBg8Jy7ks8x4aBFGjNcGUNZxo+jwnEA+Y2UP0wuQNUMKVw6ViiKCKUijStYWLcRxFB3bwzfNpEgdRSe1P4W9zuSlcFFBXU4bzMfylBPFznfHeMY0DG+e5ryxSjCyLE5oOFvJ+xPjC\/QOyDHuZSNV5+najLjiuFOc6XkOPI87y840BFiz1mXayDABC4nnF4uvOuycy0TnKdBdUrjn8iHMYxBl1Su4BaSSwxOrZscA3\/aHsOxkbmD+HYavGUckELGh2KjObPDYLxM2aX3\/oGeOWrrmY22fDY6rLXmk2N6c7H6+fz4\/AnCsVCO6maphqtwqnhuhog10vUuRQiQMUkgFQQzEaAAUKdkczy4iLpJ0U0z+pDiTKtEjKcyR68zzR\/Nc5B7yEzOhDFQnCIkcEVm+e06ZSKpHG8kDMISENqyb5zLPAIioVjL8HWv42TtlmswSquSJisO+RAUfzEuFwRXw5vVF0S961rCByR5ipNCC2GKKV3tcbBh\/RS\/yoIU+MbsW8ikbleDmlBy6x6Wodq6N1Ajnof5tksuQtTHhoyp6I1CAQW5Aq1il61UxYCjfzpM4BlAW\/sdOhc4FF1txkXgmKODohAuYOWTp5UIV9Ae+eIZOS7L0iLPeujP8ONAo2uPvWoqRRwYqRBq64PQqVNPA1foPlpOWYkxY4RewTTSqEFpFkgNaUPpdlyS+rz6SnRNPva9vE6va50HsvYtroI939Po2fjUSg\/WgZkJ\/inK8NRbYj7uNYsaWI+8dcrmTqF6pQ60ikh1YI\/DNPCiVzfzNAajz4pGsKmYOEe5T3HCeIosGFIaiBkkuUG8rjX6mJVxhObucnm06XIhoN\/IbA4V576Q8UWeu+6q7LbZETMMCtKw5J3AT6Z1nHyGol8L3kmgW\/aQJ5IZfqqRU0efVOxBOjUCsSpFOc9CBxHXBm73yDm94nKmxSoXRJDCz2wLdOWsIrC4NTAS4wJPbi4CciUulRYXhKtDTvYNCsxSJhR2+wa0JZxHWetckgFK3MJ\/RuLAQsH9p0EMN2wNqzY4EnHD3GsOFeH3SotBwmcbIx\/37wfEGyfkW8lC2AY3H1A8xX27e0+3uCjWFtEVd1GHeqVwy6YvEKVG2VYIoP63bmnSfmSoj8vLm59t125+nVoEwSTKJxybEIbgQ59rLBOKuZdbHFtUXHz\/Pdu7tXsOIh4ebPPRcG0SyglN5p9zgz\/S44vjJ\/VJlh4vczaCk0Qiz5LVrxOOshM28O6FI5vijlKXP6nZN9ja8zRaNTCw7LeJhE5VkZhvVCTtJN5i6849trYkzOXbgxpLHr593QkJ5qHWlWf0ZpZVyTWhm\/eHnWqCDOuZvNlWm92iuSeo9Q63Nwjkfm+9+BZSdb\/ZGNaG71X5lh1+OKDfHc+WrcwPTpJBAgnknOaR96yan8vck+qcSVDWw1zPx2Om28328f8eOeSuImEjPG\/zuvPVPaVTDl8PNpJg0BJdUtDgmTMHMwrsxQRSIWy0BfbGRaNXtSgcMNjee+qDXPJEa9Tu0taCqeXLJzejSKct8CznntRN+j+9OD65\/Pj+4vLk6ub4\/Oj4gh77geXJw6uIYPNbYUQ8ouMIqiZ89AHTGGc7yoEGw\/DhzrPt3SGdKuQ9wC5ieIVJfJzqPdra2d1+1t8ZPn9enqtH\/8Lng50X9PTFC9rd2X76VR66Wqr0sg0WaLr\/yW8I0Ipa9wFhU4cS42WnVyTVLki1JYZfA20Qj5uCNiigvsXhJQ7vHfZwXJC6mZtjuO5AJ9+5GyIaDrhx44RyFRdYh7NHba7v0MFTlHGM\/7Wu7HBcoQgh+00p1lHhdoGfii8\/wTCQWRUi4ZW0923kGh0OgeSEO7yWYHdKa5nC19M4a5qJ4a0THOA5L1kvyMZKxjjHLQTjyBl0rB0HKTe5x7ylghx3Ci7iCNy35ia33rpnyc3IbS6VDs4+HLy6Yg1frLXcsuPfnHGCTeKhfSTw96KXBzrtctE2KpmFIFiKF5hecrMLGY7hwMJ9zKdulsVUfCFHPDQ0JvGWMbAiV9wYxbdA1QJuf7avS22nUjDmbulmAAes9ZuMCe9kGmVyVFlRelbUMuJ4LsU09ntBTccKhRPPwzjMHQOTLY70RjOG688ctsgLcdshh3GH7hEXHXp3cn56fO4OOHv3Ad9ElSBneWui3ahG18lCxtytkM73bln4+Y+vjojXQtywU5+RmeJJyA1vbnGBqWSig4EbyeH2ogyY4vWvVw8C6qHYSRbjZUkC64LiKNwElJAfmWRbe\/eqXGoaXyyYXFbjK4V6LkZKN6WuRUoQ7FT2iapC7\/ABI87BQqEitdD4dIZHity9ca8z4FWNu+pSFPe7fTjcKYTmphybrX518efSZ9HKc1+hSD+BLbw3QbMug6LFaScbLArTEoSYl3qu0jwKUIUBhkKn5UnFl4qsYjuXKmwaUadU10dtNfo1r6Wo\/cVUBBnP27ERv+8pFwD8eiHzmoZnYM\/YYZVB63n0OjFILBtmeDzhWpLLSE609jJnvvaFrr++0HtUNNEjaRlsVw5h+0C0WCx6t36Z3oPNnGsmRLsxPib8EsL5vlNf7U9UhNt5spZsf\/2NQivb\/IE3IuG1in8zQn\/03UjYY1Ll9UgPAhbgGq6T9XHS+Vh5Y\/LbL4WHXI4tr03AXLXtKa1ro+39ifaLN3b2t19C29ysT78WNaR5reK2i5tgt769Wauce0MoIhq86Pm52X1RxbfTRBje0bqXlZCsNPBk4tI2xNptUB2AZ0rzDvSUZT\/XqODu5qPH4J8kSRrB1zX41Zg20u2UDZ3ZpqD7qlYgex97HTrD2UzMqVmqDiGBL1efc+\/TYKvPXkO1Dp+2hC3oVpatg+729u7zHUrZ263B9qA7GD57Pnj+9Hnd5PBWqnuPIKd9Qais8Y+PptbO9\/p9Lr5sOOh6UdIF76AG+1zyff5YlEKmn3GMpTOwC1EUPyIrQA\/2x0d\/j8Aos0cv\/\/CR+33hIf4f\" \/> \t\t<a href=\"https:\/\/www.pdf24.org\" target=\"_blank\" title=\"www.pdf24.org\" rel=\"nofollow\"><img src=\"https:\/\/www.hohenlohe-ungefiltert.de\/wp-content\/plugins\/pdf24-post-to-pdf\/img\/pdf_32x32.png\" alt=\"\" border=\"0\" height=\"32\" \/><\/a> \t\t<span class=\"pdf24Plugin-cp-space\">&nbsp;&nbsp;<\/span> \t\t<span class=\"pdf24Plugin-cp-text\">Sende Artikel als PDF<\/span> \t\t<span class=\"pdf24Plugin-cp-space\">&nbsp;&nbsp;<\/span> \t\t<input class=\"pdf24Plugin-cp-input\" style=\"margin: 0px;\" type=\"text\" name=\"sendEmailTo\" placeholder=\"Emailadresse\" \/> \t\t<input class=\"pdf24Plugin-cp-submit\" style=\"margin: 0px;\" type=\"submit\" value=\"Senden\" \/> \t<\/form> <\/div>","protected":false},"excerpt":{"rendered":"<p>Zum landesweiten Aktionstag &#8222;Stuttgart 21 bremst aus!&#8220; kommt der Bundestagsabgeordnete Winfried Hermann (B\u00fcndnis 90\/Die Gr\u00fcnen), Obmann des Verkehrsausschusses im Deutschen Bundestag, am Samstag, 5. Februar 2011, nach Crailsheim. Um 10.12 Uhr trifft er auf dem Crailsheimer Bahnhof ein. Anschlie\u00dfend ist ein Demonstrationszug zum Crailsheimer Rathaus geplant. Dort findet um 11 Uhr eine Kundgebung statt. Vom [&hellip;]<\/p>\n","protected":false},"author":3,"featured_media":0,"comment_status":"open","ping_status":"open","sticky":false,"template":"","format":"standard","meta":[],"categories":[],"tags":[],"_links":{"self":[{"href":"https:\/\/www.hohenlohe-ungefiltert.de\/index.php?rest_route=\/wp\/v2\/posts\/9896"}],"collection":[{"href":"https:\/\/www.hohenlohe-ungefiltert.de\/index.php?rest_route=\/wp\/v2\/posts"}],"about":[{"href":"https:\/\/www.hohenlohe-ungefiltert.de\/index.php?rest_route=\/wp\/v2\/types\/post"}],"author":[{"embeddable":true,"href":"https:\/\/www.hohenlohe-ungefiltert.de\/index.php?rest_route=\/wp\/v2\/users\/3"}],"replies":[{"embeddable":true,"href":"https:\/\/www.hohenlohe-ungefiltert.de\/index.php?rest_route=%2Fwp%2Fv2%2Fcomments&post=9896"}],"version-history":[{"count":5,"href":"https:\/\/www.hohenlohe-ungefiltert.de\/index.php?rest_route=\/wp\/v2\/posts\/9896\/revisions"}],"predecessor-version":[{"id":9907,"href":"https:\/\/www.hohenlohe-ungefiltert.de\/index.php?rest_route=\/wp\/v2\/posts\/9896\/revisions\/9907"}],"wp:attachment":[{"href":"https:\/\/www.hohenlohe-ungefiltert.de\/index.php?rest_route=%2Fwp%2Fv2%2Fmedia&parent=9896"}],"wp:term":[{"taxonomy":"category","embeddable":true,"href":"https:\/\/www.hohenlohe-ungefiltert.de\/index.php?rest_route=%2Fwp%2Fv2%2Fcategories&post=9896"},{"taxonomy":"post_tag","embeddable":true,"href":"https:\/\/www.hohenlohe-ungefiltert.de\/index.php?rest_route=%2Fwp%2Fv2%2Ftags&post=9896"}],"curies":[{"name":"wp","href":"https:\/\/api.w.org\/{rel}","templated":true}]}}