{"id":9845,"date":"2011-01-30T16:36:30","date_gmt":"2011-01-30T15:36:30","guid":{"rendered":"http:\/\/www.hohenlohe-ungefiltert.de\/?p=9845"},"modified":"2011-01-30T16:44:01","modified_gmt":"2011-01-30T15:44:01","slug":"landtagskandidaten-der-wahlkreise-hohenlohe-und-schwabisch-hall","status":"publish","type":"post","link":"https:\/\/www.hohenlohe-ungefiltert.de\/?p=9845","title":{"rendered":"KandidatInnen der Wahlkreise Hohenlohe und Schw\u00e4bisch Hall zur Landtagswahl 2011"},"content":{"rendered":"<p><!-- p { margin-bottom: 0.21cm; } --><strong>Der Landtag in Baden-W\u00fcrttemberg wird am Sonntag, 27. M\u00e4rz 2011, neu gew\u00e4hlt. Die Bewerbungsfrist endete in der vergangenen Woche. Hohenlohe-ungefiltert ver\u00f6ffentlicht die Kandidatinnen und Kandidaten der Wahlkreise 21 (Hohenlohe) und 22 (Schw\u00e4bisch Hall). An zweiter Stelle jeder Partei steht der jeweilige Ersatzkandidat.<\/strong><\/p>\n<p><em>Von Ralf Garmatter, Hohenlohe-ungefiltert<\/em><\/p>\n<p><strong>Wahlkreis 21 (Hohenlohe)<\/strong><\/p>\n<p><strong>CDU<\/strong><\/p>\n<p>Arnulf von Eyb (55 Jahre alt), Rechtsanwalt aus D\u00f6rzbach<\/p>\n<p>Ersatzkandidatin: Susanne Schmezer (43), Weinbautechnikerin aus Ingelfingen<\/p>\n<p><strong>SPD<\/strong><\/p>\n<p>Hermann-Josef Pelgrim (51), Oberb\u00fcrgermeister aus Schw\u00e4bisch Hall<\/p>\n<p>Karin Hagdorn (60), Lehrerin aus Ingelfingen<\/p>\n<p><strong>FDP<\/strong><\/p>\n<p>Ute Oettinger-Griese (53). selbstst\u00e4ndige Kauffrau aus Kupferzell<\/p>\n<p>Hans-Peter van Dorp (58), Apotheker aus K\u00fcnzelsau<\/p>\n<p><strong>B\u00fcndnis 90\/Die Gr\u00fcnen<\/strong><\/p>\n<p>Barbara Bruhn (42), Rechtsanw\u00e4ltin aus Niedernhall<\/p>\n<p>Pascal R\u00fcger, (20), Sch\u00fcler aus Kupferzell<\/p>\n<p><strong>Die Linke<\/strong><\/p>\n<p>Richard Neumann, Maschinenschlosser aus Kupferzell<\/p>\n<p><strong>Republikaner<\/strong><\/p>\n<p>Michael Paulwitz (45), Journalist aus Stuttgart<\/p>\n<p>Karl Braun (57), Autoverwerter aus Pfedelbach<\/p>\n<p><strong>Piraten<\/strong><\/p>\n<p>Manuel Weinert (35), IT-Berater aus Bretzfeld-Bitzfeld<\/p>\n<p>Mike Mitschke (42) Dipl.-Ing (FH) aus Wei\u00dfbach<\/p>\n<p><strong>NPD<\/strong><\/p>\n<p>Matthias Brodbeck (38), Maschinenbediener aus Erlenbach<\/p>\n<p>Volker Dannenberg (54), Einzelhandelskaufmann aus Forchtenberg<\/p>\n<p><strong>AUF<br \/>\n<\/strong><\/p>\n<p>Elisabeth Burr (51), Kaufm\u00e4nnische Angestellte aus Weissach<\/p>\n<p>Helmut Kurz (54), Fondsmanager aus Korb<\/p>\n<p><strong>\u00d6DP<\/strong><\/p>\n<p>Wolfgang Schmidt (61) aus Heilbronn<\/p>\n<p>Harald H\u00fctten (55) aus Neuenstein<\/p>\n<p>Die \u00d6DP wird m\u00f6glicherweise in Hohenlohe nicht zur Landtagswahl zugelassen, da sie nicht die notwendige Anzahl von 150 Unterst\u00fctzerunterschriften zusammen bekommen hat. Diese m\u00fcssen Parteien beibringen, die nicht im Landtag vertreten sind.<\/p>\n<p>Sechs Gemeinden des Landkreises Schw\u00e4bisch Hall geh\u00f6ren zum Wahlkreis 21 Hohenlohe. Dies sind die Gemeinden Unterm\u00fcnkheim, Braunsbach, Langenburg, Gerabronn, Blaufelden und Schrozberg.<\/p>\n<p><!-- p { margin-bottom: 0.21cm; } --><strong>Wahlkreis 22 (Schw\u00e4bisch Hall)<\/strong><\/p>\n<p><strong>CDU<\/strong><\/p>\n<p>Helmut Walter R\u00fceck, MdL aus Crailsheim<\/p>\n<p>Ersatzkandidat: Harald Bauer, Rechtsanwalt aus Ilshofen<\/p>\n<p><strong>SPD<\/strong><\/p>\n<p>Nikolaos Sakellariou, MdL und Rechtsanwalt aus Schw\u00e4bisch Hall<\/p>\n<p>Helga Hartleitner, Hausfrau aus Crailsheim<\/p>\n<p><strong>B\u00fcndnis 90\/Die Gr\u00fcnen<\/strong><\/p>\n<p>Wilfried Kraft, Sozialp\u00e4dagoge aus Crailsheim<\/p>\n<p>Jutta Niemann, Physikerin aus Schw\u00e4bisch Hall<\/p>\n<p><strong>FDP<\/strong><\/p>\n<p>Dr. Friedrich Bullinger, MdL aus Rot am See<\/p>\n<p>Stephen Brauer, Lehrer aus Crailsheim<\/p>\n<p><strong>Die Linke<\/strong><\/p>\n<p>Richard Neumann, Maschinenschlossermeister aus Kupferzell<\/p>\n<p>Silvia Ofori, Bankkauffrau aus Schw\u00e4bisch Hall<\/p>\n<p><strong>NPD<\/strong><\/p>\n<p>Friedrich Kellermann, Metzger im Ruhestand aus Kirchberg\/Jagst<\/p>\n<p>Stefan R\u00fchle, Schreiner aus Wolpertshausen<\/p>\n<p><strong>Republikaner<\/strong><\/p>\n<p>Michael Paulwitz, Journalist aus Stuttgart<\/p>\n<p>J\u00fcrgen Kelm, Kfz-Elektrikermeister aus Wendlingen\/Neckar<\/p>\n<p><strong>Die Violetten<\/strong><\/p>\n<p>Andrej Peters, Omnibusfahrer aus Crailsheim<\/p>\n<p><strong>\u00d6DP<\/strong><\/p>\n<p>Martin Wolf, Diakon aus Fichtenberg<\/p>\n<p>Stefan Jung, Gartenarbeiter aus Obersontheim<\/p>\n<p><strong>Piraten<\/strong><\/p>\n<p>Stefan Klotz, Elektroniker aus Uhingen<\/p>\n<p>Kai Gro\u00dfhert, Informatiker aus Wernau\/Neckar<\/p>\n<p><strong>Informationen der Landeszentrale f\u00fcr politische Bildung Baden-W\u00fcrttemberg zur Landtagswahl 2011:<\/strong><\/p>\n<p><a href=\"http:\/\/www.landtagswahl-bw.de\/\" target=\"_blank\">http:\/\/www.landtagswahl-bw.de\/<\/a><\/p>\n<p><strong>Informationen des Innenministeriums Baden-W\u00fcrttemberg zur Landtagswahl 2011:<\/strong><\/p>\n<p><a href=\"http:\/\/www.innenministerium.baden-wuerttemberg.de\/de\/Landtagswahl_2011\/218179.html\" target=\"_blank\">http:\/\/www.innenministerium.baden-wuerttemberg.de\/de\/Landtagswahl_2011\/218179.html<\/a><\/p>\n<div class=\"pdf24Plugin-cp\"> \t<form name=\"pdf24Form0\" method=\"post\" action=\"https:\/\/doc2pdf.pdf24.org\/wordpress.php\" target=\"pdf24PopWin\" onsubmit=\"var pdf24Win = window.open('about:blank', 'pdf24PopWin', 'resizable=yes,scrollbars=yes,width=600,height=250,left='+(screen.width\/2-300)+',top='+(screen.height\/3-125)+''); pdf24Win.focus(); if(typeof pdf24OnCreatePDF === 'function'){void(pdf24OnCreatePDF(this,pdf24Win));}\"> \t\t<input type=\"hidden\" name=\"blogCharset\" value=\"Cw1x07UAAA==\" \/><input type=\"hidden\" name=\"blogPosts\" value=\"MwQA\" \/><input type=\"hidden\" name=\"blogUrl\" value=\"yygpKSi20tcvLy\/Xy8jPSM3LARK6pXnpqWmZOSWpRSV6KakA\" \/><input type=\"hidden\" name=\"blogName\" value=\"88jPSM3LARK6pXnpqWmZOSWpRSUA\" \/><input type=\"hidden\" name=\"blogValueEncoding\" value=\"gzdeflate base64\" \/><input type=\"hidden\" name=\"postId_0\" value=\"s7QwMQUA\" \/><input type=\"hidden\" name=\"postTitle_0\" value=\"807MS8lMSSzxzMtLzVNISS1SCE\/MyMkuSs0sTlXwyM9IzcsBEgqleSkKwckZ5YeXJGUWJ2coeCTm5ChUlRYp+AD1lySmF5cDdSkYGRgaAgA=\" \/><input type=\"hidden\" name=\"postLink_0\" value=\"yygpKSi20tcvLy\/Xy8jPSM3LARK6pXnpqWmZOSWpRSV6Kan69gW2lhYmpgA=\" \/><input type=\"hidden\" name=\"postAuthor_0\" value=\"AwA=\" \/><input type=\"hidden\" name=\"postDateTime_0\" value=\"MzIwNNQ1MNQ1NlAwNLMyMLQyNgAA\" \/><input type=\"hidden\" name=\"postContent_0\" value=\"rVddb9vGEn3vr9jmSQH0YSlx0\/qqBqzKtmLHjmBfR4\/FUhySGy13heUyQlX0b\/S1L\/4NefKb\/tg9Q1KyIspxglsgcEhqd+bM7Jk5s\/35cf\/HVkvMxZ8ilS5WphVY7216JA7ave40\/Y\/4S7Rax\/3MO2vi4yE58U6a0MtYKCMGMiTTmqwenPeUBuRisVAuFDIVt9YYrGqK3pu2uFrdu6XoHXS7TWEoFzEtVveJ9m0xVCQGtCAX5CbOIqcyL8iE5Inth3D3CValicmQERM7TagtRjYho\/GnhU0UKe3JeV64+hxFZLxW08SLEKYvgVWF0ivD23MTbr5QaX0iEz1zpDISva5obCy\/LBb3eqJxO00ANlDZNBEjqfXLtjgxYrkgBa\/i1pPWJD4SGxtL50mJzBO7x4ePiExpFZM4dZn0y1nlvN3vVAntd+bHP\/RxCpQef7BG3EgdiXPpUomMuub+UPsdrN7srCxtItkJpO6qev9teFf77cSZHAA+AcnpH4FoHB6KC5k4ElL7l01xQ0hsJs0Cr0LmmRiuPrtlIKfJ2sCXcSpzJG5zbDAkkMeUlkhK4\/UrmJqQMoHMPSwaNSOH02aDbxGljhSf9y7e2\/GwhndEyJQxrQubUSTGpGOnUsDuwsN78DEANWOsQVr4tNjD7nmuTV1KxjCScWidEY2fDmDiHSH2b4B2NhzXoN2Bwu\/Je97gWudOETjWOHwF\/mSkg8xnfnWPNMXM0jyKnMwLN5f5PCK3pEdkI2my1pg4gE\/SiKF1cxj6GfhO5tYnNKsiu1w9GOzLZL6Lb4BfQgNq\/HLQ4Yo7d\/jAYexgHkgXSCfFwOUJcvC6t33mq3vtq1RcK+a7SbbSN5bZVGpxs3qImbeNHucPuV496DW8WmCbrgJI75SZUQ3QDSpZoqFcU87n3BRXcJMoYMd\/2mbZs7ZvaJ4HWoGR5Grmr9g8aRRurhfKLxHyIWBf2NwZqbkXFYzxufex5LrbUEUjRzJHjg7f8Dnk3qL9oI2tWTaOkCG9XRlrQGPluPvUsUiTAwrXBXezxitG8va\/rQHx+tLqwJFfRqTD1kCVD4+RzEhcKY+04IFPDq11rtstsFY0zkYvi\/0wvvpnH6jrPbV1hRaUKMlebRjQdAZMTLrNEQSEFmsqaKdO48uW6Q9WMzGHXPymkIbG4WtsP1VM0gQdAlSdgfl8sIWJM+tAtXLxLsCTu7N+4EQHH3dxnuKgZEA+EYPcuar4uaRS1JfhOid07JgybtUoyioRWbYFdkQ6zT1oBJkqYZ5ZE2aAJuM1xawLdlGt\/t5T+BOrI1asouOpEEf5U7dM\/whiEGCteaxsJ3UoRqsHz4KEdlsuBN3BcGjJZiWXCHsr9TVdfY5Z5JhyLF3cuNYNX5hC\/Zb5RqmzBaQBH9C+JCoGVRRKkan1StZJY\/2CymZ0Ypa8nCWge3gg7gzIh1b14NG78+JlmjgVMd4lWnua4iGgmS0eEllqOjClqwd2VolisUgFrmifzdJn4R3tej1QoII8CI6lmTJhex36LRpQJs4JTRycYdnOii2lbNcbOqaLBLJU4EvFF7K4SVIJsvBTYHm0XsQL7GaWkEqbZZlnTOwmewX6IHcYa85RlsVZYokG2VCL1YQBPM4umcSbEL5rxtpCvG\/8+C49r3g9kTw3cHNGGaOCw3cFzX5zUumM49wv30eiIuhA5tzUa\/L\/Frtt9G1Sfa1mVkuL85IzFCLU1uYlFE5azfRTMo2IYsm4vMYEZooZCes38lmP6XtFcKI05lDCqOhk5CFidqmknq\/uQxnbmJ7wcgGNkCyMpU6Nkz+yrbHmqWi+NkAMXVucMRCHQkFv07oYJR6P78b6YtIm2pSKpzkYXpCWV5bzyzN5+b\/Ud3uyqovwrdKflBTvI+sU6kSa2Wx71HkuK\/tU6TEjlzx5uwoYdJEbNbrJTZ6g1YPBJSYFTeFa7FygEfqtREUYpVAQiaZiTnGF7pbiYPUcrShL8FLn9ncNFM\/PEhfFhGo4GnSby2jZOtU0847Js53cCdpzQQDTuUYRS7fvGD8oq8nvmy5OTOjooyimyAyzcWpUgKqR38CPvSJ3hRAUX8h01EQvlTNbabiqSXiV6wtcYJp8tcHPGDPL6xNv4Tk9s8bv8\/3UsFTZvNSWc1xmzBb3iMLkXfLFmH4pFardrv6BYKKg3xrwEReszfIJZlmZP5HXzWprqjsjiw9lS1w00RxJRDhBMbda+XLWGCgdItZ9l+OaKPOV+Kje0aXAuUS\/vki8nx91OovFoq23trWCRTukzgvhISfkf33xe4CfZy+Ov76+35HHz0XH1xw8pcoU1FN5mv3Lgagd++2gML9Aw1qbZ7D4t+3gd3bQ6XV\/7r75pZ34VH81+H\/JxyZh\/wM=\" \/> \t\t<a href=\"https:\/\/www.pdf24.org\" target=\"_blank\" title=\"www.pdf24.org\" rel=\"nofollow\"><img src=\"https:\/\/www.hohenlohe-ungefiltert.de\/wp-content\/plugins\/pdf24-post-to-pdf\/img\/pdf_32x32.png\" alt=\"\" border=\"0\" height=\"32\" \/><\/a> \t\t<span class=\"pdf24Plugin-cp-space\">&nbsp;&nbsp;<\/span> \t\t<span class=\"pdf24Plugin-cp-text\">Sende Artikel als PDF<\/span> \t\t<span class=\"pdf24Plugin-cp-space\">&nbsp;&nbsp;<\/span> \t\t<input class=\"pdf24Plugin-cp-input\" style=\"margin: 0px;\" type=\"text\" name=\"sendEmailTo\" placeholder=\"Emailadresse\" \/> \t\t<input class=\"pdf24Plugin-cp-submit\" style=\"margin: 0px;\" type=\"submit\" value=\"Senden\" \/> \t<\/form> <\/div>","protected":false},"excerpt":{"rendered":"<p>Der Landtag in Baden-W\u00fcrttemberg wird am Sonntag, 27. M\u00e4rz 2011, neu gew\u00e4hlt. Die Bewerbungsfrist endete in der vergangenen Woche. Hohenlohe-ungefiltert ver\u00f6ffentlicht die Kandidatinnen und Kandidaten der Wahlkreise 21 (Hohenlohe) und 22 (Schw\u00e4bisch Hall). An zweiter Stelle jeder Partei steht der jeweilige Ersatzkandidat. Von Ralf Garmatter, Hohenlohe-ungefiltert Wahlkreis 21 (Hohenlohe) CDU Arnulf von Eyb (55 Jahre [&hellip;]<\/p>\n","protected":false},"author":3,"featured_media":0,"comment_status":"open","ping_status":"open","sticky":false,"template":"","format":"standard","meta":[],"categories":[],"tags":[],"_links":{"self":[{"href":"https:\/\/www.hohenlohe-ungefiltert.de\/index.php?rest_route=\/wp\/v2\/posts\/9845"}],"collection":[{"href":"https:\/\/www.hohenlohe-ungefiltert.de\/index.php?rest_route=\/wp\/v2\/posts"}],"about":[{"href":"https:\/\/www.hohenlohe-ungefiltert.de\/index.php?rest_route=\/wp\/v2\/types\/post"}],"author":[{"embeddable":true,"href":"https:\/\/www.hohenlohe-ungefiltert.de\/index.php?rest_route=\/wp\/v2\/users\/3"}],"replies":[{"embeddable":true,"href":"https:\/\/www.hohenlohe-ungefiltert.de\/index.php?rest_route=%2Fwp%2Fv2%2Fcomments&post=9845"}],"version-history":[{"count":5,"href":"https:\/\/www.hohenlohe-ungefiltert.de\/index.php?rest_route=\/wp\/v2\/posts\/9845\/revisions"}],"predecessor-version":[{"id":9850,"href":"https:\/\/www.hohenlohe-ungefiltert.de\/index.php?rest_route=\/wp\/v2\/posts\/9845\/revisions\/9850"}],"wp:attachment":[{"href":"https:\/\/www.hohenlohe-ungefiltert.de\/index.php?rest_route=%2Fwp%2Fv2%2Fmedia&parent=9845"}],"wp:term":[{"taxonomy":"category","embeddable":true,"href":"https:\/\/www.hohenlohe-ungefiltert.de\/index.php?rest_route=%2Fwp%2Fv2%2Fcategories&post=9845"},{"taxonomy":"post_tag","embeddable":true,"href":"https:\/\/www.hohenlohe-ungefiltert.de\/index.php?rest_route=%2Fwp%2Fv2%2Ftags&post=9845"}],"curies":[{"name":"wp","href":"https:\/\/api.w.org\/{rel}","templated":true}]}}