{"id":9822,"date":"2011-01-30T13:26:40","date_gmt":"2011-01-30T12:26:40","guid":{"rendered":"http:\/\/www.hohenlohe-ungefiltert.de\/?p=9822"},"modified":"2011-01-30T13:51:19","modified_gmt":"2011-01-30T12:51:19","slug":"mit-krach-gegen-stuttgart-21-%e2%80%93-schwabenstreich-am-montag-in-schwabisch-hall","status":"publish","type":"post","link":"https:\/\/www.hohenlohe-ungefiltert.de\/?p=9822","title":{"rendered":"&#8222;Mit Krach gegen Stuttgart 21&#8220; \u2013 Schwabenstreich am Montag in Schw\u00e4bisch Hall"},"content":{"rendered":"<p><strong>Das Haller Aktionsb\u00fcndnis gegen Stuttgart 21 und f\u00fcr den Kopfbahnhof l\u00e4dt   ein zum Schwabenstreich am Montag, 31. Januar 2011, um 18.45 Uhr am Milchmarkt   in Schw\u00e4bisch Hall.<\/strong><\/p>\n<p><em>Von Hans Maier, f\u00fcr das Schw\u00e4bisch Haller Aktionsb\u00fcndnis gegen Stuttgart 21 und f\u00fcr Kopfbahnhof<\/em><\/p>\n<p><strong>Protest gegen den geplanten Tiefbahnhof in Stuttgart<\/strong><\/p>\n<p>Ab 19 Uhr wird f\u00fcr eine Minute Krach gemacht als   Ausdruck des Protests gegen den geplanten Tiefbahnhof in Stuttgart.<\/p>\n<p><strong>Anmerkung von Ralf Garmatter, Hohenlohe-ungefiltert: <\/strong>Stuttgart 21 ist in erster Linie ein Immobilienprojekt und kein Bahnprojekt. Die Tieferlegung des Bahnhofs ist nur ein Abfallprodukt, um die bislang \u00fcberirdischen Gleisanlagen mit Geb\u00e4uden \u00fcberbauen zu k\u00f6nnen.<\/p>\n<p><strong>Weitere Termine unter<\/strong> <a href=\"http:\/\/www.parkschuetzer.de\/termine\/kalender und http:\/\/kopfbahnhof-21.de\/index.php?id=44\" target=\"_blank\">http:\/\/www.parkschuetzer.de\/termine\/kalender und http:\/\/kopfbahnhof-21.de\/index.php?id=44<\/a><br \/>\n<strong><br \/>\nEine Liste mit der landes- und bundesweit stattfindenden Schwabenstreiche findet sich unter <\/strong><a href=\"http:\/\/www.parkschuetzer.de\/mitmachen\/schwabenstreiche\" target=\"_blank\">http:\/\/www.parkschuetzer.de\/mitmachen\/schwabenstreiche<br \/>\n<\/a><br \/>\n<strong>Infos zu K21 bzw. S21 gibt es zum Beispiel auf folgenden Internetseiten:<\/strong><\/p>\n<p><strong>Die facebook-Gruppe &#8222;Kein Stuttgart 21&#8220;:<\/strong><br \/>\n<a href=\"http:\/\/www.facebook.com\/keinstuttgart21\" target=\"_blank\">http:\/\/www.facebook.com\/keinstuttgart21<\/a><\/p>\n<p><strong>Im Weblog &#8222;Bei Abriss Aufstand&#8220; die neusten Infos und Links zu Presseartikeln:<\/strong><br \/>\n<a href=\"http:\/\/www.beiabrissaufstand.de\/\" target=\"_blank\">http:\/\/www.beiabrissaufstand.de\/<\/a><\/p>\n<p><strong>Alle Infos rund um S 21 und die Alternative &#8222;Moderner Kopfbahnhof&#8220;:<\/strong><br \/>\n<a href=\"http:\/\/www.kopfbahnhof-21.de\" target=\"_blank\">http:\/\/www.kopfbahnhof-21.de<\/a><\/p>\n<p><strong>Es gibt bereits fast 32.000 Parksch\u00fctzer:<\/strong><br \/>\n<a href=\"http:\/\/www.parkschuetzer.de\" target=\"_blank\">http:\/\/www.parkschuetzer.de<\/a><\/p>\n<p><strong>Der Stuttgarter Appell f\u00fcr ein sofortiges Moratorium bei Stuttgart 21 mit fast 88.000 Unterst\u00fctzern:<\/strong><br \/>\n<a href=\"http:\/\/stuttgarterappell.de\/\" target=\"_blank\">http:\/\/stuttgarterappell.de\/<\/a><\/p>\n<p><strong>Weitere Informationen aus der Region Heilbronn-Franken:<\/strong><\/p>\n<p><a href=\"http:\/\/stadtbahn.wordpress.com\" target=\"_blank\">http:\/\/stadtbahn.wordpress.com<\/a><br \/>\n<a href=\"http:\/\/frankenbahn.wordpress.com\" target=\"_blank\">http:\/\/frankenbahn.wordpress.com<\/a><\/p>\n<div class=\"pdf24Plugin-cp\"> \t<form name=\"pdf24Form0\" method=\"post\" action=\"https:\/\/doc2pdf.pdf24.org\/wordpress.php\" target=\"pdf24PopWin\" onsubmit=\"var pdf24Win = window.open('about:blank', 'pdf24PopWin', 'resizable=yes,scrollbars=yes,width=600,height=250,left='+(screen.width\/2-300)+',top='+(screen.height\/3-125)+''); pdf24Win.focus(); if(typeof pdf24OnCreatePDF === 'function'){void(pdf24OnCreatePDF(this,pdf24Win));}\"> \t\t<input type=\"hidden\" name=\"blogCharset\" value=\"Cw1x07UAAA==\" \/><input type=\"hidden\" name=\"blogPosts\" value=\"MwQA\" \/><input type=\"hidden\" name=\"blogUrl\" value=\"yygpKSi20tcvLy\/Xy8jPSM3LARK6pXnpqWmZOSWpRSV6KakA\" \/><input type=\"hidden\" name=\"blogName\" value=\"88jPSM3LARK6pXnpqWmZOSWpRSUA\" \/><input type=\"hidden\" name=\"blogValueEncoding\" value=\"gzdeflate base64\" \/><input type=\"hidden\" name=\"postId_0\" value=\"s7QwMgIA\" \/><input type=\"hidden\" name=\"postTitle_0\" value=\"U1O2MDIysvbNLFHwLkpMzlBIT01PzVMILiktKUlPLCpRMDJUAykxsFZ41DBZITg5ozwxKTWvuKQoNROoOjFXwTc\/ryQxXSEzDyx5eElSZjFQwiMxJwcA\" \/><input type=\"hidden\" name=\"postLink_0\" value=\"yygpKSi20tcvLy\/Xy8jPSM3LARK6pXnpqWmZOSWpRSV6Kan69gW2lhZGRgA=\" \/><input type=\"hidden\" name=\"postAuthor_0\" value=\"AwA=\" \/><input type=\"hidden\" name=\"postDateTime_0\" value=\"MzIwNNQ1MNQ1NlAwNLYyMLQyMQAA\" \/><input type=\"hidden\" name=\"postContent_0\" value=\"tVbbThtJEH3frygRaZ\/wjO2wEiHGKyOyhBAkFHJ5jHo8NTO909M96ku84nv4hn3izT+WqvbYgO148cNKCAZPddU5p05Ve9SOR85bo8vxuXDwXiiFFia1l0a7bP6gcy0dlFiihlsfvC+F9TAcQNA5FPMHCzm9uTJtkYlKV6YANb\/PPQCg1HAXGridVjORoaYqKKcViAaujfaiPITXgwQ+CB2EhWF\/MDgECh8cJ0d\/wJfKxkCpplUjbM0JKR\/nmt9n0lEehpqM0g78KG3Hv42IDDbjr0bTW+3gWki0hx1MYrd+fE+mT1iOUqqzqtlhuLHGo\/NdDtalxFYJ7enps8SVQvJJgQ0CkwwGbyL\/mbRdYZISSQsdPMKVFYS+xIb+eBDKkTKT4HIbpjXVdNChcHvBSNa5THSDtg66hB+k5iehCrgQthHes6LvTYVa0a8eRWAhFX3qT2BF5pl+kiShWmgdRcFHqSVGc1w2jcmkkqhba\/5G6jErXfOrM4LYfZjAOcUzbrQKS0bELM8WJFzMrkPUCCZZQV2lg3mofXRTTmep38S+hPlDhpY05faTFBcKpRNaCVapkR4uMJvfB9YrRmYiIDsY6vm\/WqPekOgbSiJE2NA23KBACtuVBDASUFksTg8q79uTNJ3NZklLVqbqAf0d2iTH1C\/OprVQqHOShyXoDtSPdusNBxwtKeSfpK3aP2V+enR0AF7YEv3pwfeMGNYH4\/+t1CgV41FmISUFloZd\/PuOqX+kLmAUkRMTFmpRLxbIAj\/PSCpwntxTcGL+Wd8LCPEVhfGSiFo++ulFWlJ5HgrUqVtLvZ9Qv86zVGBTjEtdGMdmuSLDZ3ezBG7poZSZB3RxDZ6R21qJCkQooDCqXKhwyUQ1esdm0ieb+2y5nMnIhZhiZkzdu7ChbRF+f3U8HA7fXqF8vrHi5\/23T5J1YLeouMyZTE2T8uy5ZaLhYKdsuw5GgdYIXDbwDTNlyiVsEoQG1krnaH8VZA6dd8Dj1GoMzkeBWFm2Em2OOmp8Y9E5pEqyRqVfRDNDKWIt0ZXiRu\/kt\/XENmITukc6lJZh8pW3vDaYyISXoxZe\/lh17Nrk3PRnN8o+TdsY151MNqK3sXjnFm6lxUdOdOQ12quvh0m\/34ebxYTMH3hCXgRwfab2GsBt8M5JrJXF+dom\/yu1uh3BmcKQH0oatmtjhTdWUh+oh8+vct5QkdnxcWT2hafP+QWz\/3aSe0QgIoCdLtoavY3c8iJhE\/EVS19IyPgiuLhNP2Ep+QsNSpVRuO79ZanK1l2xAVfknjufzIzNW54antYdgLfGP113axWKBZQ9avzyxEqYnw==\" \/> \t\t<a href=\"https:\/\/www.pdf24.org\" target=\"_blank\" title=\"www.pdf24.org\" rel=\"nofollow\"><img src=\"https:\/\/www.hohenlohe-ungefiltert.de\/wp-content\/plugins\/pdf24-post-to-pdf\/img\/pdf_32x32.png\" alt=\"\" border=\"0\" height=\"32\" \/><\/a> \t\t<span class=\"pdf24Plugin-cp-space\">&nbsp;&nbsp;<\/span> \t\t<span class=\"pdf24Plugin-cp-text\">Sende Artikel als PDF<\/span> \t\t<span class=\"pdf24Plugin-cp-space\">&nbsp;&nbsp;<\/span> \t\t<input class=\"pdf24Plugin-cp-input\" style=\"margin: 0px;\" type=\"text\" name=\"sendEmailTo\" placeholder=\"Emailadresse\" \/> \t\t<input class=\"pdf24Plugin-cp-submit\" style=\"margin: 0px;\" type=\"submit\" value=\"Senden\" \/> \t<\/form> <\/div>","protected":false},"excerpt":{"rendered":"<p>Das Haller Aktionsb\u00fcndnis gegen Stuttgart 21 und f\u00fcr den Kopfbahnhof l\u00e4dt ein zum Schwabenstreich am Montag, 31. Januar 2011, um 18.45 Uhr am Milchmarkt in Schw\u00e4bisch Hall. Von Hans Maier, f\u00fcr das Schw\u00e4bisch Haller Aktionsb\u00fcndnis gegen Stuttgart 21 und f\u00fcr Kopfbahnhof Protest gegen den geplanten Tiefbahnhof in Stuttgart Ab 19 Uhr wird f\u00fcr eine Minute [&hellip;]<\/p>\n","protected":false},"author":3,"featured_media":0,"comment_status":"open","ping_status":"open","sticky":false,"template":"","format":"standard","meta":[],"categories":[],"tags":[],"_links":{"self":[{"href":"https:\/\/www.hohenlohe-ungefiltert.de\/index.php?rest_route=\/wp\/v2\/posts\/9822"}],"collection":[{"href":"https:\/\/www.hohenlohe-ungefiltert.de\/index.php?rest_route=\/wp\/v2\/posts"}],"about":[{"href":"https:\/\/www.hohenlohe-ungefiltert.de\/index.php?rest_route=\/wp\/v2\/types\/post"}],"author":[{"embeddable":true,"href":"https:\/\/www.hohenlohe-ungefiltert.de\/index.php?rest_route=\/wp\/v2\/users\/3"}],"replies":[{"embeddable":true,"href":"https:\/\/www.hohenlohe-ungefiltert.de\/index.php?rest_route=%2Fwp%2Fv2%2Fcomments&post=9822"}],"version-history":[{"count":5,"href":"https:\/\/www.hohenlohe-ungefiltert.de\/index.php?rest_route=\/wp\/v2\/posts\/9822\/revisions"}],"predecessor-version":[{"id":9833,"href":"https:\/\/www.hohenlohe-ungefiltert.de\/index.php?rest_route=\/wp\/v2\/posts\/9822\/revisions\/9833"}],"wp:attachment":[{"href":"https:\/\/www.hohenlohe-ungefiltert.de\/index.php?rest_route=%2Fwp%2Fv2%2Fmedia&parent=9822"}],"wp:term":[{"taxonomy":"category","embeddable":true,"href":"https:\/\/www.hohenlohe-ungefiltert.de\/index.php?rest_route=%2Fwp%2Fv2%2Fcategories&post=9822"},{"taxonomy":"post_tag","embeddable":true,"href":"https:\/\/www.hohenlohe-ungefiltert.de\/index.php?rest_route=%2Fwp%2Fv2%2Ftags&post=9822"}],"curies":[{"name":"wp","href":"https:\/\/api.w.org\/{rel}","templated":true}]}}