{"id":9800,"date":"2011-01-28T08:54:32","date_gmt":"2011-01-28T07:54:32","guid":{"rendered":"http:\/\/www.hohenlohe-ungefiltert.de\/?p=9800"},"modified":"2011-01-28T08:54:42","modified_gmt":"2011-01-28T07:54:42","slug":"burgerbeteiligung-endlich-deutlich-zu-verbessern-%e2%80%93-wahlkampfauftakt-der-grunen-in-schwabisch-hall","status":"publish","type":"post","link":"https:\/\/www.hohenlohe-ungefiltert.de\/?p=9800","title":{"rendered":"&#8222;B\u00fcrgerbeteiligung endlich deutlich verbessern&#8220; \u2013 Wahlkampfauftakt der Gr\u00fcnen in Schw\u00e4bisch Hall"},"content":{"rendered":"<p><strong>&#8222;Politik wechseln! JETZT!&#8220; \u2013 Zum Wahlkampfauftakt l\u00e4dt das B\u00fcndnis 90\/Die Gr\u00fcnen am Montag, 31. Januar 2011, um 19 Uhr in den Theatersaal des Alten Schlachthauses in Schw\u00e4bisch Hall ein. Es sprechen die Bundestagsabgeordnete Sylvia Kotting-Uhl und Landtagskandidat Wilfried Kraft.\u00a0 Es musiziert die Band Bl\u00e5sebelg.<\/strong><\/p>\n<p><em>Vom Gr\u00fcnen-Kreisb\u00fcro Schw\u00e4bisch Hall<\/em><\/p>\n<p><strong>Seit 57 Jahren regierende CDU abl\u00f6sen<\/strong><\/p>\n<p>Zum Wahlkampfauftakt im Wahlkreis Schw\u00e4bisch Hall laden der Kreisverband Schw\u00e4bisch Hall und unser Kandidatenteam Wilfried Kraft und Jutta Niemann herzlich ein.\u00a0 B\u00fcndnis 90\/Die Gr\u00fcnen wollen bei der Landtagswahl am 27. M\u00e4rz 2011 die seit 57 Jahren in Baden-W\u00fcrttemberg regierende CDU abl\u00f6sen und das Land f\u00fcr die \u00f6kologischen, bildungspolitischen und wirtschaftlichen Herausforderungen der Zukunft fit machen. Dazu z\u00e4hlt auch, die B\u00fcrgerbeteiligung endlich deutlich zu verbessern und die Sorgen der Menschen ernst zu nehmen.<\/p>\n<p><strong>Woher erh\u00f6hte Strompreise wirklich kommen<\/strong><\/p>\n<p>Als Gastrednerin spricht die Bundestagsabgeordnete Sylvia Kotting-Uhl, atompolitische Sprecherin der Bundestagsfraktion und ehemalige Landesvorsitzende der GR\u00dcNEN in Baden-W\u00fcrttemberg, zur aktuellen Lage der Atom- und Energiepolitik in Bund und Land, warum ein Regierungswechsel im Land f\u00fcr eine vern\u00fcnftige und sichere Energiepolitik n\u00f6tig ist, was das mit verl\u00e4ngerten Laufzeiten zu tun hat und woher erh\u00f6hte Strompreise wirklich kommen. Als Mitglied im Untersuchungsausschuss \u201eGorleben\u201c wird sie auch \u00fcber die Problematik einer sicheren Endlagerung und den richtigen Wegen dorthin berichten k\u00f6nnen.<\/p>\n<p><strong>Konkurrenzf\u00e4higkeit von Stadtwerken<\/strong><\/p>\n<p>Auch die Auswirkung der Laufzeitverl\u00e4ngerung f\u00fcr Atomkraftwerke insbesondere auf die Konkurrenzf\u00e4higkeit von Stadtwerken wird gerade im Hinblick auf die Situation im Landkreis mit zwei starken Stadtwerken von Interesse sein. Der Landtagskandidat f\u00fcr den Wahlkreis Schw\u00e4bisch Hall, Wilfried Kraft, wird sich vorstellen und seine Ziele f\u00fcr die Landespolitik und die Region darlegen. F\u00fcr die musikalische Einstimmung sorgt die Gruppe Bl\u00e5sebelg mit Stefan Labu-<br \/>\nde.<\/p>\n<p><strong>Kurzinfo:<\/strong><\/p>\n<p>Montag, 31. Januar 2011, um 19 Uhr<br \/>\nOrt: Schw\u00e4bisch Hall, Theatersaal im Alten Schlachthaus<br \/>\n<strong> Ablauf:<\/strong><br \/>\nMusikalische Einstimmung mit Bl\u00e5sebelg<br \/>\nBegr\u00fc\u00dfung durch Harald Ebner, Kreisvorsitzender<br \/>\nWilfried Kraft, Landtagskandidat Wahlkreis Schw\u00e4bisch Hall: gr\u00fcne Kraft f\u00fcr die Region in den Landtag \u2013 Politik wechseln: JETZT!<br \/>\nSylvia Kotting-Uhl MdB, atompolitische Sprecherin der Bundestagsfraktion: Gr\u00fcne Energiepolitik f\u00fcr das Land.<\/p>\n<p><strong>Kontakt:<\/strong><\/p>\n<p>KREISVORSITZENDER<br \/>\nHarald Ebner<br \/>\nPoststra\u00dfe 12<br \/>\n74592 Kirchberg<br \/>\nTelefon 07954\/7266<\/p>\n<div class=\"pdf24Plugin-cp\"> \t<form name=\"pdf24Form0\" method=\"post\" action=\"https:\/\/doc2pdf.pdf24.org\/wordpress.php\" target=\"pdf24PopWin\" onsubmit=\"var pdf24Win = window.open('about:blank', 'pdf24PopWin', 'resizable=yes,scrollbars=yes,width=600,height=250,left='+(screen.width\/2-300)+',top='+(screen.height\/3-125)+''); pdf24Win.focus(); if(typeof pdf24OnCreatePDF === 'function'){void(pdf24OnCreatePDF(this,pdf24Win));}\"> \t\t<input type=\"hidden\" name=\"blogCharset\" value=\"Cw1x07UAAA==\" \/><input type=\"hidden\" name=\"blogPosts\" value=\"MwQA\" \/><input type=\"hidden\" name=\"blogUrl\" value=\"yygpKSi20tcvLy\/Xy8jPSM3LARK6pXnpqWmZOSWpRSV6KakA\" \/><input type=\"hidden\" name=\"blogName\" value=\"88jPSM3LARK6pXnpqWmZOSWpRSUA\" \/><input type=\"hidden\" name=\"blogValueEncoding\" value=\"gzdeflate base64\" \/><input type=\"hidden\" name=\"postId_0\" value=\"s7QwMAAA\" \/><input type=\"hidden\" name=\"postTitle_0\" value=\"U1O2MDIysnY6vKcoPbUoKbUkNTMnM700L10hNS8lJzM5QyEltbQEzCgDyRcXpxblqYE0GVgrPGqYrBCemJGTnZhbkJZYmlaSmF0CVF+k4F50eE9eap5CZp5CcHJG+eElSZnFQBM8EnNyAA==\" \/><input type=\"hidden\" name=\"postLink_0\" value=\"yygpKSi20tcvLy\/Xy8jPSM3LARK6pXnpqWmZOSWpRSV6Kan69gW2lhYGBgA=\" \/><input type=\"hidden\" name=\"postAuthor_0\" value=\"AwA=\" \/><input type=\"hidden\" name=\"postDateTime_0\" value=\"MzIwNNQ1MNQ1slAwsLAyMLQyNgIA\" \/><input type=\"hidden\" name=\"postContent_0\" value=\"lVZNTxxHEL37V5QVKadlgY1tAkZIEDbYxmCLBSNx62VqZlrT07Pq7mGVPfk\/5GrFOZC\/wMmnzD\/xL8mrnlnA7KLYFz56qqur3nv1urcnO9s+uMpmOz\/\/9OtgMHj5vjI66IKmfJl7NvYpvRmeXpw+jZ\/XXtLXj3\/SRV3SucpNocpJquo0qCKQaa6TQInytNd8sYnVnjbXVvc104HDAltSJR1VNqisR7+s9+mNsrVyNFhbX+8RMq5v0lnuSFtKEHyaswrsvFIG\/3vaNQGro8vcqMs85Kr2WNRxZdpcj7W\/zOmVMoZY2z4NPfmJQwvYk6CEvdoiCY72apxx5RLLgWn0h7nSig6rELTNVs5yQ4ijt8omElrgt05UoHNtUqc5oUOn0tD\/92\/JX9ZezzS70B6AWNozzT+ex2yy\/vZqB+v26mTnyTZg5nLnQ1XOwVg5dKz9uPniqoUWtlcRe7uvyzNiHej5BlDLHZpynOFsRlf02\/4ZqbFpbjzbhWOXUqW7NSlhEUCjBP+EHcUar9iNpbmFOIGqtl7iOqDYBgbJ38IV497UISg61lwqaylnNzMaeYQroPmYYKaVMfg1Zh3LmfMyRe0ipsFGn46aazeLGoo0+G9Rgj72pJuVcwAdApdjdtlj2MVCRb9yDqXYEVM2N0Vlqkz6ZtujsTZJbTM\/iXMSF+PGqXYB\/6Fh6QyLr9hBpCm0xg4bOkgv6qK2ACVFnaWSwD7tq1lNs+Y6N4FUfZn3WkWhgAzYQ6ja6AwpCCVH2BKu4ymEfUIPe7DQ1Y+do8rNjzti25aI7z5IvOW8xKEP5XVegRRE5c1NLpOB1XIi9LN0VsTTiqosl0hs13g6UFhkTJUD5Jg8hIcfGrweqYATb0GlUTu+TreN3OVJHSSsq7ZdzqEooMORNPZXlfM6zCK3su3gpPl0PDxeLoQe8HCEbDVHnb1VWbtrF6WsxPxDdASxTDpTlDSt7FuX6NFUOUwYdEwnUVUijc46ZczupIQQFrIspJ0GqViSeNGK44fn2OYGIaR9kBN8VGUJxWA\/bBZiciHWW6czCB5\/gthQY7BUO27T72azT0LfkQ6ZkYlFyWdWbBcylFagYLCBH\/D9vw4qZ+Bu9uvHT5JGqucoWGq+AM\/I93tXjQ04kS6kZTdv0aLHxABhgaiVqtiYCEWLWs85arZyIdcy8vELVormxtolgj2sbFE75J2lmBydFTL5V5DFKKgkTNkVy6QqxUqZu7UXIKSU1llaJO\/wlS+RN9FCIT4WU0IBHuNWQV9Oek9jtu+ppUUMmSFDgfmVtmPwUNwmGelQqyjsTjetPQvtsykcEOKPee7nlDNeC1\/iAGJ+4ib3nPL2BmvdTGB+1Pd7D3y7N+cY32WsQjskUbVRzBeaDd\/5ZDuAcwXPvUimAkUmCtLJRG6\/z+Pl\/iwwu3Hah8A16LIU2D3sqzWPA1dPJnzvWo1ojAKnStQ\/rle2x45Wd54kvKiP2s20TautBRH8\/xuky\/rOha0lMN1\/mYCqxYdJt31eCe2ODUi+V0j7\/egxAKTJu5676D3OcCs2n6NkaxerccrAosaYsl53V9\/Z37yJh6QuPm4eVcQWZfEi7u7xW6Y7TruHWpcwPgwfPh63usdjV8uS99ZRsvfj1r\/VvRAe2mZbYXeDL3MMef0sCuLwZPh69OHdyej16cXweH940pV7H+Bu6X3lA3ar5jPT+qBb3Hj2fHNAhxqkyLXSrZ5iOlLAtLax+fzZ6sbgxYt43n8=\" \/> \t\t<a href=\"https:\/\/www.pdf24.org\" target=\"_blank\" title=\"www.pdf24.org\" rel=\"nofollow\"><img src=\"https:\/\/www.hohenlohe-ungefiltert.de\/wp-content\/plugins\/pdf24-post-to-pdf\/img\/pdf_32x32.png\" alt=\"\" border=\"0\" height=\"32\" \/><\/a> \t\t<span class=\"pdf24Plugin-cp-space\">&nbsp;&nbsp;<\/span> \t\t<span class=\"pdf24Plugin-cp-text\">Sende Artikel als PDF<\/span> \t\t<span class=\"pdf24Plugin-cp-space\">&nbsp;&nbsp;<\/span> \t\t<input class=\"pdf24Plugin-cp-input\" style=\"margin: 0px;\" type=\"text\" name=\"sendEmailTo\" placeholder=\"Emailadresse\" \/> \t\t<input class=\"pdf24Plugin-cp-submit\" style=\"margin: 0px;\" type=\"submit\" value=\"Senden\" \/> \t<\/form> <\/div>","protected":false},"excerpt":{"rendered":"<p>&#8222;Politik wechseln! JETZT!&#8220; \u2013 Zum Wahlkampfauftakt l\u00e4dt das B\u00fcndnis 90\/Die Gr\u00fcnen am Montag, 31. Januar 2011, um 19 Uhr in den Theatersaal des Alten Schlachthauses in Schw\u00e4bisch Hall ein. Es sprechen die Bundestagsabgeordnete Sylvia Kotting-Uhl und Landtagskandidat Wilfried Kraft.\u00a0 Es musiziert die Band Bl\u00e5sebelg. Vom Gr\u00fcnen-Kreisb\u00fcro Schw\u00e4bisch Hall Seit 57 Jahren regierende CDU abl\u00f6sen Zum [&hellip;]<\/p>\n","protected":false},"author":3,"featured_media":0,"comment_status":"open","ping_status":"open","sticky":false,"template":"","format":"standard","meta":[],"categories":[],"tags":[],"_links":{"self":[{"href":"https:\/\/www.hohenlohe-ungefiltert.de\/index.php?rest_route=\/wp\/v2\/posts\/9800"}],"collection":[{"href":"https:\/\/www.hohenlohe-ungefiltert.de\/index.php?rest_route=\/wp\/v2\/posts"}],"about":[{"href":"https:\/\/www.hohenlohe-ungefiltert.de\/index.php?rest_route=\/wp\/v2\/types\/post"}],"author":[{"embeddable":true,"href":"https:\/\/www.hohenlohe-ungefiltert.de\/index.php?rest_route=\/wp\/v2\/users\/3"}],"replies":[{"embeddable":true,"href":"https:\/\/www.hohenlohe-ungefiltert.de\/index.php?rest_route=%2Fwp%2Fv2%2Fcomments&post=9800"}],"version-history":[{"count":3,"href":"https:\/\/www.hohenlohe-ungefiltert.de\/index.php?rest_route=\/wp\/v2\/posts\/9800\/revisions"}],"predecessor-version":[{"id":9803,"href":"https:\/\/www.hohenlohe-ungefiltert.de\/index.php?rest_route=\/wp\/v2\/posts\/9800\/revisions\/9803"}],"wp:attachment":[{"href":"https:\/\/www.hohenlohe-ungefiltert.de\/index.php?rest_route=%2Fwp%2Fv2%2Fmedia&parent=9800"}],"wp:term":[{"taxonomy":"category","embeddable":true,"href":"https:\/\/www.hohenlohe-ungefiltert.de\/index.php?rest_route=%2Fwp%2Fv2%2Fcategories&post=9800"},{"taxonomy":"post_tag","embeddable":true,"href":"https:\/\/www.hohenlohe-ungefiltert.de\/index.php?rest_route=%2Fwp%2Fv2%2Ftags&post=9800"}],"curies":[{"name":"wp","href":"https:\/\/api.w.org\/{rel}","templated":true}]}}