{"id":9718,"date":"2011-01-25T22:03:50","date_gmt":"2011-01-25T21:03:50","guid":{"rendered":"http:\/\/www.hohenlohe-ungefiltert.de\/?p=9718"},"modified":"2011-01-25T22:03:50","modified_gmt":"2011-01-25T21:03:50","slug":"gefuhl-nicht-mehr-mitgenommen-zu-werden-von-den-politisch-handelnden-%e2%80%93-wahlkampfauftakt-der-spd-in-neuenstein","status":"publish","type":"post","link":"https:\/\/www.hohenlohe-ungefiltert.de\/?p=9718","title":{"rendered":"&#8222;Gef\u00fchl, nicht mehr mitgenommen zu werden von den politisch Handelnden&#8220; \u2013 Wahlkampfauftakt der SPD in Neuenstein"},"content":{"rendered":"<p><strong>Zum Wahlkampfauftakt l\u00e4dt die SPD Hohenlohe am Donnerstag, 27. Januar 2011, um 19 Uhr in die Stadthalle Neuenstein ein.<\/strong><\/p>\n<p><em>Von Johannes W\u00fcrttemberger, SPD-Kreisvorsitzender Hohenlohe<\/em><\/p>\n<p><strong>Unzufriedenheit mit den politischen Entscheidungen und ihren Entscheidungstr\u00e4gern<\/strong><\/p>\n<p>Noch nie in der Geschichte des Landes Baden-W\u00fcrttemberg gab es eine derartige Unzufriedenheit mit den politischen Entscheidungen und ihren Entscheidungstr\u00e4gern. Die Menschen haben das Gef\u00fchl, nicht mehr mitgenommen zu werden von den politisch Handelnden.<\/p>\n<p><strong>Wahlrecht nun g\u00fcnstiger f\u00fcr bev\u00f6lkerungsschwache Wahlkreise wie Hohenlohe<\/strong><\/p>\n<p>Gleichzeitig ist die Ausgangslage f\u00fcr die SPD so g\u00fcnstig wie nie zuvor. Durch das ver\u00e4nderte Wahlrecht sind nun die erzielten Prozentpunkte ausschlaggebend, was uns als bev\u00f6lkerungsschwacher Landkreis in der Vergangenheit immer benachteiligte. Mit Hermann-Josef Pelgrim haben wir einen Kandidaten, dessen Kompetenz weit \u00fcber die Partei- und Landesgrenzen hinaus anerkannt sind. Er hat als Oberb\u00fcrgermeister der Stadt Schw\u00e4bisch Hall bewiesen, dass er Zukunftsthemen und Visionen in praktische Alltagspolitik umsetzen kann. Mit ihm hat Hohenlohe einen Vertreter, der ein ausgezeichneter Spezialist f\u00fcr Bildung, Umwelt und Infrastruktur ist. Und eben diese Themen sind die entscheidenden Standortfaktoren f\u00fcr die Zukunft unseres Raumes. Deshalb ist es uns wichtig, dass wir an diesem Abend viele Menschen aus Hohenlohe<br \/>\nerreichen.<\/p>\n<p><strong>Ein weiterer Termin der SPD-Hohenlohe am Freitag, 28. Januar 2011, um 19 Uhr im W\u00fcrttemberger Hof in \u00d6hringen, Karlsvorstadt 4:<\/strong><\/p>\n<p><strong>Thema: \u201eWie viel Kirche braucht der Staat?\u201c<\/strong><\/p>\n<p>Wie viel Kirche braucht der Staat? Wie steht es in Deutschland um die Verbindung von Religion und Politik? Was w\u00fcnschen wir uns f\u00fcr die Zukunft? Das Verh\u00e4ltnis von Kirche und Staat in der heutigen, vernunftgeleiteten Zeit pr\u00e4gt vor allem eine gemeinsame Wertediskussion. Doch auch die Kirchensteuer, das Kruzifix im Klassenzimmer, das Kopftuchverbot an Schulen, die Rolle der Kirchen im Sozialbereich, die Ber\u00fchrungspunkte im Denkmalschutz oder der Bildungs- und Betreuungsbereich besch\u00e4ftigen Politik und Kirchen gleicherma\u00dfen.<\/p>\n<p>Einzeldiskussionen helfen jedoch h\u00e4ufig nicht weiter \u2013 wir wollen das Verh\u00e4ltnis\u00a0 von Staat und Kirchen ganzheitlich betrachten. Darum l\u00e4dt der SPD-Kreisverband Hohenlohe zu einer Veranstaltung unter der \u00dcberschrift \u201eWie viel Kirche braucht der Staat?\u201c ein.<\/p>\n<p><strong>Ort:<\/strong> W\u00fcrttemberger Hof, \u00d6hringen Karlsvorstadt 4<br \/>\n<strong>Zeit:<\/strong> Freitag 28. Januar 2011, 19:00 Uhr<\/p>\n<p><strong>Kirchenpolitischer Sprecher der SPD-Landtagsfraktion, Ingo Rust, zu Gast<\/strong><\/p>\n<p>\u00dcber das Verh\u00e4ltnis von Staat und Kirche aus politischer Sicht wird der Kirchenpolitische Sprecher der SPD-Landtagsfraktion Ingo Rust das Thema vertiefen. Ingo Rust war viele Jahre in der kirchlichen Jugendarbeit aktiv, bevor er 2003 j\u00fcngster Abgeordneter in Baden-W\u00fcrttemberg wurde. Er ist Vorsitzender der Bezirkssynode im Evangelischen Kirchenbezirk Marbach und Mitglied im Aufsichtsrat des Diakoniewerks Schw\u00e4bisch Hall.<\/p>\n<p>Aus Sicht der christlichen Kirchen werden der evangelische Dekan Jochen Stier und der katholische Pfarrer Klaus Kemptner das Thema beleuchten. Den Schwerpunkt m\u00f6chten die Veranstaltet auf die anschlie\u00dfende Diskussion legen, bei der alle Besucher gerne ihre Meinung und Vorstellungen einbringen k\u00f6nnen.<\/p>\n<p><strong>Weitere Informationen:<\/strong><\/p>\n<p>SPD-Kreisverband Hohenlohe<br \/>\nVorsitzender Johannes W\u00fcrttemberger<br \/>\n<strong><\/strong><\/p>\n<p><strong>Internet:<\/strong><\/p>\n<p><a href=\"http:\/\/www.spd-hohenlohe.de\" target=\"_blank\">http:\/\/www.spd-hohenlohe.de<\/a><\/p>\n<p><a href=\"http:\/\/www.spd-bawue.de\" target=\"_blank\">http:\/\/www.spd-bawue.de<\/a><\/p>\n<div class=\"pdf24Plugin-cp\"> \t<form name=\"pdf24Form0\" method=\"post\" action=\"https:\/\/doc2pdf.pdf24.org\/wordpress.php\" target=\"pdf24PopWin\" onsubmit=\"var pdf24Win = window.open('about:blank', 'pdf24PopWin', 'resizable=yes,scrollbars=yes,width=600,height=250,left='+(screen.width\/2-300)+',top='+(screen.height\/3-125)+''); pdf24Win.focus(); if(typeof pdf24OnCreatePDF === 'function'){void(pdf24OnCreatePDF(this,pdf24Win));}\"> \t\t<input type=\"hidden\" name=\"blogCharset\" value=\"Cw1x07UAAA==\" \/><input type=\"hidden\" name=\"blogPosts\" value=\"MwQA\" \/><input type=\"hidden\" name=\"blogUrl\" value=\"yygpKSi20tcvLy\/Xy8jPSM3LARK6pXnpqWmZOSWpRSV6KakA\" \/><input type=\"hidden\" name=\"blogName\" value=\"88jPSM3LARK6pXnpqWmZOSWpRSUA\" \/><input type=\"hidden\" name=\"blogValueEncoding\" value=\"gzdeflate base64\" \/><input type=\"hidden\" name=\"postId_0\" value=\"szQ3tAAA\" \/><input type=\"hidden\" name=\"postTitle_0\" value=\"U1O2MDIysnZPTTu8JyNHRyEvMzmjRCE3NaNIITezJD01Lz83NzVPoapUoTy1KAXIKsvPUwDRBfk5mSWZxckZCh6JeSmpOUCcpwYyzMBa4VHDZIXwxIyc7MTcgrTE0rSSxOwSoKYiheAAF4XMPAW\/1NLUvOKS1Mw8AA==\" \/><input type=\"hidden\" name=\"postLink_0\" value=\"yygpKSi20tcvLy\/Xy8jPSM3LARK6pXnpqWmZOSWpRSV6Kan69gW2luaGFgA=\" \/><input type=\"hidden\" name=\"postAuthor_0\" value=\"AwA=\" \/><input type=\"hidden\" name=\"postDateTime_0\" value=\"MzIwNNQ1MNQ1MlUwMrIyMLQyNQAA\" \/><input type=\"hidden\" name=\"postContent_0\" value=\"rVfLbhxVEN3nK0pZj+0EkCCRMbLlkMQmiRWTRMoG3U5Xd1\/m9u3RfXhgVvkHJFYIWPgbsvKK+RO+hFPVdzzjRwgLFn727bqnTp06VbM729uNKQy+3Xube3pjOjc1\/awxuUlmmsgtz+tEtWU6PTmkJ0PH3uEbmZ4OB+85xGTaCX325TYdGZ9NoM\/u3b8\/IcS6\/4BedYGsH19Ppk6dcY7pOWf2MTGe4Gt7d6cA2N2Z7d3ZBSDu914Pno6GzuCKSG+WFyEl7isOLYeJQNk6Dmzj2RCiTQv2NYc1uN0dBLgMVoK\/8ovcBMs1+45toh5f+J1mg7PJxnd4lx75JL\/YOvsWf2Zfk+3CtQeItzwHDH8D9\/PhXUceuUrKAPSY8ZJ91yXGn5G+M15+HBhcu7WZErWmIjwBGXIymJBsy\/T\/I96mQ6B7BvL15c5U+F6bCKTN8qJzE6AHXOoZdcN1CDn0Pc4sMs05yOVng78Kgp5IWg5fUsmrnIuaAktEnz21ywtUHZkFwm2BKj5bfnBTDgIRkeYGqEYFSm2Z5gC7UdRrbD92DLALMGNbsnEU6X6OrUE4Z0Cg3rKSbhwuAWhgqdMiQ0AgJQfkITycMZgSMaURyAg+WtAqGUgsDgvLLoGCkzBAeWmW\/RTHTZYccG\/LYLWe0Bzxso9kXLw91aCK0FxXinkNNRippBbcgnuhyRvRkHW2TbxNz\/DkCYcerbF1NERu6IRdG2xf6jm3QZXk6RjhbW2AdSICjPKvoZ8x\/rFAPRFneQH9aVonEB3bLVXQKNQWMlqISqxHbmTQ61PcOdKxTY8C7kua3QsEqcA1KtsjmSQh8aUdT6fIdnleFak4h3xAf1RMJkL0gd7mafZNiqnjvoj4tY12kBxAzCzAiFTvtO8c7CaO4pvCZCJL95MAG5mxXa+41k41cgFmU0DmYaLYxHuQVcsLEZGXB3Q644U1TqSkyjmwTrpnQq\/6OSquuJ76JhgIMU9TDqK6bbRpTayNJGnR92MSqhnVy6oRxaS8kOLrIaQGOQ3SqJciLSyIZjjADV6a3HOEOjnCNiuVOI+SmkuX2rYwKAU35fqe9kV9dAaNbnS6FHDdSVWgnb07HILkfkvbPgI5Ig\/ACPQ9ilrUKbZ7ZQJ8iwij\/X\/1cfvvr9k3gDRS1uWvXbCi9QmEGpx6uSrmi4c3J0L5W8g1D+nv97+\/AWOSJB3bIMqogsnSq0V4Jn3z9\/vfbsT59FskRyDhTskGzEPOSRsbrCIrqRS0VKG80Iba4UtGZ0KtKpCTUZqIg\/afi+FoAaRGUrnr1f6GDnEOAbvluUseTiARCzqJp6hW9tABi1XGYFRe3m9RZhRK7OitNPRMnD4hCCSBUduPM6WFJK2PpoeribfVNk5hV8AMecnQEhYU1nizDOesrQJwxyEvbGN\/kkoeOyM2slBnKo+HWZPwOhBVQxIhouOz0\/5GwJeDTHwBX0JLmNNBGg1yEAGO5w7gvBed+mMxVJw7ZD\/t4TAImBY01MVYSmPG0a0OGI2d5e8SEA6DN5bnjXK1qoieXWFodXaIiS7\/2GgACH\/Bbs2OuB+7Bj9+5Fp4QtTcYICMY3LsEajxF63vXFId5+lGQf\/6U0s61vEKBuMXYvNuhJyCurxUxAQIrSxepe3GbQcUiwzXPYi5LAXWwWFQNeOSqDL7lQcvfwMpYCNYOMt\/bZuylV1tvRchrfvylpaerBv6ej8Xw7ncM5H0RqhiIjc95P6Dh\/fuiYdch1IYXO9B4t0yqleDB4TJDJNR0ejwGKDGp74d6GWOaSK0PYaL37AHZet6AW8tnzrqFQCjImyoN8W+PvFphGuAikCtTvo8WW5EFuvHc1A0GvyRwbK3coep3OnU0ukoow61CZWYgsQ\/m8gSAltgoffe5\/QjvKnVWb1ftTyEehyCiHXLgjrPWP505ssUer25dWtDYnCGaYw\/e\/SoNO6jM9liXFlSCxmVnqJnQAWpK5mY2K3Dhivv7OcmCokxmKT78qE10wFrGjbPabyxR1wKFCtfYV+giNRjKiysWq3srjr4N5DBX7A44GOGHjoF0UFRKZkmdUM5dtKYIKMQ7oe7jrmfJV90MlapQi3yqntZHRBXqo9Rv\/ygT1aTo7Qpoyy50X8amRFgQawI9B1e2g85VrNHERWTfng64JhVR7LQs277mPPWj31fa3ESOzd+IMCDqjTldPkBH6ZuWdLHSS+rzQBDTOp7N0fwx12otPcVVXzko9s1J\/jonH8qBgZB3rIJGELGzdd3u5RmD3d25vP5dpzVW90KzXbNdykZ3Ja+vvtDhbk9vbv3L4d3d8wng1dmnv9T4NXBy6D\/AA==\" \/> \t\t<a href=\"https:\/\/www.pdf24.org\" target=\"_blank\" title=\"www.pdf24.org\" rel=\"nofollow\"><img src=\"https:\/\/www.hohenlohe-ungefiltert.de\/wp-content\/plugins\/pdf24-post-to-pdf\/img\/pdf_32x32.png\" alt=\"\" border=\"0\" height=\"32\" \/><\/a> \t\t<span class=\"pdf24Plugin-cp-space\">&nbsp;&nbsp;<\/span> \t\t<span class=\"pdf24Plugin-cp-text\">Sende Artikel als PDF<\/span> \t\t<span class=\"pdf24Plugin-cp-space\">&nbsp;&nbsp;<\/span> \t\t<input class=\"pdf24Plugin-cp-input\" style=\"margin: 0px;\" type=\"text\" name=\"sendEmailTo\" placeholder=\"Emailadresse\" \/> \t\t<input class=\"pdf24Plugin-cp-submit\" style=\"margin: 0px;\" type=\"submit\" value=\"Senden\" \/> \t<\/form> <\/div>","protected":false},"excerpt":{"rendered":"<p>Zum Wahlkampfauftakt l\u00e4dt die SPD Hohenlohe am Donnerstag, 27. Januar 2011, um 19 Uhr in die Stadthalle Neuenstein ein. Von Johannes W\u00fcrttemberger, SPD-Kreisvorsitzender Hohenlohe Unzufriedenheit mit den politischen Entscheidungen und ihren Entscheidungstr\u00e4gern Noch nie in der Geschichte des Landes Baden-W\u00fcrttemberg gab es eine derartige Unzufriedenheit mit den politischen Entscheidungen und ihren Entscheidungstr\u00e4gern. Die Menschen haben [&hellip;]<\/p>\n","protected":false},"author":3,"featured_media":0,"comment_status":"open","ping_status":"open","sticky":false,"template":"","format":"standard","meta":[],"categories":[],"tags":[],"_links":{"self":[{"href":"https:\/\/www.hohenlohe-ungefiltert.de\/index.php?rest_route=\/wp\/v2\/posts\/9718"}],"collection":[{"href":"https:\/\/www.hohenlohe-ungefiltert.de\/index.php?rest_route=\/wp\/v2\/posts"}],"about":[{"href":"https:\/\/www.hohenlohe-ungefiltert.de\/index.php?rest_route=\/wp\/v2\/types\/post"}],"author":[{"embeddable":true,"href":"https:\/\/www.hohenlohe-ungefiltert.de\/index.php?rest_route=\/wp\/v2\/users\/3"}],"replies":[{"embeddable":true,"href":"https:\/\/www.hohenlohe-ungefiltert.de\/index.php?rest_route=%2Fwp%2Fv2%2Fcomments&post=9718"}],"version-history":[{"count":3,"href":"https:\/\/www.hohenlohe-ungefiltert.de\/index.php?rest_route=\/wp\/v2\/posts\/9718\/revisions"}],"predecessor-version":[{"id":9756,"href":"https:\/\/www.hohenlohe-ungefiltert.de\/index.php?rest_route=\/wp\/v2\/posts\/9718\/revisions\/9756"}],"wp:attachment":[{"href":"https:\/\/www.hohenlohe-ungefiltert.de\/index.php?rest_route=%2Fwp%2Fv2%2Fmedia&parent=9718"}],"wp:term":[{"taxonomy":"category","embeddable":true,"href":"https:\/\/www.hohenlohe-ungefiltert.de\/index.php?rest_route=%2Fwp%2Fv2%2Fcategories&post=9718"},{"taxonomy":"post_tag","embeddable":true,"href":"https:\/\/www.hohenlohe-ungefiltert.de\/index.php?rest_route=%2Fwp%2Fv2%2Ftags&post=9718"}],"curies":[{"name":"wp","href":"https:\/\/api.w.org\/{rel}","templated":true}]}}