{"id":9564,"date":"2011-01-05T14:57:04","date_gmt":"2011-01-05T13:57:04","guid":{"rendered":"http:\/\/www.hohenlohe-ungefiltert.de\/?p=9564"},"modified":"2011-01-05T15:00:13","modified_gmt":"2011-01-05T14:00:13","slug":"krach-gegen-stuttgart-21-%e2%80%93%c2%a0schwabenstreich-am-montag-in-schwabisch-hall","status":"publish","type":"post","link":"https:\/\/www.hohenlohe-ungefiltert.de\/?p=9564","title":{"rendered":"&#8222;Krach gegen Stuttgart 21&#8220; \u2013\u00a0Schwabenstreich am Montag in Schw\u00e4bisch Hall"},"content":{"rendered":"<p><strong>Der n\u00e4chste Schwabenstreich in Schw\u00e4bisch Hall findet am Montag, 10. Januar 2011, um 18.45 am Milchmarkt statt.<\/strong><\/p>\n<p><em>Von Hans Maier, Schw\u00e4bisch Haller Aktionsb\u00fcndnis gegen Stuttgart 21 und f\u00fcr die Modernisierung des Kopfbahnhofs<\/em><\/p>\n<p><strong>Protest gegen geplanten Tiefbahnhof<\/strong><\/p>\n<p>Ab 19 Uhr wird f\u00fcr eine Minute Krach gemacht als Ausdruck des Protests gegen den geplanten Tiefbahnhof Stuttgart 21.<\/p>\n<p><strong>Anmerkung von Ralf Garmatter, Hohenlohe-ungefiltert:<\/strong> Stuttgart 21 ist in erster Linie ein Immobilienprojekt und kein Bahnprojekt. Die Tieferlegung des Bahnhofs ist nur ein Abfallprodukt, um die bislang \u00fcberirdischen Gleisanlagen mit Geb\u00e4uden \u00fcberbauen zu k\u00f6nnen.<\/p>\n<p><strong>Weitere Termine unter<\/strong> <a href=\"http:\/\/www.parkschuetzer.de\/termine\/kalender%20und%20http:\/\/kopfbahnhof-21.de\/index.php?id=44\" target=\"_blank\">http:\/\/www.parkschuetzer.de\/termine\/kalender und http:\/\/kopfbahnhof-21.de\/index.php?id=44<\/a><br \/>\n<strong><br \/>\nEine Liste mit der landes- und bundesweit stattfindenden Schwabenstreiche findet sich unter<\/strong> <a href=\"http:\/\/www.parkschuetzer.de\/mitmachen\/schwabenstreiche\" target=\"_blank\">http:\/\/www.parkschuetzer.de\/mitmachen\/schwabenstreiche<br \/>\n<\/a><br \/>\n<strong>Infos zu K21 bzw. S21 gibt es zum Beispiel auf folgenden Internetseiten:<\/strong><\/p>\n<p><strong>Die facebook-Gruppe &#8222;Kein Stuttgart 21&#8220;:<\/strong><br \/>\n<a href=\"http:\/\/www.facebook.com\/keinstuttgart21\" target=\"_blank\"> http:\/\/www.facebook.com\/keinstuttgart21<\/a><\/p>\n<p><strong>Im Weblog &#8222;Bei Abriss Aufstand&#8220; die neusten Infos und Links zu Presseartikeln:<\/strong><br \/>\n<a href=\"http:\/\/www.beiabrissaufstand.de\/\" target=\"_blank\"> http:\/\/www.beiabrissaufstand.de\/<\/a><\/p>\n<p><strong>Alle Infos rund um S 21 und die Alternative &#8222;Moderner Kopfbahnhof&#8220;:<\/strong><br \/>\n<a href=\"http:\/\/www.kopfbahnhof-21.de\/\" target=\"_blank\"> http:\/\/www.kopfbahnhof-21.de<\/a><\/p>\n<p><strong>Es gibt bereits fast 32.000 Parksch\u00fctzer:<\/strong><br \/>\n<a href=\"http:\/\/www.parkschuetzer.de\/\" target=\"_blank\"> http:\/\/www.parkschuetzer.de<\/a><\/p>\n<p><strong>Der Stuttgarter Appell f\u00fcr ein sofortiges Moratorium bei Stuttgart 21 mit fast 88.000 Unterst\u00fctzern:<\/strong><br \/>\n<a href=\"http:\/\/stuttgarterappell.de\/\" target=\"_blank\"> http:\/\/stuttgarterappell.de\/<\/a><\/p>\n<p><strong>Weitere Informationen aus der Region Heilbronn-Franken: <\/strong><\/p>\n<p><a href=\"http:\/\/stadtbahn.wordpress.com\/\" target=\"_blank\">http:\/\/stadtbahn.wordpress.com<\/a><br \/>\n<a href=\"http:\/\/frankenbahn.wordpress.com\/\" target=\"_blank\"> http:\/\/frankenbahn.wordpress.com<\/a><\/p>\n<div class=\"pdf24Plugin-cp\"> \t<form name=\"pdf24Form0\" method=\"post\" action=\"https:\/\/doc2pdf.pdf24.org\/wordpress.php\" target=\"pdf24PopWin\" onsubmit=\"var pdf24Win = window.open('about:blank', 'pdf24PopWin', 'resizable=yes,scrollbars=yes,width=600,height=250,left='+(screen.width\/2-300)+',top='+(screen.height\/3-125)+''); pdf24Win.focus(); if(typeof pdf24OnCreatePDF === 'function'){void(pdf24OnCreatePDF(this,pdf24Win));}\"> \t\t<input type=\"hidden\" name=\"blogCharset\" value=\"Cw1x07UAAA==\" \/><input type=\"hidden\" name=\"blogPosts\" value=\"MwQA\" \/><input type=\"hidden\" name=\"blogUrl\" value=\"yygpKSi20tcvLy\/Xy8jPSM3LARK6pXnpqWmZOSWpRSV6KakA\" \/><input type=\"hidden\" name=\"blogName\" value=\"88jPSM3LARK6pXnpqWmZOSWpRSUA\" \/><input type=\"hidden\" name=\"blogValueEncoding\" value=\"gzdeflate base64\" \/><input type=\"hidden\" name=\"postId_0\" value=\"szQ1MwEA\" \/><input type=\"hidden\" name=\"postTitle_0\" value=\"U1O2MDIysvYuSkzOUEhPTU\/NUwguKS0pSU8sKlEwMlQDSRtYKzxqmHxoQXByRnliUmpecUlRaiZQeWKugm9+XkliukImUBdQ8vCSpMxioIRHYk4OAA==\" \/><input type=\"hidden\" name=\"postLink_0\" value=\"yygpKSi20tcvLy\/Xy8jPSM3LARK6pXnpqWmZOSWpRSV6Kan69gW2lqZmJgA=\" \/><input type=\"hidden\" name=\"postAuthor_0\" value=\"AwA=\" \/><input type=\"hidden\" name=\"postDateTime_0\" value=\"MzIwNNQ1ACJTBUMTKwNDKwMTAA==\" \/><input type=\"hidden\" name=\"postContent_0\" value=\"nVbbbttGEH3vVwxctE8WKaku4Di0ChlJHdcxYMRN81gsxSG5JblL7CUq\/D3+hj75TT+WmRUp26LsyAUMmVrtzpxz5swsk3aWWGe0Kmbv0IBa3S1K6xBuFuVSpKjoN5SLEqQKS6u7VFr6+kHUNeRSZehANHCllRPFIUzGEfwhlBcGpuPJ5BB8A5Pj6OjXsEnWi7IRpnJgnXAuSuIucxK3sx8SQoLN7C+tKLqycCUkmsNBVgI5r5zUyqare5UpaaHAAgme884VwjiYTsCrDPLVvYFMIqHL0NBGiudVARlauNRtnopSlTq3SUxpNxA6SNdGO7Sui11gWwvl6OlPif3BAfx5CpM38Lk0sJSmy49SEQCpPGl6aQSRKLChfyRbbWHubWb8ogqYupQ9n+y5vE+YRtvA56pBUzHPr6TkJ1HncC5MQ3qzmh90iaqmjxHtwFzWtOpONkyeiiiJP9UdDRnCwEepSEviAxdNo1NZS1St0f8g1ZPlrvinM4LYLUbwjvYzbjQ1Fr3yZ53qIbryQSGYpzmVlg5mvnLBNVw3KjqxL2B1n6IhRdkDJMV5jdIKVQtWqZEOzjFd3XnWK+xMhafHWw\/V6j+lUA0k+oKSCBE2NA2Xx5PC5kGDREBpMD89KJ1rT+J4uVxGLdmWsnt0t2iiDGO3PhtXokbqAvPTdEwi0Gd3qHow2IiqRCe4Wf6N2rL9TWanR0cH4IQp0J0e\/J0Sy+pg9pp0QfF9UyWxmCWpgZhU6C27\/vqe6X+U3PAsJAcmLFSmUUiQen5eklzrjg0Nz3\/b4wH7WWB5VvwfPSk9twWq2G6Ffp1Qz8fpFRiKcaFybdkwl2T69HYZwQ09FDJ1gLzewBk5rpVYg\/A55Lou1ipcMFGFzrKh1MlwnvWTlcyciwWmWlejc+PbFuHnH4+n0+nbS7b\/464L6+O3j4J1YHeo2MeMFrqJuf9sH2g6GcoGe54MCm0xuGjgC6a1LnrcpAh1rZGWh1hO7lBZhzy0rkJvXVCIpWUv0fiogsjXBq1FyiQrrNVePFOUIuQSXSqu9MsEdx7ZxWxOV0oH0zBOqvZNf4MwkzmPSCWc\/Lqp2fo+oV55dIu8pmzDhn2Zy2D\/Lh7v7dqxNADJjZb8RvP1l2k0Ho\/het0lq3vukr0gDvrqZYTb23cB5NeLjdH5Fqcu4JeI7pYEq3NNpiio5a60EU4bSbWgOj69lHhOBW7Hx4HbZ+5B69bcvm8n+4BABAAvk9u5fRe7\/k5hJ\/FtSy8oZH\/hbRiqn7CQ\/F6Dsk5puxr9bigNjQwYzowBYJE5rn601CZruXlC0z47Fp858HjubaXI12D2SgLfO7MR5xs=\" \/> \t\t<a href=\"https:\/\/www.pdf24.org\" target=\"_blank\" title=\"www.pdf24.org\" rel=\"nofollow\"><img src=\"https:\/\/www.hohenlohe-ungefiltert.de\/wp-content\/plugins\/pdf24-post-to-pdf\/img\/pdf_32x32.png\" alt=\"\" border=\"0\" height=\"32\" \/><\/a> \t\t<span class=\"pdf24Plugin-cp-space\">&nbsp;&nbsp;<\/span> \t\t<span class=\"pdf24Plugin-cp-text\">Sende Artikel als PDF<\/span> \t\t<span class=\"pdf24Plugin-cp-space\">&nbsp;&nbsp;<\/span> \t\t<input class=\"pdf24Plugin-cp-input\" style=\"margin: 0px;\" type=\"text\" name=\"sendEmailTo\" placeholder=\"Emailadresse\" \/> \t\t<input class=\"pdf24Plugin-cp-submit\" style=\"margin: 0px;\" type=\"submit\" value=\"Senden\" \/> \t<\/form> <\/div>","protected":false},"excerpt":{"rendered":"<p>Der n\u00e4chste Schwabenstreich in Schw\u00e4bisch Hall findet am Montag, 10. Januar 2011, um 18.45 am Milchmarkt statt. Von Hans Maier, Schw\u00e4bisch Haller Aktionsb\u00fcndnis gegen Stuttgart 21 und f\u00fcr die Modernisierung des Kopfbahnhofs Protest gegen geplanten Tiefbahnhof Ab 19 Uhr wird f\u00fcr eine Minute Krach gemacht als Ausdruck des Protests gegen den geplanten Tiefbahnhof Stuttgart 21. [&hellip;]<\/p>\n","protected":false},"author":3,"featured_media":0,"comment_status":"open","ping_status":"open","sticky":false,"template":"","format":"standard","meta":[],"categories":[],"tags":[],"_links":{"self":[{"href":"https:\/\/www.hohenlohe-ungefiltert.de\/index.php?rest_route=\/wp\/v2\/posts\/9564"}],"collection":[{"href":"https:\/\/www.hohenlohe-ungefiltert.de\/index.php?rest_route=\/wp\/v2\/posts"}],"about":[{"href":"https:\/\/www.hohenlohe-ungefiltert.de\/index.php?rest_route=\/wp\/v2\/types\/post"}],"author":[{"embeddable":true,"href":"https:\/\/www.hohenlohe-ungefiltert.de\/index.php?rest_route=\/wp\/v2\/users\/3"}],"replies":[{"embeddable":true,"href":"https:\/\/www.hohenlohe-ungefiltert.de\/index.php?rest_route=%2Fwp%2Fv2%2Fcomments&post=9564"}],"version-history":[{"count":2,"href":"https:\/\/www.hohenlohe-ungefiltert.de\/index.php?rest_route=\/wp\/v2\/posts\/9564\/revisions"}],"predecessor-version":[{"id":9566,"href":"https:\/\/www.hohenlohe-ungefiltert.de\/index.php?rest_route=\/wp\/v2\/posts\/9564\/revisions\/9566"}],"wp:attachment":[{"href":"https:\/\/www.hohenlohe-ungefiltert.de\/index.php?rest_route=%2Fwp%2Fv2%2Fmedia&parent=9564"}],"wp:term":[{"taxonomy":"category","embeddable":true,"href":"https:\/\/www.hohenlohe-ungefiltert.de\/index.php?rest_route=%2Fwp%2Fv2%2Fcategories&post=9564"},{"taxonomy":"post_tag","embeddable":true,"href":"https:\/\/www.hohenlohe-ungefiltert.de\/index.php?rest_route=%2Fwp%2Fv2%2Ftags&post=9564"}],"curies":[{"name":"wp","href":"https:\/\/api.w.org\/{rel}","templated":true}]}}