{"id":9539,"date":"2011-01-09T12:26:15","date_gmt":"2011-01-09T11:26:15","guid":{"rendered":"http:\/\/www.hohenlohe-ungefiltert.de\/?p=9539"},"modified":"2011-01-10T21:04:50","modified_gmt":"2011-01-10T20:04:50","slug":"wie-gehen-politik-gewerkschaften-arbeitgeber-und-arbeitgeberinnen-mit-den-veranderungen-auf-dem-arbeitsmarkt-um-%e2%80%93-politische-diskussion-in-bretzfeld-bitzfeld","status":"publish","type":"post","link":"https:\/\/www.hohenlohe-ungefiltert.de\/?p=9539","title":{"rendered":"&#8222;Wie gehen Politik, Gewerkschaften, Arbeitgeber und Arbeitgeberinnen mit den Ver\u00e4nderungen auf dem Arbeitsmarkt um?&#8220; \u2013 Politische Diskussion in Bretzfeld-Bitzfeld"},"content":{"rendered":"<p><strong>Wie gehen Politik, Gewerkschaften,  Arbeitgeber und Arbeitgeberinnen  mit den Ver\u00e4nderungen auf dem Arbeitsmarkt um? Zu einem Gespr\u00e4ch \u00fcber dieses Thema l\u00e4dt die Europaabgeordnete Evelyne Gebhardt (SPD) am Freitag, 14. Januar 2011, um 18 Uhr, ins Hotel-Restaurant Rose, Wei\u00dflensburgerstra\u00dfe 12 in 74626 Bretzfeld-Bitzfeld ein.<\/strong><\/p>\n<p><em>Vom SPD-Europab\u00fcro K\u00fcnzelsau<\/em><\/p>\n<p><strong>An dem Gespr\u00e4ch nehmen teil:<\/strong><\/p>\n<p>Jutta Steinruck Mitglied des Europaparlaments, Ausschuss f\u00fcr Besch\u00e4ftigung und soziale Angelegenheiten, Bernhard L\u00f6ffler, Vorsitzender DGB-Region Nordw\u00fcrttemberg, Schw\u00e4bisch Halls Oberb\u00fcrgermeister Hermann-Josef Pelgrim, SGK-Landesvorsitzender und SPD-Landtagskandidat im Wahlkreis Hohenlohe sowie Rolf Blaettner, Gesch\u00e4ftsf\u00fchrer Arbeitgeberverband Heilbronn-Franken e.V.<\/p>\n<p><strong>Rechtlicher Hintergrund:<\/strong><\/p>\n<p>Die rechtlichen Bedingungen auf dem Arbeitsmarkt sind im Umbruch: Seit  Ende 2009 muss die Dienstleistungsrichtlinie in nationales Recht  umgesetzt sein und ab dem 1. Mai 2011 gilt die Freiz\u00fcgigkeit f\u00fcr  Arbeitnehmer und Arbeitnehmerinnen auch f\u00fcr die am 1. Mai 2004 der EU  beigetretenen Staaten.<\/p>\n<p><strong>Weitere Informationen und Kontakt: <\/strong><\/p>\n<p>Evelyne Gebhardt, MdEP<br \/>\nEuropab\u00fcro<br \/>\nKeltergasse 47<br \/>\n74653 K\u00fcnzelsau<br \/>\nTel.: 0 79 40 &#8211; 5 91 22<br \/>\nFax: 0 79 40 &#8211; 5 91 44<br \/>\n<strong>Internet:<\/strong> <a href=\"http:\/\/www.evelyne-gebhardt.eu\" target=\"_blank\">www.evelyne-gebhardt.eu<\/a><\/p>\n<div class=\"pdf24Plugin-cp\"> \t<form name=\"pdf24Form0\" method=\"post\" action=\"https:\/\/doc2pdf.pdf24.org\/wordpress.php\" target=\"pdf24PopWin\" onsubmit=\"var pdf24Win = window.open('about:blank', 'pdf24PopWin', 'resizable=yes,scrollbars=yes,width=600,height=250,left='+(screen.width\/2-300)+',top='+(screen.height\/3-125)+''); pdf24Win.focus(); if(typeof pdf24OnCreatePDF === 'function'){void(pdf24OnCreatePDF(this,pdf24Win));}\"> \t\t<input type=\"hidden\" name=\"blogCharset\" value=\"Cw1x07UAAA==\" \/><input type=\"hidden\" name=\"blogPosts\" value=\"MwQA\" \/><input type=\"hidden\" name=\"blogUrl\" value=\"yygpKSi20tcvLy\/Xy8jPSM3LARK6pXnpqWmZOSWpRSV6KakA\" \/><input type=\"hidden\" name=\"blogName\" value=\"88jPSM3LARK6pXnpqWmZOSWpRSUA\" \/><input type=\"hidden\" name=\"blogValueEncoding\" value=\"gzdeflate base64\" \/><input type=\"hidden\" name=\"postId_0\" value=\"szQ1tgQA\" \/><input type=\"hidden\" name=\"postTitle_0\" value=\"TY09CsJAEIWvMiCkiiCphBRiEGytYp24b5NhsxOY3UWw8g5ewZt4E0\/iiims3g\/v8RWrbVVV9ZlBA0YIneaJI7uSjrhCXbiMnY2Qkvbag+OAHkpJzH9mkfz0HMlkbaGvpxhokiHHLtlc+2UffKcuUvK74kve1PS+PxZoZoEOHFwKgWchFmoU8WYxmXXDP\/MB\" \/><input type=\"hidden\" name=\"postLink_0\" value=\"yygpKSi20tcvLy\/Xy8jPSM3LARK6pXnpqWmZOSWpRSV6Kan69gW2lqbGlgA=\" \/><input type=\"hidden\" name=\"postAuthor_0\" value=\"AwA=\" \/><input type=\"hidden\" name=\"postDateTime_0\" value=\"MzIwNNQ1ACJLBUMjKwNDK0NTAA==\" \/><input type=\"hidden\" name=\"postContent_0\" value=\"fVTLbttGFN3nKy5cIGgBvavEsaKosGBbjh03hhXbQDfFpXhJDjQcCjNDq9XPZONv6Mo7\/ljPkEwixEg20vDOfZ5z7kw3s6nztjDp7F4JpZKJoetCK6\/WHVrIVuzarTJOvJgO0bGNRPlUIrFUmnj\/WxmDUMqVpxiHO7HVo4nFlibFJ5cJzHkb4HK2a09l\/gf9VZIog5uFuA1CVhlVTyF9rMSJo0+Z5Ey6eox9MNFpaYsNc5RKYWMjHpYH0f8aQYIoYwu3X5fXJ78R53RmUYvTDg3HPbpgU7Kl0WA47KAyDd\/QbWY7pIyj88KL7t6I81xaNp5uCicduhdVfdZiXFTaVCxw4uqz0HCEIDocvx69prkVv0tEx925ag5hnN6034I67W9mL6YAWfLZXZETWus2I0TVky3osnoyO9GOy2kfLl\/d2\/BjU6P2DRsjWQ44vSg9eVbkovSeaYlLY8vVmq5AjVYSI4drgduw1YwM3nXouHSgFj+UoBeaC76qx8SrFJzV9Lpip1gLHYNDLeAxA6BBCHOxJoBNH6r\/kkQLcLwrrAMEEjink8UccKaqMPQneNoiv\/eSg1ewsVxl2+oxUihH56y1o4+4CHgA5FyU88hwjiMb070AEwldi06tyhG7uOx+YNRwD\/v1QrMB2nAFxt0a\/ypmTyqne870GkoINEPdGj8YbAst3RQ6oblm8d6EERZfEHAAJLPIu6fvB7SIrGhM6Qiwm+4ZpLIGGdK7631P3I2sMq\/VKgujKIOJUmxC\/JyzE\/RhvzobIBsrk\/5kaZxCExjrNo9AcjahJe6IToEDxD04ojwwGlYFqY3zOgCKfM6quorBDeRr2IMdkOuo7pWwEyk2zu9QAgKqIeWorj\/s0RWrenUoVbpZxLBcu+opVek6NFBLqO20Fun+A9EYmheC0XTjHbLwXvbBmAKXp7dECErFY7ckhCw9M07PQL4ParRC701SQC1hIGkavyyM57Wf0DO8v38tOnQVn15PI0v92Yu9zWwtl6IDd+yc0PiwNWL1X\/2+v7qN+ZPo3oQGdHhE4wG9\/OXNaDh8S6\/oaEijUetzxv\/8wGU8bl2+TPc+qAYv3DfN0JQJskzeHWTebyb9\/na77UkzUDdtB+pJeUCesUv+3cHfkYZGD2Y\/cJz2uQHmfw==\" \/> \t\t<a href=\"https:\/\/www.pdf24.org\" target=\"_blank\" title=\"www.pdf24.org\" rel=\"nofollow\"><img src=\"https:\/\/www.hohenlohe-ungefiltert.de\/wp-content\/plugins\/pdf24-post-to-pdf\/img\/pdf_32x32.png\" alt=\"\" border=\"0\" height=\"32\" \/><\/a> \t\t<span class=\"pdf24Plugin-cp-space\">&nbsp;&nbsp;<\/span> \t\t<span class=\"pdf24Plugin-cp-text\">Sende Artikel als PDF<\/span> \t\t<span class=\"pdf24Plugin-cp-space\">&nbsp;&nbsp;<\/span> \t\t<input class=\"pdf24Plugin-cp-input\" style=\"margin: 0px;\" type=\"text\" name=\"sendEmailTo\" placeholder=\"Emailadresse\" \/> \t\t<input class=\"pdf24Plugin-cp-submit\" style=\"margin: 0px;\" type=\"submit\" value=\"Senden\" \/> \t<\/form> <\/div>","protected":false},"excerpt":{"rendered":"<p>Wie gehen Politik, Gewerkschaften, Arbeitgeber und Arbeitgeberinnen mit den Ver\u00e4nderungen auf dem Arbeitsmarkt um? Zu einem Gespr\u00e4ch \u00fcber dieses Thema l\u00e4dt die Europaabgeordnete Evelyne Gebhardt (SPD) am Freitag, 14. Januar 2011, um 18 Uhr, ins Hotel-Restaurant Rose, Wei\u00dflensburgerstra\u00dfe 12 in 74626 Bretzfeld-Bitzfeld ein. Vom SPD-Europab\u00fcro K\u00fcnzelsau An dem Gespr\u00e4ch nehmen teil: Jutta Steinruck Mitglied des [&hellip;]<\/p>\n","protected":false},"author":3,"featured_media":0,"comment_status":"open","ping_status":"open","sticky":false,"template":"","format":"standard","meta":[],"categories":[],"tags":[],"_links":{"self":[{"href":"https:\/\/www.hohenlohe-ungefiltert.de\/index.php?rest_route=\/wp\/v2\/posts\/9539"}],"collection":[{"href":"https:\/\/www.hohenlohe-ungefiltert.de\/index.php?rest_route=\/wp\/v2\/posts"}],"about":[{"href":"https:\/\/www.hohenlohe-ungefiltert.de\/index.php?rest_route=\/wp\/v2\/types\/post"}],"author":[{"embeddable":true,"href":"https:\/\/www.hohenlohe-ungefiltert.de\/index.php?rest_route=\/wp\/v2\/users\/3"}],"replies":[{"embeddable":true,"href":"https:\/\/www.hohenlohe-ungefiltert.de\/index.php?rest_route=%2Fwp%2Fv2%2Fcomments&post=9539"}],"version-history":[{"count":5,"href":"https:\/\/www.hohenlohe-ungefiltert.de\/index.php?rest_route=\/wp\/v2\/posts\/9539\/revisions"}],"predecessor-version":[{"id":9548,"href":"https:\/\/www.hohenlohe-ungefiltert.de\/index.php?rest_route=\/wp\/v2\/posts\/9539\/revisions\/9548"}],"wp:attachment":[{"href":"https:\/\/www.hohenlohe-ungefiltert.de\/index.php?rest_route=%2Fwp%2Fv2%2Fmedia&parent=9539"}],"wp:term":[{"taxonomy":"category","embeddable":true,"href":"https:\/\/www.hohenlohe-ungefiltert.de\/index.php?rest_route=%2Fwp%2Fv2%2Fcategories&post=9539"},{"taxonomy":"post_tag","embeddable":true,"href":"https:\/\/www.hohenlohe-ungefiltert.de\/index.php?rest_route=%2Fwp%2Fv2%2Ftags&post=9539"}],"curies":[{"name":"wp","href":"https:\/\/api.w.org\/{rel}","templated":true}]}}