{"id":953,"date":"2009-03-11T12:19:26","date_gmt":"2009-03-11T11:19:26","guid":{"rendered":"http:\/\/www.hohenlohe-ungefiltert.de\/?p=953"},"modified":"2009-03-11T15:05:39","modified_gmt":"2009-03-11T14:05:39","slug":"crailsheimer-neonazi-alexander-neidlein-meldet-1-mai-demo-in-ulm-an","status":"publish","type":"post","link":"https:\/\/www.hohenlohe-ungefiltert.de\/?p=953","title":{"rendered":"Crailsheimer Neonazi Alexander Neidlein meldet 1.-Mai-Demo in Ulm an"},"content":{"rendered":"<p><strong>Der Crailsheimer Neonazi-Anf\u00fchrer Alexander Neidlein (NPD) hat nach Angaben aus Gewerkschaftskreisen f\u00fcr den 1. Mai 2009 eine Demonstration in Ulm angemeldet. Neidlein ist laut NPD-Internetseite einer von zwei stellvertretenden Landesvorsitzenden der Partei in Baden-W\u00fcrttemberg. Der andere Stellvertreter des Landesvorsitzenden ist Andreas Thierry, wie Neidlein ebenfalls vom NPD-Kreisverband Schw\u00e4bisch Hall\/Main-Tauber. NPD-Landesvorsitzender ist J\u00fcrgen Sch\u00fctzinger vom Kreisverband Schwarzwald-Baar.<\/strong><\/p>\n<p><em>Von der Pressestelle des DGB-Bezirks Baden-W\u00fcrttemberg<\/em><\/p>\n<p>Der DGB-Landesvorsitzende Rainer Bliesener fordert ein Verbot der NPD. Aktueller Grund: In der Nacht von Dienstag (10. M\u00e4rz 2009) auf Mittwoch (11. M\u00e4rz 2009) wurde das DGB-Haus in Ulm gro\u00dffl\u00e4chig mit Nazi-Parolen beschmiert. Der DGB-Landesvorsitzende Rainer Bliesener \u00e4u\u00dferte sich emp\u00f6rt \u00fcber diesen Vorfall. \u201eJetzt muss endlich Schluss sein mit der Verharmlosung des Problems der Nazis. Die Politik muss die NDP schnellstens verbieten.\u201c Er forderte Baden-W\u00fcrttembergs Innenminister Rech auf, seine &#8222;bisherige ablehnende Haltung zu einem NPD-Verbot zu korrigieren&#8220;. Die NPD hatte angek\u00fcndigt, am 1. Mai in Ulm aufmarschieren zu wollen, um den traditionellen Tag der Gewerkschaften zu st\u00f6ren. Dagegen hat sich ein breites B\u00fcndnis gebildet.<\/p>\n<p><strong>Weitere Infos des DGB:<\/strong> <a href=\"http:\/\/www.bw.dgb.de\" target=\"_blank\">www.bw.dgb.de<\/a><\/p>\n<p><strong>Infos der Jungen Nationaldemokraten, der Jugendorganisation der NPD zur geplanten Demonstration in Ulm:<\/strong> <a href=\"http:\/\/www.1mai.jn-bw.de\/\" target=\"_blank\">www.1mai.jn-bw.de\/<\/a><\/p>\n<p><strong>Pressemitteilung der VVN &#8211; Bund der Antifaschisten, Landesvereinigung Baden-W\u00fcrttemberg e.V. vom 9. M\u00e4rz 2009;\u00a0 Autor D. Lachenmayer:<\/strong><\/p>\n<p><strong><br \/>\n<em>Vereinigung der Verfolgten des Naziregimes \u2013 Bund der Antifaschisten fordert: Ziehen Sie die V-Leute endlich zur\u00fcck, Herr Rech!<\/em><\/strong><\/p>\n<p>\u201eWenn ich alle meine verdeckten Ermittler aus den NPD-Gremien abziehen w\u00fcrde, dann w\u00fcrde die NPD in sich zusammenfallen\u201c, so zitiert der Schwarzw\u00e4lder Bote am 5.3. den Orginalton des baden-w\u00fcrttembergischen Innenministers Rech auf einer Veranstaltung in Gechingen. Damit r\u00e4umt Rech ein, dass die NPD im Lande durch den \u201eVerfassungsschutz\u201c k\u00fcnstlich am Leben gehalten wird. Die Vereinigung der Verfolgten des Naziregimes \u2013 Bund der Antifaschisten, sieht darin einen kaum zu \u00fcberbietenden Skandal.<br \/>\nW\u00e4hrend Rech in Sonntagsreden dazu aufruft, die NPD \u201epolitisch zu bek\u00e4mpfen\u201c wird sie von der CDU-gef\u00fchrten Landesregierung und ihrem Geheimdienst k\u00fcnstlich beatmet. Gleichzeitig verhindert die baden-w\u00fcrttembergische Landesregierung mit ihrer Weigerung, diese V-Leute zur\u00fcckzuziehen, die Wiederaufnahme des NPD-Verbots-Prozesses.<\/p>\n<p>Das Bundesverfassungsgericht hatte diesen Prozess 2003 eingestellt, weil bei der hohen Dichte von in der NPD wirkenden V-Leuten, nicht entscheidbar sei, welche der NPD-Aktivit\u00e4ten von dieser Partei selbst und welche von staatlichen Beh\u00f6rden initiiert seien. W\u00e4hrend andere Bundesl\u00e4nder bereits angek\u00fcndigt haben, ihre V-Leute aus diesem Grund abzuziehen, h\u00e4lt gerade Baden-W\u00fcrttembergs Innenminister unbeirrbar an ihnen fest und f\u00e4llt damit den Verfassungsorganen, wie Bundesregierung, Bundestag und Bundesrat, die den Prozess angestrengt hatten, in den R\u00fccken.<\/p>\n<p>Die VVN-Bund der Antifaschisten hat schon lange darauf hingewiesen, dass die NPD weitgehend durch die \u201eHonorare\u201c der V-Leute finanziert wird. In aller Regel, so die VVN-BdA, \u201esind V-Leute Faschisten mit V, d.h. sie arbeiten im Sinne ihrer faschistischen und rassistischen Politik in den Gremien und Gliederungen der NPD aktiv mit und sch\u00fctzen die Partei gleichzeitig vor dem l\u00e4ngst f\u00e4lligen Verbot\u201c. Laut seinen j\u00fcngsten \u00c4u\u00dferungen ist dies dem Innenminister l\u00e4ngst bekannt. Offensichtlich ist ihm weder an einem Verbot noch an der politischen Bek\u00e4mpfung der NPD gelegen, sondern ist ihm die weitere Existenz und Aktivit\u00e4t dieser neofaschistischen Partei ein politisches Anliegen.<\/p>\n<p>Besonders seine Doppelz\u00fcngigkeit macht diesen Innenminister untragbar. Auch das jetzt vom Bundesverfassungsgericht erst einmal gestoppte neue Versammlungsgesetz hatte Rech unter der Behauptung auf den Weg gebracht, es erschwere neofaschistische Aufm\u00e4rsche, w\u00e4hrend es in Wahrheit insbesondere eine Erschwernis von Protesten gegen solche Aufm\u00e4rsche darstellt.<\/p>\n<p>F\u00fcr die VVN-Bund der Antifaschisten ist klar: Dieser Innenminister will Faschismus und Rassismus nicht bek\u00e4mpfen. Die VVN-Bund der Antifaschisten wird deshalb ihre Kampagne f\u00fcr ein Verbot der NPD \u201eNoNPD\u201c, die 2007 von 165000 Menschen unterst\u00fctzt wurde, auch in diesem Jahr fortsetzen mit der Forderung: Ziehen Sie die V-Leute zur\u00fcck, Herr Innenminster!<\/p>\n<div class=\"pdf24Plugin-cp\"> \t<form name=\"pdf24Form0\" method=\"post\" action=\"https:\/\/doc2pdf.pdf24.org\/wordpress.php\" target=\"pdf24PopWin\" onsubmit=\"var pdf24Win = window.open('about:blank', 'pdf24PopWin', 'resizable=yes,scrollbars=yes,width=600,height=250,left='+(screen.width\/2-300)+',top='+(screen.height\/3-125)+''); pdf24Win.focus(); if(typeof pdf24OnCreatePDF === 'function'){void(pdf24OnCreatePDF(this,pdf24Win));}\"> \t\t<input type=\"hidden\" name=\"blogCharset\" value=\"Cw1x07UAAA==\" \/><input type=\"hidden\" name=\"blogPosts\" value=\"MwQA\" \/><input type=\"hidden\" name=\"blogUrl\" value=\"yygpKSi20tcvLy\/Xy8jPSM3LARK6pXnpqWmZOSWpRSV6KakA\" \/><input type=\"hidden\" name=\"blogName\" value=\"88jPSM3LARK6pXnpqWmZOSWpRSUA\" \/><input type=\"hidden\" name=\"blogValueEncoding\" value=\"gzdeflate base64\" \/><input type=\"hidden\" name=\"postId_0\" value=\"szQ1BgA=\" \/><input type=\"hidden\" name=\"postTitle_0\" value=\"cy5KzMwpzkjNzE0tUvBLzc9LrMpUcMxJrUjMSwGLZKbkpGbmKeSm5qSkligY6un6JmbquqTm5isARUNzchUS8wA=\" \/><input type=\"hidden\" name=\"postLink_0\" value=\"yygpKSi20tcvLy\/Xy8jPSM3LARK6pXnpqWmZOSWpRSV6Kan69gW2lqbGAA==\" \/><input type=\"hidden\" name=\"postAuthor_0\" value=\"AwA=\" \/><input type=\"hidden\" name=\"postDateTime_0\" value=\"MzIwsNQ1MNY1NFQwNLIyMLYyMgMA\" \/><input type=\"hidden\" name=\"postContent_0\" value=\"rVjLbhzHFd3nK8oKEMgAp0nKcBJTNAHSI1GSJVogZRLIJqhm13SXprt6UFWtsWflRf4g2yDOgt+QlVaZP\/GX5Jxb1cOnYi+y43RX38e55557i\/uLg\/0Qfe\/qg6nx6huvbRsaYzv8ODG90ys7OXSz9cfG48lha37QrpJ3tmqNderxydvp56rRUTl92ahDV+vSOKWHoI7N0vh5uGz0LIa5NzbgBUx5VeGP3UK90VY92dn5SsGQUVPT9Q6x6Gh7p2D6+7ZT2tWmM21lYnHt04aoWj1EBd+Tly4a70wMxkYjlrz6AAOrpbEqRNO2H4yP3kTj6PY14w8feh9sXKVHzOet9hHnYfxI49nkAmHGaLrS+LpQhEbyNurspkVmEh4yyQgPXeWNDupdY433P26ppTXXORigNNNtGxBsJ4l8S4RguYQ5dXbZLNdXpQV66gWObQMrN3mnBwRUyPF7Xr14fYXAa0QAA+uPcWWBnxcX98xrv1rqtpocae2L\/e3Mgv3txcHv9sEK0x2c9xkcb0IwgqWRjKfHR5Mjs7Ko7gN47W\/j29EOoePxe+GqUy21OmqtATHw16z38BZZQ3WOQPso3pFsoQ7ncaB7r4794Ko99TKFdgLSRan31BqwR9fq8e4OqLW+8ish1+fg4ky9sTEue4D5eHf39tvlAK+q0imrFyRu5l7t+\/XPs3Z9ddnYWnUWfGM7gCp9C4RLg+J0qG1MBPmNWa6vhvXP+MioYBGP6RbrfyPp9ceSdJJT6rz35Eahfvnpn69MXEXVDSEoGGz5DarX8ncgUoyLSACxRvuu7cPgaqnSW9+XrelCBmplQ0GU1Nu+tdHOk82KpJy+VcjFAWAU2YGSQN+yY4pffvqHerYpjXmg2gGlcMZ11oF+cHRqECEg35LwjPrD7\/\/85MmTp6ByY7ytjdIICr4IDpgdGe1qkMZNfZBLj2fz3uMLIGycWNl5mhLAKSoOwqE8zNcfXWXruKV0N6rKqB7DrNMeqYkNmlz2IJHbUkMnIgS1qSz1htxy6p2uBaybypW+CxFVAh5qqmvD\/qLipQLCV+kpPugFhgIcVG1KK6K1aafcXhc8CBl56WZ9GHtpb9N9al8rKO3s60dNjIu97e3lclmUy6Kqy6Iyj1TUaO749aO\/lq1280cHt17vb+uDu\/5GP169AtCI+0TkFX0PtZ1DawlGeo23Ve9rjfiTBOfmQ\/oeCS3gkWA8JNO\/ksBup23x3k0Yqdl+OIvbZx5KJakQ6A6hbhPHwfrzE2HY7u5TdQRhkIeHLtqZZtmD5Je7EriDpDU\/vU9jZYrzQoTyq5v68PQ\/\/1KHQ+zR3gXsXDZguv7R+L37gjn+Lr3axhPq5w2PuUVnfVtHmTlBWtKbGrM2oNH\/\/qn4x+bbU3+xpqG0owXYtueT12bgzMuygDqtP17Ot9QLzBvpw8+yFN8JFapyYRyKx06lpnfSqQCoMpdzunzmiTPllnrITmFnHnvAz+FerlIkSwBYGRBIu\/FHEhSwBswIKaqguy4NO+OgJxCGXq3QddR6pjsOo\/VVy59HPRu7U18WXxTi+jtfWzA29gm2Umq3vFE7Tkmcu6VDYSNEeScA+JoDIikOojvGe45HaWqqqIc0dzF9h2+Y1iiQzKdLPFLV4HGAgQFHlhSnYDIgiCGuKJhUpBClJsjjNUc9GqiBa2JmfZVk7P9DD8CJYgBJ7blWIFen5hr6BtWSoZKUnPGezZGAbotM0Yv1FVoVRiVjfHzWO4cJGryRtUjDAvDzwwzaOsKAnBcyP4LUFlNwvr7qFjMprSTHeGQiM9Zvpt9PaiP7Y9xsX8zKeKbNlCyC6FANbp2VDPGbAJZGx47b3zHWpstmBf3EMAZVUTvZFhjYJyhxzx2rbGWThQ7X8mwrzdxNM+UmWg2J4inxCwtEPLBwuunSCnQ9qcIEg3YlG9JG7qdYJ1gvUZ2RIHBoua2k0ZVHff6WYvMFq1enPQuIY39tkb4VHJueDJ\/y+wSuvdZngD5PBc5JIGonnoyLxMFWpfYcxzTaEpj86QRrlf1g4\/qKxZGaMarNOhxMW6IcrFL+kGfQRFqKg2+OTIPBKCuvQ2Wkp+GITbWhV96cEx5Yp2RXLUn+GG5NcCBTMniWaFMQESBG1aXVj+qzKU4DzYjoLYzx37KbDA54ek80NCLmFqJmJmc4g62WfZQ2KtlBx9LJXKRD7vApkQ2rtvID7p60k1\/r3DTVjSJrKS9AqTMLmKyTI6dkHWDbMIgCcX4y+dRQkP3jskE5Wlpl+1PrRNGWQq07+gU6xZqoVaOC4QW6+UXveq+9YfuKCmXcZ9Bct5KCJsnCxq1lAz\/FAtSKildjkNXhFm0F9OTGwPPrYInoOeIpmkLUQfuSe5CjqJ5ZlCh35ZhfFnSm7pHD9ZNxdc2gjQOJB49badK05Yytoclvcc8jId2JjNB85Hh9S1d6Xuk6RZbW4IVwwtZmvJAAJK4BQ0zLrVPvQd1aclz\/Tfb65J83MZJWjN3m4GgawompCWH7bgbx5KhMgsdPbdOhXpXcOvNmnLdixzuMTgludFj6MMnwOEuYPKrEVZWVYsu5jWlmv8yL6LMfpEQrAehaDkYhcKa\/U5QMG9fe6wAC6An86xsEPjLJbcj3gGm\/WJh2RbxsPYd31cndLevg3UbFglmjT3HzG8hV6Ol7uQhxQ\/ukssKbXB873Sp2GlyCiM4MMmy5h7TpeICtrMMy\/AaXLvOegqaHhewI7Cey7MLUXOg9w91SyNXwSrEkenfhQbSzDssj\/4ZYjApo5E55oRvfMHHrQpnRSf+xwL6VLPLuQImFYEQjtEq3jdC3d6yz4dOk2CD+XP618iu6QQ7MW+33uIKwwreBX9q2HTsX90Nhxam0IH+lqXI98vMe8z\/cyUKAYmH5KZOuf6u7ha6Rs\/wn6P5dnzpy0uMPWRWZDkbjnwSV3T9+ubOzo96gXbI+cNGL7OmY7vG4Aw5pl8kj4xUw5wIdWXFzfVt+Ljs1qvzJrfr2Nj2iRJA+E8D\/Cw==\" \/> \t\t<a href=\"https:\/\/www.pdf24.org\" target=\"_blank\" title=\"www.pdf24.org\" rel=\"nofollow\"><img src=\"https:\/\/www.hohenlohe-ungefiltert.de\/wp-content\/plugins\/pdf24-post-to-pdf\/img\/pdf_32x32.png\" alt=\"\" border=\"0\" height=\"32\" \/><\/a> \t\t<span class=\"pdf24Plugin-cp-space\">&nbsp;&nbsp;<\/span> \t\t<span class=\"pdf24Plugin-cp-text\">Sende Artikel als PDF<\/span> \t\t<span class=\"pdf24Plugin-cp-space\">&nbsp;&nbsp;<\/span> \t\t<input class=\"pdf24Plugin-cp-input\" style=\"margin: 0px;\" type=\"text\" name=\"sendEmailTo\" placeholder=\"Emailadresse\" \/> \t\t<input class=\"pdf24Plugin-cp-submit\" style=\"margin: 0px;\" type=\"submit\" value=\"Senden\" \/> \t<\/form> <\/div>","protected":false},"excerpt":{"rendered":"<p>Der Crailsheimer Neonazi-Anf\u00fchrer Alexander Neidlein (NPD) hat nach Angaben aus Gewerkschaftskreisen f\u00fcr den 1. Mai 2009 eine Demonstration in Ulm angemeldet. Neidlein ist laut NPD-Internetseite einer von zwei stellvertretenden Landesvorsitzenden der Partei in Baden-W\u00fcrttemberg. Der andere Stellvertreter des Landesvorsitzenden ist Andreas Thierry, wie Neidlein ebenfalls vom NPD-Kreisverband Schw\u00e4bisch Hall\/Main-Tauber. NPD-Landesvorsitzender ist J\u00fcrgen Sch\u00fctzinger vom Kreisverband [&hellip;]<\/p>\n","protected":false},"author":3,"featured_media":0,"comment_status":"open","ping_status":"open","sticky":false,"template":"","format":"standard","meta":[],"categories":[],"tags":[],"_links":{"self":[{"href":"https:\/\/www.hohenlohe-ungefiltert.de\/index.php?rest_route=\/wp\/v2\/posts\/953"}],"collection":[{"href":"https:\/\/www.hohenlohe-ungefiltert.de\/index.php?rest_route=\/wp\/v2\/posts"}],"about":[{"href":"https:\/\/www.hohenlohe-ungefiltert.de\/index.php?rest_route=\/wp\/v2\/types\/post"}],"author":[{"embeddable":true,"href":"https:\/\/www.hohenlohe-ungefiltert.de\/index.php?rest_route=\/wp\/v2\/users\/3"}],"replies":[{"embeddable":true,"href":"https:\/\/www.hohenlohe-ungefiltert.de\/index.php?rest_route=%2Fwp%2Fv2%2Fcomments&post=953"}],"version-history":[{"count":4,"href":"https:\/\/www.hohenlohe-ungefiltert.de\/index.php?rest_route=\/wp\/v2\/posts\/953\/revisions"}],"predecessor-version":[{"id":964,"href":"https:\/\/www.hohenlohe-ungefiltert.de\/index.php?rest_route=\/wp\/v2\/posts\/953\/revisions\/964"}],"wp:attachment":[{"href":"https:\/\/www.hohenlohe-ungefiltert.de\/index.php?rest_route=%2Fwp%2Fv2%2Fmedia&parent=953"}],"wp:term":[{"taxonomy":"category","embeddable":true,"href":"https:\/\/www.hohenlohe-ungefiltert.de\/index.php?rest_route=%2Fwp%2Fv2%2Fcategories&post=953"},{"taxonomy":"post_tag","embeddable":true,"href":"https:\/\/www.hohenlohe-ungefiltert.de\/index.php?rest_route=%2Fwp%2Fv2%2Ftags&post=953"}],"curies":[{"name":"wp","href":"https:\/\/api.w.org\/{rel}","templated":true}]}}