{"id":9520,"date":"2010-12-30T13:17:24","date_gmt":"2010-12-30T12:17:24","guid":{"rendered":"http:\/\/www.hohenlohe-ungefiltert.de\/?p=9520"},"modified":"2010-12-30T18:04:46","modified_gmt":"2010-12-30T17:04:46","slug":"westerwelle-teufel-schmiedel-huck-%e2%80%93-politprominenz-im-landtagswahlkampf-auf-tour-in-hohenlohe","status":"publish","type":"post","link":"https:\/\/www.hohenlohe-ungefiltert.de\/?p=9520","title":{"rendered":"&#8222;Westerwelle, Teufel, Schmiedel, Schick, Rust, Mast, H\u00fcck&#8220; \u2013 Politprominenz im Landtagswahlkampf auf Tour in Hohenlohe \/ Liste \u00f6ffentlicher Termine"},"content":{"rendered":"<p><strong>Der Landtag von Baden-W\u00fcrttemberg wird am Sonntag, 27. M\u00e4rz 2011, neu gew\u00e4hlt. Hohenlohe-ungefiltert ver\u00f6ffentlicht aktuelle Termine von Landtagskandidatinnen und Landtagskandidaten aus den Wahlkreisen Schw\u00e4bisch Hall (Wahlkreis 22) und Hohenlohe (Wahlkreis 21). Als Datenquellen wurden die Internetseiten der Kandidatinnen und Kandidaten verwendet (Stand: 30. Dezember 2010).<\/strong><\/p>\n<p><em>Zusammengestellt von Ralf Garmatter, Hohenlohe-ungefiltert<\/em><\/p>\n<p><strong>Wahlkreis Schw\u00e4bisch Hall (22) \/ <\/strong>Dazu z\u00e4hlen die St\u00e4dte und Gemeinden Gemeinden B\u00fchlertann, B\u00fchlerzell, Crailsheim, Fichtenau, Fichtenberg, Frankenhardt, Gaildorf, Ilshofen, Kirchberg an der Jagst, Kre\u00dfberg, Mainhardt, Michelbach an der Bilz, Michelfeld, Oberrot, Obersontheim, Rosengarten, Rot am See, Satteldorf, Schw\u00e4bisch Hall, Stimpfach, Sulzbach-Laufen, Vellberg, Wallhausen und Wolpertshausen des Landkreises Schw\u00e4bisch Hall.<\/p>\n<p><strong>Friedrich Bullinger (FDP)<\/strong> \/ <a href=\"Internetseite http:\/\/www.friedrich-bullinger.de\/\" target=\"_blank\">Internetseite http:\/\/www.friedrich-bullinger.de\/<\/a><\/p>\n<p><strong>Donnerstag, 6. Januar 2011, 18.30 Uhr:<\/strong><br \/>\nNeujahrsempfang FDP-Kreisverband Schw\u00e4bisch Hall, <strong>Stadthalle Ilshofen<\/strong>, mit den Rednern:<br \/>\nKreisvorsitzender Stephen Brauer<br \/>\nMdL Dr. Friedrich Bullinger<br \/>\n<strong>Vizekanzler und Bundesminister des Ausw\u00e4rtigen Dr. Guido Westerwelle<\/strong><\/p>\n<p><strong>Richard Neumann (Die Linke)<\/strong> \/ Keine Internetseite gefunden<\/p>\n<p>Die Mitgliederversammlung der Partei Die Linke f\u00fcr die Wahlkreise Schw\u00e4bisch Hall und Hohenlohe fand am 30. September 2010 in Eschental bei Kupferzell statt. Einstimmig nominiert f\u00fcr die zwei Wahlkreise (21 Hohenlohe und 22 Schw\u00e4bisch Hall) wurde Richard Neumann aus Kupferzell. Der 51-j\u00e4hrige Maschinenschlossermeister ist seit dem Jahr 2000 freigestellter Betriebsratsvorsitzender bei der Firma Getrag in Neuenstein. Als Stellvertreterin f\u00fcr den Wahlkreis Schw\u00e4bisch Hall wurde Silvia Ofori aus Schw\u00e4bisch Hall sowie Ernst Kern aus K\u00fcnzelsau f\u00fcr den Wahlkreis Hohenlohe nominiert.<\/p>\n<p><strong>Wilfried Kraft (B\u00fcndnis 90 \/ Die Gr\u00fcnen)<\/strong> \/ Keine Termine auf den Internetseiten gefunden <a href=\"http:\/\/gruene-sha.de\/termine\/ \" target=\"_blank\">http:\/\/gruene-sha.de\/termine\/<\/a> und <a href=\"http:\/\/gruene-sha.de\/wilfried-kraft\/\" target=\"_blank\">http:\/\/gruene-sha.de\/wilfried-kraft\/<\/a><\/p>\n<p><strong>Helmut W.R\u00fceck (CDU)<\/strong> \/ Keine Termine auf der Internetseite gefunden.<\/p>\n<p><strong>Auf der Internetseite der Kreis-CDU Schw\u00e4bisch Hall fanden sich folgende Termine \/<\/strong> <a href=\"http:\/\/www.cdu-sha.de\/termine\/\" target=\"_blank\">http:\/\/www.cdu-sha.de\/termine\/<\/a><\/p>\n<p><strong>Sonntag, 9. Januar 2011, 11 Uhr:<\/strong><\/p>\n<p><strong>Schw\u00e4bisch Hall<\/strong>, Neubausaal, Neujahrsempfang des CDU-Stadt- und Kreisverbandes mit <strong>Kultusministerin Prof. Marion Schick<\/strong><\/p>\n<p><strong> <\/strong><\/p>\n<p><strong>Mittwoch, 26. Januar 2011, 10 Uhr: <\/strong><\/p>\n<p><strong>Satteldorf<\/strong>, Seniorenunion, Betriebsbesichtigung Firma Weiss<\/p>\n<p><strong>Samstag, 29. Januar 2011:<\/strong><\/p>\n<p><strong>Donaueschingen<\/strong>, CDU-Landesparteitag<\/p>\n<p><strong>Nik Sakellariou (SPD)<\/strong> \/ &#8222;Es sind zurzeit keine Termine verf\u00fcgbar.&#8220; <a href=\"http:\/\/nik.sozi.info\/\" target=\"_blank\">http:\/\/nik.sozi.info\/<\/a><\/p>\n<p><strong>Auf der Internetseite der Kreis-SPD fanden sich folgende \u00f6ffentliche Termine<\/strong> <a href=\"http:\/\/www.spd-sha.de\/index.php?mod=kalender&amp;op=show&amp;menu=2\" target=\"_blank\">http:\/\/www.spd-sha.de\/index.php?mod=kalender&amp;op=show&amp;menu=2<\/a><\/p>\n<p><strong>Sonntag, 16. Januar 2011, 11 Uhr:<\/strong><br \/>\nNeujahrsempfang 2011 des SPD-Ortsvereins <strong>Schrozberg<\/strong>, Ort: Kultursaal des Schrozberger Schlosses<br \/>\nAls Gastredner werden <strong>Claus Schmiedel MdL, Fraktionsvorsitzender der SPD im Landtag Baden-W\u00fcrttemberg<\/strong> und Hermann-Josef Pelgrim Oberb\u00fcrgermeister der Stadt Schw\u00e4bisch Hall und SPD-Kandidat im Landtagswahlkreis Hohenlohe, begr\u00fc\u00dft.<\/p>\n<p><strong>Samstag, 22. Januar 2011, 11 Uhr:<\/strong><br \/>\nNeujahrsempfang der Kreis-SPD <strong>Schw\u00e4bisch Hall<\/strong> mit <strong>Porsche-Betriebsratschef Uwe H\u00fcck<\/strong> im Neubau, Zeughaussaal, Rosenb\u00fchl 14, 74523 Schw\u00e4bisch Hall<\/p>\n<p><strong>Wahlkreis Hohenlohe (21) \/ <\/strong>Dieser Wahlkreis besteht aus den St\u00e4dten und Gemeinden des Hohenlohekreises sowie den Gemeinden Blaufelden, Braunsbach, Gerabronn, Langenburg, Schrozberg und Unterm\u00fcnkheim des Landkreises Schw\u00e4bisch Hall<\/p>\n<p><strong>Barbara Bruhn (B\u00fcndnis 90\/Die Gr\u00fcnen)<\/strong> \/ Keine Termine gefunden <a href=\"http:\/\/www.gruene-hohenlohe.de\" target=\"_blank\">www.gruene-hohenlohe.de<\/a><\/p>\n<p><strong>Hermann-Josef Pelgrim (SPD)<\/strong> \/<a href=\"http:\/\/www.hermann-josef-pelgrim.de\/\" target=\"_blank\"> http:\/\/www.hermann-josef-pelgrim.de\/<\/a>:<\/p>\n<p><strong>Mittwoch, 12. Januar 2011, 9 Uhr bis 10.30 Uhr:<\/strong><\/p>\n<p><strong>Wellness-Projekt Firma Farmbau auf dem Gel\u00e4nde des ehemaligen Feriendorfs<\/strong>, Ort: <strong>Langenburg<\/strong>,<\/p>\n<p>Landtagskandidat OB Hermann-Josef Pelgrim m\u00f6chte sich \u00fcber das Projekt  und das damit verbundene Energieversorgungskonzept vor Ort informieren  und mit den Beteiligten ins Gespr\u00e4ch kommen. Treffpunkt dort am Objekt  in einem bereits fertiggestellten Tagungsraum. Weitere Termine in Langenburg an diesem Tag bis 14 Uhr.<\/p>\n<p><strong>Donnerstag, 13. Januar 2011, 15 Uhr:<\/strong><\/p>\n<p>Seniorennachmittag, Ort: <strong>Feuerwache K\u00fcnzelsau<\/strong><\/p>\n<p><strong>Freitag, 14. Januar 2011, 18 Uhr:<\/strong><\/p>\n<p><strong>\u00d6ffnung des EU-Arbeitsmarkts \u2013 Herausforderung f\u00fcr Unternehmer und  Besch\u00e4ftigte in Hohenlohe<\/strong>, Ort: <strong>Bretzfeld-Bitzfeld<\/strong>, Hotel-Restaurant  Rose, Wei\u00dflensburgerstra\u00dfe 12<\/p>\n<p>Landtagskandidat OB Hermann-Josef Pelgrim hat hierzu unter anderem zwei Expertinnen eingeladen: Evelyne Gebhardt, MdEP aus Mulfingen-Eberbach und Jutta Steinruck, MdEP aus Ludwigshafen.<br \/>\nDie beiden EU-Parlamentarierinnen diskutieren mit dem Gesch\u00e4ftsf\u00fchrer  des Arbeitgeberverbandes Heilbronn-Franken e.V. dar\u00fcber, wie Politik,  Gewerkschaften, Arbeitgeber und Arbeitgeberinnen mit den Ver\u00e4nderungen  auf dem Arbeitsmarkt umgehen, denn seit 2009 muss die  Dienstleistungsrichtlinie in nationales Recht umgesetzt sein und ab dem  1. Mai 2011 gilt die Freiz\u00fcgigkeit f\u00fcr Arbeitnehmer und Arbeitnehmerinnen  auch f\u00fcr die in 2004 der EU beigetretenen Staaten, in diesem Kontext  spielt das Arbeitnehmer\u00fcberlassungsgesetz eine wichtige Rolle.<\/p>\n<p><strong>Sonntag, 16. Januar 2011, 11 Uhr:<\/strong><\/p>\n<p>Neujahrsempfang, Ort: <strong>Schloss Schrozberg (Rathaus)<\/strong>, Kultursaal<\/p>\n<p>Mit <strong>Claus Schmiedel<\/strong> und Hermann-Josef Pelgrim<\/p>\n<p><strong>Donnerstag, 20. Januar 2011, 19 Uhr:<\/strong><\/p>\n<p><strong>Fachkr\u00e4ftemangel \u2013 Mangel an Arbeitspl\u00e4tzen f\u00fcr Benachteiligte<\/strong>, Ort: <strong>\u00d6hringen<\/strong><\/p>\n<p>Diskussion mit den Fraktionsvorsitzenden der Parteien und den Kandidaten  f\u00fcr die Landtagswahl 2011 auf Einladung der Evangelischen Jugendhilfe  Friedenshort GmbH<\/p>\n<p><strong>Donnerstag, 27. Januar 2011, 19 Uhr.<\/strong><\/p>\n<p>Wahlkampfauftakt Landtagswahl Wahlkreis Hohenlohe 21, Ort: <strong>Stadthalle Neuenstein<\/strong>, Lindenstra\u00dfe 7, 74632 Neuenstein<\/p>\n<p><strong>Freitag, 28. Januar 2011, 19 Uhr:<\/strong><\/p>\n<p><strong>Wie viel Kirche braucht der Staat?<\/strong>, Ort: <strong>\u00d6hringen, Gasthaus W\u00fcrttemberger Hof<\/strong><\/p>\n<p><strong>Diskussionsforum<\/strong><br \/>\nTeilnehmer: Ingo Rust MdL (u. a. kirchenpolitischer Sprecher der SPD-Landtagsfraktion), Dekan J. Stier, Klaus Kempter, DRS.<br \/>\nModeriert wird der Abend von Hans-J\u00fcrgen Saknus vom st\u00e4dtischen  Jugendreferat \u00d6hringen. Begr\u00fc\u00dfung und Schlusswort: Hermann-Josef Pelgrim<\/p>\n<p><strong>Sonntag, 30. Januar 2011, 11 Uhr:<\/strong><\/p>\n<p>Neujahrsempfang des SPD Ortsvereins, Ort: <strong>K\u00fcnzelsau, Stadthalle<\/strong>, Schulstra\u00dfe 8<\/p>\n<p>Mit Evelyne Gebhardt MdEP und Hermann-Josef Pelgrim. Als <strong>Hauptrednerin  wird MdB Katja Mast aus Pforzheim<\/strong> zu Gast sein. Katja Mast ist seit 2005  Bundestagsabgeordnete f\u00fcr den Enzkreis und Pforzheim und Mitglied des  Ausschusses f\u00fcr Arbeit und Soziales.<\/p>\n<p><strong>Sonntag,\u00a0 20. M\u00e4rz 2011, 11 Uhr:<\/strong><\/p>\n<p>Fr\u00fchjahrsempfang des SPD-Ortsvereins <strong>\u00d6hringen<\/strong>, Haus an der Walk, An der Walk 10 in 74613 \u00d6hringen<\/p>\n<p><strong>Arnulf Freiherr von Eyb (CDU)<\/strong> \/ <a href=\"http:\/\/www.arnulf-von-eyb.de\/\" target=\"_blank\">http:\/\/www.arnulf-von-eyb.de\/<\/a><\/p>\n<p><strong>Sonntag, 9.Januar 2011, 18 Uhr:<\/strong><br \/>\n&#8222;Feuer, Gl\u00fchwein, Gespr\u00e4ch mit Arnulf von Eyb &#8222;, <strong>Pfedelbach Schlossgraben<\/strong><\/p>\n<p><strong>Freitag, 14. Januar 2011, 19 Uhr:<\/strong><br \/>\nNeujahrsempfang des CDU-Gemeindeverbandes <strong>D\u00f6rzbach<\/strong> mit Frau von Velsen-Zerweck, Landoberstallmeisterin Haupt- und Landesgest\u00fct Marbach, <strong>D\u00f6rzbach<\/strong><\/p>\n<p><strong>Dienstag, 18. Januar 2011, 19.30 Uhr:<\/strong><br \/>\nCDU-Stadtverband Krautheim, Veranstaltung mit Arnulf v. Eyb, <strong>Gommersdorf Pfarrkeller<\/strong><\/p>\n<p><strong>Montag, 31. Januar 2011, 19.30 Uhr:<\/strong><br \/>\nCDU-Stadtverband K\u00fcnzelsau, Hauptversammlung mit Arnulf v. Eyb, K\u00fcnzelsau-Belsenberg, Landgasthof \u201eLell&#8220;<\/p>\n<p><strong>Freitag <\/strong><strong>25. Februar 2011, 13.30 Uhr:<\/strong><br \/>\nBauerntag, Bauernverband Schw\u00e4bisch Hall-Hohenlohe-Rems e.V., <strong>Wallhausen, Kulturhaus<\/strong><\/p>\n<p><strong>Samstag, 26.Februar 2011,\u00a0 20 Uhr:<\/strong><\/p>\n<p>Podiumsdiskussion des <strong>Bundesverbandes Deutscher Milchviehhalter<\/strong>, <strong>Ingelfingen-Hermuthausen, Landgasthof &#8222;Zum Oberg\u00e4ssler&#8220;<\/strong><\/p>\n<p><strong>Samstag, 5. M\u00e4rz 2011, 17 Uhr:<\/strong><br \/>\nJahresempfang der CDU Hohenlohe mit <strong>Ministerpr\u00e4sident a.D. Erwin Teufel <\/strong>(Anmerkung: kein Ort angegeben)<strong>.<br \/>\n<\/strong><\/p>\n<p><strong>Richard Neumann (Die Linke)<\/strong> \/ Keine Internetseite gefunden<\/p>\n<p>Die  Mitgliederversammlung der Partei Die Linke f\u00fcr die Wahlkreise  Schw\u00e4bisch Hall und Hohenlohe fand am 30. September 2010 in Eschental  bei Kupferzell statt. Einstimmig nominiert f\u00fcr die zwei Wahlkreise (21  Hohenlohe und 22 Schw\u00e4bisch Hall) wurde Richard Neumann aus Kupferzell.  Der 51-j\u00e4hrige Maschinenschlossermeister ist seit dem Jahr 2000  freigestellter Betriebsratsvorsitzender bei der Firma Getrag in  Neuenstein. Als Stellvertreterin f\u00fcr den Wahlkreis Schw\u00e4bisch Hall wurde  Silvia Ofori aus Schw\u00e4bisch Hall sowie Ernst Kern aus K\u00fcnzelsau f\u00fcr den  Wahlkreis Hohenlohe nominiert.<\/p>\n<div class=\"pdf24Plugin-cp\"> \t<form name=\"pdf24Form0\" method=\"post\" action=\"https:\/\/doc2pdf.pdf24.org\/wordpress.php\" target=\"pdf24PopWin\" onsubmit=\"var pdf24Win = window.open('about:blank', 'pdf24PopWin', 'resizable=yes,scrollbars=yes,width=600,height=250,left='+(screen.width\/2-300)+',top='+(screen.height\/3-125)+''); pdf24Win.focus(); if(typeof pdf24OnCreatePDF === 'function'){void(pdf24OnCreatePDF(this,pdf24Win));}\"> \t\t<input type=\"hidden\" name=\"blogCharset\" value=\"Cw1x07UAAA==\" \/><input type=\"hidden\" name=\"blogPosts\" value=\"MwQA\" \/><input type=\"hidden\" name=\"blogUrl\" value=\"yygpKSi20tcvLy\/Xy8jPSM3LARK6pXnpqWmZOSWpRSV6KakA\" \/><input type=\"hidden\" name=\"blogName\" value=\"88jPSM3LARK6pXnpqWmZOSWpRSUA\" \/><input type=\"hidden\" name=\"blogValueEncoding\" value=\"gzdeflate base64\" \/><input type=\"hidden\" name=\"postId_0\" value=\"szQ1MgAA\" \/><input type=\"hidden\" name=\"postTitle_0\" value=\"LY5LCsIwFEW3ckHoKKB0JHQDHVQQLTgO6Yt5NJ+SJhQcuQf34shZd+JKTMHJ4U7u4VS7Y13XzY3mRHEha0mgp6zJClyVcUzDf7IaBS55TgInubFdP2qstv+hwff5wjlYTlMMjj35B9ihk35I8j4v0thRuklDZo0+5Aj2aIMhbwuwR8clAOtba\/LJsjIUS0fcVD8=\" \/><input type=\"hidden\" name=\"postLink_0\" value=\"yygpKSi20tcvLy\/Xy8jPSM3LARK6pXnpqWmZOSWpRSV6Kan69gW2lqZGBgA=\" \/><input type=\"hidden\" name=\"postAuthor_0\" value=\"AwA=\" \/><input type=\"hidden\" name=\"postDateTime_0\" value=\"MzIwNNA1NNI1NlAwNLYyNLIyMgEA\" \/><input type=\"hidden\" name=\"postContent_0\" value=\"vVrLbttIFt33VxQyQMMGJNqS83QnacTtV2K7Y9hJDGQzKJpFsiKyqC4Wo26t5h8G6OVkFvmGXmU1+pP5kjm3ii+Rku3uBLOxKaket+7j3HNv8en0+dPc6ExFz\/eFZqdcBYZH7GOm2B4PhBpeLb5oY0TqCx2xmdQB4ym7zJTCsAEbP\/LY2eKznrPx9mg0YEoULBKzxec4MR47zmKhEvwZFioSoUyM0IZ9FHrxRxgKZRJ5HRvGJ6YQSSLYG6FTqYTdvBQkn+C\/DLiRSgnFChX0fsHXvMgZZGVXPE4mWsgcz5fXMcTwZX4ds2OeJGyj\/pWNx5t2qVq+pR9Hmx57keRsn9b+xYqm2KzQtEMgBXupcAwlTC4kbR5AbSc9KU8a6XDemVCBMGzj0uDrXbaz7bF9MbdKJcVtb3pPt0orPN2aPv\/uKawi0ufvi5ynqYDucgMxjNXMBU9CdsR1ymEWPVit5KdbmF4vVS7dnLGvHFLJFqul2Ofzgs3JjOWhL83ic2CEPduRSIVUpI7maW\/xBWM1zqcG1Yc5ZB6wnzSXSR4LmQ7YIRlcKF7Uj+RW+KC5mggVcx2YAQ4nkyDT4YC9xMQMnjJgJ1Jfx9YHuVP5K7gAxp5osfjkFjnjslrhDIuLxOc4Xjl8Tybz6vtQJMGAvcYsnRn3kGfKOBEvMnhPxLWhXS8yY91diAG7JH2XcnX1h2+MTKchNsRjkcxp6+EpL6zs76AHJ+IVxsbw1tJJrrJkCp3l5VeByK13OxfuW8nrGvRQSxFonIntFUkiYX7NNg73zzdrO5JNOYu1CJ\/dW\/JbFhsz3d3ams1mXlgtM\/SrZbxAbN1jhutImGf3\/u4nsM+95392hadbvOeE+4AO6Nuix0MPZlQF1yV6jB57O9vsbax3m3DwNdt6\/t3PovjAY50LUrKKGA45PCE1Ibh8qGyFRaoNEXOBiTkBTOVO9eoDlkpjoeNCBBBL7Zb7ubUznUszp9jVMLCYxuTomhdCl8POglO2rz22whDliEqKd3IugFhzhIU1\/R7+iBxwJxHa2pr+RZHjCNrICNvQqkeFDDJ2RcEPBMEB+iBRfr7A1vB8BjWliEC2sY+QPZWIqSVXOBEEr8tWBGSQKKpakmaeSRMlOJHQUC9BUAJosWF0ToEhWb08C5EeLEA02NtHl2WsDcleiCpCwUsxNQ0MMqnYAWYhNfCE+djopJiGDkgYXMYgpxxIlSPWUhkxlZH+KKXUUsxnmNQSZWM8au1McozHPfk2HbqzrhYprTQCEGRr9mA0\/ABY1DASAAcrQKMK\/5Isz5G+hDMn\/jJSL3SWwsVjOt72NgshVIXlhEnCwG\/8XHOz7Gt0cvp\/KIHyAFmjkZKhGwiGzWAA5TLUJa0EExktsB4GOD20M2HfGO6slzL5KDl7HWZa2oP2xuXZDAo90NgQjqNLdSy+KCgj58WqvRpN16bpYdaVTCxaALl5iJSIXKECRAF7sg0PJcc60vhKqBWeWxEE4KrduZOJK1duIK+EqEhDb2IInCVUMm6VLdYHuBvHE5pZF7p5+Vl5wOGEDrh1x006s1Yh57FI0sKwK+9i8UVcT9jGT\/tvb1WSXhPuPbu8WDnckhuy7RCb9X2EQhn6zgn5wiyJyH1rAbYa2boao5xxHRRdDa\/V1Zrxq7RUU9Mn3eQy6mSW7sTO4VpJAnHnw\/s5T+zzUiYi5IZuhjbNDB33ayUm\/EopptrkpEhMUcM+IvZcZyEoNNcys5xVXk\/WSsjW\/gLANrOMyMe4l1NdQl0\/t+E1rRNfCiUzLVSBf0ToSqTyBZkaGYrygUOnK5w176+Zugw\/XrbCeu2DFiCvWjyNlhI06fbUKnJqcw+W7c79WU7AzibAQlJjAZp9vr8UGN\/\/7fF4PP7hIIenwj7zAoAOo0yW4gUGA6RFPteeHb\/9Q89tlZx4eTaXnlRhtt5bl4etctLbgg0HWB1brcKplvzmMMunQRU2xNR\/9abx9Mc0C55NeGKzzfc8nf6QTZ+BGs3sMwqO4tn4xlj8q4veGLCjh7dF7GouSINtGEJrw9eg07AkLJuzVmTrbE4MvOVXGLjLbDhqCmy3QD2QCF+Z1PNyW0q4RxzzLVNkM2ELwmqPn5IyiabEmxIGZmjLmolBAC1nd8smYWCZ1uV2v9RujGrJEywNRjJ8heIkZOciiTRmU+HiY07UEA\/HVIFEq0kYaaiqTFv757N+Ch+AhUTIxItP\/RzehPf4r5ls2dNvReAlCD2HLuH9wzZ7wueQvZ0Jdrz40gJQOqLD7gF7L4qI6iyH4rbK86lMZaP7A\/bo\/oPxDuvvv65+bjUOxqPlwlkK8MAWJ\/KJ71GXo+xRlIW06lTS5H71qlUB6ChYp9BOqKpMAiosqRZRuW+rziOhuQ8R8DWsCrTwC6o4G5e2G74lwEnBryZU7d5acXY1sMeR1DTHxkWslrjb1t2Y21qKRqhSMqK4UgPgpY9CawauJkyroqabHVZJEpczP9DM4dTNXF0Ts7tMI+l21yftUTeMnlAUMdgB6btfEnfdEolPiTwfgkt8EBNTJuZDrlN4fskDUzhIsvhMOYSMLmKR8sRWmofgIQAm5P+8C4\/VDo1DNSMqKbrtOPZ6bw1cpYs\/qOXjMtriCxV9Ac9ZJbX1T\/oi4BTuxJ+sq6AGAd5GUlAtmmmiHvkkQxUypX6YJkkZJVo4GHBfuXWqsh4gISTOSQFHKeEINEIvPkOASUadNY+9ge3DaaEgAXRg2z2vfScQ6Bk5b4oYRnyYnKESBPepKzjF3nArDsIw9YgJIbgaX5eqFYm2D0XYkNIkZ9r7ZFfvpgbJaKeLrw9W+0LF1xSnDGTs5CUTHqJ01DNOtKGp4da61KG2RAv73e+1aG52xsXvYaiKkhcfvB2+0D6pLuV6AgX+9x\/\/JOcAFsJeSAI00NaRbx0RitOyPQLDAYMWn0NDtiNV1uC4zkn3UATPCRmHe9I9tEYeZzDZ8AKW44XmCsalDDAgmy0+gbLkZCPSuuaLTwIB+efdO8aPMVxwXuAElIuJv2nY2\/YkDn6lTp\/rDwviuAml\/F128FEkv8FZjoRf9S6Dg3ObLc6KJLRseHhAiZ6amaSaVwXMS6W\/VLq4nrQmnBbBTEbgZSHVdy7zEizDAhQLsMY51wlPqb2CmNdOmkDmk8K42EnLlsVRpf0c1gE6auY6VNaYkfBtY6gsb44RYDbxDMsuLhPeOw9RrG2MDxjlsPMskUZCWCwN5jTB8ihzKYe11rTHa3128lWh\/E5oi1\/kNBTmFa61PYwVaQRow7KYoVwLZry9\/YSlSPy2QUQdBpWbhPiSDV2qZxLqVZCTKU50DRw2ZxeC7iZovRx+Zds5Lmdz327LRlS2Scc+I5kYuzwFzhxVhIwmtLf1bSdgy7nbX7gz4jDE8qsuFnaC1PctTTp4S\/ZDyqEej7IEgnOrOVkjykkGh\/sVTp1PpSBJeL60iTVEwvOcTuwOZJENprHVnEA0JInwvoKalzM7RK8ToiWlbpOSjQtuiJZttoK1YeXVsmct\/tdh2ncgyjch7Hi7e7InNwPcIeJwoik2kEEpji2onblHgHzpjlMkWyL8zqh7goC5SkXrEGzxe6yXy9+mKYsYzXPqEVThsKq2UK0ebckw6cvWXVTjY23q75yYAupAKgBT1e09+GiPJW1LFsBDNWgskxBhZDveiKSYcuZR6h\/fqORHK5Xcv\/SytJmT7xShwfmWpVzFv8ejro817f6mXdrS+Kml0RXQPyLu\/3BnvDR2TS4cP\/6TrnIFNX9EQLrLK+CwpjA3VZHGzY+3esLAlpwUIKxdHWKB4yxc30yp3YXybJF2y7E3cESHDLvspYoydlHkhkpWtlF4jHtsYgVWU4vaZH0IPNXCPpTl67AyTVg64uaA7dMVB3vl0W0YIf+JDdUTgIG9qdy\/uKzS0lkWEO2E79grZVrzhQ\/vsjecx1zlw1e2sFXU2FFY5GOWstyWTqU3lu4I9gY+YVitMQ\/B5upW8uLCXQ0l0MYsIw3fCSBq3NvZ\/mu4V7UjWKsd0TFxw8IGrPHZdgvuOi6Syk8ft5GwyxkcA1gLf+6uoC6KeDEtexhIIE79Z8EeQMJ84HSl4UrVczjOnGrEBl9BbMgZbSb02uPr2w4krQesvNoi1+B+JMDzFDJXc11woOYuiEngehv7qbp3suqj+zCYuqAWTDuROptmc0lpem3K+s+\/LbS3301YZ7tDeEu8ynorm0l9kAa7JI2VF81XPAHNedF8YO5eCzAz2mGt2Z2OoFage5Y\/IMi0jYOD3\/x+k39Vucrt5CHmDMVv\/uo69cbhtzTSb64AXESXPVZbZwC1EugUvJcArC65KHWV56yOV85qbmvPQ0rqluyWbCHS3F+REu9Qqjy5Yy\/KNfCrFkvDbGs4Xfyh7Y3+ckMKGbiwB3mHMAZLf0+3tETICRkz3ya\/JCk7c1TBUOQN63dYBDExs\/hiqPvvejjrN+wjPGUre+x+Vlp3iV5fU1SX5ic4QfnaA9g1pxUTYsVLlvLIUI1sR1Q365z6BYherjX13YVefzWRlVA6+go5W1hptdi+ll4hazN+uGdt496+IK1HlE6zEKTtX6cQvOz0r3Gq1qVJ+X\/8wGOHwtetY+ysO8YevSjgDu8e172rMGxe4bkQaW7rp0bhzTsjFTOmTzdc51S92YfekqQWEVcj4HkWyCLNg4Zltt3f4XkTFvuiMI4TnMnkOgbDiZG7TMsHGuFfEn8sq1hKToWpjtI2RokC7wvX044Wn\/McPlUb57ajPugA\/aOV9qB7eLHUgqY7zYZKtpvMZ+UNHSFXTtUzsqK3D\/fSM0TyG0Et2MY7Nl4oxMQE3rhrL5VsT4qoM5WxarNatCI\/\/6\/XOL72PY5v9SLHN3uT49u9yvH173J89csc3\/Jtjm\/5Osdd3uf4Hw==\" \/> \t\t<a href=\"https:\/\/www.pdf24.org\" target=\"_blank\" title=\"www.pdf24.org\" rel=\"nofollow\"><img src=\"https:\/\/www.hohenlohe-ungefiltert.de\/wp-content\/plugins\/pdf24-post-to-pdf\/img\/pdf_32x32.png\" alt=\"\" border=\"0\" height=\"32\" \/><\/a> \t\t<span class=\"pdf24Plugin-cp-space\">&nbsp;&nbsp;<\/span> \t\t<span class=\"pdf24Plugin-cp-text\">Sende Artikel als PDF<\/span> \t\t<span class=\"pdf24Plugin-cp-space\">&nbsp;&nbsp;<\/span> \t\t<input class=\"pdf24Plugin-cp-input\" style=\"margin: 0px;\" type=\"text\" name=\"sendEmailTo\" placeholder=\"Emailadresse\" \/> \t\t<input class=\"pdf24Plugin-cp-submit\" style=\"margin: 0px;\" type=\"submit\" value=\"Senden\" \/> \t<\/form> <\/div>","protected":false},"excerpt":{"rendered":"<p>Der Landtag von Baden-W\u00fcrttemberg wird am Sonntag, 27. M\u00e4rz 2011, neu gew\u00e4hlt. Hohenlohe-ungefiltert ver\u00f6ffentlicht aktuelle Termine von Landtagskandidatinnen und Landtagskandidaten aus den Wahlkreisen Schw\u00e4bisch Hall (Wahlkreis 22) und Hohenlohe (Wahlkreis 21). Als Datenquellen wurden die Internetseiten der Kandidatinnen und Kandidaten verwendet (Stand: 30. Dezember 2010). Zusammengestellt von Ralf Garmatter, Hohenlohe-ungefiltert Wahlkreis Schw\u00e4bisch Hall (22) \/ [&hellip;]<\/p>\n","protected":false},"author":3,"featured_media":0,"comment_status":"open","ping_status":"open","sticky":false,"template":"","format":"standard","meta":[],"categories":[],"tags":[],"_links":{"self":[{"href":"https:\/\/www.hohenlohe-ungefiltert.de\/index.php?rest_route=\/wp\/v2\/posts\/9520"}],"collection":[{"href":"https:\/\/www.hohenlohe-ungefiltert.de\/index.php?rest_route=\/wp\/v2\/posts"}],"about":[{"href":"https:\/\/www.hohenlohe-ungefiltert.de\/index.php?rest_route=\/wp\/v2\/types\/post"}],"author":[{"embeddable":true,"href":"https:\/\/www.hohenlohe-ungefiltert.de\/index.php?rest_route=\/wp\/v2\/users\/3"}],"replies":[{"embeddable":true,"href":"https:\/\/www.hohenlohe-ungefiltert.de\/index.php?rest_route=%2Fwp%2Fv2%2Fcomments&post=9520"}],"version-history":[{"count":12,"href":"https:\/\/www.hohenlohe-ungefiltert.de\/index.php?rest_route=\/wp\/v2\/posts\/9520\/revisions"}],"predecessor-version":[{"id":9524,"href":"https:\/\/www.hohenlohe-ungefiltert.de\/index.php?rest_route=\/wp\/v2\/posts\/9520\/revisions\/9524"}],"wp:attachment":[{"href":"https:\/\/www.hohenlohe-ungefiltert.de\/index.php?rest_route=%2Fwp%2Fv2%2Fmedia&parent=9520"}],"wp:term":[{"taxonomy":"category","embeddable":true,"href":"https:\/\/www.hohenlohe-ungefiltert.de\/index.php?rest_route=%2Fwp%2Fv2%2Fcategories&post=9520"},{"taxonomy":"post_tag","embeddable":true,"href":"https:\/\/www.hohenlohe-ungefiltert.de\/index.php?rest_route=%2Fwp%2Fv2%2Ftags&post=9520"}],"curies":[{"name":"wp","href":"https:\/\/api.w.org\/{rel}","templated":true}]}}