{"id":939,"date":"2009-03-10T12:30:24","date_gmt":"2009-03-10T11:30:24","guid":{"rendered":"http:\/\/www.hohenlohe-ungefiltert.de\/?p=939"},"modified":"2009-03-10T12:34:35","modified_gmt":"2009-03-10T11:34:35","slug":"aktionswoche-zur-verteidigung-der-versammlungsfreiheit-noch-bis-freitag-13-marz-2009","status":"publish","type":"post","link":"https:\/\/www.hohenlohe-ungefiltert.de\/?p=939","title":{"rendered":"Aktionswoche zur Verteidigung der Versammlungsfreiheit noch bis Freitag, 13. M\u00e4rz 2009"},"content":{"rendered":"<p><strong>Hohenlohe-ungefiltert ver\u00f6ffentlicht eine Presseerkl\u00e4rung des B\u00fcndnisses f\u00fcr Versammlungsfreiheit, das mit einer Aktionswoche vom 9. bis 13. M\u00e4rz 2009 zur Verteidigung des Grundrechtes auf Versammlungsfreiheit aufruft.<\/strong><\/p>\n<p><em>Vom Stuttgarter B\u00fcndnis f\u00fcr Versammlungsfreiheit<\/em><\/p>\n<p><strong>Landesregierung darf Versammlungsgesetz nicht versch\u00e4rfen<\/strong><\/p>\n<p>Das Stuttgarter B\u00fcndnis f\u00fcr Versammlungsfreiheit fordert: Die Pl\u00e4ne der Landesregierung zur Versch\u00e4rfung des Versammlungsgesetzes m\u00fcssen komplett zur\u00fcckgezogen und Naziaktivit\u00e4ten konsequent unterbunden werden. Das Stuttgarter B\u00fcndnis f\u00fcr Versammlungsfreiheit, in dem sich \u00fcber 100 Organisationen und Einzelpersonen gegen eine Versch\u00e4rfung des Versammlungsgesetzes vereinigt haben, ruft vom 9. bis 13. M\u00e4rz zu einer Aktionswoche zur Verteidigung des demokratischen Grundrechtes auf Versammlungsfreiheit auf. In der Aktionswoche soll die Bev\u00f6lkerung in Betrieben, Schulen, Fu\u00dfg\u00e4ngerzonen \u00fcber das erkl\u00e4rte Vorhaben der Landesregierung, das Versammlungsgesetz deutlich zu versch\u00e4rfen, aufgekl\u00e4rt und als ein Beitrag f\u00fcr dessen Verhinderung Unterschriften gesammelt werden. \u201eWir wollen nicht zulassen, dass die Landesregierung Polizei und Beh\u00f6rden die M\u00f6glichkeit f\u00fcr willk\u00fcrliche Erschwernisse, Eingriffe in die Versammlungen und die Rechte der Versammelten gibt. Schon zwei Personen k\u00f6nnen k\u00fcnftig als Versammlung gelten, was z. B. bedeuten kann, dass bereits die Aufstellung von Streikposten bei einem Arbeitskampf als Demonstration angemeldet werden muss\u201c, so Thomas Tr\u00fcten, Sprecher des B\u00fcndnisses. Und er erg\u00e4nzt: \u201eDie Landesregierung unterbindet mit ihren Pl\u00e4nen nicht die Aufm\u00e4rsche und Aktionen von Neonazis, was wir begr\u00fc\u00dfen w\u00fcrden und wof\u00fcr wir konsequent eintreten. Nein, im Gegenteil, das neue Versammlungsgesetz kriminalisiert durch das dann neu eingef\u00fchrte \u201aSt\u00f6rungsverbot\u2019\u00a0 gerade demokratische Protestaktionen gegen Naziaktivit\u00e4ten\u201c.<\/p>\n<p><strong>Am heutigen Dienstag Tag der Schulen<\/strong><\/p>\n<p>Die Aktionswoche beginnt mit dem \u201eTag der Erwerbslosen\u201c (Mo. 09.03.), gefolgt vom \u201eTag der Schulen\u201c (Di. 10.03), dem \u201eTag der Betriebe\u201c (Mi. 11.03.), dem \u201eTag der K\u00f6nigstra\u00dfe\u201c (Do.12.03.) und endet mit dem \u201eTag der Stadtteile\u201c und einer gemeinsamen Abschlussveranstaltung (Fr.13.03) im DGB-Haus, 19.00 Uhr, Willi-Bleicher-Str. 20. Dort wird es bei einer Podiumsdiskussion um die Bewertung der Eilentscheidung des Bundesverfassungsgerichtes zum bayerischen Versammlungsgesetz, um eine erste Auswertung der Aktionswoche sowie um den weiteren Protest gegen die Pl\u00e4ne zur Versch\u00e4rfung des Versammlungsgesetzes gehen.<\/p>\n<p><strong>Bundesverfassungsgesetz stoppte bayerischen Vorsto\u00df<\/strong><\/p>\n<p>Das Bundesverfassungsgericht hat das bayerische Versammlungsgesetz teilweise vorl\u00e4ufig au\u00dfer Kraft gesetzt, womit auch entsprechende Pl\u00e4ne in Baden-W\u00fcrttemberg zun\u00e4chst gestoppt sind.\u00a0 Innenminister Rech hat aber seinen Entwurf zur Versch\u00e4rfung des Versammlungsgesetzes nicht komplett zur\u00fcckgezogen. Deshalb h\u00e4lt es das B\u00fcndnis f\u00fcr n\u00f6tig, durch die Aktionswoche die Proteste f\u00fcr das demokratische Grundrecht auf Versammlungsfreiheit zu verbreitern und weitere Mitstreiter zu gewinnen.<br \/>\n<strong>Kontakt:<\/strong><br \/>\nThomas Tr\u00fcten, Reutlinger Str. 49, 73728 Esslingen, Tel: 0173-3117574, Fax: 0711-93919407<br \/>\n<strong>Weitere Informationen zur Aktionswoche:<\/strong> http:\/\/<a href=\"http:\/\/www.versammlungsrecht2009.tk\" target=\"_blank\">www.versammlungsrecht2009.tk<\/a><\/p>\n<div class=\"pdf24Plugin-cp\"> \t<form name=\"pdf24Form0\" method=\"post\" action=\"https:\/\/doc2pdf.pdf24.org\/wordpress.php\" target=\"pdf24PopWin\" onsubmit=\"var pdf24Win = window.open('about:blank', 'pdf24PopWin', 'resizable=yes,scrollbars=yes,width=600,height=250,left='+(screen.width\/2-300)+',top='+(screen.height\/3-125)+''); pdf24Win.focus(); if(typeof pdf24OnCreatePDF === 'function'){void(pdf24OnCreatePDF(this,pdf24Win));}\"> \t\t<input type=\"hidden\" name=\"blogCharset\" value=\"Cw1x07UAAA==\" \/><input type=\"hidden\" name=\"blogPosts\" value=\"MwQA\" \/><input type=\"hidden\" name=\"blogUrl\" value=\"yygpKSi20tcvLy\/Xy8jPSM3LARK6pXnpqWmZOSWpRSV6KakA\" \/><input type=\"hidden\" name=\"blogName\" value=\"88jPSM3LARK6pXnpqWmZOSWpRSUA\" \/><input type=\"hidden\" name=\"blogValueEncoding\" value=\"gzdeflate base64\" \/><input type=\"hidden\" name=\"postId_0\" value=\"szS2BAA=\" \/><input type=\"hidden\" name=\"postTitle_0\" value=\"c8wuyczPKy7PT85IVagqLVIISy0qSc1MyUwvzUtXSEkFCxQn5ubmAPnFaUWpmRmpmSUKeUD1CkmZxQpuQJGSxHQdBUNjPQXfw0uKqhSMDAwsAQ==\" \/><input type=\"hidden\" name=\"postLink_0\" value=\"yygpKSi20tcvLy\/Xy8jPSM3LARK6pXnpqWmZOSWpRSV6Kan69gW2lsaWAA==\" \/><input type=\"hidden\" name=\"postAuthor_0\" value=\"AwA=\" \/><input type=\"hidden\" name=\"postDateTime_0\" value=\"MzIwsNQ1MNY1NFAwNLIyMLYyMgEA\" \/><input type=\"hidden\" name=\"postContent_0\" value=\"lVfdTuNGFL7vU4y42krBSZatKCiLRAT7oy3b1cIul9UYH9sj2+N0ZozbXPEarapuL\/YZuMpV\/SY8Sb8z40AIoVokBIl95sx3vvOdHyazg4l1ptbZwZs6J13i13ajM0pV6cg4cUmmu05T0q5UF7kTpDSJD4asJTJF2X01sBYJWTHtFjrRCi+sSLuFEZ\/JWFlVJQxsakjlpNxAJNKKSgVHRhwWTtXatvVFTuKyrsReJGJlxXgnEidwPhfPR6M9MW+8O0cqUdnywte4OjEEVPgim3TjhfzCNKmLJsM+zslwdvDdBHFTdfAZN566xrlMwrm5jeHxACZDHLt10bv8SWoAMpQpCnRIcx9NRpbcXGhPISi1FzmCA6sPUB2BnqchEmltEnCzL44UUoOUIEN4INZR9ST2dy9ZfAgTD6tugTxqUdTVrCTn+Gy3uCgymtcZnoN48V7OlUT6LpXrvjpvrC392kAqeA\/sMazwuCXA05F4emQDoTQwVsKCN9EtYpwaj0biZ5NJHJQsnR7MsdJzKmdw4h9lxCi9Vr8xYiQF5ipzIpcx6YFg0WxW5LzZJN6NEgX4ujAACggA9M2KjcRb7XN47wpbl6VIkOQpXXbXZRHSCo6m5IwiD\/v0Im9K\/vCq6b5k0EJGZu45Cfxx+fWF60BObXy4m\/QSSnWDihNqfDNgIla1PGDkGQXfPiuytEwV8ClnZBYynZCXFhznChf6GD6xXuDIqNT59PGdVLpb8dxc\/X2ujGjBAN6HOpo3pWRXHqj1xKxL\/kNdqjkpD2ZKeXfN3rzlSXedcRCFryDG1aqyLPCBn5I4Zji43Te0AesrA7iUvCQVrfLSS5CffvS59Wz2BgiCA1Kxizg3tRbzFoA+LJVadNc6\/F3o1KnMc7biHFywh4FokYx5JKZQI3EG+IzUy+Bjlq8LJBw2qXVU+tOXuPDU4V0xqy2fiXE5q7cShybmI4WsZqm\/9Qhi1WhHvq6ERGBAn9AyCaJqrL25+msAHYqzvK4A6AxdwaM7nbGsyaxPggipTSA4\/LAY5+hSSOXRhlSFlsGKcH4+qNzgztDOlhnvo6sgMC4oT3uoEJhwqO+p1mhLNtDVQjExZcDYfeFGhOQmfbLaus+5WW1bIAZcORbce3xG\/6nEa24lqOoy1IOmhjYVRWFUpbQslVU8NpPGoED4QIIk8Sl2jrHaLXIuvJurP08d5MgeUENx7W6u\/vj3H2TbyITu9w2M2xoNw8llpKG7rfdfpCZaH0yHlcihFcX2IB3ZRRWeycwrtG8VD0cQs7zad8Ch0jqkhdsxMrj0cWwgjtiWtfUAxLOTOhKjvWi0E30\/ANC0LrPQRlcO9Rd7+yMVoafDHuZrvpddLfhlu3Hvd83wHWpIZaxc5Dl4raPxc2\/ss023qlo7eepk4ji5\/pg39Z2dpa80cgzeDmMkoYT2kSfJDJaO9frslYkwEwCcVXL0err9RjYQ3hjBj8Sn3AzEOTqK2p6WxB3FbKMOI6wzmIQ1FALp4TZ7W5AGzSpRTWUTZQvcxjXYVH27B8kuzBRQDrTasTBUcrt78ahlgCmaQVClUWHMzOEklr\/je5hBD7U74Hv8rMQrxxVmV+9bG0EtADEuP9kVaparNAi0F2Zyt4Y8YeXICOgeCHhDYL7crKtnM2C9F1kN+HX3ZeNO9RhDGPfO1+mdp03lzRpBuJaXVIPYmpRbNUYsy8\/IlGNnQ+wsbV35IY765zyFxojLl5zwPESN6+1zdCCIr0Lv5uVMd18vck9iCA5bj04i9IS3PCDQXJTltYlHjActeZxbzpsWx9q1DXbOJ\/AdOuojCx40SjaXZSzgCGOYVxlp11Y23V2jswyWvW69a3gZBGFQP\/nl2ka0shA9vg6FLSM2Xmx99w7CEyeYXy68YLOMWsVcRZPYiCFS3+vgXa25ee7fCSO8Xx9iH\/1iwxuT8LX6Ym8gdnd2n\/8ojq31L2B0RuW+GI13d7Z3xuPdH3ZfYNWSv+HR7ni8vbezN957MdpdA3De432rsatXy72Vk7XK2B0+kTs32x8OJ1JgCqYvt\/rvbdtGlysceeb4H6TIFVvCSZORe7n1S1xKXWwd\/J\/1ZChDefwH\" \/> \t\t<a href=\"https:\/\/www.pdf24.org\" target=\"_blank\" title=\"www.pdf24.org\" rel=\"nofollow\"><img src=\"https:\/\/www.hohenlohe-ungefiltert.de\/wp-content\/plugins\/pdf24-post-to-pdf\/img\/pdf_32x32.png\" alt=\"\" border=\"0\" height=\"32\" \/><\/a> \t\t<span class=\"pdf24Plugin-cp-space\">&nbsp;&nbsp;<\/span> \t\t<span class=\"pdf24Plugin-cp-text\">Sende Artikel als PDF<\/span> \t\t<span class=\"pdf24Plugin-cp-space\">&nbsp;&nbsp;<\/span> \t\t<input class=\"pdf24Plugin-cp-input\" style=\"margin: 0px;\" type=\"text\" name=\"sendEmailTo\" placeholder=\"Emailadresse\" \/> \t\t<input class=\"pdf24Plugin-cp-submit\" style=\"margin: 0px;\" type=\"submit\" value=\"Senden\" \/> \t<\/form> <\/div>","protected":false},"excerpt":{"rendered":"<p>Hohenlohe-ungefiltert ver\u00f6ffentlicht eine Presseerkl\u00e4rung des B\u00fcndnisses f\u00fcr Versammlungsfreiheit, das mit einer Aktionswoche vom 9. bis 13. M\u00e4rz 2009 zur Verteidigung des Grundrechtes auf Versammlungsfreiheit aufruft. Vom Stuttgarter B\u00fcndnis f\u00fcr Versammlungsfreiheit Landesregierung darf Versammlungsgesetz nicht versch\u00e4rfen Das Stuttgarter B\u00fcndnis f\u00fcr Versammlungsfreiheit fordert: Die Pl\u00e4ne der Landesregierung zur Versch\u00e4rfung des Versammlungsgesetzes m\u00fcssen komplett zur\u00fcckgezogen und Naziaktivit\u00e4ten konsequent [&hellip;]<\/p>\n","protected":false},"author":3,"featured_media":0,"comment_status":"open","ping_status":"open","sticky":false,"template":"","format":"standard","meta":[],"categories":[],"tags":[],"_links":{"self":[{"href":"https:\/\/www.hohenlohe-ungefiltert.de\/index.php?rest_route=\/wp\/v2\/posts\/939"}],"collection":[{"href":"https:\/\/www.hohenlohe-ungefiltert.de\/index.php?rest_route=\/wp\/v2\/posts"}],"about":[{"href":"https:\/\/www.hohenlohe-ungefiltert.de\/index.php?rest_route=\/wp\/v2\/types\/post"}],"author":[{"embeddable":true,"href":"https:\/\/www.hohenlohe-ungefiltert.de\/index.php?rest_route=\/wp\/v2\/users\/3"}],"replies":[{"embeddable":true,"href":"https:\/\/www.hohenlohe-ungefiltert.de\/index.php?rest_route=%2Fwp%2Fv2%2Fcomments&post=939"}],"version-history":[{"count":2,"href":"https:\/\/www.hohenlohe-ungefiltert.de\/index.php?rest_route=\/wp\/v2\/posts\/939\/revisions"}],"predecessor-version":[{"id":942,"href":"https:\/\/www.hohenlohe-ungefiltert.de\/index.php?rest_route=\/wp\/v2\/posts\/939\/revisions\/942"}],"wp:attachment":[{"href":"https:\/\/www.hohenlohe-ungefiltert.de\/index.php?rest_route=%2Fwp%2Fv2%2Fmedia&parent=939"}],"wp:term":[{"taxonomy":"category","embeddable":true,"href":"https:\/\/www.hohenlohe-ungefiltert.de\/index.php?rest_route=%2Fwp%2Fv2%2Fcategories&post=939"},{"taxonomy":"post_tag","embeddable":true,"href":"https:\/\/www.hohenlohe-ungefiltert.de\/index.php?rest_route=%2Fwp%2Fv2%2Ftags&post=939"}],"curies":[{"name":"wp","href":"https:\/\/api.w.org\/{rel}","templated":true}]}}