{"id":9351,"date":"2010-11-29T21:37:43","date_gmt":"2010-11-29T20:37:43","guid":{"rendered":"http:\/\/www.hohenlohe-ungefiltert.de\/?p=9351"},"modified":"2010-11-29T21:46:24","modified_gmt":"2010-11-29T20:46:24","slug":"200-jahre-zugehorigkeit-crailsheims-zu-wurttemberg-spd-landtagsfraktion","status":"publish","type":"post","link":"https:\/\/www.hohenlohe-ungefiltert.de\/?p=9351","title":{"rendered":"&#8222;200 Jahre Zugeh\u00f6rigkeit Crailsheims zu W\u00fcrttemberg&#8220; \u2013\u00a0SPD-Landtagsfraktion l\u00e4dt zum Empfang ins Crailsheimer Rathaus"},"content":{"rendered":"<p><strong>200 Jahre Zugeh\u00f6rigkeit Crailsheims zu W\u00fcrttemberg: Aus diesem Anlass l\u00e4dt die SPD-Landtagsfraktion am Donnerstag, 2. Dezember 2010, um 19 Uhr zum Empfang in den Ratssaal in Crailsheim ein.<\/strong><\/p>\n<p><em>Vom SPD-Wahlkreisb\u00fcro Schw\u00e4bisch Hall<\/em><\/p>\n<p><strong>Mit den B\u00fcrgern ins Gespr\u00e4ch kommen<\/strong><\/p>\n<p>Im Jahr 2010 j\u00e4hrt sich die Zugeh\u00f6rigkeit Crailsheims zu  W\u00fcrttemberg zum 200. Mal. Dies ist f\u00fcr die  SPD-Landtagsfraktion Baden-W\u00fcrttemberg ein willkommener Anlass, in der  Stadt einen Empfang zu geben, um auf dieses Jubil\u00e4um zu blicken und mit  den B\u00fcrgerinnen und B\u00fcrgern ins Gespr\u00e4ch zu kommen. Damit greift die  Landtagsfraktion eine Anregung von vor Ort und durch den \u00f6rtlichen  Landtagsabgeordneten Nik Sakellariou auf. Stattfinden wird der Empfang  am Donnerstag, 2. Dezember 2010, um 19 Uhr im Ratssaal des Crailsheimer  Rathauses.<\/p>\n<p><strong>SPD-Fraktionsvorsitzender Claus Schmiedel spricht das Schlusswort<\/strong><\/p>\n<p>Nach einer Begr\u00fc\u00dfung durch Nik Sakellariou, Landtagsabgeordneter des  Wahlkreises Schw\u00e4bisch Hall, und einem Gru\u00dfwort des Crailsheimer  Oberb\u00fcrgermeisters Rudolf Michl wird Stadtarchivar Folker F\u00f6rtsch einige  historische Anmerkungen zu 200 Jahren Zugeh\u00f6rigkeit Crailsheims zu  W\u00fcrttemberg machen. Der SPD-Landeschef und Fraktionsvize Nils Schmid,  Spitzenkandidat f\u00fcr die Landtagswahl 2011, wird in seiner kurzen Rede auf das  Stadtjubil\u00e4um, aber auch auf aktuelle landespolitische Themen eingehen,  ehe der SPD-Fraktionsvorsitzende Claus Schmiedel das Schlusswort  spricht. Musikalisch umrahmt wird der Empfang vom Crailsheimer  Klarinettenquartett Klarissimo. Beim anschlie\u00dfenden Stehempfang unter  Mitwirkung der Fr\u00e4nkischen Familie besteht Gelegenheit zum geselligen  Beisammensein und zu Gespr\u00e4chen in lockerem Rahmen. F\u00fcr einen kleinen  Imbiss und Getr\u00e4nke ist gesorgt. Der Eintritt zum Empfang ist frei.<\/p>\n<p><strong>Anmeldung bis Dienstag, 30. November 2010<\/strong><\/p>\n<p>Aus organisatorischen Gr\u00fcnden wird um  Anmeldung bis sp\u00e4testens Dienstag, 30. November 2010, gebeten \u2013 Kontakt: SPD-Landtagsfraktion, Telefon 0711 2063-791 oder per E-Mail an  termin.schmiedel@spd.landtag-bw.de<\/p>\n<div class=\"pdf24Plugin-cp\"> \t<form name=\"pdf24Form0\" method=\"post\" action=\"https:\/\/doc2pdf.pdf24.org\/wordpress.php\" target=\"pdf24PopWin\" onsubmit=\"var pdf24Win = window.open('about:blank', 'pdf24PopWin', 'resizable=yes,scrollbars=yes,width=600,height=250,left='+(screen.width\/2-300)+',top='+(screen.height\/3-125)+''); pdf24Win.focus(); if(typeof pdf24OnCreatePDF === 'function'){void(pdf24OnCreatePDF(this,pdf24Win));}\"> \t\t<input type=\"hidden\" name=\"blogCharset\" value=\"Cw1x07UAAA==\" \/><input type=\"hidden\" name=\"blogPosts\" value=\"MwQA\" \/><input type=\"hidden\" name=\"blogUrl\" value=\"yygpKSi20tcvLy\/Xy8jPSM3LARK6pXnpqWmZOSWpRSV6KakA\" \/><input type=\"hidden\" name=\"blogName\" value=\"88jPSM3LARK6pXnpqWmZOSWpRSUA\" \/><input type=\"hidden\" name=\"blogValueEncoding\" value=\"gzdeflate base64\" \/><input type=\"hidden\" name=\"postId_0\" value=\"szQ2NQQA\" \/><input type=\"hidden\" name=\"postTitle_0\" value=\"U1O2MDIysjYyMFDwSswoSlWIKk1PzTi8rSgzPTs1s0TBuSgxM6c4IzUzt1ihqlQh\/PCeopKS1Nyk1KJ0NZBWA2uFRw2TDy0IDnDR9UnMSylJTC9OK0rMLsnMz1PIObwkpQSoLVfBNbcgLTEvXSEzrxjJyNQihaDEkozE0mIA\" \/><input type=\"hidden\" name=\"postLink_0\" value=\"yygpKSi20tcvLy\/Xy8jPSM3LARK6pXnpqWmZOSWpRSV6Kan69gW2lsamhgA=\" \/><input type=\"hidden\" name=\"postAuthor_0\" value=\"AwA=\" \/><input type=\"hidden\" name=\"postDateTime_0\" value=\"MzIwNNA1NNQ1slQwMrQyNLQyMQYA\" \/><input type=\"hidden\" name=\"postContent_0\" value=\"lVVLbhtHEN3nFHUAiiJlIIYNQohlWYrtSA4sJwaya2qKM+3p7mH6QwJc+Q45gDY8Q1bazU18Er\/qJilLlA14RbLZ9Xmfqp7Mjych+s7Vx0ejEb1RjWf6J9Xc9P97XbesI730SpvQsLaBVok+9rc+RrZT9vVzepECVZoDW3rhjAqBTL+uopzR1Z+nB38oV0VVh5lXbdSdI2XptHOOfcDxgI6GdMqrnI2ORuPRgJKl8TP6q\/EoZumVnc+Uq0k7qtjRexVDUMrI77u+iLUbTg43QCaH8+NfJgDG9vjvzuY2PqrGtJ51mKL7jq6um2W\/nupw3dDvypjJIe7u4jZ5LoBdap4gpGbvUDPQOYe579eIaztr2e1VfW0zixkMferXjY8UNO4LIz9m9h61GT00GdKFMiAJHJMOkWa4k3M9Tu+JQssH9xKBHFpqY0rD4LkINSiceiSKCorhGsBu+UY7NU\/ZZT1UmhWRA71JUw2FcYgbU6OvWwQlV5EFnm\/p0s5t\/vkOf4gvHQGckuga+syKc2gPl3SHxj3XCd0tcLLoPL0DuVKiSl4YRkGQG9FVg6+7JGpac+crxxGnl7qlK9WyMcrrLgm2oTAQ40w7ybDUvsq8bKn4GcvCizuLVqDrTmEhGn81KoHG4UOviZZnG6wByIKOK3bSxUuDCDGs1VyxIdAHeKBJ5VOTQlh2Pu758FKBEWHN0wnXvr\/tb4S5wtQDEgaPUeUzANpNDoe9sRlk8qWIpXOf+hvp5BHc70DVtLjAIhNyB3qfqs7M6AJgTOE821ChPb1Qns460yL2TAQNBYqu4YwG8Z2XFsQPSN8CFmSDnXYbzP3UoFkldhFR\/W6mWPLPMrw7WfSKwZzZqFENMDnzrFOLCF2pb4Zzy+cS7IlJxoOCESMXiiht8itZaBC1zBf0LBR82o7YgJR4TCXAlyvoI0EyJpM7nHdGx0LEh4YxSMIRYMvQEj6yib9nrD1fPfATbY2G\/ZOCbpXJqifrVWPj\/pAssGjvi\/5WvAUjYej+TcpHfCtnIWjbDeFKDItyyGo09zech+8qovFNyuTEhHBIRLU2m1cMge3h2gzb0RkWB6JpyjAVhuKcDcMMjWgu+7PGzjJGiz+kXlCyb0SArCycsFtHLOuJTId95lmGuMmb6UwELZuxNeWTXltMQMgZzjnmdjivZlTrfB2Lk15pF72O8f4rJgscw7Q3\/+JkUwlG5JZl78queYL9f9kt7pbN3pzLA4yqygHddjAcprG\/vdtm6IDuVwjzfh2FNPfDaoP8CMja\/PL5P3rbuQgnPX\/05RnQB5A\/w2IePR2PEf3rk4Onz8bUiWhzIeTgAvaA4kTQ1eLFDlvz\/Rbm1dCUhAfT5bDijO4r\" \/> \t\t<a href=\"https:\/\/www.pdf24.org\" target=\"_blank\" title=\"www.pdf24.org\" rel=\"nofollow\"><img src=\"https:\/\/www.hohenlohe-ungefiltert.de\/wp-content\/plugins\/pdf24-post-to-pdf\/img\/pdf_32x32.png\" alt=\"\" border=\"0\" height=\"32\" \/><\/a> \t\t<span class=\"pdf24Plugin-cp-space\">&nbsp;&nbsp;<\/span> \t\t<span class=\"pdf24Plugin-cp-text\">Sende Artikel als PDF<\/span> \t\t<span class=\"pdf24Plugin-cp-space\">&nbsp;&nbsp;<\/span> \t\t<input class=\"pdf24Plugin-cp-input\" style=\"margin: 0px;\" type=\"text\" name=\"sendEmailTo\" placeholder=\"Emailadresse\" \/> \t\t<input class=\"pdf24Plugin-cp-submit\" style=\"margin: 0px;\" type=\"submit\" value=\"Senden\" \/> \t<\/form> <\/div>","protected":false},"excerpt":{"rendered":"<p>200 Jahre Zugeh\u00f6rigkeit Crailsheims zu W\u00fcrttemberg: Aus diesem Anlass l\u00e4dt die SPD-Landtagsfraktion am Donnerstag, 2. Dezember 2010, um 19 Uhr zum Empfang in den Ratssaal in Crailsheim ein. Vom SPD-Wahlkreisb\u00fcro Schw\u00e4bisch Hall Mit den B\u00fcrgern ins Gespr\u00e4ch kommen Im Jahr 2010 j\u00e4hrt sich die Zugeh\u00f6rigkeit Crailsheims zu W\u00fcrttemberg zum 200. Mal. Dies ist f\u00fcr die [&hellip;]<\/p>\n","protected":false},"author":3,"featured_media":0,"comment_status":"open","ping_status":"open","sticky":false,"template":"","format":"standard","meta":[],"categories":[],"tags":[],"_links":{"self":[{"href":"https:\/\/www.hohenlohe-ungefiltert.de\/index.php?rest_route=\/wp\/v2\/posts\/9351"}],"collection":[{"href":"https:\/\/www.hohenlohe-ungefiltert.de\/index.php?rest_route=\/wp\/v2\/posts"}],"about":[{"href":"https:\/\/www.hohenlohe-ungefiltert.de\/index.php?rest_route=\/wp\/v2\/types\/post"}],"author":[{"embeddable":true,"href":"https:\/\/www.hohenlohe-ungefiltert.de\/index.php?rest_route=\/wp\/v2\/users\/3"}],"replies":[{"embeddable":true,"href":"https:\/\/www.hohenlohe-ungefiltert.de\/index.php?rest_route=%2Fwp%2Fv2%2Fcomments&post=9351"}],"version-history":[{"count":4,"href":"https:\/\/www.hohenlohe-ungefiltert.de\/index.php?rest_route=\/wp\/v2\/posts\/9351\/revisions"}],"predecessor-version":[{"id":9366,"href":"https:\/\/www.hohenlohe-ungefiltert.de\/index.php?rest_route=\/wp\/v2\/posts\/9351\/revisions\/9366"}],"wp:attachment":[{"href":"https:\/\/www.hohenlohe-ungefiltert.de\/index.php?rest_route=%2Fwp%2Fv2%2Fmedia&parent=9351"}],"wp:term":[{"taxonomy":"category","embeddable":true,"href":"https:\/\/www.hohenlohe-ungefiltert.de\/index.php?rest_route=%2Fwp%2Fv2%2Fcategories&post=9351"},{"taxonomy":"post_tag","embeddable":true,"href":"https:\/\/www.hohenlohe-ungefiltert.de\/index.php?rest_route=%2Fwp%2Fv2%2Ftags&post=9351"}],"curies":[{"name":"wp","href":"https:\/\/api.w.org\/{rel}","templated":true}]}}