{"id":935,"date":"2009-03-10T12:18:22","date_gmt":"2009-03-10T11:18:22","guid":{"rendered":"http:\/\/www.hohenlohe-ungefiltert.de\/?p=935"},"modified":"2009-03-10T12:19:25","modified_gmt":"2009-03-10T11:19:25","slug":"heller-wohnen-gemeinschaftliches-wohnen-von-jung-und-alt-in-schwabisch-hall","status":"publish","type":"post","link":"https:\/\/www.hohenlohe-ungefiltert.de\/?p=935","title":{"rendered":"Heller wohnen: Gemeinschaftliches Wohnen von Jung und Alt in Schw\u00e4bisch Hall"},"content":{"rendered":"<p><strong>HELLER WOHNEN hat nach eigenen Angaben in Schw\u00e4bisch Hall nur noch wenige Wohnungen frei. Einen Infotisch gibt es am Samstag, 14. M\u00e4rz, ab 9 Uhr auf dem Schw\u00e4bisch Haller Milchmarkt. Von 11.30 bis 14 Uhr werden Kurzfilme in der Haller Volkshochschule gezeigt.<br \/>\n<\/strong><\/p>\n<p><em>Von den Organisatoren von Heller Wohnen<\/em><\/p>\n<p>Es sind nicht nur Menschen aus Schw\u00e4bisch Hall eingeladen, in das Wohnprojekt HELLER WOHNEN einzusteigen. Wer in der Wohnanlage \u201eKatzenkopf\u201c in einer der zun\u00e4chst geplanten 25 Wohnungen leben wird, ist in einem zukunftsweisenden Projekt angekommen, das auf ver\u00e4nderte gesellschaftliche Bedingungen reagiert.<\/p>\n<p><strong>Viele Menschen vereinsamen im Alter<\/strong><\/p>\n<p>Traditionelle Familien- und Lebensformen sind individuellen Lebensentw\u00fcrfen gewichen. Das bringt pers\u00f6nliche Freiheit mit sich, aber auch Nachteile. Viele Menschen vereinsamen im Alter, Familien und Alleinerziehende f\u00fchlen sich von der Gesellschaft im Stich gelassen, junge Paare bef\u00fcrchten, dass sie Beruf und Kinder nicht vereinbaren k\u00f6nnen.<br \/>\nIm Projekt HELLER WOHNEN werden L\u00f6sungen angeboten:\u00a0 Menschen k\u00f6nnen eine Wohnung kaufen oder mieten, als Single, als Paar, Familie oder Wohngemeinschaft. Sie leben eigenst\u00e4ndig in ihren Wohnungen, die sie individuell planen. Gemeinsam werden sie aber ihr Zusammenleben organisieren und den Alltag meistern, ohne zu st\u00e4ndigem \u201eEinsatz\u201c verpflichtet zu sein. Da hilft ein Junge einem \u00e4lteren Mann beim Einkaufen, ein M\u00e4dchen repariert der \u201eErsatzoma\u201c das Fahrrad, die alte Dame liest regelm\u00e4\u00dfig Kindern vor, ein Schulkind klingelt bei der Nachbarin, da die alleinerziehende Mutter noch bei der Arbeit ist.<br \/>\nWenn f\u00fcr einen pflegebed\u00fcrftigen Menschen ein ambulanter Pflegedienst eingeschaltet werden muss, dann bleiben die Verwandten, die beruflich noch gefordert sind oder nicht in der N\u00e4he wohnen, mit der Organisation nicht allein.<\/p>\n<p><strong>Es braucht ein ganzes Dorf, um ein Kind zu erziehen<\/strong><\/p>\n<p>\u201eEs braucht ein ganzes Dorf, um ein Kind zu erziehen\u201c, lautet sinngem\u00e4\u00df ein afrikanisches Sprichwort. Die Wohnanlage HELLER WOHNEN soll ein solches \u201eDorf\u201c f\u00fcr Kinder und Jugendliche sein \u2013 ein \u201eDorf\u201c, in dem auch \u00e4ltere Menschen noch gebraucht werden. Und alle Menschen, die dort wohnen, sollen zwischen individueller Freiheit und Verantwortung f\u00fcr die anderen leben und sich wohl f\u00fchlen. Dieses \u201eDorf\u201c ist zukunftsweisend: nicht eng, einschr\u00e4nkend oder abgeschlossen, sondern sozial, kommunikativ und kreativ \u2013 nach innen und au\u00dfen. Freude am Leben, an Spiel und Kultur soll auch mit den Menschen im Stadtteil und in der Stadt geteilt werden \u2013 es geht schlie\u00dflich um \u201eHELLER\u201c wohnen!<br \/>\nDas Projekt wird gemeinsam mit \u201epro\u2026 gemeinsam bauen und leben Wohngenossenschaft eG\u201c aus Stuttgart entwickelt und umgesetzt. Gemeinschaftsr\u00e4ume werden \u00fcber den Kauf- und Mietpreis finanziert.<\/p>\n<p><strong>Infostand am Samstag, 14. M\u00e4rz, ab 9 Uhr auf dem Milchmarkt, Kurzfilme in der Vhs<\/strong><\/p>\n<p>Wie das alles konkret aussehen kann, welche Finanzierungen und Zeitabl\u00e4ufe geplant und welche Rechtsformen vorgesehen sind, dar\u00fcber informieren Mitglieder der Projektgruppe und BewohnerInnen eines schon existierenden Mehrgenerationenhauses in Schorndorf am Samstag, 14. M\u00e4rz 2009, ab 9 Uhr am Infotisch auf dem Milchmarkt in Schw\u00e4bisch Hall. Dazu gibt es von 11.30 bis 14 Uhr Kurzfilme in der Volkshochschule. Interessierte k\u00f6nnen sich hier \u00fcber das Bauvorhaben auf dem Haller Katzenkopf informieren,\u00a0 z.B. \u00fcber Preise f\u00fcr Eigentums- und Mietwohnungen, an einem anschaulichen Modell die zuk\u00fcnftige Gestaltung des Bauprojekts kennenlernen und Mitglieder der Projektgruppe pers\u00f6nlich treffen.<br \/>\nWer an diesem Tag keine Zeit hat: Ansprechpartnerinnen sind Monika Duhm, Tel.: 0791 \/ 959557, E-Mail: monikadu@gmx.net; Gabriele Scherrer, Tel.: 0791\/6602, E-Mail: gabriele.scherrer@web.de; Internet: <a href=\"http:\/\/www.heller-wohnen.de\" target=\"_blank\">www.heller-wohnen.de<\/a> und <a href=\"http:\/\/www.pro-wohngenossenschft.de\" target=\"_blank\">www.pro-wohngenossenschft.de<\/a><\/p>\n<div class=\"pdf24Plugin-cp\"> \t<form name=\"pdf24Form0\" method=\"post\" action=\"https:\/\/doc2pdf.pdf24.org\/wordpress.php\" target=\"pdf24PopWin\" onsubmit=\"var pdf24Win = window.open('about:blank', 'pdf24PopWin', 'resizable=yes,scrollbars=yes,width=600,height=250,left='+(screen.width\/2-300)+',top='+(screen.height\/3-125)+''); pdf24Win.focus(); if(typeof pdf24OnCreatePDF === 'function'){void(pdf24OnCreatePDF(this,pdf24Win));}\"> \t\t<input type=\"hidden\" name=\"blogCharset\" value=\"Cw1x07UAAA==\" \/><input type=\"hidden\" name=\"blogPosts\" value=\"MwQA\" \/><input type=\"hidden\" name=\"blogUrl\" value=\"yygpKSi20tcvLy\/Xy8jPSM3LARK6pXnpqWmZOSWpRSV6KakA\" \/><input type=\"hidden\" name=\"blogName\" value=\"88jPSM3LARK6pXnpqWmZOSWpRSUA\" \/><input type=\"hidden\" name=\"blogValueEncoding\" value=\"gzdeflate base64\" \/><input type=\"hidden\" name=\"postId_0\" value=\"szQ2BQA=\" \/><input type=\"hidden\" name=\"postTitle_0\" value=\"80jNyUktUijPz8hLzbNScE\/NTc3MK07OSEwryclMzkgtVggHSymU5ecpeJXmpSuU5qUoOOaUKGTmKQQnZ5QfXpKUCVSv4JGYkwMA\" \/><input type=\"hidden\" name=\"postLink_0\" value=\"yygpKSi20tcvLy\/Xy8jPSM3LARK6pXnpqWmZOSWpRSV6Kan69gW2lsamAA==\" \/><input type=\"hidden\" name=\"postAuthor_0\" value=\"AwA=\" \/><input type=\"hidden\" name=\"postDateTime_0\" value=\"MzIwsNQ1MNY1NFAwNLIyMLYyMgIA\" \/><input type=\"hidden\" name=\"postContent_0\" value=\"lVfLchtHErzvV\/TqDAGUdmUHaZphKQQ9LFFWWDIZ4Yujh9Mz08ZMD6K7h3DgpH\/Y68ZqD4z9BJ90WvyJvsSZ1T0AaND7ODAIDKqrqyqzsmpOl2enIfre1Wcv5q9fz79Xl9+9eDN\/oxodldNXjTK2Ns449djVusB\/69S7q2a1uSlswM8vdNsqN3jlenxbGQdzddk3bnA4pypv7FTNLT28dFUf5VBti6hMULpT73QXoq4n6sFfp+p8c+PXE6ULdax+aLzSQ6VK0x1caLw6t+1V02m\/iFN10Tv14MH0L0cKJnAkZ1fGl7j01eDXlW07w8BLHMznL\/p2ERrEDJ9Da1Rt1sg0Tk8Lr2Znfzqd5aqczpb4hiqZ7oz30Od3vtbOBh17j2\/XePrCiFPmbdzpDLbjuXlQwbpSOXvVRCnUuXG4Ewf1EA5LaSzq1mpcM5GIdRCvS9\/\/bBZR3QYJxushRIFoqi4RQU6SR7RrNbD4\/OEfr3RcG7fol9XnD3+nCc7BiIbrwW1uUISIAixb7SLievhoD8DWEPSV9SXigVk+3eHkYnBVDCtjg3Esy9sco8bBRd91TIHxE8Vr4zc3sPKRpQ4oFzLWVWxRFqOemBJppwu90bWF3XRb+YzEhTXAaVs9eEQgQXfkZKcet9H4A9Tee13aaHtHfNQz3dnWGndfDUDkNTMLVe\/pQTDCn7225UBjl383Lq42n3yFB7VZMVpU+imyKjxCjmppfNj86lIezxBSY2xUHf4CHpHLhjwGvG\/QTYCqNSDsf09lso1Wgn2MkAja2pqG1VbV5lPTSuBwfd0n2J\/vVZae3kX+Sj6FQDR+ZonVW629UYWBC8+QEkzkKZHwQIs3vrKEK\/M2RVho8n2BdMHysVNedlvgb5MzN+Drza8hIUteFD3uO\/n3P3fJZ3fCqpF3agHO4FnPCDprJEbdol1Q89akz0xjW6VkyuO16VhMqcEUB0ymsDRJiGShrUlj2zCbLdNRBNiyBns0UOwJIv48eYVg5bRoKNjCjfpxwC9AL93UJ3kAiTN4tAeAkDkFL+hXj9soFWgiNYaElkKrznlJXLNPUfNlRV5FE8UQAZB6qrEt4MU39a3gmfpxc0Pa4KZz7RzQBfxwlgo5EWuoaykl92apPXtMSMNbPS\/tO8172bLPdOPROqkmGo5xLyQUhYYEeANGdZubzUcUMtGEKujTLe+opwu206IVLYsMRm5iB4BDVgiXXf+O1udDjCYPk\/HYY1+wp1C4kXOXBimSvpK7U6gTYipMyU6NBHrHL8aku2IQcfPqrZjibnAhiS2p0rLGGdluCIEBsoqIjogy1AvjV9qVcWRKwU4hPCnY2kBJqG9JSvpd72RJfrO5gUKsZEJMRCD4dDtKoFHZPtXkQP7mlBwKSYIex9aYoE97X03U0MkzYkGmjPU8kENC\/f+7ASkmqtUDa4Tk2GEEP1W28nbBDFBrtOfSI4VVD\/VWT63ZH0O3tSH0adTxg5xEZIyB\/BNcs\/qwe74dgGeZBJY9ANu\/qfR\/PJNGJZpAhDZ3wo4CGaAx74TzVP0A5yz21jABWyL8LU4MFB7WK5tc7Y8Iv9N7xgmCgGJMngomWQjFmch2kNJQJBsXtKOIS7HC7Spw1v5uxJ5kghhXS6shIg7VhRn5pgthc9sntQ99as3Qr61uJ4ozeXCAK9prCWSBWcvPLKjselaUmD\/pYfORgSHDAW0J3ZNxCOVFhy8xvtKMGNqIjUbQlNInWu91nwwhXUYOPjmSu0EeAhM+33aeABvwFEkyD2s2H6XDBtHGRCEWJ6Hz56wGnMbjCOKiouqtWDMenMT29PnDv\/aeF3rIiSZY0uBwUrg8Ps1z3iQ7WoQo1dqz8hErwIKaxrNDx1UmruN2PsjRAFQGqGXOavOpkGULjQUxTrvHOWbaEuQJqrLokPWdCw\/3ZezGRON\/3JN3S\/HkcPG9aMKBIFyS71zRQOcAgjhQIjLpYGQ2QwQnyKOV5WaMNE1zpvEjuK+LFulWZlwg5Yd85HsDvo4rFiYEy9XkbYsS61NtrKNJmpfnNtYAvsz7aca19sNyacT1EyPo+5fbrSGQLJBP8wuaRrwkCjaeby5etNW4BlnBNE2o3ju0eXV3YdXDo6Pj\/ep2e68uh6W+642IcxoKOr7nXN\/1gnII0O1XkilupY4FbhKYwOOiJPLR4NnILOD3RA8obyMvaGOE+UVnt\/zv13mCFWw9fTLNPt6SiyaJ1pzzMw5d2FF1tVuS9Lj\/a2H7ILqMakOAIAIUPKjW5pOTMcyFNGK4UhBLI2HmFxmQzTAbRDhKzn9Efm\/NVtGbqtotoHzt0TKjA8J6jyVrIbskycnX2BO8ugY021WDrSeCEDaXkXf21EP1dGi6iXpv2umJOvry+IGaqeNHx48efTlR8\/vn2rYnqhPLcvim7n6ZOhO\/Us81XgG4xwN84z1X9p2H2RdfHD3cna6z7TRk229WppiW5quEMfydqFNsdsjs63tNjMuT2Wy1Wk0bmTP3k97B\/p6KGqyOX9\/7qUCzLe6d3WV1OtNnUtK7XAIAsdyTOyzKf+T6j6x5hYjIbw==\" \/> \t\t<a href=\"https:\/\/www.pdf24.org\" target=\"_blank\" title=\"www.pdf24.org\" rel=\"nofollow\"><img src=\"https:\/\/www.hohenlohe-ungefiltert.de\/wp-content\/plugins\/pdf24-post-to-pdf\/img\/pdf_32x32.png\" alt=\"\" border=\"0\" height=\"32\" \/><\/a> \t\t<span class=\"pdf24Plugin-cp-space\">&nbsp;&nbsp;<\/span> \t\t<span class=\"pdf24Plugin-cp-text\">Sende Artikel als PDF<\/span> \t\t<span class=\"pdf24Plugin-cp-space\">&nbsp;&nbsp;<\/span> \t\t<input class=\"pdf24Plugin-cp-input\" style=\"margin: 0px;\" type=\"text\" name=\"sendEmailTo\" placeholder=\"Emailadresse\" \/> \t\t<input class=\"pdf24Plugin-cp-submit\" style=\"margin: 0px;\" type=\"submit\" value=\"Senden\" \/> \t<\/form> <\/div>","protected":false},"excerpt":{"rendered":"<p>HELLER WOHNEN hat nach eigenen Angaben in Schw\u00e4bisch Hall nur noch wenige Wohnungen frei. Einen Infotisch gibt es am Samstag, 14. M\u00e4rz, ab 9 Uhr auf dem Schw\u00e4bisch Haller Milchmarkt. Von 11.30 bis 14 Uhr werden Kurzfilme in der Haller Volkshochschule gezeigt. Von den Organisatoren von Heller Wohnen Es sind nicht nur Menschen aus Schw\u00e4bisch [&hellip;]<\/p>\n","protected":false},"author":3,"featured_media":0,"comment_status":"open","ping_status":"open","sticky":false,"template":"","format":"standard","meta":[],"categories":[],"tags":[],"_links":{"self":[{"href":"https:\/\/www.hohenlohe-ungefiltert.de\/index.php?rest_route=\/wp\/v2\/posts\/935"}],"collection":[{"href":"https:\/\/www.hohenlohe-ungefiltert.de\/index.php?rest_route=\/wp\/v2\/posts"}],"about":[{"href":"https:\/\/www.hohenlohe-ungefiltert.de\/index.php?rest_route=\/wp\/v2\/types\/post"}],"author":[{"embeddable":true,"href":"https:\/\/www.hohenlohe-ungefiltert.de\/index.php?rest_route=\/wp\/v2\/users\/3"}],"replies":[{"embeddable":true,"href":"https:\/\/www.hohenlohe-ungefiltert.de\/index.php?rest_route=%2Fwp%2Fv2%2Fcomments&post=935"}],"version-history":[{"count":3,"href":"https:\/\/www.hohenlohe-ungefiltert.de\/index.php?rest_route=\/wp\/v2\/posts\/935\/revisions"}],"predecessor-version":[{"id":938,"href":"https:\/\/www.hohenlohe-ungefiltert.de\/index.php?rest_route=\/wp\/v2\/posts\/935\/revisions\/938"}],"wp:attachment":[{"href":"https:\/\/www.hohenlohe-ungefiltert.de\/index.php?rest_route=%2Fwp%2Fv2%2Fmedia&parent=935"}],"wp:term":[{"taxonomy":"category","embeddable":true,"href":"https:\/\/www.hohenlohe-ungefiltert.de\/index.php?rest_route=%2Fwp%2Fv2%2Fcategories&post=935"},{"taxonomy":"post_tag","embeddable":true,"href":"https:\/\/www.hohenlohe-ungefiltert.de\/index.php?rest_route=%2Fwp%2Fv2%2Ftags&post=935"}],"curies":[{"name":"wp","href":"https:\/\/api.w.org\/{rel}","templated":true}]}}