{"id":9349,"date":"2010-11-29T08:41:12","date_gmt":"2010-11-29T07:41:12","guid":{"rendered":"http:\/\/www.hohenlohe-ungefiltert.de\/?p=9349"},"modified":"2010-11-29T08:44:40","modified_gmt":"2010-11-29T07:44:40","slug":"krach-gegen-stuttgart-21-%e2%80%93-heute-montag-schwabenstreich-in-schwabisch-hall","status":"publish","type":"post","link":"https:\/\/www.hohenlohe-ungefiltert.de\/?p=9349","title":{"rendered":"&#8222;Krach gegen Stuttgart 21&#8220; \u2013 Heute (Montag) Schwabenstreich in Schw\u00e4bisch Hall"},"content":{"rendered":"<p><strong>Ein weiterer Schwabenstreich findet am heutigen Montag, 29. November 2010, ab 18.45 Uhr, am Milchmarkt in Schw\u00e4bisch Hall statt.<\/strong><\/p>\n<p><em>Von Hans Maier, Haller Aktionsb\u00fcndnis gegen Stuttgart 21<\/em><\/p>\n<p>Von 19 Uhr an wird f\u00fcr  eine Minute Krach gemacht aus Protest gegen den geplanten Bau des  Tiefbahnhofs Stuttgart 21 und f\u00fcr den Ausbau des Kopfbahnhofs K 21.<\/p>\n<p><strong>Weitere Informationen zu Stuttgart 21 im Internet:<\/strong><\/p>\n<p><a href=\"http:\/\/stadtbahn.wordpress.com\/hn-gegen-s-21\/\" target=\"_blank\">http:\/\/stadtbahn.wordpress.com\/hn-gegen-s-21\/<\/a><\/p>\n<p>OBEN BLEIBEN!<\/p>\n<p><strong>Aktionsb\u00fcndnis Heilbronner gegen Stuttgart 21 \u2013 F\u00fcr eine Bahnwende in der Region und im Land:<\/strong><\/p>\n<p><a href=\"http:\/\/www.hgs21.de\/\" target=\"_blank\">http:\/\/www.hgs21.de\/<\/a><\/p>\n<p><strong>Infos zu Stuttgart 21 und den Alternativen gibt es zum Beispiel auf folgenden Internetseiten:<\/strong><\/p>\n<p><strong>Die facebook-Gruppe &#8222;Kein Stuttgart 21&#8220;:<\/strong><\/p>\n<p><a href=\"http:\/\/www.facebook.com\/keinstuttgart21\" target=\"_blank\">http:\/\/www.facebook.com\/keinstuttgart21<\/a><\/p>\n<p><strong>Im Weblog &#8222;Bei Abriss Aufstand&#8220; die neuesten Infos und Links zu Presseartikeln:<\/strong><\/p>\n<p><a href=\"http:\/\/www.beiabrissaufstand.de\/\" target=\"_blank\">http:\/\/www.beiabrissaufstand.de\/<\/a><\/p>\n<p><strong>Alle Infos rund um S 21 und die Alternative &#8222;Moderner Kopfbahnhof&#8220;:<\/strong><\/p>\n<p><a href=\"http:\/\/www.kopfbahnhof-21.de\/\" target=\"_blank\">http:\/\/www.kopfbahnhof-21.de<\/a><\/p>\n<p><strong>Parksch\u00fctzer:<\/strong><\/p>\n<p><a href=\"http:\/\/www.parkschuetzer.de\/\" target=\"_blank\">http:\/\/www.parkschuetzer.de<\/a><\/p>\n<p><strong>Der Stuttgarter Appell f\u00fcr ein sofortiges Moratorium bei Stuttgart 21:<\/strong><\/p>\n<p><a href=\"http:\/\/stuttgarterappell.de\/\" target=\"_blank\">http:\/\/stuttgarterappell.de\/<\/a><\/p>\n<div class=\"pdf24Plugin-cp\"> \t<form name=\"pdf24Form0\" method=\"post\" action=\"https:\/\/doc2pdf.pdf24.org\/wordpress.php\" target=\"pdf24PopWin\" onsubmit=\"var pdf24Win = window.open('about:blank', 'pdf24PopWin', 'resizable=yes,scrollbars=yes,width=600,height=250,left='+(screen.width\/2-300)+',top='+(screen.height\/3-125)+''); pdf24Win.focus(); if(typeof pdf24OnCreatePDF === 'function'){void(pdf24OnCreatePDF(this,pdf24Win));}\"> \t\t<input type=\"hidden\" name=\"blogCharset\" value=\"Cw1x07UAAA==\" \/><input type=\"hidden\" name=\"blogPosts\" value=\"MwQA\" \/><input type=\"hidden\" name=\"blogUrl\" value=\"yygpKSi20tcvLy\/Xy8jPSM3LARK6pXnpqWmZOSWpRSV6KakA\" \/><input type=\"hidden\" name=\"blogName\" value=\"88jPSM3LARK6pXnpqWmZOSWpRSUA\" \/><input type=\"hidden\" name=\"blogValueEncoding\" value=\"gzdeflate base64\" \/><input type=\"hidden\" name=\"postId_0\" value=\"szQ2sQQA\" \/><input type=\"hidden\" name=\"postTitle_0\" value=\"U1O2MDIysvYuSkzOUEhPTU\/NUwguKS0pSU8sKlEwMlQDSRtYKzxqmKzgkVpakqqg4ZufV5KYrqkQnJxRnpiUmldcUpSaCdScmQcWOrwkKbMYyPVIzMkBAA==\" \/><input type=\"hidden\" name=\"postLink_0\" value=\"yygpKSi20tcvLy\/Xy8jPSM3LARK6pXnpqWmZOSWpRSV6Kan69gW2lsYmlgA=\" \/><input type=\"hidden\" name=\"postAuthor_0\" value=\"AwA=\" \/><input type=\"hidden\" name=\"postDateTime_0\" value=\"MzIwNNA1NNQ1slQwsLAyNLQyNAIA\" \/><input type=\"hidden\" name=\"postContent_0\" value=\"lVVNbptAFN73FK+u1FUMMWql\/BBLtpI2keM0atpmWc2YB4yAGTQzBCmr3qFX6DGy8016kr4h4MQxTZyFhYH38\/083oTlODRWK5mMT4SEGoVFjRquFmnNOEp6h2KRQixkhBZYASlWViQoYa6kZckOBPseXKgbLDjlBbuj3R1gHEZ73oeP8D3VOy5pLvJFWjCdWaAurvjyDxeGCp+yPAdjmbVe6LdIQr8cvwkJGRbjH0pSjDQwZwKpmIunPpPMCiUNX97JSAoDCTpIV7ayNmHaQjAKfcruKrkqo30HBxixFDqCeHmnAVBIJHSysggzzQhQggVdiGpl4FIri8a21SP6JVjmTFr6N2UVPTEA3wTGnKUyVbFZQwCVbNu4zElleJsyU+VDxowivRXjVoHrex\/gTMZKF8xxpRK31Xp9UVAAxUm0B5viMUg1xkeD1NrywKfXLLKuq1crHZUajfEWqvBTOWzoDc0wGPkDsEwnaI8GPzkRzQbjV6WHPlsB+DI9uYDp+ckZXd8+JfjUv1MUOac3krzd9BL+\/voNn5ySjV9TglEjDaQbpogyvmJC1Rq9SZNzJqOX9ajr2ksTQ+JH+H\/aa1GP2XVEnENmwxmHpDE9d\/aQfzdudgS3gC64gCkKUwrMacxiiFWeODpyZadx\/sseEu39sUCI2QK5Utnws67KEuH9u70gCA5nKNbFa57vHm6nSFe08TajUqarFIyeFem5xF7dCrhGnqukw02KwIRrYQx9KjGNm4xa5BARW4kVfYmNRE5wJ\/C5kFkj\/aWbRqRWIsNcbkeUo2BNN9Y2e3EMejP6qE1oQ7UwtcNJdl+thoKoPBqKjvxcRc53\/Xg1vMq37CFvuMVIb4T38bikfU0renlnb1FvB6O8T6nQpbyI4ml0H4hjdxh1o+QWP406nRhxuwzAKNqQ7kCiE0JpZpUWpDd5tfYNbLMeVz1Y0+JZ9L3RK\/j\/AA==\" \/> \t\t<a href=\"https:\/\/www.pdf24.org\" target=\"_blank\" title=\"www.pdf24.org\" rel=\"nofollow\"><img src=\"https:\/\/www.hohenlohe-ungefiltert.de\/wp-content\/plugins\/pdf24-post-to-pdf\/img\/pdf_32x32.png\" alt=\"\" border=\"0\" height=\"32\" \/><\/a> \t\t<span class=\"pdf24Plugin-cp-space\">&nbsp;&nbsp;<\/span> \t\t<span class=\"pdf24Plugin-cp-text\">Sende Artikel als PDF<\/span> \t\t<span class=\"pdf24Plugin-cp-space\">&nbsp;&nbsp;<\/span> \t\t<input class=\"pdf24Plugin-cp-input\" style=\"margin: 0px;\" type=\"text\" name=\"sendEmailTo\" placeholder=\"Emailadresse\" \/> \t\t<input class=\"pdf24Plugin-cp-submit\" style=\"margin: 0px;\" type=\"submit\" value=\"Senden\" \/> \t<\/form> <\/div>","protected":false},"excerpt":{"rendered":"<p>Ein weiterer Schwabenstreich findet am heutigen Montag, 29. November 2010, ab 18.45 Uhr, am Milchmarkt in Schw\u00e4bisch Hall statt. Von Hans Maier, Haller Aktionsb\u00fcndnis gegen Stuttgart 21 Von 19 Uhr an wird f\u00fcr eine Minute Krach gemacht aus Protest gegen den geplanten Bau des Tiefbahnhofs Stuttgart 21 und f\u00fcr den Ausbau des Kopfbahnhofs K 21. [&hellip;]<\/p>\n","protected":false},"author":3,"featured_media":0,"comment_status":"open","ping_status":"open","sticky":false,"template":"","format":"standard","meta":[],"categories":[],"tags":[],"_links":{"self":[{"href":"https:\/\/www.hohenlohe-ungefiltert.de\/index.php?rest_route=\/wp\/v2\/posts\/9349"}],"collection":[{"href":"https:\/\/www.hohenlohe-ungefiltert.de\/index.php?rest_route=\/wp\/v2\/posts"}],"about":[{"href":"https:\/\/www.hohenlohe-ungefiltert.de\/index.php?rest_route=\/wp\/v2\/types\/post"}],"author":[{"embeddable":true,"href":"https:\/\/www.hohenlohe-ungefiltert.de\/index.php?rest_route=\/wp\/v2\/users\/3"}],"replies":[{"embeddable":true,"href":"https:\/\/www.hohenlohe-ungefiltert.de\/index.php?rest_route=%2Fwp%2Fv2%2Fcomments&post=9349"}],"version-history":[{"count":4,"href":"https:\/\/www.hohenlohe-ungefiltert.de\/index.php?rest_route=\/wp\/v2\/posts\/9349\/revisions"}],"predecessor-version":[{"id":9360,"href":"https:\/\/www.hohenlohe-ungefiltert.de\/index.php?rest_route=\/wp\/v2\/posts\/9349\/revisions\/9360"}],"wp:attachment":[{"href":"https:\/\/www.hohenlohe-ungefiltert.de\/index.php?rest_route=%2Fwp%2Fv2%2Fmedia&parent=9349"}],"wp:term":[{"taxonomy":"category","embeddable":true,"href":"https:\/\/www.hohenlohe-ungefiltert.de\/index.php?rest_route=%2Fwp%2Fv2%2Fcategories&post=9349"},{"taxonomy":"post_tag","embeddable":true,"href":"https:\/\/www.hohenlohe-ungefiltert.de\/index.php?rest_route=%2Fwp%2Fv2%2Ftags&post=9349"}],"curies":[{"name":"wp","href":"https:\/\/api.w.org\/{rel}","templated":true}]}}