{"id":9337,"date":"2010-11-26T14:38:50","date_gmt":"2010-11-26T13:38:50","guid":{"rendered":"http:\/\/www.hohenlohe-ungefiltert.de\/?p=9337"},"modified":"2010-12-01T00:03:46","modified_gmt":"2010-11-30T23:03:46","slug":"maulkorb-fur-betriebsratsvorsitzenden-bei-der-firma-recaro-in-schwabisch-hall-%e2%80%93%c2%a0anhorungstermin-am-arbeitsgericht-in-crailsheim","status":"publish","type":"post","link":"https:\/\/www.hohenlohe-ungefiltert.de\/?p=9337","title":{"rendered":"&#8222;Maulkorb f\u00fcr Betriebsratsvorsitzenden bei der Firma Recaro in Schw\u00e4bisch Hall&#8220; \u2013\u00a0Anh\u00f6rungstermin im Arbeitsgericht Crailsheim"},"content":{"rendered":"<p><strong>Wegen seines Auftretens beim Warnstreik der IG Metall am  22. Oktober 2010 beim Subunternehmen Elsen, welches das Lager der Firma Recaro  Aircraft Seating in Schw\u00e4bisch Hall betreibt, hat die Firma  Recaro gegen den langj\u00e4hrigen Betriebsratsvorsitzenden Wolfgang Haag ein Beschlussverfahren wegen Versto\u00dfes gegen Paragraph 74, Absatz 2  des Betriebsverfassungsgesetzes (\u201eGrunds\u00e4tze der Zusammenarbeit\u201c) eingeleitet.<\/strong><\/p>\n<p><em>Von der IG Metall Schw\u00e4bisch Hall<\/em><\/p>\n<p><strong>Anh\u00f6rungstermin am Donnerstag, 2. Dezember 2010, 12 Uhr, beim Arbeitsgericht Crailsheim<\/strong><\/p>\n<p>Die Firma Recaro will Wolfgang Haag bei Androhung einer Strafe von 250.000 Euro gerichtlich verbieten lassen, sich in seiner Funktion als  Betriebsratsvorsitzender an &#8222;Arbeitskampfma\u00dfnahmen zu beteiligen, auf  die Beteiligung an solchen Arbeitskampfma\u00dfnahmen hinzuwirken oder solche  Arbeitskampfma\u00dfnahmen argumentativ zu unterst\u00fctzen.&#8220; Der Anh\u00f6rungstermin findet am Donnerstag, 2. Dezember 2010, um 12 Uhr im Arbeitsgericht in Crailsheim, Friedrichstra\u00dfe 16, Zimmer 18, statt.<\/p>\n<p><strong>Betriebsr\u00e4te umliegender Betriebe sollen protestieren <\/strong><\/p>\n<p>Wolfgang Haag wird vor Gericht von der DGB Rechtsschutz GmbH und dem Rechtssekret\u00e4r Volpert Beyer vertreten. Alfons Kuhnh\u00e4user, 2. Bevollm\u00e4chtigter der IG Metall Schw\u00e4bisch Hall  weist den Angriff auf den Betriebsratsvorsitzenden Wolfgang Haag  entschieden zur\u00fcck: &#8222;In einem demokratischen Land ist freie  Meinungs\u00e4u\u00dferung selbstverst\u00e4ndliches Recht eines jeden. Wenn die  Gesch\u00e4ftsf\u00fchrung von Recaro versucht, mit Hilfe rechtlicher  Unterlassungsandrohung einem gew\u00e4hlten Interessenvertreter einen  Maulkorb zu verpassen, st\u00f6\u00dft das auf unser Unverst\u00e4ndnis und unseren  Protest.&#8220; Die IG Metall hat die Betriebsr\u00e4te der umliegenden Betriebe zum Protest  aufgerufen. Sie sollen beim Anh\u00f6rungstermin in Crailsheim Pr\u00e4senz zeigen  und Protestbriefe an die Gesch\u00e4ftsleitung der Firma Recaro schicken.<\/p>\n<p><strong>Weitere Informationen im Internet auf der Seite<\/strong> <a href=\"http:\/\/www.schwaebisch-hall.igm.de\" target=\"_blank\">www.schwaebisch-hall.igm.de<\/a><\/p>\n<p><strong>Die IG Metall zu den Vorw\u00fcrfen der Firma Recaro <\/strong>(doppelklicken)<strong>: <\/strong><a href=\"https:\/\/www.hohenlohe-ungefiltert.de\/wp-content\/uploads\/2010\/11\/IG_Metall_Mitgliederbrief_11-2010.pdf\">IG_Metall_Mitgliederbrief_11-2010<\/a><\/p>\n<p><strong>Informationen \u00fcber den Warnstreik beim Subunternehmer Elsen:<\/strong> <a href=\"https:\/\/www.hohenlohe-ungefiltert.de\/wp-content\/uploads\/2010\/11\/IG_Metall_Pressemitteilung_Warnstreik_Elsen_22-10-10.pdf\">IG_Metall_Pressemitteilung_Warnstreik_Elsen_22-10-10<\/a><\/p>\n<div class=\"pdf24Plugin-cp\"> \t<form name=\"pdf24Form0\" method=\"post\" action=\"https:\/\/doc2pdf.pdf24.org\/wordpress.php\" target=\"pdf24PopWin\" onsubmit=\"var pdf24Win = window.open('about:blank', 'pdf24PopWin', 'resizable=yes,scrollbars=yes,width=600,height=250,left='+(screen.width\/2-300)+',top='+(screen.height\/3-125)+''); pdf24Win.focus(); if(typeof pdf24OnCreatePDF === 'function'){void(pdf24OnCreatePDF(this,pdf24Win));}\"> \t\t<input type=\"hidden\" name=\"blogCharset\" value=\"Cw1x07UAAA==\" \/><input type=\"hidden\" name=\"blogPosts\" value=\"MwQA\" \/><input type=\"hidden\" name=\"blogUrl\" value=\"yygpKSi20tcvLy\/Xy8jPSM3LARK6pXnpqWmZOSWpRSV6KakA\" \/><input type=\"hidden\" name=\"blogName\" value=\"88jPSM3LARK6pXnpqWmZOSWpRSUA\" \/><input type=\"hidden\" name=\"blogValueEncoding\" value=\"gzdeflate base64\" \/><input type=\"hidden\" name=\"postId_0\" value=\"szQ2NgcA\" \/><input type=\"hidden\" name=\"postTitle_0\" value=\"FcwxCsIwFAbgqzwQOksmoVMVxMVFT5Ckz+ZhksL\/0gpO3sELOHgGJyd7E09i3T++arEyxtR7O8RzD0en6Q1ac4GwU9iiYw+VcuXccibHQi2DtoJk6cDeoifJdPThMj2dqA+0szFW\/3VZ0\/d2\/zyaHKYXhtxpYaRZS6IGc1W0Y4gPhTawEjWwpB8=\" \/><input type=\"hidden\" name=\"postLink_0\" value=\"yygpKSi20tcvLy\/Xy8jPSM3LARK6pXnpqWmZOSWpRSV6Kan69gW2lsbG5gA=\" \/><input type=\"hidden\" name=\"postAuthor_0\" value=\"AwA=\" \/><input type=\"hidden\" name=\"postDateTime_0\" value=\"MzIwNNA1NNQ1MlMwNLEyNLQyNQAA\" \/><input type=\"hidden\" name=\"postContent_0\" value=\"rVbLbttGFN33Ky5coEgAvdFH4CgC5DqRjcaoUSM2kI0wFIfkRMMhMTOUUK3yIUW90Tdk5R3\/JF\/Sc0eUZEV1k0UXlm3O5X2cxx0Ny9HQeVuYdHQnU2nISWWko3GVeCu9NI4iqXK6E9YgTqo5xdLS5YSupBdak8iJBoMO\/T73RYSTQa\/f27xyU0WV8dIameVI\/Fo7aVq0lHqWoUAsHL0VKd7gfG+UzQX9IWfCFkRjZWdWJJ5upPDKpKQM3cyyZb2OlJtldMGFI8ntRL5FmfAUK9kk2WZJwzgxfrQw6Yd6nVnFT87wnpKRs8K7RWGd8itpOOyu0EmKUKQXKQEGhKKarpxbSJuIzCJoGbLeSut8Ud9jjk2Za2FFakWZ0S8\/tmgcOeFXNCCUd7uCIYlzlUldKp1EWUfPPn\/8e2IrE7t6jQcBi\/eVEzkQExYw+s8f\/3rOzaRS4z\/pO8Nuw9ewW46+G4I\/mY9uC\/MFL1\/iNewibPdKk2JssvqT5Y7AU46JweZ5YQyPJ9IWgddzuZL5ltgW9Qf0LrOtDcPj0CGmsWqWefrVCqVdhpOjHs939DTsLBV6PEQcuWhsYltkaIhHRtEbDx1IWmC8wU+9Tq\/Xo9dVIDeU1Pgg4BopliqIdkFjjh+rRssQV2XmXiGF0I6e4t+SMPTD9y8Gg8HLZq65yMskF\/W9EUHBq4pFJ5VmHbVIVAkF3Z01D7ltJHEFK9zQE1kyZVbVUtk5\/i647iaenooXNq3w28MJC24heMr5+oH77oSOey9Bk6UjNhOFwfzXSa3yhlc6JhVp9ry26A2wi\/kEBKNHSf2fW\/ReQa+W+i8APfpkjR7qbIc5VC5RTit2DQ\/fnEhGQWPa0hZeOq8km+1IRoeCAYgxpGFp0vS6aFxwPjljnWXeQf0VnDjJowsAF+M0357IOfZbvbZ0W+hSWo9W\/sS7UNNm8XVorJMC+++3KgOw68pJG8A7kwv0mtdrpFGpbzbY084jLA3lfFhFY5NalSRBO\/G3LyMC\/0gH6IMMbf0wm59u1XppgllyHq6YIxNXRtxbgYG5cII9CX1dIYrFgVFAHOsEBtGR84ugp7WJ2U5YSgEg2twDH7hkh+6kMUHrwBrZ63XiXVI\/ZCELw97YmlNVeLtFufJ0oTTMa2XjVKBE71i9ulmD4sDtOVwN4DLNVr7kOMl23hJiQ5DBHKLS88JGbAYcllvT+\/pTfe\/DxcLwVgaEod5uOqNc0EA44ETXG63tPYT59jRub5VD7TLVe\/2avX5XMFGTkLg+\/FMlDN2N2ol7szS\/dOmBw5CjXmOeFa1kuK5Cy03iCKUAqNhQsWeCbwZG8egmZc3MsGiODHnHd4nFuCYpEM\/bEbVQ\/nJzY\/tGodjAHLkzIg0F4R5MXp1k3pen3e5yueygylLIIPh2Bug6Ks07sTwhj90l\/auTaYQreH4y+o\/gYVcc3U6HfIBtBvy2sMv6wSbSHI+7a\/NZXJSl1HMdpn++TXj6aKM8nsM1g2QFfKPx0QaaMlFQovVorrss27MCyBjfrUpdiNh1eXN2+\/3u5WS6aXB6pXyq2aI28DTt99sc1Cnj5GT01bB\/A+CQnfohCrvGPP4ydvxNy26+aZ0+wdn\/M+t18CY8zjcfEkz3LU1D+elg0O732sfjf\/ubO0T+AQ==\" \/> \t\t<a href=\"https:\/\/www.pdf24.org\" target=\"_blank\" title=\"www.pdf24.org\" rel=\"nofollow\"><img src=\"https:\/\/www.hohenlohe-ungefiltert.de\/wp-content\/plugins\/pdf24-post-to-pdf\/img\/pdf_32x32.png\" alt=\"\" border=\"0\" height=\"32\" \/><\/a> \t\t<span class=\"pdf24Plugin-cp-space\">&nbsp;&nbsp;<\/span> \t\t<span class=\"pdf24Plugin-cp-text\">Sende Artikel als PDF<\/span> \t\t<span class=\"pdf24Plugin-cp-space\">&nbsp;&nbsp;<\/span> \t\t<input class=\"pdf24Plugin-cp-input\" style=\"margin: 0px;\" type=\"text\" name=\"sendEmailTo\" placeholder=\"Emailadresse\" \/> \t\t<input class=\"pdf24Plugin-cp-submit\" style=\"margin: 0px;\" type=\"submit\" value=\"Senden\" \/> \t<\/form> <\/div>","protected":false},"excerpt":{"rendered":"<p>Wegen seines Auftretens beim Warnstreik der IG Metall am 22. Oktober 2010 beim Subunternehmen Elsen, welches das Lager der Firma Recaro Aircraft Seating in Schw\u00e4bisch Hall betreibt, hat die Firma Recaro gegen den langj\u00e4hrigen Betriebsratsvorsitzenden Wolfgang Haag ein Beschlussverfahren wegen Versto\u00dfes gegen Paragraph 74, Absatz 2 des Betriebsverfassungsgesetzes (\u201eGrunds\u00e4tze der Zusammenarbeit\u201c) eingeleitet. Von der IG [&hellip;]<\/p>\n","protected":false},"author":3,"featured_media":0,"comment_status":"open","ping_status":"open","sticky":false,"template":"","format":"standard","meta":[],"categories":[],"tags":[],"_links":{"self":[{"href":"https:\/\/www.hohenlohe-ungefiltert.de\/index.php?rest_route=\/wp\/v2\/posts\/9337"}],"collection":[{"href":"https:\/\/www.hohenlohe-ungefiltert.de\/index.php?rest_route=\/wp\/v2\/posts"}],"about":[{"href":"https:\/\/www.hohenlohe-ungefiltert.de\/index.php?rest_route=\/wp\/v2\/types\/post"}],"author":[{"embeddable":true,"href":"https:\/\/www.hohenlohe-ungefiltert.de\/index.php?rest_route=\/wp\/v2\/users\/3"}],"replies":[{"embeddable":true,"href":"https:\/\/www.hohenlohe-ungefiltert.de\/index.php?rest_route=%2Fwp%2Fv2%2Fcomments&post=9337"}],"version-history":[{"count":8,"href":"https:\/\/www.hohenlohe-ungefiltert.de\/index.php?rest_route=\/wp\/v2\/posts\/9337\/revisions"}],"predecessor-version":[{"id":9339,"href":"https:\/\/www.hohenlohe-ungefiltert.de\/index.php?rest_route=\/wp\/v2\/posts\/9337\/revisions\/9339"}],"wp:attachment":[{"href":"https:\/\/www.hohenlohe-ungefiltert.de\/index.php?rest_route=%2Fwp%2Fv2%2Fmedia&parent=9337"}],"wp:term":[{"taxonomy":"category","embeddable":true,"href":"https:\/\/www.hohenlohe-ungefiltert.de\/index.php?rest_route=%2Fwp%2Fv2%2Fcategories&post=9337"},{"taxonomy":"post_tag","embeddable":true,"href":"https:\/\/www.hohenlohe-ungefiltert.de\/index.php?rest_route=%2Fwp%2Fv2%2Ftags&post=9337"}],"curies":[{"name":"wp","href":"https:\/\/api.w.org\/{rel}","templated":true}]}}