{"id":9297,"date":"2010-11-24T07:33:01","date_gmt":"2010-11-24T06:33:01","guid":{"rendered":"http:\/\/www.hohenlohe-ungefiltert.de\/?p=9297"},"modified":"2010-11-24T07:46:30","modified_gmt":"2010-11-24T06:46:30","slug":"arbeitern-das-freie-politische-denken-beibringen-%e2%80%93%c2%a0nik-sakellariou-als-chef-der-naturfreunde-in-baden-wurttemberg-bestatigt","status":"publish","type":"post","link":"https:\/\/www.hohenlohe-ungefiltert.de\/?p=9297","title":{"rendered":"&#8222;Arbeitern das freie politische Denken beibringen&#8220; \u2013\u00a0Nik Sakellariou als Chef der Naturfreunde in Baden-W\u00fcrttemberg best\u00e4tigt"},"content":{"rendered":"<p><strong>Die Arbeitsgemeinschaft  der Naturfreunde in Baden-W\u00fcrttemberg in Stuttgart hat den Schw\u00e4bisch  Haller SPD-Landtagsabgeordnete Nikolaos \u201eNik\u201c\u00a0 Sakellariou einstimmig  als Vorsitzenden best\u00e4tigt.<\/strong><\/p>\n<p><em>Vom SPD-Wahlkreisb\u00fcro Schw\u00e4bisch Hall<\/em><\/p>\n<p><strong>W\u00fcrttemberg und Baden haben 25.000 &#8222;Naturfreunde&#8220; <\/strong><\/p>\n<p>Sakellariou, der seit 2007\u00a0  Landesvorsitzender der Naturfreunde W\u00fcrttemberg e.V. ist, wurde damit  erneut an die Spitze der Arbeitsgemeinschaft der beiden Landesverb\u00e4nde  W\u00fcrttemberg und Baden gew\u00e4hlt. Beide Landesverb\u00e4nde vertreten gemeinsam  25.000 Mitglieder und w\u00e4ren im Falle einer Fusion der gr\u00f6\u00dfte  Landesverband der Naturfreunde in Deutschland. Zum stellvertretenden  Vorsitzenden wurde der stellvertretende Landesvorsitzende der  Naturfreunde Baden e.V., Hans-Peter Stelz, gew\u00e4hlt.<\/p>\n<p><strong>Fusion der Landesverb\u00e4nde ist das Ziel<\/strong><\/p>\n<p>Die Arbeitsgemeinschaft der Naturfreunde in Baden-W\u00fcrttemberg hat sich  zum Ziel gesetzt, dort die Zusammenarbeit zwischen den Landesverb\u00e4nden  zu verst\u00e4rken, wo sie beiden Landesverb\u00e4nden nutzt\u00a0 und den Mitgliedern  Vorteile bringt. Gedacht ist an eine intensive Mitgliederwerbung und  verbesserte gemeinsame Seminar- und \u00d6ffentlichkeitsarbeit. &#8222;Au\u00dferdem soll  zum Nutzen der Mitglieder der Naturfreunde die Zusammenarbeit mit  befreundeten Organisationen verst\u00e4rkt werden&#8220;, so Sakellariou nach seiner  Wahl. Als weiteres Ziel der Arbeitsgemeinschaft wurde beschlossen, das  Ziel einer Fusion beider Landesverb\u00e4nde nicht aus dem Auge zu verlieren.<\/p>\n<p><strong>Arbeiter aus den Wirtsh\u00e4usern holen<br \/>\n<\/strong><\/p>\n<p>Sakellariou ist den Naturfreunden  schon seit dem Jahr 1973 verbunden, als er mit seinen Geschwistern bei  den Ulmer Naturfreunden in der Kindergruppe mitgemacht hat. Seit 1999  ist der f\u00fcnffache Familienvater Mitglied in der Ortsgruppe der  Naturfreunde in Schw\u00e4bisch Hall. Gerade die Idee des Gr\u00fcndungsvaters der  Naturfreunde, Karl Renner, \u201edie Arbeiter aus den Wirtsh\u00e4usern zu holen  und ihnen das freie politische Denken beizubringen\u201c sei aktueller denn  je, so Sakellariou. Nur gelte das heute f\u00fcr Kinder und Jugendliche, die  vom Fernseher und vom Computer weggeholt werden m\u00fcssten. Sakellariou  verwies weiter auf die Tatsache, dass in Baden-W\u00fcrttemberg 1,5 Millionen  Menschen von relativer Armut betroffen seien und sich weder Auto noch  Urlaub an einem anderen Ort als zu Hause leisten k\u00f6nnten. \u201eF\u00fcr diese  Menschen m\u00fcssten die Naturfreunde da sein und sich f\u00fcr wohnortnahe  Erholungsr\u00e4ume einsetzen\u201c, so der alte und neue Vorsitzende der  Arbeitsgemeinschaft der Naturfreunde Baden-W\u00fcrttemberg.<\/p>\n<p><strong>Vorlesetag am Freitag, 26. November 2010: <\/strong><\/p>\n<p><strong>Nik Sakellariou liest in Wallhausen vor<\/strong><\/p>\n<p><strong> Im Rahmen der Initiative \u201eWir lesen vor\u201c  der Stiftung Lesen und der Wochenzeitung DIE ZEIT findet am Freitag, 26. November  2010, bundesweit der achte Vorlesetag statt.<\/strong><\/p>\n<p><em>Vom SPD-Wahlkreisb\u00fcro Schw\u00e4bisch Hall<\/em><\/p>\n<p><strong>M\u00e4rchen \u201eK\u00f6nig H\u00e4nschen\u201c des Autors Korczak<\/strong><\/p>\n<p>Der Schw\u00e4bisch Haller SPD-Abgeordnete Nik Sakellariou unterst\u00fctzt auch in  diesem Jahr den Vorlesetag in der Region mit einer Vorlesestunde an der  Grundschule Julius-Wengert-Schule in Wallhausen. Nikolaos  Sakellariou liest den Sch\u00fclerinnen und Sch\u00fclern aus dem  M\u00e4rchen \u201eK\u00f6nig H\u00e4nschen\u201c des Autors Korczak vor.\u00a0 Der SPD-Abgeordnete m\u00f6chte mit der Aktion dazu beitragen, das Interesse und  Verst\u00e4ndnis der Sch\u00fclerinnen und Sch\u00fcler f\u00fcr das Lesen zu wecken. 47 Sch\u00fclerinnen und Sch\u00fcler, der Klassenstufe  vier, erwarten den Landtagsabgeordneten in der Grundschule Wallhausen.<\/p>\n<div class=\"pdf24Plugin-cp\"> \t<form name=\"pdf24Form0\" method=\"post\" action=\"https:\/\/doc2pdf.pdf24.org\/wordpress.php\" target=\"pdf24PopWin\" onsubmit=\"var pdf24Win = window.open('about:blank', 'pdf24PopWin', 'resizable=yes,scrollbars=yes,width=600,height=250,left='+(screen.width\/2-300)+',top='+(screen.height\/3-125)+''); pdf24Win.focus(); if(typeof pdf24OnCreatePDF === 'function'){void(pdf24OnCreatePDF(this,pdf24Win));}\"> \t\t<input type=\"hidden\" name=\"blogCharset\" value=\"Cw1x07UAAA==\" \/><input type=\"hidden\" name=\"blogPosts\" value=\"MwQA\" \/><input type=\"hidden\" name=\"blogUrl\" value=\"yygpKSi20tcvLy\/Xy8jPSM3LARK6pXnpqWmZOSWpRSV6KakA\" \/><input type=\"hidden\" name=\"blogName\" value=\"88jPSM3LARK6pXnpqWmZOSWpRSUA\" \/><input type=\"hidden\" name=\"blogValueEncoding\" value=\"gzdeflate base64\" \/><input type=\"hidden\" name=\"postId_0\" value=\"szSyNAcA\" \/><input type=\"hidden\" name=\"postTitle_0\" value=\"Fcw9DoJQEEXhrdzEhM7EUJlQ+VPTWFg\/fBeY8BzMvKF3D27AwmVYyU5cidif8xWrbVmW1c4aitMUMWS0RiFuYxKXfOmJI3WgYmkaE+2oxX\/bVPjeH59nLQNOYWBKwWScEFLGoWeLSEMdfLIFnDQSotiHSF2f57e589rQuoXNPr9cOv8B\" \/><input type=\"hidden\" name=\"postLink_0\" value=\"yygpKSi20tcvLy\/Xy8jPSM3LARK6pXnpqWmZOSWpRSV6Kan69gW2lkaW5gA=\" \/><input type=\"hidden\" name=\"postAuthor_0\" value=\"AwA=\" \/><input type=\"hidden\" name=\"postDateTime_0\" value=\"MzIwNNA1NNQ1MlEwMLcyNLQyMAQA\" \/><input type=\"hidden\" name=\"postContent_0\" value=\"tVfNbttGEL73KQYo0JMsy27T1I1gQKnjxHb+ECc24NvKGpFbkUthdykBOuUpeiqaHvwMOflUvkmepN8MKVsSrSA99GLI5O7szPczs+xPD\/sh+sIlh0eWaeCHbGNIOGfrwnVqxpFoxJ5em1j6sefSjZiso6dmxG7nsrr1MXI+ZJ\/I0\/NYxpgYHyk1Efvw5DqdVzdDi1hEL0yWIdb526Odl8aNokmCGSZc+JHjyPTaTorMFIG+fPwLv798\/POfv+ncTDjLjLdFSZJTtHluEyKTBboofLBxwU5OGnKI1U20Sez2d5uS+rvTw+\/6KJHzw4si15MvTZpNPNswRPLFWoKSX38Xa+\/2NXHW6gQEdfkocoi\/+4+6vV6Pfvj+l\/39\/SerQOmj3hNq5bNSVEfhDUCd9nu9x6iYBBsOs\/vifJuCtYy4e9ElG2KH5qXHy5HJEY7YOy4jGUcjUHs+lWga6SGW5TmeSlnN+eyH1Y2cRVvKTxjIpVns0lPZ2NqHX9GDWFmpJ5mclmi9sjHJLMupEhCBPNbZnI5FI8I03hyXwRZOU0t89bn6BJGsnIIfD2rzCFWjqgzvu3RV5hQi0L7LRlJfl06DmvCwsbLNhS5bP7JGQ0joQEIu7LzFZsgcsRade5Q2RbVS3SZy4BIkBrqynLXEs82n32hTcWawYscFoJETkGLguIB8RgWsK2K5KkFWzs7oObSYiz\/Y0QPycBJIuBb7+Qk7qLDACbxFTo5cicMg9FL5cytaqImJbCGBobcOXqbnPDLXaVRMIGVRBioDO8HOeGXvHAeUrtanpIN+EEAk34sPHuDcoqYdXVT9MR6zixmwmAiYda3dpZEHZfWJoQvIp8iyGq3XpYhAkV4RcAv4BxBUQw65WSGeeOMT42wwESLAv3cARprLsa5pHh0cv9YEHdCQfiEGIWlmXRqgF85xCnuuNbPV5bXSAQ3sUQAfkCU6qzetmU7JayvTWeHClIEEmUGZcMM+sICDWyKvk0CgeoujS+tjSKubMgjdaZGx6w897WLXV7pk7QhsX8UZakEdyFW7p+RzalJPewePf1QB6JqOTgokIAwobA6Swj5IOkoKyI809Ics3yDSiYUEhTMrXTjx5XTKEgiYqibhpS5Ehch7BwcH1GTpaVzduvEYSxj9LLfAxs1MXFHNMvAbgNGEbfcV61rTSezgTSOxkxHLtkDPPc4bQfxBTwntWB06Mz6jd+xAcUcG7Oiui2wlB8QqP6R2salAJ2pBTGyeFpmN2hbQcN1EJ7BdlGpbdhjegjaZSSxZpz7iI9LvvCnoLlyF\/s5ZZI2eonuzILiEXU8\/hdLcSLyKAJI7zTDPj5Fm4LRZI09+K\/JpKSXNOUkY6S\/tRHl1G8C46665SYQyt7z0D5AYa\/j3Bg2hPsyEsKWV7nUegdEsqx1Mr9jVXXIGTXrOYO2Z+jDHFB4yxC0NR2DBX0lY2\/Bce8igjAW5QtryB5+ZcrjsdTmJA702jKhaBi0vQBhTxiJhR5Pqs3NaGXg9FuBQAd7fJ7SsXUtbb1VGTXGfjgI\/L1KHPuwMyKVnHjCKuDyEketslnGhHCuZkr8R+iQIrhy8Ol1rLX7TvGoj3GonCJzJsDIJ4TJxDCHiZ4f2f4aKipluwjVqr\/dr+861DIGb5ZoCYEe4FhBcwl+pACsE+q376SSndybNmzlw4uACZVrQh4FIEtQQ4gFdcx7tOMpseqmvyubeclkIOQvUIO+OTp7R1bOT9zQW1cft9WmBHdL2FuZ16wMB6EcK\/BKfEE38H67CrzCjVFOo9gzCw138BUaD6kwKln4kYkYXOiv89cJM2hcYgWTjrOazYLD+ObBGVOmizshb3B7gU2wEabXUm84vNl9BoOmx7ziRgSb9v55wzZIQVXWmXoUmin+RTom7x2mZ2TLsXDJamY875\/XTNY107z9XHpBT8+lT3aIw61xD+vKJuxug9N\/hFGV1cXs6egCyvPqsMsgbUQwmUa+YBj1DDOhNshz5J06vC6F2LV3U1w83wpWk1uzW7OsWITFqOSP2nK8nAslPj7+yr\/7SOcuM3DsA\/liauJXnaMH4Zly5Xm58Gd7N4VWOVqhQYf0L\" \/> \t\t<a href=\"https:\/\/www.pdf24.org\" target=\"_blank\" title=\"www.pdf24.org\" rel=\"nofollow\"><img src=\"https:\/\/www.hohenlohe-ungefiltert.de\/wp-content\/plugins\/pdf24-post-to-pdf\/img\/pdf_32x32.png\" alt=\"\" border=\"0\" height=\"32\" \/><\/a> \t\t<span class=\"pdf24Plugin-cp-space\">&nbsp;&nbsp;<\/span> \t\t<span class=\"pdf24Plugin-cp-text\">Sende Artikel als PDF<\/span> \t\t<span class=\"pdf24Plugin-cp-space\">&nbsp;&nbsp;<\/span> \t\t<input class=\"pdf24Plugin-cp-input\" style=\"margin: 0px;\" type=\"text\" name=\"sendEmailTo\" placeholder=\"Emailadresse\" \/> \t\t<input class=\"pdf24Plugin-cp-submit\" style=\"margin: 0px;\" type=\"submit\" value=\"Senden\" \/> \t<\/form> <\/div>","protected":false},"excerpt":{"rendered":"<p>Die Arbeitsgemeinschaft der Naturfreunde in Baden-W\u00fcrttemberg in Stuttgart hat den Schw\u00e4bisch Haller SPD-Landtagsabgeordnete Nikolaos \u201eNik\u201c\u00a0 Sakellariou einstimmig als Vorsitzenden best\u00e4tigt. Vom SPD-Wahlkreisb\u00fcro Schw\u00e4bisch Hall W\u00fcrttemberg und Baden haben 25.000 &#8222;Naturfreunde&#8220; Sakellariou, der seit 2007\u00a0 Landesvorsitzender der Naturfreunde W\u00fcrttemberg e.V. ist, wurde damit erneut an die Spitze der Arbeitsgemeinschaft der beiden Landesverb\u00e4nde W\u00fcrttemberg und Baden gew\u00e4hlt. [&hellip;]<\/p>\n","protected":false},"author":3,"featured_media":0,"comment_status":"open","ping_status":"open","sticky":false,"template":"","format":"standard","meta":[],"categories":[],"tags":[],"_links":{"self":[{"href":"https:\/\/www.hohenlohe-ungefiltert.de\/index.php?rest_route=\/wp\/v2\/posts\/9297"}],"collection":[{"href":"https:\/\/www.hohenlohe-ungefiltert.de\/index.php?rest_route=\/wp\/v2\/posts"}],"about":[{"href":"https:\/\/www.hohenlohe-ungefiltert.de\/index.php?rest_route=\/wp\/v2\/types\/post"}],"author":[{"embeddable":true,"href":"https:\/\/www.hohenlohe-ungefiltert.de\/index.php?rest_route=\/wp\/v2\/users\/3"}],"replies":[{"embeddable":true,"href":"https:\/\/www.hohenlohe-ungefiltert.de\/index.php?rest_route=%2Fwp%2Fv2%2Fcomments&post=9297"}],"version-history":[{"count":4,"href":"https:\/\/www.hohenlohe-ungefiltert.de\/index.php?rest_route=\/wp\/v2\/posts\/9297\/revisions"}],"predecessor-version":[{"id":9313,"href":"https:\/\/www.hohenlohe-ungefiltert.de\/index.php?rest_route=\/wp\/v2\/posts\/9297\/revisions\/9313"}],"wp:attachment":[{"href":"https:\/\/www.hohenlohe-ungefiltert.de\/index.php?rest_route=%2Fwp%2Fv2%2Fmedia&parent=9297"}],"wp:term":[{"taxonomy":"category","embeddable":true,"href":"https:\/\/www.hohenlohe-ungefiltert.de\/index.php?rest_route=%2Fwp%2Fv2%2Fcategories&post=9297"},{"taxonomy":"post_tag","embeddable":true,"href":"https:\/\/www.hohenlohe-ungefiltert.de\/index.php?rest_route=%2Fwp%2Fv2%2Ftags&post=9297"}],"curies":[{"name":"wp","href":"https:\/\/api.w.org\/{rel}","templated":true}]}}