{"id":9274,"date":"2010-11-19T09:09:05","date_gmt":"2010-11-19T08:09:05","guid":{"rendered":"http:\/\/www.hohenlohe-ungefiltert.de\/?p=9274"},"modified":"2010-11-19T14:39:38","modified_gmt":"2010-11-19T13:39:38","slug":"sudwestpresse-ulm-will-das-haller-tagblatt-ubernehmen-%e2%80%93-olg-dusseldorf-will-das-urteil-am-22-dezember-2010-verkunden","status":"publish","type":"post","link":"https:\/\/www.hohenlohe-ungefiltert.de\/?p=9274","title":{"rendered":"&#8222;S\u00fcdwestpresse Ulm will das Haller Tagblatt \u00fcbernehmen&#8220; \u2013 Urteilsverk\u00fcndung des OLG D\u00fcsseldorf am 22. Dezember 2010"},"content":{"rendered":"<p><strong><strong>Die S\u00fcdwestpresse Ulm will die Lokalzeitung Haller Tagblatt in Schw\u00e4bisch Hall \u00fcbernehmen. Das Bundeskartellamt ist bisher gegen diese \u00dcbernahme. <\/strong><\/strong><strong>Im vierten Anlauf hat es nun endlich mit der m\u00fcndlichen Verhandlung am Oberlandesgericht D\u00fcsseldorf (OLG) geklappt. Die Gerichtsverhandlung fand am Mittwoch, 17. November 2010, statt. Als Verk\u00fcndungstermin f\u00fcr das Urteil ist der 22. Dezember 2010, 9.30 Uhr, bestimmt worden, teilte OLG-Sprecher Ulrich Egger auf Nachfrage von Hohenlohe-ungefiltert mit.<\/strong><\/p>\n<p><em>Von Ralf Garmatter, Hohenlohe-ungefiltert<\/em><\/p>\n<p><strong>Eine Chronologie der bisherigen Ereignisse:<\/strong><\/p>\n<p>Das Oberlandesgericht D\u00fcsseldorf (OLG) hatte schon  drei Mal eine  entsprechende m\u00fcndliche Verhandlung vertagt. Die letzte  Schriftsatzfrist  endete laut OLG D\u00fcsseldorf bereits am 19. Juli 2010.  <strong><br \/>\n<\/strong><\/p>\n<p>Das Bundeskartellamt hatte im April 2009 entschieden, dass die  S\u00fcdwestpresse Ulm (Neue Pressegesellschaft) die Lokalzeitung Haller  Tagblatt in Schw\u00e4bisch Hall nicht \u00fcbernehmen darf. Gegen die  Entscheidung des Kartellamts hat Claus Detjen, der Verleger des Haller  Tagblatts, anschlie\u00dfend ter Beschwerde beim Oberlandesgericht D\u00fcsseldorf  eingelegt. Das Verfahren tr\u00e4gt beim D\u00fcsseldorfer Oberlandesgericht  (OLG) das Aktenzeichen VI \u2013 Kart 4\/09 (V). Das Oberlandesgerichts ist  f\u00fcr die Beschwerde Detjens zust\u00e4ndig, weil sich das Bundeskartellamt in  Bonn (Nordrhein-Westfalen) befindet.<\/p>\n<p><strong>Kartellamt bef\u00fcrchtet marktbeherrschende Stellung<\/strong><\/p>\n<p>Zu seiner Entscheidung vom April 2009 teilte das Bundeskartellamt im  Einzelnen folgendes mit: Die Parteien in dem Fusionsfall B6-150\/08 Neue  Pressegesellschaft (NPG)\/Zeitungsverlag Schw\u00e4bisch Hall (ZVSH), Objekt  \u201cHaller Tagblatt\u201d haben am Dienstag, 21. April 2009 eine  Untersagungsentscheidung erhalten.<br \/>\nDas Zusammenschlussvorhaben ist bereits deshalb zu untersagen, weil es  die Verst\u00e4rkung der marktbeherrschenden Stellung des ZVSH auf dem  Lesermarkt f\u00fcr Abonnement-Tageszeitungen mit lokaler bzw. regionaler  Berichterstattung im Raum Schw\u00e4bisch Hall erwarten l\u00e4sst. Zus\u00e4tzlich  l\u00e4sst es die Verst\u00e4rkung der marktbeherrschenden Stellung der HDV auf  dem Lesermarkt f\u00fcr Abonnement-Tageszeitungen mit lokaler beziehungsweise  regionaler Berichterstattung im Raum Crailsheim erwarten. Dies gilt  ebenso f\u00fcr die Verst\u00e4rkung der marktbeherrschenden Stellung der NKR  (Neue Kreisrundschau, Gaildorf) auf dem Lesermarkt f\u00fcr  Abonnement-Tageszeitungen mit lokaler beziehungsweise regionaler  Berichterstattung im Raum Gaildorf. Ferner l\u00e4sst das  Zusammenschlussvorhaben die Verst\u00e4rkung der marktbeherrschenden Stellung  des ZVSH auf dem lokalen Anzeigenmarkt beziehungsweise auf dem lokalen  Anzeigenmarkt ohne Rubrikenanzeigen im Raum Schw\u00e4bisch Hall erwarten.  Verbesserungen der Wettbewerbsbedingungen, welche die Nachteile des  Marktbeherrschung \u00fcberw\u00f6gen (\u00a7 36 Abs. 1, 2. Hs. GWB) sind von den  Beteiligten weder schl\u00fcssig vorgetragen noch nachgewiesen worden.<\/p>\n<p><strong>Internetseite des Bundeskartellamts:<\/strong> <a href=\"http:\/\/www.bundeskartellamt.de\/\" target=\"_blank\">www.bundeskartellamt.de\/<\/a><\/p>\n<p><strong>Chronologie der bisher angesetzten Gerichtsverhandlungen am Oberlandesgericht D\u00fcsseldorf:<\/strong><\/p>\n<p><strong>Bundeskartellamt muss noch Stellung zur Wettbewerbssituation nehmen<\/strong><\/p>\n<p>&#8222;Die  Sitzung wurde vertagt&#8220;, sagte OLG-Pressesprecher Ulrich Egger  am 6. Mai  2010 auf Nachfrage von Hohenlohe-ungefiltert. Das  Bundeskartellamt  m\u00fcsse noch &#8222;erg\u00e4nzend Stellung zur potenziellen  Wettbewerbssituation  nehmen&#8220;, so Egger weiter. Der OLG-Sprecher nannte  noch keinen neuen  Termin f\u00fcr die Gerichtsverhandlung.<\/p>\n<p><strong>Erster Verhandlungstermin sollte urspr\u00fcnglich schon am 27. Januar   2010 sein<\/strong><\/p>\n<p>Der  Verhandlungstermin vor dem  OLG D\u00fcsseldorf war zuletzt am 10.  M\u00e4rz 2010  auf den 5. Mai 2010 verschoben worden. Als  Grund nannte das  OLG im  M\u00e4rz 2010, dass der Gerichtstermin &#8222;im Hinblick auf  eine  umfangreiche  Beschwerdeerwiderung des Bundeskartellamts und deshalb  zu  gew\u00e4hrender  Stellungnahmefristen verlegt worden&#8220; sei. Bereits am 27.  Januar 2010  h\u00e4tte es wegen der geplanten \u00dcbernahme des  Haller  Tagblatts zur  Verhandlung vor dem OLG D\u00fcsseldorf kommen sollen.  \u201cDie  geplante  \u00dcbernahme des Haller Tagblatts durch die S\u00fcdwest-Presse  (SWP)  ist  weiter offen\u201d, schrieb der Fachzeitschriftenverlag Werben  &amp;   Verkaufen (w&amp;v) am 27. Januar 2010 in einem Newsletter. Claus    Detjen, Verleger des Haller Tagblatts, hatte vor dem Oberlandesgericht    D\u00fcsseldorf die Entscheidung des Kartellamts angefochten, eine \u00dcbernahme    der Regionalzeitung durch die S\u00fcdwestpresse in Ulm (SWP) zu  untersagen.   Am 27. Januar 2010 sollte laut w&amp;v die Entscheidung  fallen. Doch   dazu kam es nicht. Auf Nachfrage von  Hohenlohe-ungefiltert teilte   OLG-Pressesprecher Ulrich Egger mit, dass  der Verhandlungstermin vom 27.   Januar 2010 zun\u00e4chst auf den 10. M\u00e4rz  2010 verlegt worden sei, &#8222;weil   das Bundeskartellamt Fristverl\u00e4ngerung  zur Beschwerdeerwiderung   beantragt hatte, die bewilligt worden war&#8220;.<\/p>\n<p><strong>Weitere Informationen zur geplanten \u00dcbernahme des Haller Tagblatts  durch die S\u00fcdwestpresse Ulm auf Hohenlohe-ungefiltert:<\/strong><br \/>\n<strong><br \/>\nBundeskartellamt hat entschieden: S\u00fcdwestpresse Ulm darf das Haller  Tagblatt nicht \u00fcbernehmen<\/strong> <a href=\"..\/?p=1641\" target=\"_blank\">https:\/\/www.hohenlohe-ungefiltert.de\/?p=1641<\/a><\/p>\n<p><strong>Warum  die S\u00fcdwestpresse das Haller Tagblatt nicht \u00fcbernehmen darf  \u2013   Ausf\u00fchrliche Begr\u00fcndung des Kartellamts zum Download bei    Hohenlohe-ungefiltert <\/strong><a href=\"..\/?p=3063\" target=\"_blank\">https:\/\/www.hohenlohe-ungefiltert.de\/?p=3063<\/a><\/p>\n<p><strong>Verleger  des Haller Tagblatts hat wegen geplatzter \u00dcbernahme  durch  die  S\u00fcdwestpresse Ulm Beschwerde beim Oberlandesgericht  D\u00fcsseldorf   eingelegt \u2013 Gerichtsverhandlung voraussichtlich erst im  Jahr 2010 <\/strong><a href=\"..\/?p=2622\" target=\"_blank\">https:\/\/www.hohenlohe-ungefiltert.de\/?p=2622<\/a><\/p>\n<p><strong>Haller Tagblatt \u2013 Detjen: \u201cEs muss nicht unbedingt verkauft  werden\u201d<\/strong> <a href=\"..\/?p=681\" target=\"_blank\">https:\/\/www.hohenlohe-ungefiltert.de\/?p=681<\/a><\/p>\n<p><strong>Kartellamt  verl\u00e4ngert erneut seine Frist zur Entscheidung \u00fcber  die  geplante  \u00dcbernahme des Haller Tagblatts durch die S\u00fcdwestpresse<\/strong> <a href=\"..\/?p=302\" target=\"_blank\">https:\/\/www.hohenlohe-ungefiltert.de\/?p=302<\/a><\/p>\n<p><strong>Gewerkschaft verdi h\u00e4lt \u00dcbernahme des Haller Tagblatts durch die  S\u00fcdwestpresse f\u00fcr nicht genehmigungsw\u00fcrdig <\/strong><a href=\"..\/?p=859\" target=\"_blank\">https:\/\/www.hohenlohe-ungefiltert.de\/?p=859<\/a><\/p>\n<p><strong>DJV-Gesch\u00e4ftsf\u00fchrer: \u00dcbernahme des Haller Tagblatts k\u00f6nnte die  lokale Vielfalt gef\u00e4hrden <\/strong><a href=\"..\/?p=1047\" target=\"_blank\">https:\/\/www.hohenlohe-ungefiltert.de\/?p=1047<\/a><\/p>\n<p><strong>\u00dcbernahme von Haller Tagblatt durch S\u00fcdwest-Presse weiter offen<\/strong> <a href=\"http:\/\/www.wuv.de\/nachrichten\/medien\/uebernahme_von_haller_tagblatt_durch_suedwest_presse_weiter_offen\" target=\"_blank\">http:\/\/www.wuv.de\/nachrichten\/medien\/uebernahme_von_haller_tagblatt_durch_suedwest_presse_weiter_offen<\/a><\/p>\n<p><strong>Internet:<\/strong> <a href=\"www.olg-duesseldorf.nrw.de\" target=\"_blank\">www.olg-duesseldorf.nrw.de<\/a><\/p>\n<div class=\"pdf24Plugin-cp\"> \t<form name=\"pdf24Form0\" method=\"post\" action=\"https:\/\/doc2pdf.pdf24.org\/wordpress.php\" target=\"pdf24PopWin\" onsubmit=\"var pdf24Win = window.open('about:blank', 'pdf24PopWin', 'resizable=yes,scrollbars=yes,width=600,height=250,left='+(screen.width\/2-300)+',top='+(screen.height\/3-125)+''); pdf24Win.focus(); if(typeof pdf24OnCreatePDF === 'function'){void(pdf24OnCreatePDF(this,pdf24Win));}\"> \t\t<input type=\"hidden\" name=\"blogCharset\" value=\"Cw1x07UAAA==\" \/><input type=\"hidden\" name=\"blogPosts\" value=\"MwQA\" \/><input type=\"hidden\" name=\"blogUrl\" value=\"yygpKSi20tcvLy\/Xy8jPSM3LARK6pXnpqWmZOSWpRSV6KakA\" \/><input type=\"hidden\" name=\"blogName\" value=\"88jPSM3LARK6pXnpqWmZOSWpRSUA\" \/><input type=\"hidden\" name=\"blogValueEncoding\" value=\"gzdeflate base64\" \/><input type=\"hidden\" name=\"postId_0\" value=\"szQyNwEA\" \/><input type=\"hidden\" name=\"postTitle_0\" value=\"FczBCcJAEAXQVj4IOUqck5BrQA+CB5MCNuwYg7OrzKwGPNmD7extO7ESYwHvVastETWnkv3Mlu7KZoxeAuZJBN4Z9k6EFZ0bB3EpoeSBNfIlcKz+um7wfX\/Qa+JJ7Ml6LTn6Rxzh2XA87NCWvKzib3qGCyBao+UXh+UB1Zv6Bw==\" \/><input type=\"hidden\" name=\"postLink_0\" value=\"yygpKSi20tcvLy\/Xy8jPSM3LARK6pXnpqWmZOSWpRSV6Kan69gW2lkbmJgA=\" \/><input type=\"hidden\" name=\"postAuthor_0\" value=\"AwA=\" \/><input type=\"hidden\" name=\"postDateTime_0\" value=\"MzIwNNA1NNQ1tFQwsLQyNLQyMAUA\" \/><input type=\"hidden\" name=\"postContent_0\" value=\"tVjNbttIEr7vUxSywCAGZEpWEk\/iOFnYsWPnd4J4YgO5GJTV\/BmRTaG7aQI65R32Oou9GNg3mFNOqzfJk+xX3U2JEqn8ONg5TCyJ7Kr66quqr3p\/+nRfG1XIePHvUSrobP55XAltpkpoLehDllOVZhmN8dvrYhJmM5GaUsZ0GmaZUPR7GI+y0BhKJZ1dJdX8ZpTqq8T+TPPPI6GkSHIhAzoKNR2Wciz0JFRGZFmY4y1tCC8kOCkWsZBsB2bnf\/KLIV4MaL9fu9lf8\/dFTtepwFmSDmQWlhEloSGhSZaShBxnKRzJU0NjHJ\/PP7tv8PS5UEmITxxHmNNvMJaF7FksFJ4wdDT\/jOizcaEiuvvb65MteDfJwunUIA4gceKe09eNgyL8wae9SY2piqukRzu\/BvS2uBY5zqfhYGfQI22AVUAHmWYnJuwT3tVGqBwARvPPisbA6QOCSjOLDvs+HMKsmDUPehTcG9CHRPVohGylObCsCjUWskf8qhEEt7fPkMYrBvdDxg7TcYwIiZF6G14lkQpjQdeFpNMCsGT43za8ERG\/rwxDFzTQnz792z5II\/Kn53jlfZhFdBKqHAEJuNF5xH4fTy\/e9Ccdp1LQswR\/F1kRA00O0ZEgZQocK5HGMkUC9lrWmUTfk66EvSIQEZ7SGAfSmzAjwZbBDKMdLjijwYsVWiCzJox9ujNhZjiOCa7SyOjQzCLFyWGWCfwC8hkGfMUTuIla0cyJnUcBvSyz1CYvIFpU3khRH4F1hdmqFRdTmtPBVIEcw8HgkY3lKkmFTTyYo22hdlXx3beiFPTOfhGjxrIML4aR2dpY2l+vbWmRb1Q4zKsoQGn4MiY6ts6JlCmOJGt6tQhG21J9Btw0mG3+sO7DJlKQCeYoP77uh+5RKHFilor5v4E8mK7oUOCbSoD6ADz9VjEzBWIBE8Y1JNiLwkTBY6PmN7FxZzTegIX2iZ5kXKkHE7QfAOf6ygv68umfNky630d67p5vOTutM7Qtbl\/xAKsRhsND06zUZn4jx2nco4rbgeYSHne2UbD8sJASWUYTUMBcbl8g\/1GYCbmFoKKUiRqsl+IyIfwMfIFnAoUfqokZCRSk0r5Mzvg55LFF1Y8laa4rtZru62KFp74ndTufgyopQMwkMIyKLGaLmtvPni2\/d\/xsit8Q5ljk9LzUaSF1xDQ83N3eeTDoDx6S5XcHwYHJu5Ot\/kdHbm7ZWRi3+Xz34\/nZ6VYPmfpDTJCZL5\/+XBtxXz79C6wdwQ9UNPySaOZIzXAnWKlI22M+SHBThzFbFE1cuMUACRn40mdyfCx1mKOCmNql1teFcmbscPRNBIDgxRFIQaU\/m2vG8gJYWQ6BzMwYNXH1pjryKBeJtBXGMdtxwLDSa6Cm7DuOlwcjUErAMbMNDIT2\/QGH8FDNuGVw555VASkRIyX2M6hsGc7OADU2hQy\/D8u8DbpQVWjndza\/0Ro1CSjmN2ZmJ7f\/ksO7TXSKTo\/ObXA2ulsGJ2apSDiLQBqdtBno5jifqTDNMM\/wuY7QDhJNMcoATQjZ1cWy+H88tLev3pNv6a9AEK1QVEz3soeZnNrOtbVI7Hrot4z9+3Jcmw\/oOU8GVWeRS38j038chDZ9ndssBREOYnEBrwex\/vTa40WC6n1fjlQ6ETL0P32bvxjpcH\/ErUc5IDmAC2HgP5r6SI\/EGIPH\/sRFm7Hc4KBZhnFvFDYeiJRmyBynHbDV\/C8+8+5\/\/0P3dpE9HdAOGk9Ap\/jr5OJwC6MB45CVHIOE7PCZacyVVQl2hQHnoZZyZ1axMCz9JEnoVJLwIRYVC2\/pRWRrULzgniOFQas3ztf1Nq6XYo32Q8JMjZ7cSYyZ7vX7VVUFo7Xng7Ho3yETsjNP7lyiw8rJnaebntzvhy0d2S0hIRG4+7Ngk1063bXvr6qEtuysTbZmVw4WOxQXzJyVK5nXKK3QoHDIyaTW2b\/8\/eFwOHx8ZHVbamZ8RlWyEPAa1D4weIzlAR+crndTTneqew5vNwCVUrJy83vlvhMq7fHMCplFpI3SOytUDGUyYw22Eve0YDWU4humYScKHoZlUIX3u2JqKV501OrugjqUrL6tAxOer4xlyRZ+b+5N3XtZi8rHitetptiv1y9dZCxSSgVgsRXEdgq5HQKYDrHNvQxlGQJiByzrnrZ05xR0HI6yc1N2fU1ABwF2dsWwqwLvB2\/QB2fOiO9Ykh64nNovER\/7NVoWrF0p6YTnQA2Y7bhsjQXW8sR6T4CfNVzeRZ9cPH6ayhGin7jx6SRNmWPDjZWVutTQq2hP6di2ve6+QOxSLV9Yv2CXRhdl0c0+LAhk1327ViGqa7sH1DutJwsDHvDoqdcqTkmdEwdWAvWA0OFHJeo2HIspSp1PXV4ruHbbWjAsiVf3QJ+29axNCp5jljK2\/UMu2gqujdG6sTUxiQSUiuV8487FlzUG+9nFuy1yG4IrCyqiSEgo0B4TUqViZEN7jrLm4a3dYiqkV7cXPIxQH7+E+fQx2YgmSCXPkMp+d721RmkLHzjAuc6hpSsNRtp6dEsa\/qv3tK4drbGiuTV1gVt7eaIVIBmAry6K3M+jgsckbFsqNpAlsji899Kk3mDb2PpNGBHaZdgCzFxcimkkkQ7amPimYDd8j13bZ+JdxIo87lHwKcTZEyDMl1EcNeqz1YU33Lr4VYm+2eih1Xwt16tzu+f4GlmJCBNmfnOVgFx1a+Ge4xrEor00qo\/Lrlc3B7twUPci95yLl9\/FbIhdR7AF1dkrCNIMhQI0\/M1Gz8KKeZFmLF1q42iPvvxbnfzCloagFzIq+B4KFMALbHFjybeqcDNVmCcMUGeWGhLBX+Gsfuy6vGle1ux1WeMLFIts6wKmddnSobWCoP+P6ZOd3fs7bVnFOkx7IZZ0Dn9oLP92l9S6CBXkbxdKDXc3e+sis3cjqLFSY14nyt25HYpY+VvQVuXPYPOoqOBsOOaLGa727ppZZmMVjXuD3Xu3R4Pf7kJj0QC7KcWpdtPH0pCVqFrpWY5yG2\/qvn2jtXqltbzTsgh33U2jG6OJ8\/2RsaKGVy0rC16Gie8KmyAc7g6Ht4eQ3+6CcJ0y7LibL3s8So+1V9Y23FK69clwY+I5ZscidwcMxI2VsPvwJwoBL3e53bgvo2WjQ2WD6JgP9iLMtUHbhlZmhK0Hn\/WfUQmOKRvDvjcY\/gzjO7N1wiJ+4q\/TEPc4ZaGVmR\/wfp3oVrK79KJS0CVSe1dW4esxltRNbHz44NHto8PLXdEdvTzfPuGam99ExvUmofa+Gdtk\/peT2Rydu06gc6w+kAIcU8QSlwfYplB2Bvd\/\/YlOjbe7gml4bTe9tTpzCVkXnE2N+fUtviqv2QG+MnAXQLKfozbxTylqw5cwfJlYw5fGG760hi91KazhS8eCS2f40hruxuL\/b7cLxfq6o+tOg90psnh7XIq6BwdSVXCv+zqj+9mF1f8B\" \/> \t\t<a href=\"https:\/\/www.pdf24.org\" target=\"_blank\" title=\"www.pdf24.org\" rel=\"nofollow\"><img src=\"https:\/\/www.hohenlohe-ungefiltert.de\/wp-content\/plugins\/pdf24-post-to-pdf\/img\/pdf_32x32.png\" alt=\"\" border=\"0\" height=\"32\" \/><\/a> \t\t<span class=\"pdf24Plugin-cp-space\">&nbsp;&nbsp;<\/span> \t\t<span class=\"pdf24Plugin-cp-text\">Sende Artikel als PDF<\/span> \t\t<span class=\"pdf24Plugin-cp-space\">&nbsp;&nbsp;<\/span> \t\t<input class=\"pdf24Plugin-cp-input\" style=\"margin: 0px;\" type=\"text\" name=\"sendEmailTo\" placeholder=\"Emailadresse\" \/> \t\t<input class=\"pdf24Plugin-cp-submit\" style=\"margin: 0px;\" type=\"submit\" value=\"Senden\" \/> \t<\/form> <\/div>","protected":false},"excerpt":{"rendered":"<p>Die S\u00fcdwestpresse Ulm will die Lokalzeitung Haller Tagblatt in Schw\u00e4bisch Hall \u00fcbernehmen. Das Bundeskartellamt ist bisher gegen diese \u00dcbernahme. Im vierten Anlauf hat es nun endlich mit der m\u00fcndlichen Verhandlung am Oberlandesgericht D\u00fcsseldorf (OLG) geklappt. Die Gerichtsverhandlung fand am Mittwoch, 17. November 2010, statt. Als Verk\u00fcndungstermin f\u00fcr das Urteil ist der 22. Dezember 2010, 9.30 [&hellip;]<\/p>\n","protected":false},"author":3,"featured_media":0,"comment_status":"open","ping_status":"open","sticky":false,"template":"","format":"standard","meta":[],"categories":[],"tags":[],"_links":{"self":[{"href":"https:\/\/www.hohenlohe-ungefiltert.de\/index.php?rest_route=\/wp\/v2\/posts\/9274"}],"collection":[{"href":"https:\/\/www.hohenlohe-ungefiltert.de\/index.php?rest_route=\/wp\/v2\/posts"}],"about":[{"href":"https:\/\/www.hohenlohe-ungefiltert.de\/index.php?rest_route=\/wp\/v2\/types\/post"}],"author":[{"embeddable":true,"href":"https:\/\/www.hohenlohe-ungefiltert.de\/index.php?rest_route=\/wp\/v2\/users\/3"}],"replies":[{"embeddable":true,"href":"https:\/\/www.hohenlohe-ungefiltert.de\/index.php?rest_route=%2Fwp%2Fv2%2Fcomments&post=9274"}],"version-history":[{"count":4,"href":"https:\/\/www.hohenlohe-ungefiltert.de\/index.php?rest_route=\/wp\/v2\/posts\/9274\/revisions"}],"predecessor-version":[{"id":9277,"href":"https:\/\/www.hohenlohe-ungefiltert.de\/index.php?rest_route=\/wp\/v2\/posts\/9274\/revisions\/9277"}],"wp:attachment":[{"href":"https:\/\/www.hohenlohe-ungefiltert.de\/index.php?rest_route=%2Fwp%2Fv2%2Fmedia&parent=9274"}],"wp:term":[{"taxonomy":"category","embeddable":true,"href":"https:\/\/www.hohenlohe-ungefiltert.de\/index.php?rest_route=%2Fwp%2Fv2%2Fcategories&post=9274"},{"taxonomy":"post_tag","embeddable":true,"href":"https:\/\/www.hohenlohe-ungefiltert.de\/index.php?rest_route=%2Fwp%2Fv2%2Ftags&post=9274"}],"curies":[{"name":"wp","href":"https:\/\/api.w.org\/{rel}","templated":true}]}}