{"id":9265,"date":"2010-11-19T07:31:34","date_gmt":"2010-11-19T06:31:34","guid":{"rendered":"http:\/\/www.hohenlohe-ungefiltert.de\/?p=9265"},"modified":"2010-11-19T08:31:48","modified_gmt":"2010-11-19T07:31:48","slug":"eine-minute-lang-krach-gegen-stuttgart-21-%e2%80%93-schwabenstreich-am-montag-in-schwabisch-hall","status":"publish","type":"post","link":"https:\/\/www.hohenlohe-ungefiltert.de\/?p=9265","title":{"rendered":"&#8222;Eine Minute lang Krach gegen Stuttgart 21&#8220; \u2013 Schwabenstreich am Montag in Schw\u00e4bisch Hall"},"content":{"rendered":"<p><strong>Ein weiterer Schwabenstreich findet am Montag, 22. November 2010, um 18.45 Uhr am Milchmarkt in Schw\u00e4bisch Hall statt.<\/strong><\/p>\n<p><em>Von Hans Maier, Haller Aktionsb\u00fcndnis gegen Stuttgart 21<\/em><\/p>\n<p><strong>F\u00fcr den Ausbau des Kopfbahnhofs<\/strong><\/p>\n<p>Von 19 Uhr an wird f\u00fcr  eine Minute Krach gemacht aus Protest gegen den geplanten Bau des  Tiefbahnhofs Stuttgart 21 und f\u00fcr den Ausbau des Kopfbahnhofs K 21.<\/p>\n<div class=\"pdf24Plugin-cp\"> \t<form name=\"pdf24Form0\" method=\"post\" action=\"https:\/\/doc2pdf.pdf24.org\/wordpress.php\" target=\"pdf24PopWin\" onsubmit=\"var pdf24Win = window.open('about:blank', 'pdf24PopWin', 'resizable=yes,scrollbars=yes,width=600,height=250,left='+(screen.width\/2-300)+',top='+(screen.height\/3-125)+''); pdf24Win.focus(); if(typeof pdf24OnCreatePDF === 'function'){void(pdf24OnCreatePDF(this,pdf24Win));}\"> \t\t<input type=\"hidden\" name=\"blogCharset\" value=\"Cw1x07UAAA==\" \/><input type=\"hidden\" name=\"blogPosts\" value=\"MwQA\" \/><input type=\"hidden\" name=\"blogUrl\" value=\"yygpKSi20tcvLy\/Xy8jPSM3LARK6pXnpqWmZOSWpRSV6KakA\" \/><input type=\"hidden\" name=\"blogName\" value=\"88jPSM3LARK6pXnpqWmZOSWpRSUA\" \/><input type=\"hidden\" name=\"blogValueEncoding\" value=\"gzdeflate base64\" \/><input type=\"hidden\" name=\"postId_0\" value=\"szQyMwUA\" \/><input type=\"hidden\" name=\"postTitle_0\" value=\"U1O2MDIysnbNzEtV8M3MKy1JVchJzEtX8C5KTM5QSE9NT81TCC4pLSlJTywqUTAyVAOpN7BWeNQwWSE4OaM8MSk1r7ikKDUTqDoxV8E3P68kMV0hMw8seXhJUmYxUMIjMScHAA==\" \/><input type=\"hidden\" name=\"postLink_0\" value=\"yygpKSi20tcvLy\/Xy8jPSM3LARK6pXnpqWmZOSWpRSV6Kan69gW2lkZmpgA=\" \/><input type=\"hidden\" name=\"postAuthor_0\" value=\"AwA=\" \/><input type=\"hidden\" name=\"postDateTime_0\" value=\"MzIwNNA1NNQ1tFQwMLcyNLQyNgEA\" \/><input type=\"hidden\" name=\"postContent_0\" value=\"fZDdaoQwEEbv+xTzAKKrtNCCCFtoKciWQn\/uEx1jWJ1IMum+UB9j73yxjlYWSqFXGciXc75JOVVlYO\/IVA+W4ISW0aOH16Y\/KY0kd2ibHjpLLTKoEQ6OWJkEiiKFZ\/eJo5Z4sct3CcQR8tv0+gbee79G7dD0o\/JHBmEvyPlL2yC4JzUMEFgxp2W2+ctsqq5K6YNj9eFIMhTgoCz6ZM2LZn9k6yjo+Uwt2QAGDQqYI7NRnqHIy0xeX0gb+XE+e2gluY9BqyhjgNpNnVY99a4Lfyos+vzuZw35FOtb6BYGoCWUtSgyQu2VbGJwlEN+JgZ48Y4x8FZrERqcBkUs0\/3mhTeLF\/Gv6hBp0\/xTFWpJpmvPbw==\" \/> \t\t<a href=\"https:\/\/www.pdf24.org\" target=\"_blank\" title=\"www.pdf24.org\" rel=\"nofollow\"><img src=\"https:\/\/www.hohenlohe-ungefiltert.de\/wp-content\/plugins\/pdf24-post-to-pdf\/img\/pdf_32x32.png\" alt=\"\" border=\"0\" height=\"32\" \/><\/a> \t\t<span class=\"pdf24Plugin-cp-space\">&nbsp;&nbsp;<\/span> \t\t<span class=\"pdf24Plugin-cp-text\">Sende Artikel als PDF<\/span> \t\t<span class=\"pdf24Plugin-cp-space\">&nbsp;&nbsp;<\/span> \t\t<input class=\"pdf24Plugin-cp-input\" style=\"margin: 0px;\" type=\"text\" name=\"sendEmailTo\" placeholder=\"Emailadresse\" \/> \t\t<input class=\"pdf24Plugin-cp-submit\" style=\"margin: 0px;\" type=\"submit\" value=\"Senden\" \/> \t<\/form> <\/div>","protected":false},"excerpt":{"rendered":"<p>Ein weiterer Schwabenstreich findet am Montag, 22. November 2010, um 18.45 Uhr am Milchmarkt in Schw\u00e4bisch Hall statt. Von Hans Maier, Haller Aktionsb\u00fcndnis gegen Stuttgart 21 F\u00fcr den Ausbau des Kopfbahnhofs Von 19 Uhr an wird f\u00fcr eine Minute Krach gemacht aus Protest gegen den geplanten Bau des Tiefbahnhofs Stuttgart 21 und f\u00fcr den Ausbau [&hellip;]<\/p>\n","protected":false},"author":3,"featured_media":0,"comment_status":"open","ping_status":"open","sticky":false,"template":"","format":"standard","meta":[],"categories":[],"tags":[],"_links":{"self":[{"href":"https:\/\/www.hohenlohe-ungefiltert.de\/index.php?rest_route=\/wp\/v2\/posts\/9265"}],"collection":[{"href":"https:\/\/www.hohenlohe-ungefiltert.de\/index.php?rest_route=\/wp\/v2\/posts"}],"about":[{"href":"https:\/\/www.hohenlohe-ungefiltert.de\/index.php?rest_route=\/wp\/v2\/types\/post"}],"author":[{"embeddable":true,"href":"https:\/\/www.hohenlohe-ungefiltert.de\/index.php?rest_route=\/wp\/v2\/users\/3"}],"replies":[{"embeddable":true,"href":"https:\/\/www.hohenlohe-ungefiltert.de\/index.php?rest_route=%2Fwp%2Fv2%2Fcomments&post=9265"}],"version-history":[{"count":2,"href":"https:\/\/www.hohenlohe-ungefiltert.de\/index.php?rest_route=\/wp\/v2\/posts\/9265\/revisions"}],"predecessor-version":[{"id":9267,"href":"https:\/\/www.hohenlohe-ungefiltert.de\/index.php?rest_route=\/wp\/v2\/posts\/9265\/revisions\/9267"}],"wp:attachment":[{"href":"https:\/\/www.hohenlohe-ungefiltert.de\/index.php?rest_route=%2Fwp%2Fv2%2Fmedia&parent=9265"}],"wp:term":[{"taxonomy":"category","embeddable":true,"href":"https:\/\/www.hohenlohe-ungefiltert.de\/index.php?rest_route=%2Fwp%2Fv2%2Fcategories&post=9265"},{"taxonomy":"post_tag","embeddable":true,"href":"https:\/\/www.hohenlohe-ungefiltert.de\/index.php?rest_route=%2Fwp%2Fv2%2Ftags&post=9265"}],"curies":[{"name":"wp","href":"https:\/\/api.w.org\/{rel}","templated":true}]}}