{"id":9200,"date":"2010-11-12T07:36:26","date_gmt":"2010-11-12T06:36:26","guid":{"rendered":"http:\/\/www.hohenlohe-ungefiltert.de\/?p=9200"},"modified":"2010-11-12T07:36:36","modified_gmt":"2010-11-12T06:36:36","slug":"%e2%80%9esport-und-bewegung-%e2%80%93-unverzichtbar-fur-gesellschaftliche-integration%e2%80%9c-%e2%80%93%c2%a0landtagsabgeordneter-sakellariou-spd-ladt-zum-sportforum-in-den-landtag-ein","status":"publish","type":"post","link":"https:\/\/www.hohenlohe-ungefiltert.de\/?p=9200","title":{"rendered":"\u201eSport und Bewegung \u2013 unverzichtbar f\u00fcr gesellschaftliche Integration\u201c \u2013\u00a0Landtagsabgeordneter Sakellariou (SPD) l\u00e4dt zum Sportforum in den Landtag ein"},"content":{"rendered":"<p><strong>Nicht erst seit den j\u00fcngsten Debatten, ist Integration  ein Thema, das unsere Gesellschaft besch\u00e4ftigt. So wird Integration  im Sport seit Jahrzehnten bei vielen Gelegenheiten wie  selbstverst\u00e4ndlich gelebt. Doch welche Beispiele sind besonders  erfolgversprechend? Prominente Redner wie unter anderen Erwin Staudt, Pr\u00e4sident des  VfB Stuttgart und Uwe H\u00fcck, Betriebsratsvorsitzender von Porsche und  Thaiboxer geben dar\u00fcber beim Sportforum am Montag, 15. November 2010, von 16 bis 19 Uhr im Haus des Landtags in Stuttgart Auskunft.<\/strong><\/p>\n<p><em>Vom SPD-Wahlkreisb\u00fcro Schw\u00e4bisch Hall<\/em><\/p>\n<p><strong>Bedeutung von  Sport und Bewegung aus wissenschaftlicher Sicht<\/strong><\/p>\n<p>Der Schw\u00e4bisch Haller Landtagsabgeordnete Nik Sakellariou (SPD) l\u00e4dt alle Interessierten dazu ein, mit den  SPD-Fachpolitikern, prominenten G\u00e4sten und vielen interessanten Menschen  aus der Praxis \u00fcber das Thema \u201eSport und Integration\u201c zu diskutieren. Das Thema lautet: \u201eSport und Bewegung \u2013 Unverzichtbar f\u00fcr gesellschaftliche Integration\u201c. Die SPD-Landtagsfraktion freut sich dar\u00fcber, dass der bundesweit  angesehene Professor Manfred Spitzer als Hauptredner die Bedeutung von  Sport und Bewegung aus wissenschaftlicher Sicht erl\u00e4utert. Weitere  Referenten, die mit Kurzreferaten aus der Praxis berichten, sind Uwe  H\u00fcck, Betriebsratsvorsitzender bei Porsche, die Oberb\u00fcrgermeisterin von  Kirchheim, Angelika Matt-Heidecker, Hans-Peter Beer, Vorstand der TG  Biberach und Verena Bentele, mehrfache Medaillengewinnerin bei den  Paralympics (angefragt).<\/p>\n<p><strong>Motivation und  Ehrenamt<\/strong><\/p>\n<p>Abgerundet wird die Liste der hochkar\u00e4tigen Referenten durch den  Pr\u00e4sidenten des VfB Stuttgart, Erwin Staudt, der \u00fcber Motivation und  Ehrenamt sprechen wird.<br \/>\nWeitere Informationen zum Programm sind auf der Homepage der  SPD-Landtagsfraktion <a href=\"http:\/\/www.spd.landtag-bw.de\" target=\"_blank\">www.spd.landtag-bw.de<\/a> zu finden. Wer dabei sein will, soll sich baldm\u00f6glichst bei Manuel Thiel anmelden unter Telefon 0711  2063-730, Fax 0711 2063-14730 oder per E-Mail an:  Manuel.Thiel@spd.landtag-bw.de.<\/p>\n<p><strong>B\u00fcrgersprechstunde mit Nik Sakellariou in Schw\u00e4bisch Hall<\/strong><\/p>\n<p>Der SPD-Abgeordnete Nikolaos Sakellariou bietet am Donnerstag, 18.  November 2010, ab 17 Uhr eine B\u00fcrgersprechstunde in seinem  Wahlkreisb\u00fcro in der Gelbinger Gasse 14 in Schw\u00e4bisch Hall an.  Anmeldungen nimmt das SPD-Wahlkreisb\u00fcro unter Telefon 07 91\/88 75 oder  per E-Mail wahlkreisbuero.nik@t-online.de entgegen.<\/p>\n<div class=\"pdf24Plugin-cp\"> \t<form name=\"pdf24Form0\" method=\"post\" action=\"https:\/\/doc2pdf.pdf24.org\/wordpress.php\" target=\"pdf24PopWin\" onsubmit=\"var pdf24Win = window.open('about:blank', 'pdf24PopWin', 'resizable=yes,scrollbars=yes,width=600,height=250,left='+(screen.width\/2-300)+',top='+(screen.height\/3-125)+''); pdf24Win.focus(); if(typeof pdf24OnCreatePDF === 'function'){void(pdf24OnCreatePDF(this,pdf24Win));}\"> \t\t<input type=\"hidden\" name=\"blogCharset\" value=\"Cw1x07UAAA==\" \/><input type=\"hidden\" name=\"blogPosts\" value=\"MwQA\" \/><input type=\"hidden\" name=\"blogUrl\" value=\"yygpKSi20tcvLy\/Xy8jPSM3LARK6pXnpqWmZOSWpRSV6KakA\" \/><input type=\"hidden\" name=\"blogName\" value=\"88jPSM3LARK6pXnpqWmZOSWpRSUA\" \/><input type=\"hidden\" name=\"blogValueEncoding\" value=\"gzdeflate base64\" \/><input type=\"hidden\" name=\"postId_0\" value=\"szQyMAAA\" \/><input type=\"hidden\" name=\"postTitle_0\" value=\"LY4xCsJAEEWv8ku9htgIFkJOMMlONovrrExmFVLlDmlFLDyGlblJTuIqdp\/3eZ+\/jPfqnNSQxWHDV\/ZZPJZxKuDCOoSms5oU7fxSeO45xr7pqLVYGsZOjL2ShSTLePt678eexBn5nmrPSZ2wsaKiY1FJQ8pYVYftGnF+OsOQT\/gdaJOWGASOBf8JcJAP\" \/><input type=\"hidden\" name=\"postLink_0\" value=\"yygpKSi20tcvLy\/Xy8jPSM3LARK6pXnpqWmZOSWpRSV6Kan69gW2lkYGBgA=\" \/><input type=\"hidden\" name=\"postAuthor_0\" value=\"AwA=\" \/><input type=\"hidden\" name=\"postDateTime_0\" value=\"MzIwNNA1NNQ1NFIwMLcyNLQyMgMA\" \/><input type=\"hidden\" name=\"postContent_0\" value=\"pVbLUhw3FN37K26xsqvm4Ykf2K7xxEyBjWPjUMHAMqWevt2tjFrqktS0w8r\/kG0qK74hK3bzJ\/6SnKsewAykssgC6FZL93UeYtrMpiF6Z8vZJ72oIrEPkQLrSDlb+m11acsQ8bTLmYp4GJDGhvc2culV1M4Ssbb0ueJaDShXgVob2DO948DGhEWlikgZ42F1UURdxhEdOeq0z29H0TUdNc6vk\/+kKn\/OlZXUGWs602zw+A6\/S7YVtuCt00zYbrIQz6Tu1YXNDbqgEtsyJNp1eOnYLCqmOevQSBQK2uZSkbM5TqF+XzhTSoTGM7ba\/Ec69K7WlpGffuHcsk\/JWrx7UnIO6fd8h86PomrzOMCJ1UXQGJpMDlFPijm+tTGWCk21SHncMe2vLhfLAYqJXnMW0Hw4cz7oeM4Slc4wikMsSMVyBoNVOnNf8KnkDElz5VeXGV4xlfXECufbmlRNB85GVQ5o8mxEn9wZ17Lvh8eTx4MUd\/KcMh1o8pKOKy\/z3ldtSMV+REs4GSj1c1XzThuWrS3iaDpeU2Q6bmYPpqAM17MTh\/SHu8NTVZmlx3Cz1aV3dLSoutUF8mDy+8qY6Rh7r8+t48w55za2tkx1rXGXdufccSnrUlmnQ2DbM0hgRTNHwtE75ezKl428WLrqSmUlOw8QAeYnvaQjtQQzldeupYdo4RGZ1UUeSU4lTnoOQbOPadznrRB8QPVaEqnpt2pRNc7oqJfs8bG5pgs4Ch7IX+lnTVu9DqrShoPUlITq5+\/BHfUFyPTAioaSnOjb179uRvOdWL59\/ZNQVq6BT9TCRVD9+pRRbeT46vbp68F++\/oHHVuQ\/VxGmSlPBXADuW7Umma9kQ8JwH9p\/WqqhVfLpNzCA0uICoO\/Imcygr61DNk5dKJpCEfSoHMWfRUYiPN0oCwi5CCBiADqMkGI2UTf6y7Xot3\/wxcIHABjKB6WcCrWAXuCrAuZXLI0ySH4fmj9uZd1JThtoIO+JJrsTw4icv5PPYt3rfXcp\/kZYUQpJfsaokEt0Fzq6oP2iwrOVg9oB4MyeqkwnBiH+wxbWSxlrPvKhuEhiwvNWRZOEDsCkVTo53dEc40EYGcaz4l0qLAVbRoUUHPlCyXoHnCuNPiORDAxm6qQWhPDD5VX5ve60YtADwU0YF3GR6NNGR+4qM96+05etVdJuvquQHegQC9EiL3xyyA+SvOp7AouvQRzLnA7IP0NMJS3XliVarq2V1mHZ93y18GGGUvYXk3\/ViNdmX2qaDTNPI1nD67Y8d7CVOt0DDvOYa8gLNRQ1z32qi1Sjn1Xc6PKvo\/75TFVhJTF660qxubVeNx13Sg0+cj0G4dZN8p5i6ICJeLrrV8zfFhuze7dNh2rmSi\/QA0i+tNkF4JbkEu4A6IgpzOml2OmTF6v\/i5FDCEmfKG2lg2cAsYEPdZs8mRVwqjP4EiBih9vTyaEe+P5k+H2E9wdb9WXfi0tTZ5ikZw03OBnb3gAIiHUK1oHH6Xgb+4Uf4c+814GPRAhCj+SCjc9WnC9c6vcdwVg\/Du3vd4Z5cKtYJnGpyi35a4T3of+xnwxos0rU2U02U5XJWYLD7qnWlQmg+eaaOMa1DZRAv+vZBoCwhMMkWny9L5uMD2k30lowMwAiNU1KCo3wT1X7CZa9HIyfvGCtp\/1qHwPS3d9smXvRlYv38ShswY1AxGCmkr5f6qH5h8=\" \/> \t\t<a href=\"https:\/\/www.pdf24.org\" target=\"_blank\" title=\"www.pdf24.org\" rel=\"nofollow\"><img src=\"https:\/\/www.hohenlohe-ungefiltert.de\/wp-content\/plugins\/pdf24-post-to-pdf\/img\/pdf_32x32.png\" alt=\"\" border=\"0\" height=\"32\" \/><\/a> \t\t<span class=\"pdf24Plugin-cp-space\">&nbsp;&nbsp;<\/span> \t\t<span class=\"pdf24Plugin-cp-text\">Sende Artikel als PDF<\/span> \t\t<span class=\"pdf24Plugin-cp-space\">&nbsp;&nbsp;<\/span> \t\t<input class=\"pdf24Plugin-cp-input\" style=\"margin: 0px;\" type=\"text\" name=\"sendEmailTo\" placeholder=\"Emailadresse\" \/> \t\t<input class=\"pdf24Plugin-cp-submit\" style=\"margin: 0px;\" type=\"submit\" value=\"Senden\" \/> \t<\/form> <\/div>","protected":false},"excerpt":{"rendered":"<p>Nicht erst seit den j\u00fcngsten Debatten, ist Integration ein Thema, das unsere Gesellschaft besch\u00e4ftigt. So wird Integration im Sport seit Jahrzehnten bei vielen Gelegenheiten wie selbstverst\u00e4ndlich gelebt. Doch welche Beispiele sind besonders erfolgversprechend? Prominente Redner wie unter anderen Erwin Staudt, Pr\u00e4sident des VfB Stuttgart und Uwe H\u00fcck, Betriebsratsvorsitzender von Porsche und Thaiboxer geben dar\u00fcber beim [&hellip;]<\/p>\n","protected":false},"author":3,"featured_media":0,"comment_status":"open","ping_status":"open","sticky":false,"template":"","format":"standard","meta":[],"categories":[],"tags":[],"_links":{"self":[{"href":"https:\/\/www.hohenlohe-ungefiltert.de\/index.php?rest_route=\/wp\/v2\/posts\/9200"}],"collection":[{"href":"https:\/\/www.hohenlohe-ungefiltert.de\/index.php?rest_route=\/wp\/v2\/posts"}],"about":[{"href":"https:\/\/www.hohenlohe-ungefiltert.de\/index.php?rest_route=\/wp\/v2\/types\/post"}],"author":[{"embeddable":true,"href":"https:\/\/www.hohenlohe-ungefiltert.de\/index.php?rest_route=\/wp\/v2\/users\/3"}],"replies":[{"embeddable":true,"href":"https:\/\/www.hohenlohe-ungefiltert.de\/index.php?rest_route=%2Fwp%2Fv2%2Fcomments&post=9200"}],"version-history":[{"count":3,"href":"https:\/\/www.hohenlohe-ungefiltert.de\/index.php?rest_route=\/wp\/v2\/posts\/9200\/revisions"}],"predecessor-version":[{"id":9212,"href":"https:\/\/www.hohenlohe-ungefiltert.de\/index.php?rest_route=\/wp\/v2\/posts\/9200\/revisions\/9212"}],"wp:attachment":[{"href":"https:\/\/www.hohenlohe-ungefiltert.de\/index.php?rest_route=%2Fwp%2Fv2%2Fmedia&parent=9200"}],"wp:term":[{"taxonomy":"category","embeddable":true,"href":"https:\/\/www.hohenlohe-ungefiltert.de\/index.php?rest_route=%2Fwp%2Fv2%2Fcategories&post=9200"},{"taxonomy":"post_tag","embeddable":true,"href":"https:\/\/www.hohenlohe-ungefiltert.de\/index.php?rest_route=%2Fwp%2Fv2%2Ftags&post=9200"}],"curies":[{"name":"wp","href":"https:\/\/api.w.org\/{rel}","templated":true}]}}