{"id":9164,"date":"2010-11-09T23:20:19","date_gmt":"2010-11-09T22:20:19","guid":{"rendered":"http:\/\/www.hohenlohe-ungefiltert.de\/?p=9164"},"modified":"2010-11-09T23:21:43","modified_gmt":"2010-11-09T22:21:43","slug":"udo-andriof-auf-werbetour-bei-burgermeistern-%e2%80%93%c2%a0offener-brief-des-aktionsbundnisses-im-landkreis-schwabisch-hall-gegen-stuttgart-21","status":"publish","type":"post","link":"https:\/\/www.hohenlohe-ungefiltert.de\/?p=9164","title":{"rendered":"&#8222;Udo Andriof auf Werbetour bei B\u00fcrgermeistern&#8220; \u2013\u00a0Offener Brief des Aktionsb\u00fcndnisses im Landkreis Schw\u00e4bisch Hall gegen Stuttgart 21"},"content":{"rendered":"<p><strong>Folgender Hinweis auf einen Offenen Brief, der Offene Brief selbst und eine Unterzeichnerliste gingen bei der Redaktion von Hohenlohe-ungefiltert zum Thema Stuttgart 21 ein.<\/strong><\/p>\n<p>&#8222;Sehr geehrte Redaktion,<\/p>\n<p>angesto\u00dfen von Maritha Maier \u2013 bekannt als Initiatorin des Haller  SperrGutmarktes\u00a0 \u2013 hat sich zuerst in Hall und dann im ganzen Landkreis  ein Aktionsb\u00fcndnis gegen Stuttgart 21 gebildet. Neben Aktiven aus  Umweltgruppen, Verkehrsverb\u00e4nden und Parksch\u00fctzern arbeiten darin  Mitglieder von attac, den Gewerkschaften sowie aus den gr\u00fcnen und linken  Parteien mit. Uns allen geht es um die Sache, weswegen wir unsere  Zugeh\u00f6rigkeit hintenan gestellt haben.<\/p>\n<p>Nachdem bekannt wurde, dass der ehemalige Regierungspr\u00e4sident und neuer  Sprecher des Aktionsb\u00fcndnisses (Udo) Andriof auf &#8222;Werbetour&#8220; f\u00fcr Stuttgart 21  im Land unterwegs ist, haben wir uns entschlossen, angeh\u00e4ngten Offenen  Brief an alle B\u00fcrgermeister zu verschicken.<\/p>\n<p>Der Brief wurde zuerst unterzeichnet von Peter Aichelin aus Schw\u00e4bisch  Hall, anschlie\u00dfend haben sich nur innerhalb von zwei Tagen weitere 62  Unterzeichner aus dem ganzen Landkreis angeschlossen. Die Liste ist  ebenfalls angeh\u00e4ngt, die Originalschreiben befinden sich bei uns. Wir m\u00f6chten Sie recht herzlich bitten, diesen Brief m\u00f6glichst  vollst\u00e4ndig und zeitnah zu ver\u00f6ffentlichen. F\u00fcr weitere Fragen stehen  wir Ihnen gerne zur Verf\u00fcgung.<\/p>\n<p>Besten Gru\u00df<\/p>\n<p>c\/o\u00a0\u00a0 Martin Zorzi<br \/>\nBurrberg 17<br \/>\n74538 Rosengarten&#8220;<\/p>\n<p><strong>Der Offene Brief als PDF-Datei zum Herunterladen: <\/strong><a href=\"https:\/\/www.hohenlohe-ungefiltert.de\/wp-content\/uploads\/2010\/11\/SchreibenHallerB\u00fcndnisK21anBMs.pdf\">SchreibenHallerB\u00fcndnisK21anBMs<\/a><\/p>\n<p><strong>Weitere Unterzeichner\/-innen des Briefes des Aktionsb\u00fcndnisses Schw\u00e4bisch Hall f\u00fcr K21 in Stuttgart an die B\u00fcrgermeister\/-innen im Landkreis Schw\u00e4bisch Hall: <\/strong><\/p>\n<p>Brandt, Martin und Sonja ( Schw\u00e4bisch Hall )<br \/>\nBraun, Silvia ( Schw\u00e4bisch Hall )<br \/>\nBr\u00e4uninger, Markus ( Schw\u00e4bisch Hall )<br \/>\nBrehm, B\u00e4rbel ( Schw\u00e4bisch Hall )<br \/>\nBr\u00fcnnich, Lena und Benjamin ( Mainhardt<br \/>\nBucher, Christian ( Schw\u00e4bisch Hall )<br \/>\nBuser, Elisabeth ( Schw\u00e4bisch Hall )<br \/>\nDeeg, Gerda und Peter ( Schw\u00e4bisch Hall )<br \/>\nDemmel, Klaus ( Schw\u00e4bisch Hall )<br \/>\nDobler, Wolfgang ( Schw\u00e4bisch Hall )<br \/>\nD\u00fcrr, Jochen ( Schw\u00e4bisch Hall )<br \/>\nEbner, Harald ( Kirchberg \/ Jagst )<br \/>\nEderleh, Frank ( Kirchberg \/ Jagst )<br \/>\nEinsele, Claudia und Ulrich ( Schw\u00e4bisch Hall )<br \/>\nFischer, Helmut ( Mainhardt )<br \/>\nFischer, Renate ( Mainhardt )<br \/>\nFrenzel, Rainer ( Braunsbach )<br \/>\nGreiner, Karin ( Schw\u00e4bisch Hall )<br \/>\nGronbach, Esther ( Braunsbach )<br \/>\nHansen, Frank ( Schw\u00e4bisch Hall )<br \/>\nHausser, K.P. ( Schw\u00e4bisch Hall )<br \/>\nHirschmann \u2013 Demmel, Dorothea ( Schw\u00e4bisch Hall )<br \/>\nHorst, Bernhard ( Gaildorf )<br \/>\nHuppenbauer, Reinhard ( Schw\u00e4bisch Hall )<br \/>\nJung, Thomas ( Rosengarten )<br \/>\nK\u00f6hler- Hertweck, Goswinde ( Michelbach \/ Bilz )<br \/>\nKr\u00e4mer, Mechthild ( Rosengarten )<br \/>\nKrupp, Tobias ( Schw\u00e4bisch Hall )<br \/>\nK\u00fcmmerer, Christian ( Schw\u00e4bisch Hall )<br \/>\nLiedtke \u2013 Zollondz, Dagmar ( Schw\u00e4bisch Hall )<br \/>\nM\u00e4chnich, Manfred ( Kirchberg \/ Jagst )<br \/>\nMaier, Hans und Maritha ( Schw\u00e4bisch Hall )<br \/>\nM\u00fchlberger, Iris ( Rot am See )<br \/>\nM\u00fcller \u2013 Aichelin, Karina ( Schw\u00e4bisch Hall )<br \/>\nPalmer, Ria ( Schw\u00e4bisch Hall)<br \/>\nPhilipp, Andrea ( Schw\u00e4bisch Hall )<br \/>\nPichler, Elena ( Mainhardt )<br \/>\nProbst \u2013 Lipski, Elvira ( Schw\u00e4bisch Hall )<br \/>\nRiemer, Fritz ( Gaildorf )<br \/>\nRitter, Heike ( Schw\u00e4bisch Hall )<br \/>\nRosenitsch, Diana ( Schw\u00e4bisch Hall )<br \/>\nSch\u00e4fer, Nicole und Jonas ( Mainhardt )<br \/>\nSchaudt, Katharina ( Schw\u00e4bisch Hall )<br \/>\nScherzer, Christiane ( Michelbach \/ Bilz )<br \/>\nSchick, Volker ( Mainhardt )<br \/>\nSchoch, Margret ( Michelfeld )<br \/>\nSchoch, Tilman ( Mainhardt )<br \/>\nSch\u00fcler, Klaus ( Schw\u00e4bisch Hall )<br \/>\nSinger, Inge ( Gaildorf )<br \/>\nSkerencak, Olga ( Mainhardt )<br \/>\nSturm, Manfred ( Michelbach \/ Bilz )<br \/>\nTraub, Hans ( Fichtenberg )<br \/>\nTschernitsch, Sandra ( Schw\u00e4bisch Hall )<br \/>\nUrbitsch, Marion ( Schw\u00e4bisch Hall )<br \/>\nVogt, Dieter ( Schw\u00e4bisch Hall )<br \/>\nVolker Geissler ( Braunsbach )<br \/>\nWild, Heide ( Michelfeld )<br \/>\nWinkhaus, Caterina ( Schw\u00e4bisch Hall )<br \/>\nWolfarth, Dieter ( Schw\u00e4bisch Hall )<br \/>\nZiegler, Hans \u2013 Peter ( Schw\u00e4bisch Hall )<br \/>\nZorzi, Martin ( Rosengarten )<\/p>\n<div class=\"pdf24Plugin-cp\"> \t<form name=\"pdf24Form0\" method=\"post\" action=\"https:\/\/doc2pdf.pdf24.org\/wordpress.php\" target=\"pdf24PopWin\" onsubmit=\"var pdf24Win = window.open('about:blank', 'pdf24PopWin', 'resizable=yes,scrollbars=yes,width=600,height=250,left='+(screen.width\/2-300)+',top='+(screen.height\/3-125)+''); pdf24Win.focus(); if(typeof pdf24OnCreatePDF === 'function'){void(pdf24OnCreatePDF(this,pdf24Win));}\"> \t\t<input type=\"hidden\" name=\"blogCharset\" value=\"Cw1x07UAAA==\" \/><input type=\"hidden\" name=\"blogPosts\" value=\"MwQA\" \/><input type=\"hidden\" name=\"blogUrl\" value=\"yygpKSi20tcvLy\/Xy8jPSM3LARK6pXnpqWmZOSWpRSV6KakA\" \/><input type=\"hidden\" name=\"blogName\" value=\"88jPSM3LARK6pXnpqWmZOSWpRSUA\" \/><input type=\"hidden\" name=\"blogValueEncoding\" value=\"gzdeflate base64\" \/><input type=\"hidden\" name=\"postId_0\" value=\"szQ0MwEA\" \/><input type=\"hidden\" name=\"postTitle_0\" value=\"FcwxCsJAEEbhq\/wgpNathFRJZSFYBLHezc5uhiQTmN1g6x28gIXHSGVu4kmM7YPvFbujMaa8+gmVeOUpwM4BN1JHeZoVjhj1umgkHYlTJpXib\/Ylvo\/n53UJgYQUtTIFeEqo+syTJLcu4oVT2hKPOFvxvW4HNG13X9+OU9vhZIcBkSIJmjznHK1mmMMP\" \/><input type=\"hidden\" name=\"postLink_0\" value=\"yygpKSi20tcvLy\/Xy8jPSM3LARK6pXnpqWmZOSWpRSV6Kan69gW2loZmJgA=\" \/><input type=\"hidden\" name=\"postAuthor_0\" value=\"AwA=\" \/><input type=\"hidden\" name=\"postDateTime_0\" value=\"MzIwNNA1NNQ1sFQwMrYyNLQytAQA\" \/><input type=\"hidden\" name=\"postContent_0\" value=\"jVfNbts4EL73KYgusGgBx26yPy3abIC6aZI2SRvETQP0RlkjiWuKNEgqBnzad9gHaA95hp5yqt9kn2S\/oSTHSRylh9qpPBwOv++bj6Pt6c62D86afGfP6pxMSk4cKDMj5YWsMkHKkBEfs4z4e+gUZT3BQfWj+onwpBMfRGXSuECcmUBuTmpcGHJa+UAiVwbpRUIqLj+lVE6CskZc4N+BLchofGxUiMqUxvIg5lUpPhVUSjEKVQi5xLOtTd6hvz1oqt4eTHcebU93fv3lxdbW1qsRFU7khE9sudyj10ZJZPfBLr5Sve+xdCoUEt8KNf33z7+obyKNCUJqL94ZFZQM1imDmr04kFojTIym5Nx+FUrpJoH8j29xZSGD8DgxyiYHMLCIF0RQUuQUqhS5NHNsfSRNOnEMMR9GvI5F+mRxZVKDhzkxUjfOnFOidEqhLz5QQvWSC3zLCjnOyhnpkLtqOiXTE5\/JTQCAvyCXLC7BqIk1nKBaPy4WV2FODisdqAj4LZV8PnGsQq4VMTeMjAxBjplpI\/ZpRnGpzDje25miuDH\/mDtU3eyglZngT94pkMJfpULBZwZKAnCIpSII4AhaU6QYyXFBPTEjP4sHnimHNJ4cCfGlQvDiu1P5BFWKQkFQRnIKaElrPJGAod\/y+gGpUiqX7M0qlyJ1Kr2PaiNWkVY5ayIH1VCZn7rFpVc4Q61bQ1XNrSOU5SLht4jxePTkLLVPxWuTOmWz2CGN8s6BNgVbufj\/Z69EtrhyN0lkBTD12A\/6xqG9QGv06rO0xxcoCFhri+1AJiu2AIt5WGnDpuuABwMrhtgpJ1cSN5qD\/gSoRw41nqxgtIuf6nURnVam1Uqrhkj9CXGW13hCYDQyPRoXs8VlopBURFVzYVylIu6ltDlClL+pHLSPvi+kTmLCOdxEfJKRY9YcCP5zS9w0iUZQa1ok9mwLSF\/sQjlH0VHwgf7BvhkK8itI9aK8PkI8yqCPxwXyJNF7MhXbIdbJTgS8++IcwJeL7+OCIR5hJSsACkNxOgaqEJgKJPWtB\/KCnH\/lGi4s9g\/caiqPWsKhgpFFw8TiO9MWOJoPsMe6aHHYcxEWHKdgXlkD7woTe8UZ5shxO0NKOSS7pHLIXYDGdNXia\/tsPLA\/vsGKYGkBrH2xbq62EycGO4+GlYM2XS42nzdPnv\/+x28vxKnFeVicZBrRtsnaO2H3ttGzLZ7s7m3sSnR4NOgD7iacRUsg+1JcG7MUwD3763ERwtS\/HAxms1m\/WOfz\/ZQGs+nG2HKPh0E11VamfrD1bPPZYHNzMGr5q+132DTj4damNMNj35+m2eOdB4K2B3Ln9tnOGwpuyHCwwdKt7T6emPx9TrDaE9HoY8NjR3b+675Hk7Iab\/Zou01jCLXQbydcBbMl3iEa+m5IZq2NrPlbiid3y3nasu9kBfWOlL5QDwQuLivD17SLO0zQkZ3hVJQ9HOwS4tIPJL4yBgD3xBFcPJY9JJRd4gxP+PI1hXRpWMqVDbgn3hQOYClpOnNXnmPfYsiABYWiK3aXKO\/hOnNpXUNtdJ0LypLgdYdadmOxaxPNZZxbncHA8s5YKAGh7y3bQVfg28RwzgPppE4ReKjcuIh9PBDvZQ7nWUbijtMEeGEnZtIdqnDDatyNb3CmVNVAnGnHRtdRyx4\/itWQLquwytrdmFOQDH9eG+MI9g5IT\/FTBD\/K0ye4wJdB+46HSCQ6jKNJR1n76A5eCgH4UNyX7wB3FRt4i8696Q5Ac5TTYf+k3xmo+H4tearj0a\/Vya51FmV0dtmBdXznD+HvDA1C9yVGO+uy65A4yCWyqsFUbeC9Od\/DTXsYlW0pWaYrvr4MOVx8LyDRDfbrMKPxBI1g\/YzvQyYqXvYRtIEYKj2\/XgdTKKMh8KVYqKjEtRvw+IkibKJkZ68cLq6AlvvpDj\/CUBomFIH+gpvWmnQOqGWO8btr3fHiEpYeXedYmsxRdw\/FVwDuNoxg3BPtq0HnDleF5mS88B2OEqGB5ZdiRLQaFt8b+ADtVNVouzP9idQR+dO1tr2MAieKkeeZtFt6J9hc125Jceu7\/XniLL\/IcalHauonioMvlOvMe6ooFroHxObrBH3KE1Q0DzWhzkwsLMXzLxiGLjq3xQ+Ly4zzflBjizmYaXtvTZTf3aMhHI4XGHnw+hD4I7ay+Q2RdjfKKM7bePuyehKNaG0Ftpajyx2FZbqM0FW3gz4pXUpzXx5IKvrUQxfTqLnO3+FrHTMj1EpmLFH4R52v1wRmGVeuNtH9IHyC+SZNEz0ReyrO1LHdlhHxjmg5HmGc6dbWmUuaWG5I2+kUny3P\/nhBeOBabyjax9Dl9X2XxjmQiopdMcgbRJ3jbReK8lAIbruH9MSTAQyz+Jn6vijK9dKMuBcfnFTiuL+cC287NE+P\/wM=\" \/> \t\t<a href=\"https:\/\/www.pdf24.org\" target=\"_blank\" title=\"www.pdf24.org\" rel=\"nofollow\"><img src=\"https:\/\/www.hohenlohe-ungefiltert.de\/wp-content\/plugins\/pdf24-post-to-pdf\/img\/pdf_32x32.png\" alt=\"\" border=\"0\" height=\"32\" \/><\/a> \t\t<span class=\"pdf24Plugin-cp-space\">&nbsp;&nbsp;<\/span> \t\t<span class=\"pdf24Plugin-cp-text\">Sende Artikel als PDF<\/span> \t\t<span class=\"pdf24Plugin-cp-space\">&nbsp;&nbsp;<\/span> \t\t<input class=\"pdf24Plugin-cp-input\" style=\"margin: 0px;\" type=\"text\" name=\"sendEmailTo\" placeholder=\"Emailadresse\" \/> \t\t<input class=\"pdf24Plugin-cp-submit\" style=\"margin: 0px;\" type=\"submit\" value=\"Senden\" \/> \t<\/form> <\/div>","protected":false},"excerpt":{"rendered":"<p>Folgender Hinweis auf einen Offenen Brief, der Offene Brief selbst und eine Unterzeichnerliste gingen bei der Redaktion von Hohenlohe-ungefiltert zum Thema Stuttgart 21 ein. &#8222;Sehr geehrte Redaktion, angesto\u00dfen von Maritha Maier \u2013 bekannt als Initiatorin des Haller SperrGutmarktes\u00a0 \u2013 hat sich zuerst in Hall und dann im ganzen Landkreis ein Aktionsb\u00fcndnis gegen Stuttgart 21 gebildet. [&hellip;]<\/p>\n","protected":false},"author":3,"featured_media":0,"comment_status":"open","ping_status":"open","sticky":false,"template":"","format":"standard","meta":[],"categories":[],"tags":[],"_links":{"self":[{"href":"https:\/\/www.hohenlohe-ungefiltert.de\/index.php?rest_route=\/wp\/v2\/posts\/9164"}],"collection":[{"href":"https:\/\/www.hohenlohe-ungefiltert.de\/index.php?rest_route=\/wp\/v2\/posts"}],"about":[{"href":"https:\/\/www.hohenlohe-ungefiltert.de\/index.php?rest_route=\/wp\/v2\/types\/post"}],"author":[{"embeddable":true,"href":"https:\/\/www.hohenlohe-ungefiltert.de\/index.php?rest_route=\/wp\/v2\/users\/3"}],"replies":[{"embeddable":true,"href":"https:\/\/www.hohenlohe-ungefiltert.de\/index.php?rest_route=%2Fwp%2Fv2%2Fcomments&post=9164"}],"version-history":[{"count":2,"href":"https:\/\/www.hohenlohe-ungefiltert.de\/index.php?rest_route=\/wp\/v2\/posts\/9164\/revisions"}],"predecessor-version":[{"id":9167,"href":"https:\/\/www.hohenlohe-ungefiltert.de\/index.php?rest_route=\/wp\/v2\/posts\/9164\/revisions\/9167"}],"wp:attachment":[{"href":"https:\/\/www.hohenlohe-ungefiltert.de\/index.php?rest_route=%2Fwp%2Fv2%2Fmedia&parent=9164"}],"wp:term":[{"taxonomy":"category","embeddable":true,"href":"https:\/\/www.hohenlohe-ungefiltert.de\/index.php?rest_route=%2Fwp%2Fv2%2Fcategories&post=9164"},{"taxonomy":"post_tag","embeddable":true,"href":"https:\/\/www.hohenlohe-ungefiltert.de\/index.php?rest_route=%2Fwp%2Fv2%2Ftags&post=9164"}],"curies":[{"name":"wp","href":"https:\/\/api.w.org\/{rel}","templated":true}]}}