{"id":9102,"date":"2010-11-05T14:47:31","date_gmt":"2010-11-05T13:47:31","guid":{"rendered":"http:\/\/www.hohenlohe-ungefiltert.de\/?p=9102"},"modified":"2010-11-05T15:34:15","modified_gmt":"2010-11-05T14:34:15","slug":"das-rennen-um-die-besten-kopfe-fachkraftemangel-im-landlichen-raum-%e2%80%93-offentliche-diskussion-in-ohringen","status":"publish","type":"post","link":"https:\/\/www.hohenlohe-ungefiltert.de\/?p=9102","title":{"rendered":"&#8222;Das Rennen um die besten K\u00f6pfe: Fachkr\u00e4ftemangel im l\u00e4ndlichen Raum&#8220; \u2013 \u00d6ffentliche Diskussion in \u00d6hringen"},"content":{"rendered":"<p><strong>Die Diskussion \u00fcber das Nadel\u00f6hr \u201aFachkr\u00e4ftemangel\u2019 hat seit dem wirtschaftlichen Aufschwung der vergangenen Wochen auch wieder Konjunktur in den Medien. Denn schon in wenigen Jahren werden in Deutschland gut ausgebildete Arbeitskr\u00e4fte zur Mangelware geworden sein. Das viel beschworene \u201eRennen um die besten K\u00f6pfe\u201c hat also l\u00e4ngst begonnen, und der l\u00e4ndliche Raum droht dabei auf mehrfache Weise ins Hintertreffen zu geraten.<\/strong><\/p>\n<p><em>Von Dr. Sabine Fandrych, Fritz-Erler-Forum Baden-W\u00fcrttemberg, Friedrich-Ebert-Stiftung<\/em><\/p>\n<p><strong>Diskussionsveranstaltung beginnt am Dienstag, 9. November 2010, um 17 Uhr:<\/strong><\/p>\n<p>Zum Thema Fachkr\u00e4ftemangel im l\u00e4ndlichen Raum veranstaltet das Landesb\u00fcro der Friedrich-Ebert-Stiftung in Baden-W\u00fcrttemberg am Dienstag, 9. November 2010, von 17 bis 19 Uhr im W\u00fcrttemberger Hof in \u00d6hringen eine Podiumsdiskussion. Im Mittelpunkt steht die Frage: Wie k\u00f6nnen wir gew\u00e4hrleisten, dass ein wirtschaftsstarker Raum wie der unsere im \u201eRennen um die besten K\u00f6pfe\u201c auch in Zukunft noch konkurrenzf\u00e4hig bleibt? Und wie l\u00e4sst sich zugleich verhindern, dass eine wachsende Zahl gering qualifizierter Arbeitsloser und \u201eWorking Poor\u201c in diesem Rennen immer mehr abgeh\u00e4ngt wird? Die interessierte \u00d6ffentlichkeit ist zu dieser Veranstaltung herzlich  eingeladen. Die Teilnahme ist kostenlos. Um Anmeldung wird gebeten  unter E-Mail Silvia.Wittig@fes.de oder Fax 0711-24 83 94 50.<\/p>\n<p><strong>Geplanter Ablauf:<\/strong><\/p>\n<p>Die Veranstaltung beginnt um 17 Uhr mit Impulsreferaten von Dr. Ulrich Walwei, Vizedirektor des Instituts f\u00fcr Arbeitsmarkt- und Berufsforschung (IAB) der Bundesagentur f\u00fcr Arbeit sowie von Nikolaus Landgraf, Vorsitzender des DGB-Landesverbands Baden-W\u00fcrttemberg. Am anschlie\u00dfenden Rundgespr\u00e4ch mit Publikumsfragen nehmen nicht nur die beiden Referenten teil, sondern auch Guido Rebstock, Vorsitzender der Gesch\u00e4ftsf\u00fchrung der Arbeitsagentur Schw\u00e4bisch Hall sowie Bernd Ludwig, Ausbildungsleiter der ebm-papst Mulfingen GmbH &amp; Co. KG. Die Moderation \u00fcbernimmt Hermann-Josef Pelgrim (SPD), Oberb\u00fcrgermeister der Stadt Schw\u00e4bisch Hall.<\/p>\n<p><strong>Kurzinformation und Kontakt:<\/strong><\/p>\n<p>Beginn: 17.00 Uhr<\/p>\n<p>Ort: W\u00fcrttemberger Hof in \u00d6hringen, Karlsvorstadt 4, 74613 \u00d6hringen, Telefon 079 41\/ 92 00-0<br \/>\n<strong>Internet:<\/strong> <a href=\"http:\/\/www.wuerttemberger-hof.de\/\" target=\"_blank\">www.wuerttemberger-hof.de<\/a><\/p>\n<p>Dr. Sabine Fandrych<br \/>\nFritz-Erler-Forum Baden-W\u00fcrttemberg<br \/>\nFriedrich Ebert Stiftung<br \/>\nWerastra\u00dfe 24<br \/>\n70182 Stuttgart<br \/>\nTel.: ++49 711 24 83 94 44<br \/>\nFax: ++49 711 24 83 94 50<br \/>\nMobil: ++49 172 24 30 277<br \/>\nE-Mail: sabine.fandrych@fes.de<br \/>\n<strong>Internet:<\/strong> <a href=\"http:\/\/www.fritz-erler-forum.de\" target=\"_blank\">www.fritz-erler-forum.de<\/a><\/p>\n<p><strong>Fachkr\u00e4ftemangel \u2013 Herausforderung im l\u00e4ndlichen Raum<\/strong><\/p>\n<p>Die demografische Entwicklung weist unerbittlich darauf hin: Schon in wenigen Jahren werden in Deutschland gut ausgebildete Arbeitskr\u00e4fte zur Mangelware geworden sein. Heute bereits fehlt es in<br \/>\nzahlreichen Branchen an geeignetem Nachwuchs. Das viel beschworene \u201eRennen um die besten K\u00f6pfe\u201c also hat l\u00e4ngst begonnen, und der l\u00e4ndliche Raum droht dabei auf mehrfache Weise ins Hintertreffen zu geraten: Konsequent vorangetriebene Nach- und Weiterqualifizierung, aber auch fl\u00e4chendeckende Betreuungsangebote f\u00fcr Kinder sowie ein Klima der Toleranz und der Offenheit gegen\u00fcber Menschen mit Migrationshintergrund werden k\u00fcnftig zunehmend Parameter sein, die dar\u00fcber mitentscheiden, ob eine Region im innerdeutschen Wettlauf um Arbeitskr\u00e4fte mithalten kann oder nicht.<\/p>\n<p><strong>Programm der Veranstaltung in \u00d6hringen:<\/strong><\/p>\n<p>17:00 Uhr: Begr\u00fc\u00dfung<br \/>\nDr. Sabine Fandrych, Leiterin des Landesb\u00fcros Baden-W\u00fcrttemberg der Friedrich-Ebert-Stiftung, Stuttgart<\/p>\n<p>17:05 Uhr: Impulsreferate<br \/>\nDr. Ulrich Walwei, Vizedirektor des Instituts f\u00fcr Arbeitsmarkt- und Berufsforschung (IAB) der Bundesagentur f\u00fcr Arbeit<\/p>\n<p>Nikolaus Landgraf, Vorsitzender des DGB-Landesverbands Baden-W\u00fcrttemberg<\/p>\n<p>17:45 Uhr: Rundgespr\u00e4ch mit Publikumsfragen \u2013 Was muss geschehen, damit der l\u00e4ndliche Raum im Rennen um die besten K\u00f6pfe mithalten kann?<br \/>\nEs diskutieren neben und mit den beiden Referenten:<\/p>\n<p>Guido Rebstock, Vorsitzender der Gesch\u00e4ftsf\u00fchrung der Arbeitsagentur Schw\u00e4bisch Hall<\/p>\n<p>Bernd Ludwig, Ausbildungsleiter der Firma ebm-papst Mulfingen GmbH &amp; Co. KG<\/p>\n<p>Moderation: Hermann-Josef Pelgrim, Oberb\u00fcrgermeister der Stadt Schw\u00e4bisch Hall<\/p>\n<p>19:00 Uhr: Imbiss mit Gelegenheit zum informellen Gespr\u00e4ch<\/p>\n<p><strong>Veranstaltungsort:<\/strong><\/p>\n<p>W\u00fcrttemberger Hof<br \/>\nKarlsvorstadt 4<br \/>\n74613 \u00d6hringen<\/p>\n<p>Telefon: 079 41\/ 92 00-0<br \/>\n<strong>Internet:<\/strong> <a href=\"http:\/\/www.wuerttemberger-hof.de\" target=\"_blank\">www.wuerttemberger-hof.de<\/a><\/p>\n<p><strong>Kurzportr\u00e4ts der Referenten:<\/strong><\/p>\n<p><strong>Dr. Ulrich Walwei<\/strong> hat Volkswirtschaftslehre (VWL) an der Universit\u00e4t-Gesamthochschule Paderborn studiert, dort zu rechts\u00f6konomischen Fragen promoviert und als wissenschaftlicher Mitarbeiter am finanzwissenschaftlichen Lehrstuhl von Prof. Dr. Friedrich Buttler gearbeitet. 1988 wechselte er ans IAB, seit 2002 ist er dessen Vizedirektor. Bis 2007 war er zus\u00e4tzlich Leiter des Forschungsbereichs &#8222;Wachstum, Demographie und Arbeitsmarkt&#8220;<\/p>\n<p><strong>Nikolaus Landgraf<\/strong> war als gelernter Fliesenleger als Betriebsrat bei einer Baustofffirma t\u00e4tig und hat nach dem Besuch der Sozialakademie Dortmund eine Ausbildung zum Gewerkschaftssekret\u00e4r absolviert. Von 1995 bis 2010 war er bei der IG BAU zun\u00e4chst als Bezirksgesch\u00e4ftsf\u00fchrer und sp\u00e4ter als Regionalleiter t\u00e4tig. Seit Jahresbeginn 2010 hat er den Vorsitz des DGB-Bezirks Baden-<br \/>\nW\u00fcrttemberg inne.<\/p>\n<div class=\"pdf24Plugin-cp\"> \t<form name=\"pdf24Form0\" method=\"post\" action=\"https:\/\/doc2pdf.pdf24.org\/wordpress.php\" target=\"pdf24PopWin\" onsubmit=\"var pdf24Win = window.open('about:blank', 'pdf24PopWin', 'resizable=yes,scrollbars=yes,width=600,height=250,left='+(screen.width\/2-300)+',top='+(screen.height\/3-125)+''); pdf24Win.focus(); if(typeof pdf24OnCreatePDF === 'function'){void(pdf24OnCreatePDF(this,pdf24Win));}\"> \t\t<input type=\"hidden\" name=\"blogCharset\" value=\"Cw1x07UAAA==\" \/><input type=\"hidden\" name=\"blogPosts\" value=\"MwQA\" \/><input type=\"hidden\" name=\"blogUrl\" value=\"yygpKSi20tcvLy\/Xy8jPSM3LARK6pXnpqWmZOSWpRSV6KakA\" \/><input type=\"hidden\" name=\"blogName\" value=\"88jPSM3LARK6pXnpqWmZOSWpRSUA\" \/><input type=\"hidden\" name=\"blogValueEncoding\" value=\"gzdeflate base64\" \/><input type=\"hidden\" name=\"postId_0\" value=\"szQ0MAIA\" \/><input type=\"hidden\" name=\"postTitle_0\" value=\"U1O2MDIysnZJLFYISs3LS81TKM1VSMlMVUhKLS4B8rwPbytIS7VScEtMzsguOrwkrSQ1NzEvPTVHITNXIefwkryUnMzkDKDCoMTSXDWQYQbWCo8aJiscnpaWlppXApZVcMkszi4tLs7Mz1PIzANKZRRlAs3IAwA=\" \/><input type=\"hidden\" name=\"postLink_0\" value=\"yygpKSi20tcvLy\/Xy8jPSM3LARK6pXnpqWmZOSWpRSV6Kan69gW2loYGRgA=\" \/><input type=\"hidden\" name=\"postAuthor_0\" value=\"AwA=\" \/><input type=\"hidden\" name=\"postDateTime_0\" value=\"MzIwNNA1NNQ1MFUwNLEyNLQyNgQA\" \/><input type=\"hidden\" name=\"postContent_0\" value=\"xVjdbhu5Fb7vUxykwCLBSrKkOLWteJNadfyzthMjji0gNwXH4sywM0NqSY7V6irvUKBAi6J7k2fIVe70JnmSfoczI8uWtt4G3e1VHJFzeH6+852P3J282HXeGp282FeS9pXLSueU0TT\/HElLY+HotRjLfP4ptfTlwz8OxHWa2fnH2MtC6ETmXz78nVLhyUnlaSwLmirr3XUqYp+r61Rq2itj\/H9a6gTrlm6kTfhLjaWRCTtEeZ3iO8nLJ0b\/qdSZLy0pjQ80ncmxkrpD+1JrgiU4h5Wp1ApG6HuRWsn\/tbwXC\/uy5PNzoceUlB7GXSIjlY+ll7RnI\/jp6ghohlPOQhhTYSUlcmqCGQTDByL4GyVziiQHYHCORA7+9RaOYFNZEBzjRY\/\/ncw\/TWL55cM\/QzZE7gzl8486cR47EsNftKiETxwkr4xDeuitYDvWpMiegHPwN6ZCpjYWvDySykmE5ehIaS+ttzKOcdyshLdW4OTO7kZdwd2NyYvf7KKisnhxhSzt2w5diEjB6wNkw\/7lOm3RgVV+1n5lc2nbB8bi8CHqq9uj+WfrUVRUPQm75NjCwfYr\/ODbF17FHhXc3YDtxTkL5DSocSiu0M6LnDdz4EprZKMAsiT\/DtM7HXptbsJB1O\/2ui1OZG+LLlM7WAnlPdbepYAarQCPVLGUR10l8vZ86QN4TxG4dBGCMyHzPxUYI2c1EQ95foMsw\/VIOertcATs1LIB7DwyMRuf\/y21imFPkgtybsaqLNx4kboOHRd0pvBhPmH8E1DFmADCDqxI5IBG+DObfwrYQ5MxWucfUxRSMQBbHK5j40sd6OC4zeBESA46LOSg1E4C7XD1YTCH1oTN92VW6tiTRsdSZnRWWrTDLIYHCoWGE5F\/SZfAN5+CuuBocsgzkJpgFX+gNqlCNeySr5KmqKuT+JneizRnUCNL9EMpchWrmUKN4HHdtrlxwf0xOz4yNuOt58ZY9pTZQkkHBqpDUkWB3dxKJKJEptyNnpMzfslFpdBPEsnnM1Af7qvAWRlTGZLKTRZMWrq6g+tU2hlvJA4BUGTcdILNd1LlWqSFDN9nhrMJrzt0WdCeLmQ+5u\/ZB0QaSc414uEQX7XPhMrpQuU3SnRGAIJKfh9L10FmTECu+DN1t3q9dn+Ttp\/SziY963but+KhnID4QsqiHEyy2lHs5dXaLl20IRWI\/7iYlLkD21QsE6DOhHKZc\/fQSORTqVp0pWagZyszbzAtpKNjGFYeFEwx+qCpXAEY+nYo3VBaDITYWECUj398vDd8EnA5LLlXgXXN7L\/0OTnDqGIXXqvMILCqsRMrYrgAU+A0xlDlwv7hsF31PSAX4Q+3prU7tFcQsoBJoeT8R\/4aHAIPEukm4BnEyGk4L6NcZejUmJtQk5YoLv5BDtAMcLPqGhW+5mTBefzpgYMW3A5wr5rosFRjgz2R8+Y6W3Hb0iFPGSY4h9BT28zLOoNNWi4wieYfwTgweSTyvM4NsorcnpbjqQJT7ZWOJx5MOPSerw+QUdGeiAmAeVbmcUVGh0V0RN+IYvKc\/mA6dHJY4fiMISf8QghoNJOnI2nBvbr9PfowpnOZJxYk8vjifP9Ji95gG\/MsOrgIlFQdeuHF2K94vQLck9LOlAYqiupURgqkgBeZX8XwMCB2ALh2ul1GbLPwxvrBQ\/zbohNhc3eD9AfXNlu0tfm73tPlHe9kLmN40d3aoc3eBu30qdttd3cjSxs4qHbnmBtNyyUHaVcQ5Ej83aPU+8lgY2M6nXampVzyp52aGD298YhAzYn03z36IzpVZ49e\/OTe3Q1x276rM7326ucM9tut1RCkMARpMd2r5RFKj4AEuoL6m\/WPW93edh87S+8TYX39KxLVGdC3327uEKiJFtS02XwG1lq3\/qzJ5ZkBUOsdva0+73japf7WVr1e0eKAXIi5E9cx18z4dQWJQ6ZkyFTMmYKl9eVYt3O5Gs3Bq+Lky4e\/cruAqWKWlKGb1wiWtfQMFW2Y2rhbJL3SfqquszwMDm4s9AY6DQMijKCxsKwYMVkH3GW\/mjg+giVmPsufUCzT3BO4V+m6JjNMcyurSIcYN5XQ1zAjVYIaYU6\/FnwtwPj\/aqkdZDbr7V9Hag+Ykpz8oQQVYxpZTo5HL0XsLUdTTbhRoNwlCYPStaBB4E2YBHHO44WJ\/zoLymcIK7JktmaLkUFiw\/Q7CXKpZnhWdie5ghTm396ZnIf4bBHnG\/Y15WGZSJS+ur6dSR5wiIFH2ZlKKkp3aYgvsfxtjY1s\/hnyDlJuVlYjbkznQFYhmce54q1QAaCtsgyDSAIb59HXIhNVcu4tqJkxWCCRmk0HvPFVTwKwnHDU4B7QYCtlxQ4vMF0qtRMG7MqUOLfcGEURIr6rYpYpfnVi9LYG1aQYINkJYpj\/eMt3a+9Jp6GI4Qp65xaxTkv8x5tFa4k0l7x5VnlzV2YtOfT\/0FmNf\/8zkbUU8GYd8MMSi6lzBD4ocDECmBk+aXW\/KcITw2pPq4XmX0cU9\/D1spksjsLtyysWbRB2kaxkR3WKXlV1gyacX0jK3cqbh7XcgYJS+nmKrjF7q+kG65Xcf6nhFsXdWfTWcYFlFzJ4CAmV1Iw04xoFcSfznF1s6n+\/v++0tDN2jfZbVXd1Pe+puka23JV2jZVa4A1+QYX3lQJvWRBPkAHkCT3OVbgDxPtPPs1TzH3muHWcx+SVyTO39DyQY\/hJenw1On3Cs5lPudQKDQ0449w2CiUKn+LOzySSS8wE7IkM7jTOl2O+OaMv4SUPSStB2W7+KTPaFKpi\/YOqpSfWFOaGt4cOw9jGHdi5MJ2ah0LLrx8idAgPyoKAZwy4lX0a1JyiymWahxshZkLcCVfTW1k7BOFiPoI9aoO+Q72d7W1MO35tABcQn4FRD1JsVW+X\/W63H27tFcHh0Duk26GhcrxpiyCHeNOsdMhR9RBw2nSmo4OGcV0QRziPvvntdr\/ffz7ipw5fos\/2K4U3ScFVnJBl9g6bu8\/vV3aFk28ry\/5wSqHUgFb24yDnZwvNHVgtDSud4tD\/zGthVmMQwJ43cRwHMuGKQwCwP4wVLVhdQqYNpSvDnyACM1MiFxlQUPBzMSpf8P4w+m+JKjT8oYS0yJp3KJlZiQP4KcaZPEChQ\/xI2dvZeRYe0PhFrUktu8jnHR\/ScO+SNQmzhfN1LDMFw8ldjq0fhtwEUdRBV1oETFUVp4oPo56rHZSxq54+qqM55lBC3fD5Ys7VJ9YDrrklLQsAFjuVWvk3\" \/> \t\t<a href=\"https:\/\/www.pdf24.org\" target=\"_blank\" title=\"www.pdf24.org\" rel=\"nofollow\"><img src=\"https:\/\/www.hohenlohe-ungefiltert.de\/wp-content\/plugins\/pdf24-post-to-pdf\/img\/pdf_32x32.png\" alt=\"\" border=\"0\" height=\"32\" \/><\/a> \t\t<span class=\"pdf24Plugin-cp-space\">&nbsp;&nbsp;<\/span> \t\t<span class=\"pdf24Plugin-cp-text\">Sende Artikel als PDF<\/span> \t\t<span class=\"pdf24Plugin-cp-space\">&nbsp;&nbsp;<\/span> \t\t<input class=\"pdf24Plugin-cp-input\" style=\"margin: 0px;\" type=\"text\" name=\"sendEmailTo\" placeholder=\"Emailadresse\" \/> \t\t<input class=\"pdf24Plugin-cp-submit\" style=\"margin: 0px;\" type=\"submit\" value=\"Senden\" \/> \t<\/form> <\/div>","protected":false},"excerpt":{"rendered":"<p>Die Diskussion \u00fcber das Nadel\u00f6hr \u201aFachkr\u00e4ftemangel\u2019 hat seit dem wirtschaftlichen Aufschwung der vergangenen Wochen auch wieder Konjunktur in den Medien. Denn schon in wenigen Jahren werden in Deutschland gut ausgebildete Arbeitskr\u00e4fte zur Mangelware geworden sein. Das viel beschworene \u201eRennen um die besten K\u00f6pfe\u201c hat also l\u00e4ngst begonnen, und der l\u00e4ndliche Raum droht dabei auf mehrfache [&hellip;]<\/p>\n","protected":false},"author":3,"featured_media":0,"comment_status":"open","ping_status":"open","sticky":false,"template":"","format":"standard","meta":[],"categories":[],"tags":[],"_links":{"self":[{"href":"https:\/\/www.hohenlohe-ungefiltert.de\/index.php?rest_route=\/wp\/v2\/posts\/9102"}],"collection":[{"href":"https:\/\/www.hohenlohe-ungefiltert.de\/index.php?rest_route=\/wp\/v2\/posts"}],"about":[{"href":"https:\/\/www.hohenlohe-ungefiltert.de\/index.php?rest_route=\/wp\/v2\/types\/post"}],"author":[{"embeddable":true,"href":"https:\/\/www.hohenlohe-ungefiltert.de\/index.php?rest_route=\/wp\/v2\/users\/3"}],"replies":[{"embeddable":true,"href":"https:\/\/www.hohenlohe-ungefiltert.de\/index.php?rest_route=%2Fwp%2Fv2%2Fcomments&post=9102"}],"version-history":[{"count":6,"href":"https:\/\/www.hohenlohe-ungefiltert.de\/index.php?rest_route=\/wp\/v2\/posts\/9102\/revisions"}],"predecessor-version":[{"id":9114,"href":"https:\/\/www.hohenlohe-ungefiltert.de\/index.php?rest_route=\/wp\/v2\/posts\/9102\/revisions\/9114"}],"wp:attachment":[{"href":"https:\/\/www.hohenlohe-ungefiltert.de\/index.php?rest_route=%2Fwp%2Fv2%2Fmedia&parent=9102"}],"wp:term":[{"taxonomy":"category","embeddable":true,"href":"https:\/\/www.hohenlohe-ungefiltert.de\/index.php?rest_route=%2Fwp%2Fv2%2Fcategories&post=9102"},{"taxonomy":"post_tag","embeddable":true,"href":"https:\/\/www.hohenlohe-ungefiltert.de\/index.php?rest_route=%2Fwp%2Fv2%2Ftags&post=9102"}],"curies":[{"name":"wp","href":"https:\/\/api.w.org\/{rel}","templated":true}]}}