{"id":9028,"date":"2010-10-28T19:06:44","date_gmt":"2010-10-28T18:06:44","guid":{"rendered":"http:\/\/www.hohenlohe-ungefiltert.de\/?p=9028"},"modified":"2010-10-28T23:07:34","modified_gmt":"2010-10-28T22:07:34","slug":"%e2%80%9eversprechen-wurden-nicht-erfullt%e2%80%9c-%e2%80%93-soziale-aspekte-kommen-im-neuen-masnahmenpaket-zum-europaischen-binnenmarkt-der-kommission-zu-kurz","status":"publish","type":"post","link":"https:\/\/www.hohenlohe-ungefiltert.de\/?p=9028","title":{"rendered":"\u201eVersprechen wurden nicht erf\u00fcllt\u201c \u2013 Soziale Aspekte kommen im neuen Ma\u00dfnahmenpaket zum europ\u00e4ischen Binnenmarkt der Kommission zu kurz"},"content":{"rendered":"<p><strong>\u201eDer Binnenmarkt soll ein menschliches Gesicht erhalten und das soziale Europa bei der zuk\u00fcnftigen Politik in den Mittelpunkt gestellt werden.&#8220; \u2013 So lauteten noch die vollmundigen Versprechungen der Europ\u00e4ischen Kommission, als das Binnenmarktpaket angek\u00fcndigt wurde. Aber was letztlich nun auf dem Tisch liegt, hat wenig damit zu tun\u201c, erkl\u00e4rte Evelyne Gebhardt, die Koordinatorin der sozialdemokratischen Fraktion des Binnenmarkt- und Verbraucherschutzausschusses.<\/strong><\/p>\n<p><em>Vom SPD-Europab\u00fcro K\u00fcnzelsau<\/em><\/p>\n<p><strong>Kommissar Barnier offensichtlich von Kommissionskollegen ausgebremst<\/strong><\/p>\n<p>Kommissar Barnier hat einen sogenannten Aktionsplan vorgestellt, der 50 Ma\u00dfnahmen zur Wiederbelebung des europ\u00e4ischen Binnenmarktes enth\u00e4lt. Die SPD-Abgeordnete Evelyne Gebhardt aus Mulfingen (Hohenlohekreis) stellt dabei fest: \u201eKommissar Barnier wurde offensichtlich in seinem Vorhaben von seinen Kommissionskollegen ausgebremst. Das finde ich \u00e4u\u00dferst bedenklich. Die sozialen Aspekte, f\u00fcr die wir Sozialdemokraten und Sozialdemokratinnen einstehen, wurden nicht in dem Ma\u00dfe ber\u00fccksichtigt, wie es zugesagt wurde.\u201c<\/p>\n<p><strong>B\u00fcrger und B\u00fcrgerinnen sollen im Mittelpunkt der Politik stehen<\/strong><\/p>\n<p>Wie der Ma\u00dfnahmenkatalog Anklang bei den europ\u00e4ischen B\u00fcrgern findet, wird sich bis Februar 2011 herausstellen. Das Papier soll in allen europ\u00e4ischen Amtssprachen zur Verf\u00fcgung gestellt werden, wodurch eine \u00f6ffentliche europ\u00e4ische Diskussion angeregt werden soll. \u201eWir SPD-Abgeordneten werden die 50 Vorschl\u00e4ge im Aktionsplan der Europ\u00e4ischen Kommission genau \u00fcberpr\u00fcfen und Vorschl\u00e4ge zur Verbesserung erarbeiten. Denn wir wollen, dass die B\u00fcrger und B\u00fcrgerinnen im Mittelpunkt der Politik stehen\u201c, k\u00fcndigte die Europaabgeordente Evelyne Gebhardt an.<\/p>\n<p><em> <\/em><\/p>\n<p><strong>Weitere Informationen:<\/strong><\/p>\n<p>SPD-Europab\u00fcro<br \/>\nKeltergasse 47<br \/>\n74653 K\u00fcnzelsau<br \/>\nTelefon: 0 79 40 &#8211; 5 91 22<br \/>\nFax: 0 79 40 &#8211; 5 91 44<br \/>\n<a href=\"http:\/\/www.evelyne-gebhardt-fuer-europa.eu\/\"><\/a><\/p>\n<p><strong>Internet:<\/strong> <a href=\"http:\/\/www.evelyne-gebhardt-fuer-europa.eu\/\">www.evelyne-gebhardt-fuer-europa.eu<\/a><\/p>\n<div class=\"pdf24Plugin-cp\"> \t<form name=\"pdf24Form0\" method=\"post\" action=\"https:\/\/doc2pdf.pdf24.org\/wordpress.php\" target=\"pdf24PopWin\" onsubmit=\"var pdf24Win = window.open('about:blank', 'pdf24PopWin', 'resizable=yes,scrollbars=yes,width=600,height=250,left='+(screen.width\/2-300)+',top='+(screen.height\/3-125)+''); pdf24Win.focus(); if(typeof pdf24OnCreatePDF === 'function'){void(pdf24OnCreatePDF(this,pdf24Win));}\"> \t\t<input type=\"hidden\" name=\"blogCharset\" value=\"Cw1x07UAAA==\" \/><input type=\"hidden\" name=\"blogPosts\" value=\"MwQA\" \/><input type=\"hidden\" name=\"blogUrl\" value=\"yygpKSi20tcvLy\/Xy8jPSM3LARK6pXnpqWmZOSWpRSV6KakA\" \/><input type=\"hidden\" name=\"blogName\" value=\"88jPSM3LARK6pXnpqWmZOSWpRSUA\" \/><input type=\"hidden\" name=\"blogValueEncoding\" value=\"gzdeflate base64\" \/><input type=\"hidden\" name=\"postId_0\" value=\"szQwsgAA\" \/><input type=\"hidden\" name=\"postTitle_0\" value=\"HYwxDkIhEAWv8q6irbEysSf\/r2EDLGSBmFBxB1ujjcew4yacRGL1Ji+Tmf11Jc1JabMkuFfd1whvtoD0Nr7el9mfmP2BS2xsPOGQE7lCcDGEJXOAUF1wNuMtxq4vGUcFrQZQ1ZjGh\/M\/f2QRkmDUFeykOK0C58xRlgxXtf0A\" \/><input type=\"hidden\" name=\"postLink_0\" value=\"yygpKSi20tcvLy\/Xy8jPSM3LARK6pXnpqWmZOSWpRSV6Kan69gW2lgZGFgA=\" \/><input type=\"hidden\" name=\"postAuthor_0\" value=\"AwA=\" \/><input type=\"hidden\" name=\"postDateTime_0\" value=\"MzIwNNAFIiMLBUNLK0MDKxMTAA==\" \/><input type=\"hidden\" name=\"postContent_0\" value=\"nVXLbttWEN3nKwYpULSALNmuHDeOasCB6zYwDBhIYK8vrSF5QfJe4j6sViv\/Q7dFsvE3dOUd\/8RfkjOXtCNZTlN0I\/Exd+acM2eGs\/Zw5oOzpji8v\/l4zI7eamPYNMpVgbyta2JtqGHjr8paX5Xs6Tf2uAjErlR1YEPRzGmuPMKXWtVMv0ZnW0UZa5oj4zJW3Z3Jgy4Qe25rHXRFSDrH7ZkOges2GlQr2OO6DrRgh3fj77\/7eXd3+w3d3\/xF7y3VKgaWcsZelTTXTNeA16B4SnzBzreOr8po5FYKJxzdrQZ0PDm1TaO919aMSNU+IV4h26qKAykcFrTICRwROMZ0lCHXAtE1h2UQEchEQyrmqNLQB8lPteYijKhUAt\/oAukbHcCdQjT3N3+PIFdVd7cuQJ9rrv80DCGzUrk5jgmbU2vdXBsVrNM9\/l5P1LCVU2GgceJUFUACEWv4t1IboELmVESkQ3gMSxW9XHjPfjybDK2eTdrDFzO0npvDC9vQ+\/Pjrb5pWXfnLJ1CgSXXXsXZBCGP4cPxQUkFsyhnNJDaPIdDxBVJnmu7Krev0CeWpgBMwZnjxocNLJtJRUuYD+e8xWlljHT\/KLH3ba0M6rgH04ySYnvbdKa6T0aVcCzEd3SpGS8yrjmDMZJovGaLFQnlnQlld1uHMR2jJaLLUVYwGmP4mcYJITqLda6T53743SJjjZ\/KsfY\/0uDnuZJRyIH0AGb+uMk0Ge2piDCBF\/oNXVhMWsYm6ep7Sb4hL\/DDsMCFvJKsu43dJ3giYCoxW5VU6DkOQwthfcvQYEQ5PJAcudAOg7fqwWHY1x8mAaVToAv+o54O5jRtieTlJrWFUdx1d1dVIqllXhYoA9mXEX1UjyOHeXnqubcAVUAqKT9c93VlR+FPN2u7RMzwsGp6WBuGgzNS2BfDVCqo2hZ0BH2wCIYFZp4apq9uenUTBzcnoUSZ9nSCDkT0dnd7Z4cwhjKAYgMstNSTc9XqNNtYrdBGJfTrFY6a4LHLVLoRE2Oq0ZRCDPxkSaK6nUeH2mIL6v4RDyX\/8FpStNpXMfkl7TjHxUOKBGUsxryUfq9b3jwEiR8wXbCifAi624JF8tVh\/LeNSzK\/kbo7GKCFBfLBSKvpBqIZY1c5oQrtcKdDUo6NSX5cpHaPZHv7BOqrxvimI9JWflj2nJL1S1D1\/CHkcyNvxqvrk57dkJcC2zG9M7l1jRKR2BxsWPDJ3p1ljiaHL04ZX1VXgCDTdH94uD99tffT6mLuH3\/AYsutOaBt2n9N022Sj+bOzhvao9c7tLs7hJ2oP74SMp0OITNFpeP8l5dlCO3BZLJYLMbck98qBvJbeWS3lXylxhwnL8FEbZB\/B90czPOFL\/2\/5P8h6rH+Zw==\" \/> \t\t<a href=\"https:\/\/www.pdf24.org\" target=\"_blank\" title=\"www.pdf24.org\" rel=\"nofollow\"><img src=\"https:\/\/www.hohenlohe-ungefiltert.de\/wp-content\/plugins\/pdf24-post-to-pdf\/img\/pdf_32x32.png\" alt=\"\" border=\"0\" height=\"32\" \/><\/a> \t\t<span class=\"pdf24Plugin-cp-space\">&nbsp;&nbsp;<\/span> \t\t<span class=\"pdf24Plugin-cp-text\">Sende Artikel als PDF<\/span> \t\t<span class=\"pdf24Plugin-cp-space\">&nbsp;&nbsp;<\/span> \t\t<input class=\"pdf24Plugin-cp-input\" style=\"margin: 0px;\" type=\"text\" name=\"sendEmailTo\" placeholder=\"Emailadresse\" \/> \t\t<input class=\"pdf24Plugin-cp-submit\" style=\"margin: 0px;\" type=\"submit\" value=\"Senden\" \/> \t<\/form> <\/div>","protected":false},"excerpt":{"rendered":"<p>\u201eDer Binnenmarkt soll ein menschliches Gesicht erhalten und das soziale Europa bei der zuk\u00fcnftigen Politik in den Mittelpunkt gestellt werden.&#8220; \u2013 So lauteten noch die vollmundigen Versprechungen der Europ\u00e4ischen Kommission, als das Binnenmarktpaket angek\u00fcndigt wurde. Aber was letztlich nun auf dem Tisch liegt, hat wenig damit zu tun\u201c, erkl\u00e4rte Evelyne Gebhardt, die Koordinatorin der sozialdemokratischen [&hellip;]<\/p>\n","protected":false},"author":3,"featured_media":0,"comment_status":"open","ping_status":"open","sticky":false,"template":"","format":"standard","meta":[],"categories":[],"tags":[],"_links":{"self":[{"href":"https:\/\/www.hohenlohe-ungefiltert.de\/index.php?rest_route=\/wp\/v2\/posts\/9028"}],"collection":[{"href":"https:\/\/www.hohenlohe-ungefiltert.de\/index.php?rest_route=\/wp\/v2\/posts"}],"about":[{"href":"https:\/\/www.hohenlohe-ungefiltert.de\/index.php?rest_route=\/wp\/v2\/types\/post"}],"author":[{"embeddable":true,"href":"https:\/\/www.hohenlohe-ungefiltert.de\/index.php?rest_route=\/wp\/v2\/users\/3"}],"replies":[{"embeddable":true,"href":"https:\/\/www.hohenlohe-ungefiltert.de\/index.php?rest_route=%2Fwp%2Fv2%2Fcomments&post=9028"}],"version-history":[{"count":3,"href":"https:\/\/www.hohenlohe-ungefiltert.de\/index.php?rest_route=\/wp\/v2\/posts\/9028\/revisions"}],"predecessor-version":[{"id":9031,"href":"https:\/\/www.hohenlohe-ungefiltert.de\/index.php?rest_route=\/wp\/v2\/posts\/9028\/revisions\/9031"}],"wp:attachment":[{"href":"https:\/\/www.hohenlohe-ungefiltert.de\/index.php?rest_route=%2Fwp%2Fv2%2Fmedia&parent=9028"}],"wp:term":[{"taxonomy":"category","embeddable":true,"href":"https:\/\/www.hohenlohe-ungefiltert.de\/index.php?rest_route=%2Fwp%2Fv2%2Fcategories&post=9028"},{"taxonomy":"post_tag","embeddable":true,"href":"https:\/\/www.hohenlohe-ungefiltert.de\/index.php?rest_route=%2Fwp%2Fv2%2Ftags&post=9028"}],"curies":[{"name":"wp","href":"https:\/\/api.w.org\/{rel}","templated":true}]}}