{"id":9011,"date":"2010-10-28T22:45:44","date_gmt":"2010-10-28T21:45:44","guid":{"rendered":"http:\/\/www.hohenlohe-ungefiltert.de\/?p=9011"},"modified":"2010-10-28T22:59:58","modified_gmt":"2010-10-28T21:59:58","slug":"werden-tetra-funkmasten-untervermietet-%e2%80%93%c2%a0mobilfunkkritiker-fragen-burgermeister-im-landkreis-schwabisch-hall","status":"publish","type":"post","link":"https:\/\/www.hohenlohe-ungefiltert.de\/?p=9011","title":{"rendered":"&#8222;Werden Tetra-Funkmasten untervermietet?&#8220; \u2013\u00a0Mobilfunkkritiker befragen B\u00fcrgermeister im Landkreis Schw\u00e4bisch Hall"},"content":{"rendered":"<p><strong>Briefe an die B\u00fcrgermeisterinnen und B\u00fcrgermeister im Landkreis Schw\u00e4bisch Hall haben die B\u00fcrgerinitiativen gegen Mobilfunk im Landkreis Schw\u00e4bisch Hall am 22. Oktober 2010 geschrieben.<\/strong><\/p>\n<p><em>Zugesandt von Beate Braun, Michelbach\/Bilz<\/em><\/p>\n<p><strong>TETRA-Masten \u2013 Untervermietung an kommerzielle Mobilfunkbetreiber<\/strong><\/p>\n<p>Sehr geehrte B\u00fcrgermeisterinnen, sehr geehrte B\u00fcrgermeister,<\/p>\n<p><strong>vorab:<\/strong><br \/>\nauf Grund der Informationspolitik unseres Landes haben wie nur  l\u00fcckenhafte Informationen dar\u00fcber, in welchen Gemeinden neue Masten f\u00fcr  TETRA aufgestellt werden bzw. wurden und was noch geplant ist. Deshalb  muss unser Schreiben an Sie alle gehen, auch wenn es Sie unter Umst\u00e4nden nur  teilweise betrifft.<\/p>\n<p><strong>Zu unserem Anliegen:<\/strong><br \/>\nIhr Gemeinderat hat vor einiger Zeit die Baugenehmigung f\u00fcr die  Errichtung eines TETRA-Masts erteilt. Nach Aussage von Herrn M\u00fcller,  Projektleiter f\u00fcr den TETRA-Ausbau in Baden-W\u00fcrttemberg, wurden  hinsichtlich m\u00f6glicher Untervermietung an kommerzielle  Mobilfunkbetreiber unterschiedliche Vertr\u00e4ge\u00a0 abgeschlossen. So soll es Baugenehmigungen geben, die die Untervermietung an  kommerzielle Mobilfunkbetreiber zulassen und welche, die sie  ausschlie\u00dfen. Gleichzeitig erhielten wir von einem anderen Mitarbeiter des  Innenministerium, Herrn Barthel, die Auskunft, solche Abmachungen k\u00f6nnten  keinesfalls Bestandteil einer Baugenehmigung sein. Vertreter des Polizeipr\u00e4sidiums Schw\u00e4bisch Hall versicherten wiederum in  der \u00f6ffentlichen Gemeinderatssitzung in Michelbach im November 2008,  Mietvertr\u00e4ge f\u00fcr Antennen f\u00fcr kommerziellen Mobilfunk auf den neuen  TETRA-Masten w\u00fcrden nur im Einvernehmen mit der jeweiligen Gemeinde  abgeschlossen.<\/p>\n<p><strong>Stabantenne  auf dem neu gebauten Mast auf dem Einkorn in Schw\u00e4bisch Hall<\/strong><\/p>\n<p>Aktueller Anlass f\u00fcr unsere Anfrage ist die Errichtung einer Stabantenne  auf dem neu gebauten Mast auf dem Einkorn in Schw\u00e4bisch Hall. Welchem  Zweck diese Antenne dient, ist nicht klar: Die Monteure gaben wiederholt  an, sie w\u00fcrden eine Antenne f\u00fcr O2 installieren. Herr M\u00fcller hingegen  versichert, die M\u00e4nner h\u00e4tten einen Rundstrahler f\u00fcr den BOS-TETRA-Funk  installiert. F\u00fcr kommerziellen Mobilfunk werde der Mast nicht  untervermietet. Beide Aussagen stehen sich nun gegen\u00fcber. Da das Land die Bev\u00f6lkerung \u00fcber die Standorte und die Strahlenbelastung  gezielt im Unklaren l\u00e4sst und auch B\u00fcrgermeisterinnen und B\u00fcrgermeister  zur Geheimhaltung angehalten werden, ist unser Vertrauen in Ausk\u00fcnfte  des Innenministeriums mittlerweile geschrumpft.<\/p>\n<p><strong>Deshalb w\u00fcrden wir gerne von Ihnen wissen:<\/strong><br \/>\n1. Gibt es im Rahmen der Baugenehmigung f\u00fcr den TETRA-Mast eine Zusatzvereinbarung hinsichtlich Untervermietung?<br \/>\n2. Wurden unabh\u00e4ngig von der Baugenehmigung Vertr\u00e4ge zur Untervermietung von Antennen geschlossen?<br \/>\n3. Strebt ihre Gemeinde Antennen kommerzieller Mobilfunkbetreiber auf den TERTA-Masten an?<br \/>\n4. Die Gemeinde B\u00fchlertann hat im Blick auf die Gesundheit seiner  B\u00fcrgerinnen und B\u00fcrger einen Antrag auf LTE-Ausbau abgelehnt. Wie ist  die Position Ihrer Gemeinde zum LTE-Ausbau?<\/p>\n<p>Die Bev\u00f6lkerung hat ein Recht darauf zu erfahren, wie viele  Mobilfunkantennen wo stehen, wie hoch die Strahlenbelastung ist und wie  sich diese entwickeln wird.<\/p>\n<p>Mit freundlichem Gru\u00df und Dank f\u00fcr Ihre Auskunft.<\/p>\n<p>Beate Braun<br \/>\nUlrike H\u00f6lzel<br \/>\n(im Namen der Initiativen im Landkreis)<\/p>\n<p><strong>Weitere Informationen:<\/strong><\/p>\n<p><strong>Der Brief ging nach Angaben der Initiativen gegen Mobilfunk im Landkreis Schw\u00e4bisch Hall an folgende Adressen: <\/strong><\/p>\n<p>B\u00fcrgermeisterinnen und B\u00fcrgermeister<br \/>\nim Landkreis Schw\u00e4bisch Hall<\/p>\n<p>Zur Kenntnis<br \/>\nInnenministerium Baden-W\u00fcrttemberg<br \/>\nProjektleiter TETRA<br \/>\nHerrn Manfred M\u00fcller<br \/>\nPolizeidirektion Schw\u00e4bisch Hall<br \/>\nHerrn G\u00fcnther Freisleben<br \/>\nPressesprecher<br \/>\nHerrn Ulrich Stuiber<br \/>\nLokalpresse<\/p>\n<div class=\"pdf24Plugin-cp\"> \t<form name=\"pdf24Form0\" method=\"post\" action=\"https:\/\/doc2pdf.pdf24.org\/wordpress.php\" target=\"pdf24PopWin\" onsubmit=\"var pdf24Win = window.open('about:blank', 'pdf24PopWin', 'resizable=yes,scrollbars=yes,width=600,height=250,left='+(screen.width\/2-300)+',top='+(screen.height\/3-125)+''); pdf24Win.focus(); if(typeof pdf24OnCreatePDF === 'function'){void(pdf24OnCreatePDF(this,pdf24Win));}\"> \t\t<input type=\"hidden\" name=\"blogCharset\" value=\"Cw1x07UAAA==\" \/><input type=\"hidden\" name=\"blogPosts\" value=\"MwQA\" \/><input type=\"hidden\" name=\"blogUrl\" value=\"yygpKSi20tcvLy\/Xy8jPSM3LARK6pXnpqWmZOSWpRSV6KakA\" \/><input type=\"hidden\" name=\"blogName\" value=\"88jPSM3LARK6pXnpqWmZOSWpRSUA\" \/><input type=\"hidden\" name=\"blogValueEncoding\" value=\"gzdeflate base64\" \/><input type=\"hidden\" name=\"postId_0\" value=\"szQwNAQA\" \/><input type=\"hidden\" name=\"postTitle_0\" value=\"U1O2MDIysg5PLUpJzVMISS0pStR1K83Lzk0sLgEKlOaVpBaVpRblZqaWpJbYq4FUG1grPGqYfGiBb35SZk4aUG12UWZJZnZqkUJSalpRYjpQm9PhPUXpQF2pmUBTihQycxV8EvNSsouAfIXg5Izyw0uSMouTMxQ8EnNyAA==\" \/><input type=\"hidden\" name=\"postLink_0\" value=\"yygpKSi20tcvLy\/Xy8jPSM3LARK6pXnpqWmZOSWpRSV6Kan69gW2lgaGhgA=\" \/><input type=\"hidden\" name=\"postAuthor_0\" value=\"AwA=\" \/><input type=\"hidden\" name=\"postDateTime_0\" value=\"MzIwNNAFIiMLBSMjK0MDKxMTAA==\" \/><input type=\"hidden\" name=\"postContent_0\" value=\"rVfBbttGEL3nK+bYAoqcuD0UgeHAgh3HaJwYll0Dvi2tEbnhcikslxKgU\/+hH5Ae\/A0++VT+Sb+kb3ZJmabUJAV6iGNT3J2ZN++9GR0sDg8q70qbHk6c5jmTsjTTTJPm0aXsCtaVZ6etZUu1nQ2eky7og7Kz3OFvmt5lq+Y+0dVdRu+VMZSphJ9dp632Wnm9xOOUU\/w8LxNt5rXNv3GVKmh\/f0yfcl8miLv\/6vUr3ICPkTWCjA\/22jIO9haHLw5QFheHtzVewZ2elqWlCSuPTJyq7YjO9V3GJlF32d5Em\/XBHl7fHG2vujq5ujx6ea5QqaW\/f\/+Dri1qXqJ6zb62qWCVl0XBbq3ZGH4qJmGPMpDoVlpTzhwSx0+\/E+QRVf\/+xmiY4bJ0KnnzFCRxtHf4QtVzOnXSrRmgOrPz0hUAvbTVojRoQI5OVuy4CoDjv9inFfpka0dkmse7nG2m5sigd1x6qVzziLpGpHGADUC0dMrIDxdZslwDhQjYHKkTBQwJGaETHiB5nHLyarJejWlVh98l1ZWqyJZod8oLo6wnVDymY64yZRKioq6qmLZwI4BrBf8pklaCfcqZoKdqXLFiawl1yYe19Iyui8o39zFHKdGzNiuAyiSt0vO5Hw+xva1bmAo6skYLW7eQPkOruuqd8gBSqOYIDzTaRresfeS\/AhUtZ4VOhTgBG3lOJ86BiYFNOIScn0hXETvJEzB8BE\/pCBColAOX37NzEE\/ziNLRDLpw5WfOvUE8hI3Xo9Z4GQ4mqpaOTRSevrzBx95zgT6mo64HlGlbSSoGP6hoHlL5RaD7Bul3sD6CDnFqnoVb6DeU4pr7lP\/6k1QShGvKqoJwaVpSVULhqP05SsEjEmmqICX\/dqTyLQHSujZKAkWSBcbGCyuBXwFTpKK5+SK5nALAu2wNFDX64ZC\/8UEZLqAuHSpINOPEurRXLomIi4ogFUikQOuDmuti1LZpopyH2cSwaEZe27kfSdUCzVFSoLux3rx5sFYiUh7YMAe1AQukIy4GLoQU3JBOFZ6OI8bcZXMBqaOQBVCv9AzZ7DBVQFmFJsciGXXVhfAkGEfzMJ+zDXzoiRw0ryrt1xJX256PioF\/LJeBVvDnV7+Aludo1LJrfaTlkdRnO3\/od68\/DMTCOkOxRM+ceIWDnZAR80RbhBAw8KwQvSH+Z4a6jU57idOAeEO9T71KVEyO2viFxBcSqloCS\/zNJwibl2guMBjiumX6R7mvpUKpXtgYa4\/ugkdzJ7IGawJBBo4Av\/vfEhvTTRBAQXS74rtc4lXctUT+suClJGIlBcqNcm\/oWIuw8E6NbNNuVADlrISdQw6joKWuLZL05spQ6Kd9JAMKG+jMicxEFp15ie\/EVaBHxyiVczi2AJA19963N1u6hJCBr8pM3+kmn6YvI0veCX96AWGf775GtTCPAmkCjLHy6GCt1TCumLCecWfBlkBEEYWkCx62y0yYjJhZCmMyztbo\/bxsHkwObaGl4Z3weCqaLmXI1+2L01iVTRgkCQTAvZKwF55fW2kHghooGonKqTDtvnNVgxPKsMpYFxiprX9iaqpocWEqx+bHMRvsRIn8wCRxrebRykIQ3GVodZUoD+PHiey43czqYrFjrnYjveOLmGsqAg4We5bZ8EwkujVuX8OhdeJlVACQSxUkP9v2w8H8C30NtLytK+XXaCv+SlRoyLOxNxgwb9u4WDxvuk1FJaCjTTEfJN0dwTejLgA+HFlyaGOBPTvqQv00FhowitTYcp7Ma3OmT2O3a+B11nl1cnm18Uy1CfDzOAh6czFYIkoCGW1YXwDsBFi0FhzerMCmTDaZKhrS0zY\/oFqrUOQKRwsXfLg66dYPcV\/DmYWYbnS0u3D\/RYlxokPrHT+tU0Cv6B1\/29HoeKgoSRon6JJFuFhQJe66xvieK9wITstiuwRg\/V1FdXiuylbM8b1MVtDdYtSt6OS1qPxonzDNFQBjE7g82xAe+wHNHeNIGKGF7OTNl3DFsYLxBJZK0ZudYHO091Wlbdu1cTpneo+612zahz\/IyFWdCM56X676X6Z+HCrwJuwsg9X+zfY3qI1gwXH5ckgprJps2EVtHATDuP\/xSx22gNLghBB8hi8kInraSuT7DK7F5KsRuxtvocxf0X8PA+tW+YGj7diV2zef79rBYtpP2q1cYaLzrBtw3am4j820w1mh+1Zu\/TtOYbZetu93UoeRNXgTXWCqFo5lUj47JBzBZVNfh6+e8aMPZa7MIhwK1f8D\" \/> \t\t<a href=\"https:\/\/www.pdf24.org\" target=\"_blank\" title=\"www.pdf24.org\" rel=\"nofollow\"><img src=\"https:\/\/www.hohenlohe-ungefiltert.de\/wp-content\/plugins\/pdf24-post-to-pdf\/img\/pdf_32x32.png\" alt=\"\" border=\"0\" height=\"32\" \/><\/a> \t\t<span class=\"pdf24Plugin-cp-space\">&nbsp;&nbsp;<\/span> \t\t<span class=\"pdf24Plugin-cp-text\">Sende Artikel als PDF<\/span> \t\t<span class=\"pdf24Plugin-cp-space\">&nbsp;&nbsp;<\/span> \t\t<input class=\"pdf24Plugin-cp-input\" style=\"margin: 0px;\" type=\"text\" name=\"sendEmailTo\" placeholder=\"Emailadresse\" \/> \t\t<input class=\"pdf24Plugin-cp-submit\" style=\"margin: 0px;\" type=\"submit\" value=\"Senden\" \/> \t<\/form> <\/div>","protected":false},"excerpt":{"rendered":"<p>Briefe an die B\u00fcrgermeisterinnen und B\u00fcrgermeister im Landkreis Schw\u00e4bisch Hall haben die B\u00fcrgerinitiativen gegen Mobilfunk im Landkreis Schw\u00e4bisch Hall am 22. Oktober 2010 geschrieben. Zugesandt von Beate Braun, Michelbach\/Bilz TETRA-Masten \u2013 Untervermietung an kommerzielle Mobilfunkbetreiber Sehr geehrte B\u00fcrgermeisterinnen, sehr geehrte B\u00fcrgermeister, vorab: auf Grund der Informationspolitik unseres Landes haben wie nur l\u00fcckenhafte Informationen dar\u00fcber, in [&hellip;]<\/p>\n","protected":false},"author":3,"featured_media":0,"comment_status":"open","ping_status":"open","sticky":false,"template":"","format":"standard","meta":[],"categories":[],"tags":[],"_links":{"self":[{"href":"https:\/\/www.hohenlohe-ungefiltert.de\/index.php?rest_route=\/wp\/v2\/posts\/9011"}],"collection":[{"href":"https:\/\/www.hohenlohe-ungefiltert.de\/index.php?rest_route=\/wp\/v2\/posts"}],"about":[{"href":"https:\/\/www.hohenlohe-ungefiltert.de\/index.php?rest_route=\/wp\/v2\/types\/post"}],"author":[{"embeddable":true,"href":"https:\/\/www.hohenlohe-ungefiltert.de\/index.php?rest_route=\/wp\/v2\/users\/3"}],"replies":[{"embeddable":true,"href":"https:\/\/www.hohenlohe-ungefiltert.de\/index.php?rest_route=%2Fwp%2Fv2%2Fcomments&post=9011"}],"version-history":[{"count":5,"href":"https:\/\/www.hohenlohe-ungefiltert.de\/index.php?rest_route=\/wp\/v2\/posts\/9011\/revisions"}],"predecessor-version":[{"id":9022,"href":"https:\/\/www.hohenlohe-ungefiltert.de\/index.php?rest_route=\/wp\/v2\/posts\/9011\/revisions\/9022"}],"wp:attachment":[{"href":"https:\/\/www.hohenlohe-ungefiltert.de\/index.php?rest_route=%2Fwp%2Fv2%2Fmedia&parent=9011"}],"wp:term":[{"taxonomy":"category","embeddable":true,"href":"https:\/\/www.hohenlohe-ungefiltert.de\/index.php?rest_route=%2Fwp%2Fv2%2Fcategories&post=9011"},{"taxonomy":"post_tag","embeddable":true,"href":"https:\/\/www.hohenlohe-ungefiltert.de\/index.php?rest_route=%2Fwp%2Fv2%2Ftags&post=9011"}],"curies":[{"name":"wp","href":"https:\/\/api.w.org\/{rel}","templated":true}]}}