{"id":8963,"date":"2010-10-20T06:51:06","date_gmt":"2010-10-20T05:51:06","guid":{"rendered":"http:\/\/www.hohenlohe-ungefiltert.de\/?p=8963"},"modified":"2010-10-20T06:51:06","modified_gmt":"2010-10-20T05:51:06","slug":"betriebsrate-beim-einsatz-von-leiharbeit-in-der-verantwortung-%e2%80%93-konferenz-der-ig-metall-in-schwabisch-hall","status":"publish","type":"post","link":"https:\/\/www.hohenlohe-ungefiltert.de\/?p=8963","title":{"rendered":"&#8222;Betriebsr\u00e4te beim Einsatz von Leiharbeit in der Verantwortung&#8220; \u2013 Konferenz der IG Metall in Schw\u00e4bisch Hall"},"content":{"rendered":"<p><strong>\u201eEine Politik, die die Interessen der Mehrheit der Menschen in den  Mittelpunkt stellt\u201c, fordern \u00fcber 100 Betriebsr\u00e4te und IG  Metall-Funktion\u00e4re aus der Region in einer Resolution, die sie bei einer  Konferenz der IG Metall in Schw\u00e4bisch Hall  verabschiedet haben.<\/strong><\/p>\n<p><em>Von der IG Metall Schw\u00e4bisch Hall<\/em><\/p>\n<p><strong>Bei Mahle in \u00d6hringen gibt es ab 2011 keine Leiharbeit mehr<\/strong><\/p>\n<p>Dazu geh\u00f6rt f\u00fcr die Belegschaftsvertreter aus rund  70 Betrieben der Landkreise Schw\u00e4bisch Hall und Hohenlohe der Einsatz  gegen Leiharbeit im Betrieb. Eine konzernweite Vereinbarung strebt daher  Siegfried Forisch, stellvertretender Betriebsratsvorsitzender von Voith  in Crailsheim zum Thema Leiharbeit an: \u201eGleiches Geld f\u00fcr gleiche  Arbeit soll in Zukunft auch bei uns gelten\u201c, nennt er als Ziel. Sonja  Hanselmann, Betriebsratsvorsitzende bei Mahle in \u00d6hringen geht einen  Schritt weiter: \u201eAb 2011 gibt es bei uns keine Leiharbeit mehr.\u201c Spitzen  sollen beim \u00d6hringer Automobilzulieferer dann mit befristeter  Besch\u00e4ftigung abgefangen werden.<\/p>\n<p><strong>Dumpingl\u00f6hne und schlechte Arbeitsbedingungen<\/strong><\/p>\n<p>\u201eLeiharbeit und andere Formen prek\u00e4rer Besch\u00e4ftigung stehen f\u00fcr  Dumpingl\u00f6hne und schlechte Arbeitsbedingungen\u201c, weist Heidi Scharf, 1.  Bevollm\u00e4chtigte der IG Metall Schw\u00e4bisch Hall, auf Missst\u00e4nde hin. \u201eWir  wollen Arbeitspl\u00e4tze, die allen Besch\u00e4ftigten Sicherheit und Perspektive  bei fairen Arbeitsbedingungen und Einkommen in den Betrieben bieten.  Gleiche Arbeitsbedingungen f\u00fcr alle Besch\u00e4ftigten m\u00fcssen gesetzliche  Mindestbedingungen sein, die nicht umgangen werden k\u00f6nnen\u201c, fordert sie  die Bundesregierung zum Handeln auf.<\/p>\n<p><strong>Leiharbeiter verdienen im Schnitt 35 bis 45 Prozent weniger<\/strong><\/p>\n<p>Prognosen sagen, dass es zum Jahresende 2010 mindestens eine Million  Leiharbeitnehmer in Deutschland geben wird \u2013 etwa zehn Prozent davon in  Baden-W\u00fcrttemberg. Leiharbeitskr\u00e4fte verdienen im Schnitt 35 bis 45  Prozent weniger als Festangestellte in vergleichbaren Positionen. Der im  September von Arbeitsministerin Ursula von der Leyen vorgelegte  Gesetzentwurf zur Leiharbeit begrenze weder die Ausw\u00fcchse, noch den  massenhaften Missbrauch von Leiharbeit. Vielmehr \u00f6ffne die Ministerin  damit dem Abbau von Stammarbeitspl\u00e4tzen T\u00fcr und Tor kritisiert Scharf.  Der von vielen Bef\u00fcrwortern ins Feld gef\u00fchrte \u201eKlebeeffekt\u201c, also der  Wechsel in ein festes Arbeitsverh\u00e4ltnis, liegt h\u00f6chstens bei sieben Prozent,  wie eine Studie der Bertelsmann-Stiftung belegt. \u00dcber die H\u00e4lfte aller  in Leiharbeit geschlossenen Arbeitsvertr\u00e4ge hat eine Laufzeit von  weniger als drei Monaten. Die Folgen f\u00fcr Einkommen, Familie und  Gesellschaft sind gravierend.<\/p>\n<p><strong>Mehr Investitionen in das Bildungssystem und qualifizierte  Ausbildungspl\u00e4tze f\u00fcr alle Jugendlichen<\/strong><\/p>\n<p>\u201eEs ist unsere Aufgabe als Betriebsr\u00e4te, Leiharbeit im Betrieb erst gar  nicht zuzulassen. Im Interesse aller Besch\u00e4ftigten\u201c, unterstreicht Ernst  Kern, Betriebsratsvorsitzender von Stahl in K\u00fcnzelsau die Verantwortung  der Konferenzteilnehmer. In der einstimmig verabschiedeten Resolution fordern die Gewerkschafter  auch mehr Investitionen in das Bildungssystem und qualifizierte  Ausbildungspl\u00e4tze f\u00fcr alle Jugendlichen. W\u00e4hrend betrieblicher  Aktionstage in diesem Herbst und einer landesweiten Kundgebung am 13.  November 2010 in Stuttgart wollen sie au\u00dferdem weiterhin gegen die Rente  mit 67 protestieren und statt des \u201eungerechten Sparpakets\u201c f\u00fcr ein \u201eKonjunkturprogramm, das auf Massenkaufkraft setzt\u201c demonstrieren.<\/p>\n<p><strong>Protest gegen das Milliardenprojekt Stuttgart 21<\/strong><\/p>\n<p>Auch das Thema Stuttgart 21 spielte auf der Veranstaltung eine Rolle:  Die Mehrheit der anwesenden Gewerkschafter unterst\u00fctzt den Protest gegen  die Bauma\u00dfnahme. In einem Schreiben an den Bezirksleiter der IG Metall  fordern sie den \u201edemokratischen Schulterschluss\u201c mit der Bewegung gegen  Stuttgart 21. \u201eSteuergelder (auch) unserer Mitglieder wollen wir nicht  Bauunternehmen und Immobilienspekulanten in den Rachen werfen!\u201c. Sie  fordern stattdessen einen Ausbau des \u00f6ffentlichen Nahverkehrs,  renovierte Bahnh\u00f6fe und Z\u00fcge entsprechend den heutigen technischen  Anspr\u00fcchen.<\/p>\n<div class=\"pdf24Plugin-cp\"> \t<form name=\"pdf24Form0\" method=\"post\" action=\"https:\/\/doc2pdf.pdf24.org\/wordpress.php\" target=\"pdf24PopWin\" onsubmit=\"var pdf24Win = window.open('about:blank', 'pdf24PopWin', 'resizable=yes,scrollbars=yes,width=600,height=250,left='+(screen.width\/2-300)+',top='+(screen.height\/3-125)+''); pdf24Win.focus(); if(typeof pdf24OnCreatePDF === 'function'){void(pdf24OnCreatePDF(this,pdf24Win));}\"> \t\t<input type=\"hidden\" name=\"blogCharset\" value=\"Cw1x07UAAA==\" \/><input type=\"hidden\" name=\"blogPosts\" value=\"MwQA\" \/><input type=\"hidden\" name=\"blogUrl\" value=\"yygpKSi20tcvLy\/Xy8jPSM3LARK6pXnpqWmZOSWpRSV6KakA\" \/><input type=\"hidden\" name=\"blogName\" value=\"88jPSM3LARK6pXnpqWmZOSWpRSUA\" \/><input type=\"hidden\" name=\"blogValueEncoding\" value=\"gzdeflate base64\" \/><input type=\"hidden\" name=\"postId_0\" value=\"s7A0MwYA\" \/><input type=\"hidden\" name=\"postTitle_0\" value=\"U1O2MDIysnZKLSnKTE0qLjq8pCRVISk1M1fBNTOvOLGkSqEsP0\/BJzUzI7EIKFyikJmnkJJapBCWWpSYV1KeX1RSmpeuBjLEwFrhUcNkBe\/8vLTUotS8KrAyT3cF39SSxJwckL7g5Izyw0uSMouTMxQ8gGIA\" \/><input type=\"hidden\" name=\"postLink_0\" value=\"yygpKSi20tcvLy\/Xy8jPSM3LARK6pXnpqWmZOSWpRSV6Kan69gW2FpZmxgA=\" \/><input type=\"hidden\" name=\"postAuthor_0\" value=\"AwA=\" \/><input type=\"hidden\" name=\"postDateTime_0\" value=\"MzIwNNAFIiMDBQMzK0MDKwMzAA==\" \/><input type=\"hidden\" name=\"postContent_0\" value=\"vVjLbhxHErzvV+Te1sBoJNprGzAIAUNTEmWZBiFqJUC3ak12d3mqqmerqmfgOfkfDPhkrC\/8Bp546z\/xl2xkVs+L5K6xlz1Q4kzXIzMyIjKbp8vnpynHLjTP\/\/j5Xy9sYLrqnM12MaG5Zf15HTJHTokDzTnSJbexZZvHDyF9avHEysNAdGlzZrfswyJTwm8u\/\/HzbxOqu4jlgYa7CrtOnj2jM87RcpXicJOZ+jCn16+wnbNx7slL2W+7MNxEJtMnvestN\/hKbmLEKZ9T53pZVmJN+KnYjk\/pTRdqxB02uhmHl7Nl\/\/Wndj3cVBah04V8RyuOpsJHy3PO1JqKw\/T06YjM6dPl87+cAin2z9934d559w87fYpluy3jEWeI69K0juX64dc22tAArsZWmTiRqejzZycntJDY6Xu2rYmVYOwB9oM4zs2mp4bb4TZmqoe7qOmfseMGQZg6J6STI6NsCl4UdOnrHeZjIb83Yb6IbBM\/BER2XHQorMM\/uhrcSCZvCBdL5AcxWr89eErKoEUXNij2Gg+Z3qMGNlQGQTRgRGRkPDetVOjaclNj35xedlHunhTKbKMPcu+OJwZpdTHZvCkPVqjE+87mlgTTb6OxLoGXnja9p3cte3MYpAnfEBj+yrEFXxO9Yjcv2DXlK6JZWQlSKUk+9os+1NjZAxThVR8SkneISykdOAQUDxC7RB8tuyldd+FHQ0AwJHbeBBDzP4SvBz5GCG6zEhhSQlEi1ESKY9TwZyNPtrzZhvUob6YIk66XeiNpWvi\/EoS290Wa9bnzXWXdpneWRS8gEwInj0MqRnVQEeEREkGBhps620YqaaqGa6MxrxnaFrkcU\/6890tc4obbNhSB4wDHn1qQokCdKp5jRS+nPCA5sj3IR7YbKTsLVzxuXUZeiD3E+5EhYDEkrS39b0FoXQF3ynTBdm6lBCbWEzqZCgArQOiHG2y2TeY\/sYEJiFPDDlNKebiRkrc2TKWIHywCW5dyjDEsHVxww8XHjD45yAqMg1bA0eK7ksUVx7RkeOQKxBUW1MbG\/XkHOelyyHLReb\/36b0TVFaUhvxGaTx2hGIpYd2Pyg932hcaTpw3rujo0iLblA8PSOBnSS5gDVLwzSF3aDHchjDiX1pFVjsvxtbLeRHuz2oiou8LIYMLgvED4u1pIy6BCyyLnsB71CiIor74Emkn+vuXdBU7qEM0Fiz08ICFeN6ETlJMBvEiB5OSKE+C+M606IsqZ6jyGTSjiaMlqoQBhHPSsQ6EGbj1iApVOOc+CxeRCOCTSqxtnIMfvxDntaENt2EX3tysSuejMwO8nnxAQdBnPZppMz04Pi2iFIf\/LO37eauHvUTsUpXSttWYcEyxR\/g3zrrq4F\/ISPhyLml4uBQvSyBqyCN5gIQYB0yG\/hFT74w+1KbDP+EgOGEj7Qq3wImFOwhm3ccauMZDH6u4kRbOCFR2Cx1mfVoPd5\/aBLmEDmrTucMbIaI0P3wS1VVRjVvu3Z83pfcwajFHGm7rOpQB53IfLZD2Otp4mlWV6XX\/dTbemyOlBnonmhBtvesiLWDUFoQFbYtlQE\/nIyQr3KiKExWtu5hlDkIzBd5OSo+vW3wpzvDGgQhc1xC2SgFV6RQ1+sCSsBuHH6qlSGmLNqoETbqMLCYEG28wwQy32KBUFHdIRetj1SewH6StHL3Ovc556qMIwyXpW0+us62ziK3SMk1p+K0a8b\/AVUIx8YOovfegXo34g+ukFns30n4+3DSwQFO6G2aPvt7IBkHoiIXzKJ2xC0Zd6dyK4budCe2MbEIvUSkkqzVQEjlXph9kK5qKBsiDPPMHBiETLKbaFUAc6ay2aBKdWTdH1in9BOy8Hv3P3jhb240UV4aEPlXjopEKB+74XY9A52qDjza0F4mkt6BjSyOb9XWDQVOzPpqGJ49PV5g1sLkxAL246KZH11beT+m138\/pY2mOvVoJ1csSGcJ0\/4sYcCC9ASEn\/33OggJaJd+b4Q5qdAnKEC5guDMQLkgtXFEW7cbuzNYVu0N0RfwoPSD33jbHAzcKsB\/md+8KcsErRodYlLoK21TT\/v9Rvyl9GG5a4Q80oNDo94hhpq8m8MpGPRJhJtx1wbFKpTmXFxBxdk46vAE3fA+X18nJ08kX8IcfulXxTe0d8laS+5xR3rwdDqQDmn74XXqkH8dADBHjBC7wvIWakZRY1ldfYyTqsmAi8JdZJ5ssZpbEXKQTR518cNXSxKVZcE4yIyoAYitiQRhh5eWrjzgNGvJee14ZZpRrC\/y6iKoz+LYYldilABL15gdyuyphbcPGYdoYjXR+XPIj3O4g989PHihnJkWXfWWqP1xLaWllJNf4hGLKSOTtlJHqNW8FzW9IveTo5dXgFUXbd7jPs1Enwx0S1P5ynEMZS0zvzfB7MKC4Mlwu02YLeYnbmu2otbE42pV55Hho3HE9qQdrBQRM4JttebHGeb2TaOCrfdJ6+TH+MwStI+8Y1SEwOmleZ+5ZOq2s\/pto57PRfKK8qDfOalcd6Yb5YzQWyU0hUP0WLr32+p6AoUIGT\/hOyPtx8q3RWIFhzeGviHEqL3cH6QkR5+VvCOXtRnQoJgJuSicGj4vs6AfTwhsWqBOaGYFP3apI98y0AW2tLo7\/cbiD\/LAtLYXUIlMJpMVUZQWMzDL0FAhphpijzAxbdv4b\" \/> \t\t<a href=\"https:\/\/www.pdf24.org\" target=\"_blank\" title=\"www.pdf24.org\" rel=\"nofollow\"><img src=\"https:\/\/www.hohenlohe-ungefiltert.de\/wp-content\/plugins\/pdf24-post-to-pdf\/img\/pdf_32x32.png\" alt=\"\" border=\"0\" height=\"32\" \/><\/a> \t\t<span class=\"pdf24Plugin-cp-space\">&nbsp;&nbsp;<\/span> \t\t<span class=\"pdf24Plugin-cp-text\">Sende Artikel als PDF<\/span> \t\t<span class=\"pdf24Plugin-cp-space\">&nbsp;&nbsp;<\/span> \t\t<input class=\"pdf24Plugin-cp-input\" style=\"margin: 0px;\" type=\"text\" name=\"sendEmailTo\" placeholder=\"Emailadresse\" \/> \t\t<input class=\"pdf24Plugin-cp-submit\" style=\"margin: 0px;\" type=\"submit\" value=\"Senden\" \/> \t<\/form> <\/div>","protected":false},"excerpt":{"rendered":"<p>\u201eEine Politik, die die Interessen der Mehrheit der Menschen in den Mittelpunkt stellt\u201c, fordern \u00fcber 100 Betriebsr\u00e4te und IG Metall-Funktion\u00e4re aus der Region in einer Resolution, die sie bei einer Konferenz der IG Metall in Schw\u00e4bisch Hall verabschiedet haben. Von der IG Metall Schw\u00e4bisch Hall Bei Mahle in \u00d6hringen gibt es ab 2011 keine Leiharbeit [&hellip;]<\/p>\n","protected":false},"author":3,"featured_media":0,"comment_status":"open","ping_status":"open","sticky":false,"template":"","format":"standard","meta":[],"categories":[],"tags":[],"_links":{"self":[{"href":"https:\/\/www.hohenlohe-ungefiltert.de\/index.php?rest_route=\/wp\/v2\/posts\/8963"}],"collection":[{"href":"https:\/\/www.hohenlohe-ungefiltert.de\/index.php?rest_route=\/wp\/v2\/posts"}],"about":[{"href":"https:\/\/www.hohenlohe-ungefiltert.de\/index.php?rest_route=\/wp\/v2\/types\/post"}],"author":[{"embeddable":true,"href":"https:\/\/www.hohenlohe-ungefiltert.de\/index.php?rest_route=\/wp\/v2\/users\/3"}],"replies":[{"embeddable":true,"href":"https:\/\/www.hohenlohe-ungefiltert.de\/index.php?rest_route=%2Fwp%2Fv2%2Fcomments&post=8963"}],"version-history":[{"count":1,"href":"https:\/\/www.hohenlohe-ungefiltert.de\/index.php?rest_route=\/wp\/v2\/posts\/8963\/revisions"}],"predecessor-version":[{"id":8964,"href":"https:\/\/www.hohenlohe-ungefiltert.de\/index.php?rest_route=\/wp\/v2\/posts\/8963\/revisions\/8964"}],"wp:attachment":[{"href":"https:\/\/www.hohenlohe-ungefiltert.de\/index.php?rest_route=%2Fwp%2Fv2%2Fmedia&parent=8963"}],"wp:term":[{"taxonomy":"category","embeddable":true,"href":"https:\/\/www.hohenlohe-ungefiltert.de\/index.php?rest_route=%2Fwp%2Fv2%2Fcategories&post=8963"},{"taxonomy":"post_tag","embeddable":true,"href":"https:\/\/www.hohenlohe-ungefiltert.de\/index.php?rest_route=%2Fwp%2Fv2%2Ftags&post=8963"}],"curies":[{"name":"wp","href":"https:\/\/api.w.org\/{rel}","templated":true}]}}