{"id":8939,"date":"2010-10-17T11:12:31","date_gmt":"2010-10-17T10:12:31","guid":{"rendered":"http:\/\/www.hohenlohe-ungefiltert.de\/?p=8939"},"modified":"2010-10-17T11:12:31","modified_gmt":"2010-10-17T10:12:31","slug":"spd-trauert-um-herrmann-scheer-%e2%80%93-fruherer-betreuungsabgeordneter-des-landkreises-schwabisch-hall-ist-tot","status":"publish","type":"post","link":"https:\/\/www.hohenlohe-ungefiltert.de\/?p=8939","title":{"rendered":"&#8222;SPD trauert um Herrmann Scheer&#8220; \u2013  Fr\u00fcherer Betreuungsabgeordneter des Landkreises Schw\u00e4bisch Hall ist tot"},"content":{"rendered":"<p><strong>Die SPD im Landkreis Schw\u00e4bisch Hall trauert um Hermann  Scheer. Vollkommen \u00fcberraschend und viel zu fr\u00fch ging unser weltweit  bekannter Genosse von uns. Wie kein Zweiter hat er sich f\u00fcr die so  bitter notwendige Energiewende eingesetzt. Dabei hat er nie klare Worte  und auch keinen Streit gescheut. Genau dieser Typ Politiker ist  heutzutage aber viel zu selten geworden.<\/strong><\/p>\n<p><em>Von Nik Sakellariou, Landtagsabgeordneter und SPD-Kreisvorsitzender Schw\u00e4bisch Hall<\/em><\/p>\n<p><strong>Bei der erneuerbaren Energie geht es um eine existenzielle Frage f\u00fcr die Menschheit<\/strong><\/p>\n<p>Als Bundestagsabgeordneter und Mitglied des Parteivorstandes hat Hermann  Scheer die damals revolution\u00e4re rot-gr\u00fcne Energiepolitik eingeleitet  und mit umgesetzt. Er hat ma\u00dfgeblichen Anteil daran, dass erneuerbare  Energien heute nicht mehr bel\u00e4chelt, sondern gesellschaftlich anerkannt  und weiter auf dem Vormarsch sind. Er hat fr\u00fch erkannt, dass es hierbei  um nicht weniger als eine existenzielle Frage f\u00fcr die Menschheit geht.  Europa- und weltweit war und ist er als Solarpapst und Tr\u00e4ger des  alternativen Nobelpreises ein Begriff.<\/p>\n<p><strong>Am Montag sollte Scheer bei den Schw\u00e4bisch Haller Stadtwerken sprechen<\/strong><\/p>\n<p>Hermann Scheer war oft im Kreis Schw\u00e4bisch Hall zu Gast. \u201cIch bin stolz  und froh, dass wir ihn regelm\u00e4\u00dfig im Landkreis begr\u00fc\u00dfen konnten und er  auch in den Jahren 2005 bis 2009 unser Betreuungsabgeordneter war&#8220;, so  der Kreisvorsitzende Nikolaos Sakellariou. \u201cWir werden das  Lebenswerk von Hermann Scheer zu ehren wissen und die SPD wird sich  kreisweit und vor allem vor Ort f\u00fcr die weitere Umsetzung seiner  Vorstellung einer autarken Energieerzeugung stark machen\u201d, so  Sakellariou weiter. Gemeinsame Gespr\u00e4che gab es zuletzt bei der Wahl des  Bundespr\u00e4sidenten am 30. Juni 2010. &#8222;Au\u00dferdem habe ich mich schon auf unser  Zusammentreffen am kommenden Montag bei einer Diskussion in den  Stadtwerken gefreut&#8220;, so Sakellariou.\u00a0\u201eHermann Scheer ist von uns gegangen. Vieles was er geschaffen, gesagt  und bewirkt hat, wird bleiben und sollte Ansporn f\u00fcr uns alle sein,  diesen Weg konsequent weiter zu gehen und Fehlentwicklungen auf dem  Umwelt- und Energiesektor konsequent und deutlich beim Namen zu nennen\u201c, meint der SPD-Kreisvorsitzende.<\/p>\n<div class=\"pdf24Plugin-cp\"> \t<form name=\"pdf24Form0\" method=\"post\" action=\"https:\/\/doc2pdf.pdf24.org\/wordpress.php\" target=\"pdf24PopWin\" onsubmit=\"var pdf24Win = window.open('about:blank', 'pdf24PopWin', 'resizable=yes,scrollbars=yes,width=600,height=250,left='+(screen.width\/2-300)+',top='+(screen.height\/3-125)+''); pdf24Win.focus(); if(typeof pdf24OnCreatePDF === 'function'){void(pdf24OnCreatePDF(this,pdf24Win));}\"> \t\t<input type=\"hidden\" name=\"blogCharset\" value=\"Cw1x07UAAA==\" \/><input type=\"hidden\" name=\"blogPosts\" value=\"MwQA\" \/><input type=\"hidden\" name=\"blogUrl\" value=\"yygpKSi20tcvLy\/Xy8jPSM3LARK6pXnpqWmZOSWpRSV6KakA\" \/><input type=\"hidden\" name=\"blogName\" value=\"88jPSM3LARK6pXnpqWmZOSWpRSUA\" \/><input type=\"hidden\" name=\"blogValueEncoding\" value=\"gzdeflate base64\" \/><input type=\"hidden\" name=\"postId_0\" value=\"s7A0tgQA\" \/><input type=\"hidden\" name=\"postTitle_0\" value=\"FYwxCsJAFAWv8kBILVsJ6UQkhYWQE2yyj+xi8gN\/\/5LWO3gFj2GXm3gS124YhmkOJ+dc298vMPWFaigLOqouXgT9GElt\/tGxxff5Aq66fyKVijNNWYpM2Q8TVw1Cqzow4+YlPJQpV66PbX8PKY8RnZ9npGyw1X4=\" \/><input type=\"hidden\" name=\"postLink_0\" value=\"yygpKSi20tcvLy\/Xy8jPSM3LARK6pXnpqWmZOSWpRSV6Kan69gW2FpbGlgA=\" \/><input type=\"hidden\" name=\"postAuthor_0\" value=\"AwA=\" \/><input type=\"hidden\" name=\"postDateTime_0\" value=\"MzIwNNAFIXMFQ0MrQwMrY0MA\" \/><input type=\"hidden\" name=\"postContent_0\" value=\"lVbLbuM2FN33Ky5QoCvHSVMUaDFGAAeZR2cmaYBME2B2VHQlEaJIl6Ts1qt8yLTpIp+RVfUn+ZKeS8qGx8mmi8QyRd7HOeceerY4mYXona1PzjTT1eUZ6Y4+Klu2nnWgq9tmNTwUOtw29E4ZQ9Grnn2kvqN37DtlLckmZj+la2dM67qOLQ2PBXuvcIxtST3+lpoNrXuq\/PDYUK1tjeXAnlZs4op1JCq4RbyItbdsXQhMS2dl15RuUFzL2tJn2YodjYqEj6BRWDU8eiqxIzgE0VHeW4egttQ102vLvtYsX5kQo+bAcR2ndKYK1ptIVjIY5ZlunI9MqWjVI7zkRUtX0UuVOI2mehxHkaqXvNLFpz8XdOmMjrrFNx3Qjuxa91GhBCTyWwQCGka8mlfOl2yns8ORgdnh4uSbGRjh7uQanV\/olq5UywZladdPEi+IF1RRM85alk6lTvB28EEIWzofdFxLq\/4ZebNDBN4mGZOeAgLZzN4ymC2AgN1AhhobgBOEbQGB+A90xnaNTgzTGy+9bdE\/Z4tMDUB61tHcBDpFoRxeLP9cx9poLlFIoEsF+LU0EpWcSATtaS3lK1WnENfz0pk+ameHB7DnXTyooTG7JX6RacnUG5FPzOx2WnS8lcPrrKpODfc1F0aLdmkOPWqDXF7ZCT5C2EWKNjlsYpuholsg1nHjoWYzPCCGiRMIUwgRzkG+AUqqipKAFI4n0eeKRnGrvgIUHQYKXXuhL2hbbivMIzQe3BQFnDSKApvCVq4DkscAIB5g+j\/8Jd6naK73bqEOxtLGMV2pTJpofIx95aDQhVpgRd588sODpBXy8B4dWRX1EiBdOKCyEKFyqohOufa6qqb7qpx3dO4sxALoDCJseC+SWu0zaYvaoypRoW\/xOiCH0PdMiBsdjeGkF1dF8bwPL\/sd5vWtCgDj6e7LL1gsUHSIzqwzYZV3zcjASmPuGws9QmXd8DDc6\/prMy1YhDnco8DWidHZFAN1ZKNBaOntvWpkBo+Pjn5EuiAPP49eecowob63ezOENr779qfj46NXk+SBMs\/7diBuAppc2LWU1NaNFhMWK5JGiD5yASUIksl\/9yADIJzqW2k4dO6gHK8OQFBmS6bUcdJLMn8nQjGQtDz9ivtjq7oseabfOhlDtAZ\/hFSBybVYACqVtbyk4KaJ33Hq2K+5r9MZeYHRFdKf7v7KMOw0OqYR0+4QK6iO8QiZpBGlWhUyQeveiBWMKvN0oxqTVZzNS7YHDaCEOtXRD0dTet9bDYq+x2Pi4PjVvAfFXua3ge+TwNHJP2gKcMpsZzLpc486cFuC06rKEfP1KVSM8pdScvNnOrR9CPC5jVC+knzNFaQRd3WwS\/S\/\/zzd\/b1HpUzweMPieK1gjxa3OMwBLa+UOF2+7pSUN5FnVY9OVTDIbqP40STzXsBai1EQ49DObVg42F4iW7KIBhK\/E8oXp6UbrmUaAv\/eA4mNA0Jl8KAx2htuDN6t9G0rYmC7NUioRnwpO9QoisBthMh2YiaJApvkuAC0owslP1KQBBe7FcV8mZDoIibaX7pNs0P9Bw==\" \/> \t\t<a href=\"https:\/\/www.pdf24.org\" target=\"_blank\" title=\"www.pdf24.org\" rel=\"nofollow\"><img src=\"https:\/\/www.hohenlohe-ungefiltert.de\/wp-content\/plugins\/pdf24-post-to-pdf\/img\/pdf_32x32.png\" alt=\"\" border=\"0\" height=\"32\" \/><\/a> \t\t<span class=\"pdf24Plugin-cp-space\">&nbsp;&nbsp;<\/span> \t\t<span class=\"pdf24Plugin-cp-text\">Sende Artikel als PDF<\/span> \t\t<span class=\"pdf24Plugin-cp-space\">&nbsp;&nbsp;<\/span> \t\t<input class=\"pdf24Plugin-cp-input\" style=\"margin: 0px;\" type=\"text\" name=\"sendEmailTo\" placeholder=\"Emailadresse\" \/> \t\t<input class=\"pdf24Plugin-cp-submit\" style=\"margin: 0px;\" type=\"submit\" value=\"Senden\" \/> \t<\/form> <\/div>","protected":false},"excerpt":{"rendered":"<p>Die SPD im Landkreis Schw\u00e4bisch Hall trauert um Hermann Scheer. Vollkommen \u00fcberraschend und viel zu fr\u00fch ging unser weltweit bekannter Genosse von uns. Wie kein Zweiter hat er sich f\u00fcr die so bitter notwendige Energiewende eingesetzt. Dabei hat er nie klare Worte und auch keinen Streit gescheut. Genau dieser Typ Politiker ist heutzutage aber viel [&hellip;]<\/p>\n","protected":false},"author":3,"featured_media":0,"comment_status":"open","ping_status":"open","sticky":false,"template":"","format":"standard","meta":[],"categories":[],"tags":[],"_links":{"self":[{"href":"https:\/\/www.hohenlohe-ungefiltert.de\/index.php?rest_route=\/wp\/v2\/posts\/8939"}],"collection":[{"href":"https:\/\/www.hohenlohe-ungefiltert.de\/index.php?rest_route=\/wp\/v2\/posts"}],"about":[{"href":"https:\/\/www.hohenlohe-ungefiltert.de\/index.php?rest_route=\/wp\/v2\/types\/post"}],"author":[{"embeddable":true,"href":"https:\/\/www.hohenlohe-ungefiltert.de\/index.php?rest_route=\/wp\/v2\/users\/3"}],"replies":[{"embeddable":true,"href":"https:\/\/www.hohenlohe-ungefiltert.de\/index.php?rest_route=%2Fwp%2Fv2%2Fcomments&post=8939"}],"version-history":[{"count":2,"href":"https:\/\/www.hohenlohe-ungefiltert.de\/index.php?rest_route=\/wp\/v2\/posts\/8939\/revisions"}],"predecessor-version":[{"id":8941,"href":"https:\/\/www.hohenlohe-ungefiltert.de\/index.php?rest_route=\/wp\/v2\/posts\/8939\/revisions\/8941"}],"wp:attachment":[{"href":"https:\/\/www.hohenlohe-ungefiltert.de\/index.php?rest_route=%2Fwp%2Fv2%2Fmedia&parent=8939"}],"wp:term":[{"taxonomy":"category","embeddable":true,"href":"https:\/\/www.hohenlohe-ungefiltert.de\/index.php?rest_route=%2Fwp%2Fv2%2Fcategories&post=8939"},{"taxonomy":"post_tag","embeddable":true,"href":"https:\/\/www.hohenlohe-ungefiltert.de\/index.php?rest_route=%2Fwp%2Fv2%2Ftags&post=8939"}],"curies":[{"name":"wp","href":"https:\/\/api.w.org\/{rel}","templated":true}]}}