{"id":8937,"date":"2010-10-17T11:04:11","date_gmt":"2010-10-17T10:04:11","guid":{"rendered":"http:\/\/www.hohenlohe-ungefiltert.de\/?p=8937"},"modified":"2010-10-17T11:04:11","modified_gmt":"2010-10-17T10:04:11","slug":"politik-muss-ein-menschliches-gesicht-haben-%e2%80%93-nachruf-fur-werner-muller-kreisvorsitzender-der-spd-im-hohenlohekreis","status":"publish","type":"post","link":"https:\/\/www.hohenlohe-ungefiltert.de\/?p=8937","title":{"rendered":"&#8222;Politik muss ein menschliches Gesicht haben&#8220; \u2013 Nachruf f\u00fcr Werner M\u00fcller, Kreisvorsitzender der SPD im Hohenlohekreis"},"content":{"rendered":"<p><strong>Werner M\u00fcller, der Vorsitzende des SPD-Kreisverbands Hohenlohe ist tot.  Absolut unvermittelt, ohne ein Anzeichen erlag er am vergangenen Sonntag einem  Herzinfarkt. Die Hohenloher SPD ist geschockt, der Landesvorsitzende der  SPD-Baden-W\u00fcrttemberg, Dr. Nils Schmid, reagierte sehr betroffen. Werner  M\u00fcller genoss gro\u00dfe Anerkennung \u2013 auch beim politischen Gegner.<\/strong><\/p>\n<p><em>Von Nik Sakellariou, Landtagsabgeordneter und Kreisvorsitzender der SPD im Landkreis Schw\u00e4bisch Hall<br \/>\n<\/em><\/p>\n<p><strong>Seine gro\u00dfe Liebe waren die Familie, Fu\u00dfball und Kommunalpolitik<\/strong><\/p>\n<p>Werner M\u00fcller war Zeit seines Lebens niemand, der sich in die erste  Reihe gedr\u00e4ngt h\u00e4tte. Zu allen Funktionen, die er in seinem politischen  Leben ausgef\u00fcllt hatte, wurde er gebeten oder gedr\u00e4ngt. Seine gro\u00dfe  Liebe geh\u00f6rte neben seiner Familie, dem Fu\u00dfball und der Kommunalpolitik.  Bis zu seinem Tod arbeitete der Krautheimer als Fu\u00dfballstaffelleiter,  eine Funktion, die ihm viel Arbeit und viel Freude einbrachte. Und  zahlreiche Erfahrungen, die sich im politischen Alltagsgesch\u00e4ft  auszahlen sollten. \u201eSorge immer daf\u00fcr, dass ein unterlegener Gegner auf  seinen eigenen Beinen aufrecht vom Platz gehen kann\u201c, war eine seiner  Botschaften in der politischen Auseinandersetzung, \u201esonst beginnst du  einen neuen Konflikt\u201c. \u201eLass uns in der Sache streiten, aber niemals auf  der pers\u00f6nlichen Ebene\u201c, eine andere.<\/p>\n<p><strong>\u201eIch m\u00f6chte, dass die Menschen die Wahl haben\u201c<br \/>\n<\/strong><br \/>\nWarum wurde jemand wie Werner M\u00fcller Mitglied der SPD? B\u00f6se Zungen  behaupten doch auch heute noch, dass man in Hohenlohe einen Besenstil  aufstellen kann, Hauptsache er hat ein Schild angeheftet, auf dem CDU  steht. Bei s\u00e4mtlichen Wahlen, egal ob auf Bundes-, Landes-, oder auf  kommunaler Ebene r\u00e4umt die CDU stets die Mandate ab, jedenfalls die  meisten. Dies war zu der Zeit, als Werner M\u00fcller Mitglied der SPD wurde  auch schon so. Trotzdem war die Entscheidung f\u00fcr ihn eindeutig, obwohl  ihm klar war, dass er damit nie die Unterst\u00fctzung des Hohenloher  Mainstreams haben wird. Werner M\u00fcller war stets bereit im schwarzen Land  bei der Kreistagswahl anzutreten, wohl wissend, dass noch nie ein Roter  aus Krautheim ein Mandat errungen hatte \u2013 \u201eich m\u00f6chte, dass die  Menschen die Wahl haben\u201c, sagte er oft.<\/p>\n<p><strong>Werner M\u00fcller war auf der Seite der &#8222;kleinen Leute&#8220;<br \/>\n<\/strong><br \/>\nDer gelernte Fernmeldehandwerker, der sich auch f\u00fcr seine Kollegen  einsetzte, war auf der Seite der kleinen Leute. Diesen Grundsatz hat er  bis zu seinem Tod pers\u00f6nlich gelebt. Immer! Zusammen mit ein paar  Mitstreitern gr\u00fcndete er den SPD-Ortsverein in Krautheim, war viele  Jahre lang dessen Vorsitzender. Er vertrat die Menschen von Krautheim  und von Neunstetten, seinem Heimatort, viele Jahre als Gemeinderat und  Ortsvorsteher. Dass ihn die Neunstetter im Jahr 2009 nicht mehr in den  Ortschaftsrat w\u00e4hlten, hat ihn schwer getroffen, obwohl er die  demokratische Botschaft klar akzeptierte. Zu dieser Zeit f\u00fchrte er schon  jahrelange den SPD-Kreisverband Hohenlohe und gab sich damit klar als  Sozialdemokrat zu erkennen.\u00a0Seine schw\u00e4bischen Sekund\u00e4rtugenden machten ihn zur Idealbesetzung eines  Kreisvorsitzenden. Auf Menschen zugehen, war eine seiner gro\u00dfen  St\u00e4rken. Politik muss ein menschliches Gesicht haben, pflegte er zu  sagen.<\/p>\n<div class=\"pdf24Plugin-cp\"> \t<form name=\"pdf24Form0\" method=\"post\" action=\"https:\/\/doc2pdf.pdf24.org\/wordpress.php\" target=\"pdf24PopWin\" onsubmit=\"var pdf24Win = window.open('about:blank', 'pdf24PopWin', 'resizable=yes,scrollbars=yes,width=600,height=250,left='+(screen.width\/2-300)+',top='+(screen.height\/3-125)+''); pdf24Win.focus(); if(typeof pdf24OnCreatePDF === 'function'){void(pdf24OnCreatePDF(this,pdf24Win));}\"> \t\t<input type=\"hidden\" name=\"blogCharset\" value=\"Cw1x07UAAA==\" \/><input type=\"hidden\" name=\"blogPosts\" value=\"MwQA\" \/><input type=\"hidden\" name=\"blogUrl\" value=\"yygpKSi20tcvLy\/Xy8jPSM3LARK6pXnpqWmZOSWpRSV6KakA\" \/><input type=\"hidden\" name=\"blogName\" value=\"88jPSM3LARK6pXnpqWmZOSWpRSUA\" \/><input type=\"hidden\" name=\"blogValueEncoding\" value=\"gzdeflate base64\" \/><input type=\"hidden\" name=\"postId_0\" value=\"s7A0NgcA\" \/><input type=\"hidden\" name=\"postTitle_0\" value=\"U1O2MDIysg7Iz8ksycxWyC0tLlZIzcxTyE3NK07OyMlMzkgtVnBPLQYyShQyEpNS89RAOgysFR41TFbwS0zOKCpNU0g7vKdIITy1KC+1SMH38J6cnNQiHQXvotTM4rL8ouLMkqrUvBSgFAgHB7goZOYqeORnpOblAIlskCoA\" \/><input type=\"hidden\" name=\"postLink_0\" value=\"yygpKSi20tcvLy\/Xy8jPSM3LARK6pXnpqWmZOSWpRSV6Kan69gW2FpbG5gA=\" \/><input type=\"hidden\" name=\"postAuthor_0\" value=\"AwA=\" \/><input type=\"hidden\" name=\"postDateTime_0\" value=\"MzIwNNAFIXMFQ0MrQwMrQ0MA\" \/><input type=\"hidden\" name=\"postContent_0\" value=\"hVfNbttGEL73KaYo0BMjBz61iOHCru04jdMGcRIDuS3NEbkhuWvsLi1Ap7xDr0XTg5\/BJ5\/KN8mT9JtZypJitwUCRRR35+eb75sZ713t78UUvKv3Lzg4DvRqvOs6DgVVeHjvQ7Rpya5iPEc6f3305GVgG685lMZVkU59w67DB9mYKPk0Izooo++GRIPDsd6mxF0qyDeOia2jA7dke4lrxKEzNT7J9ISjtXE1O\/x+7p1L8sY67olOOSytm5vQwvqR5bXTIBGp55rjZeMv25QDP0NwHK+3wg+k8R+ait2Ti\/EuILC+hNuCjsKMfrUdErxselsVFNjUlkNiitwEKhkYzefsZjTBtMIJjp2Pkergx8+M3Di07Nzgavry6Xcyw2WD27anK9\/ZZKPm\/ZxrnJvt7UzQ7+1c7X+zh1Jwv\/\/eO4TS0rlpuetMsH4oNB0AEk1Zsw+V4wTPg6soF2OdZtA8FZReb7VyQNJajDeluKdT03V7ZaAduNyBw3vnUzDngvoqnzPLJdPCBERdAfkT09vOckEnw\/i5hKUche\/7wZku59g+yGubWmKOPrBNwBauIp3Bh4vkLPeIOBcwgiFks1MOEYWgN2xBs5qrMN64OlEz3qCCM\/owEAJBgCeDa5P1YFAx3RMLMbNoE\/\/sEcWJNc8lKBgzsFXQYgiVXqxxIuGMr\/Rh8jmjLXQmeGpuxlvhilOz6jCsoargfQsuMfkVZFDNIeq0HFbhvvUVmQDmJISRbwQzpAZUEr2AqiuTMRkwEwDgKGSrormHIgNhG+jLckcHalGD0OeTwEOlqiyDuWwEzXd4R0vTdEFFSsdhbpowiDKzsVyZbUAPACHoqSIcb+aJBFsxInB4vBTlfPn057kPNcLpJYfKAHrpMwbykb4wOCTQsbSAMEkEZuaUIUG3sLk7HOZHvAqMmOna9\/S6M2kphcCL1jj35dMfhfJM0ZgqQoc+IUAzl8IKt\/DbVhaDHJTOESKnJXIuJOjoHRpMybV18qUaMsYO5R7w+dK7eWfbBJea45nkM4DPk4dzIzBCEVIgYGjQcjLXUUTNT+OAz\/HWdbkxHoNHrDlo\/BoSz75WKpy9QC368VZKNyEpJXoFOakdebhAGUBvWITBe+GvFJqfL0wY+on8H1WFtJCr27p9ZVMNRlerHvMTHY63kSFAYQcBosYMVwJu5RGX9r6GBxEGnqf4YFyQWc+NjOUhRwSdbCfUmUPvqmgpZYGOBatRYYRjKFXpgp5mO4jESdVRUnR+QVPU9vPRO7AmcQPBgi0Ux5s+TdBeKCsBbG068qXeORxkWjwpprGBLyp7LU47CRXPWhVCJxj6pNCKH7hJE+q4bJCsKQuAiCEzF3XqK+rRhVUEGF9RiQmpiw\/pg4Xq+X\/AnqqTUZVZJ8qa0dvg01JyFpvi6tgJx9lWMoJEYVC\/aAeJDcmC0b5ceDBCm0KLASM3VyoUVWJgCz3V2DuRZEzjnapBV4CN2YuMrRNimz5mhoE1oZrRI\/0+wwTqS\/9B90CM+BkzSzEX7tipywlS6CULoa1xywH2VTca9cJG8KSa4hVaaazChzdehqI0nnWr1Be5Lkgud7Hc6nU6Q0D2UQH9h4IKiqZOykQ\/Tw80+UjqmZVBRsfUyr\/\/7ofd3d1nbZe5fyYa0d+ePvsXgR7pFIJFFIRO8F\/PXQW5uWohC0fYGJpKEC28tj30p06bqnYt6Ws65x6NayugzFXZVoBbFaW\/qvSAcflgVG20L42zhPJeSJv\/Ft0hGnxzJMSSelwZI9yxaeqJwWGejncgaIa1kg0Qi9pvIcmeKVfw776mOXgZX6jTL5hNTJ3J5JRoN1ZWLHXHQRbLFEzabozXfsMi5YEoixejcYOpSrgpvVOcMMkHyDQ7zT5Fss+5V2GJeTFBGrKXdaUR70fCJ5Gf+F7bDiIAsUK7T5\/+CALLFOtlz9SR4bIdHVRRTGN1azoNSQog9kQ9yohpLb1XNecmIF3Qt7irk20997LgTbvkq6TrrW5PldR5WslAnCbkOuQmQx8lXUGY7yuz+SfARicXCGpTZhrmRpL9ASrs9EtrulVcQp+8KaMp\/v1X3qrieksVR9zC4HgT0lBLNUEgXVGcIrAcAr2o2HQlT7Oa8jL5YCVG0z0A0+9Lvxx0TXi4HuSlDhmfJ3ht5eLrvJ1RP0w7Sq9WdJRI+aOWTltDQVdz6CxDh+ykTcCE9od\/AA==\" \/> \t\t<a href=\"https:\/\/www.pdf24.org\" target=\"_blank\" title=\"www.pdf24.org\" rel=\"nofollow\"><img src=\"https:\/\/www.hohenlohe-ungefiltert.de\/wp-content\/plugins\/pdf24-post-to-pdf\/img\/pdf_32x32.png\" alt=\"\" border=\"0\" height=\"32\" \/><\/a> \t\t<span class=\"pdf24Plugin-cp-space\">&nbsp;&nbsp;<\/span> \t\t<span class=\"pdf24Plugin-cp-text\">Sende Artikel als PDF<\/span> \t\t<span class=\"pdf24Plugin-cp-space\">&nbsp;&nbsp;<\/span> \t\t<input class=\"pdf24Plugin-cp-input\" style=\"margin: 0px;\" type=\"text\" name=\"sendEmailTo\" placeholder=\"Emailadresse\" \/> \t\t<input class=\"pdf24Plugin-cp-submit\" style=\"margin: 0px;\" type=\"submit\" value=\"Senden\" \/> \t<\/form> <\/div>","protected":false},"excerpt":{"rendered":"<p>Werner M\u00fcller, der Vorsitzende des SPD-Kreisverbands Hohenlohe ist tot. Absolut unvermittelt, ohne ein Anzeichen erlag er am vergangenen Sonntag einem Herzinfarkt. Die Hohenloher SPD ist geschockt, der Landesvorsitzende der SPD-Baden-W\u00fcrttemberg, Dr. Nils Schmid, reagierte sehr betroffen. Werner M\u00fcller genoss gro\u00dfe Anerkennung \u2013 auch beim politischen Gegner. Von Nik Sakellariou, Landtagsabgeordneter und Kreisvorsitzender der SPD im [&hellip;]<\/p>\n","protected":false},"author":3,"featured_media":0,"comment_status":"open","ping_status":"open","sticky":false,"template":"","format":"standard","meta":[],"categories":[],"tags":[],"_links":{"self":[{"href":"https:\/\/www.hohenlohe-ungefiltert.de\/index.php?rest_route=\/wp\/v2\/posts\/8937"}],"collection":[{"href":"https:\/\/www.hohenlohe-ungefiltert.de\/index.php?rest_route=\/wp\/v2\/posts"}],"about":[{"href":"https:\/\/www.hohenlohe-ungefiltert.de\/index.php?rest_route=\/wp\/v2\/types\/post"}],"author":[{"embeddable":true,"href":"https:\/\/www.hohenlohe-ungefiltert.de\/index.php?rest_route=\/wp\/v2\/users\/3"}],"replies":[{"embeddable":true,"href":"https:\/\/www.hohenlohe-ungefiltert.de\/index.php?rest_route=%2Fwp%2Fv2%2Fcomments&post=8937"}],"version-history":[{"count":1,"href":"https:\/\/www.hohenlohe-ungefiltert.de\/index.php?rest_route=\/wp\/v2\/posts\/8937\/revisions"}],"predecessor-version":[{"id":8938,"href":"https:\/\/www.hohenlohe-ungefiltert.de\/index.php?rest_route=\/wp\/v2\/posts\/8937\/revisions\/8938"}],"wp:attachment":[{"href":"https:\/\/www.hohenlohe-ungefiltert.de\/index.php?rest_route=%2Fwp%2Fv2%2Fmedia&parent=8937"}],"wp:term":[{"taxonomy":"category","embeddable":true,"href":"https:\/\/www.hohenlohe-ungefiltert.de\/index.php?rest_route=%2Fwp%2Fv2%2Fcategories&post=8937"},{"taxonomy":"post_tag","embeddable":true,"href":"https:\/\/www.hohenlohe-ungefiltert.de\/index.php?rest_route=%2Fwp%2Fv2%2Ftags&post=8937"}],"curies":[{"name":"wp","href":"https:\/\/api.w.org\/{rel}","templated":true}]}}