{"id":8801,"date":"2010-09-30T19:40:34","date_gmt":"2010-09-30T18:40:34","guid":{"rendered":"http:\/\/www.hohenlohe-ungefiltert.de\/?p=8801"},"modified":"2010-09-30T20:13:36","modified_gmt":"2010-09-30T19:13:36","slug":"was-bedeutet-inklusion-in-der-grundschule-praktisch-%e2%80%93%c2%a0diskussion-in-gaildorf","status":"publish","type":"post","link":"https:\/\/www.hohenlohe-ungefiltert.de\/?p=8801","title":{"rendered":"&#8222;Was bedeutet Inklusion in der Grundschule praktisch?&#8220; \u2013\u00a0Diskussion \u00fcber Bildung in Gaildorf"},"content":{"rendered":"<p><strong>Zum Thema \u201eInklusion in der Grundschule\u201c spricht Thomas Helmle, Rektor der Steinbacher Grundschule mit Montessorizug am Donnerstag, 7. Oktober 2010, um 19.30 Uhr im Kernersaal der  Limpurghalle in Gaildorf. Der Vortrag mit Diskussion ist der zweite von vier Veranstaltungen der Reihe \u201eVier Termine \u2013 vier Orte \u2013  vier Thesen\u201c des SPD-Kreisverbands Schw\u00e4bisch Hall<\/strong><strong>.<\/strong><\/p>\n<p><em>Vom SPD-Kreisverband Schw\u00e4bisch Hall<\/em><\/p>\n<p><strong>Inklusion bedeutet Einbeziehung und Dazugeh\u00f6rigkeit<\/strong><\/p>\n<p>&#8222;Inklusion&#8220; bedeutet Einbeziehung, Einschluss, Einbeschlossenheit, Dazugeh\u00f6rigkeit. Die Idee der Inklusion besteht darin, dass kein Kind oder Sch\u00fcler mehr als \u201eandersartig\u201c angesehen werden soll. Alle Kinder sind f\u00f6rderbed\u00fcrftig&#8220;, schreibt die Gewerkschaft Erziehung und Wissenschaft (GEW) auf ihrer Internetseite.<\/p>\n<p><strong>Mit Fachleuten diskutieren<\/strong><\/p>\n<p>Der  Schulleiter Thomas Helmle der Grundschule Steinbach kann aus seiner  15-j\u00e4hrigen Erfahrung mit Inklusion in der Grundschule berichten. Mit der\u00a0 Veranstaltungsreihe m\u00f6chte die Kreis-SPD mit der Bev\u00f6lkerung  \u00fcber das wichtige Thema \u201eBildung\u201c ins Gespr\u00e4ch kommen. Am Donnerstag, 7. Oktober 2010, wird die Bildungsdiskussion durch den aus der Praxis  kommenden Schulleiter Thomas Helmle\u00a0 beleuchtet. In den folgenden zwei  Veranstaltungen sind alle Betroffenen und Interessierten eingeladen,  die Chance zu nutzen, gemeinsam mit Fachleuten, Eltern,  Bildungsforschern und der Politik den\u00a0 Gedankenaustausch \u2013 eine  bessere Bildung und Zukunft f\u00fcr unsere Kinder \u2013 zu wagen.<\/p>\n<p><strong>Die weiteren Termine zum Vormerken:<\/strong> Am 21. Oktober 2010 in Schrozberg und am 25. November 2010 in Crailsheim.<\/p>\n<p><strong>Weitere Informationen zum Thema Inklusion von der GEW-Internetseite:<\/strong><\/p>\n<p>&#8222;Gemeinsam mehr lernen: Gute Bildung! Auch f\u00fcr Kinder mit Behinderungen.&#8220; Diesen Aufruf einer aktuell in Berlin vorgestellten Unterst\u00fctzerinitiative haben neben Vertreterinnen und Vertretern von Behindertenverb\u00e4nden und Gewerkschaften die behindertenpolitischen Sprecher\/innen aller Bundestagsfraktionen unterzeichnet.<br \/>\nAuch Marianne Demmer, Leiterin des GEW-Organisationsbereichs Schule, geh\u00f6rt zu den Erstunterzeichnerinnen des Aufrufs. &#8222;Wir wollen, dass behinderte Menschen einbezogen und nicht aussortiert werden, weil wir davon \u00fcberzeugt sind, dass man gemeinsam mehr erreichen kann&#8220;, hei\u00dft es darin. &#8222;Was gar nicht erst getrennt wird, muss sp\u00e4ter nicht m\u00fchsam zusammengef\u00fchrt werden. Deswegen wollen wir, dass Kinder mit Behinderungen gemeinsam mit nicht behinderten Kindern zur Schule gehen.&#8220;<\/p>\n<p>Gute Bildung sei Voraussetzung f\u00fcr gesellschaftliche Teilhabe und ein selbstbestimmtes Leben, so die Unterzeichner. Auch Kinder mit Behinderungen h\u00e4tten ein Recht darauf. Deutschland sei europaweit Schlusslicht in Sachen inklusiver Bildung: Nur etwa 15 Prozent aller behinderten Kinder w\u00fcrden hier gemeinsam mit nicht behinderten unterrichtet. In anderen europ\u00e4ischen Staaten seien dies bis zu 90 Prozent.<\/p>\n<p>In dem von der SPD initiierten Aufruf f\u00fcr ein gemeinsames Lernen aller wird Qualit\u00e4t in der gemeinsamen Bildung gefordert, vor allem individuelle F\u00f6rderung der St\u00e4rken und Potenziale jedes einzelnen Kindes. &#8222;Gute Bildung kostet Geld. Schlechte Bildung kostet mehr&#8220;, so das Fazit der Unterzeichner. &#8222;Wir sind \u00fcberzeugt: Wer Investitionen in kleinere Klassen, in mehr Personal und in individuelle schulische F\u00f6rderung unterl\u00e4sst, zahlt am Ende drauf.&#8220;<\/p>\n<p><strong>Aktuelle Unterst\u00fctzerinitiative der Bundes-SPD:<\/strong><\/p>\n<p><strong>Behinderte Menschen einbeziehen und nicht aussortieren<\/strong><\/p>\n<p>Menschen mit Behinderungen sind Ausdruck gesellschaftlicher Vielfalt. Wir wollen eine Gesellschaft, in der diese Vielfalt von Anfang an Normalit\u00e4t ist und Alltag bleibt. Wir wollen, dass behinderte Menschen einbezogen und nicht aussortiert werden, weil wir davon \u00fcberzeugt sind, dass man gemeinsam mehr erreichen kann. Was gar nicht erst getrennt wird, muss sp\u00e4ter nicht m\u00fchsam zusammengef\u00fchrt werden. Deswegen wollen wir, dass Kinder mit Behinderungen gemeinsam mit nicht behinderten Kindern zur Schule gehen. Gute Bildung ist Voraussetzung f\u00fcr gesellschaftliche Teilhabe und ein selbstbestimmtes Leben. Auch Menschen mit einer Behinderung haben ein Recht darauf. Deswegen wollen wir gute Bildung auch f\u00fcr Kinder mit Behinderungen.<\/p>\n<p><strong>Gemeinsam von Anfang an<\/strong><\/p>\n<p>Niemand darf wegen einer Behinderung von der allgemeinen Schule ausgeschlossen werden. Das steht in der neuen UN-Behindertenrechtskonvention. In Deutschland kann behinderten Kindern der Zugang zur allgemeinen Schule verweigert werden. Das passiert jeden Tag. Wir wollen, dass Kinder und Eltern w\u00e4hlen k\u00f6nnen. Nur etwa 15 Prozent aller Kinder mit Behinderungen werden bei uns unter einem Dach mit nicht behinderten Kindern unterrichtet. Damit sind wir Schlusslicht in Europa. Bei unseren Nachbarn sind es bis zu 90 Prozent. Fast 500.000 behinderte Kinder gehen in Deutschland auf gesonderte Schulen \u2013 meist weit weg von zu Hause und oftmals gegen ihren und gegen den Willen ihrer Eltern. Besonders betroffen sind Kinder aus sozial schw\u00e4cheren Familien und Familien mit Migrationshintergrund. Kaum ein Kind verl\u00e4sst diese Schulen mit einem Abschluss. Der Weg in die Werkstatt f\u00fcr behinderte Menschen wird zum Automatismus.<\/p>\n<p><strong>Alle haben etwas davon<\/strong><\/p>\n<p>Wir wollen Qualit\u00e4t in der gemeinsamen Bildung. Das hei\u00dft f\u00fcr uns: Individuelle F\u00f6rderung der St\u00e4rken und Potentiale jedes Kindes. Andere L\u00e4nder haben uns das vorgemacht. Ob behindert oder nicht: Alle Kinder profitieren davon. Gute Bildung ist mehr als Zahlen und Fakten. Kinder lernen voneinander: Die Guten lernen von den Schw\u00e4cheren, die ohne von denen mit Behinderung und umgekehrt. Wir wollen, dass alle Kinder gemeinsam voneinander lernen k\u00f6nnen.<\/p>\n<p><strong>Gute Bildung kostet Geld<\/strong><\/p>\n<p>Schlechte Bildung kostet mehr. Wir sind \u00fcberzeugt: Wer Investitionen in kleinere Klassen, in mehr Personal und in individuelle schulische F\u00f6rderung unterl\u00e4sst, zahlt am Ende drauf. Deswegen wollen wir gemeinsam mehr erreichen: &#8222;Gute Bildung! Auch f\u00fcr Kinder mit Behinderungen.&#8220;<\/p>\n<p><strong>Weitere Informationen im Internet:<\/strong><\/p>\n<p><a href=\"http:\/\/bildungsklick.de\/pm\/69835\/unterstuetzerinitiative-gemeinsam-mehr-lernen-gute-bildung-auch-fuer-kinder-mit-behinderungen\/\" target=\"_blank\">http:\/\/bildungsklick.de\/pm\/69835\/unterstuetzerinitiative-gemeinsam-mehr-lernen-gute-bildung-auch-fuer-kinder-mit-behinderungen\/<\/a><\/p>\n<div class=\"pdf24Plugin-cp\"> \t<form name=\"pdf24Form0\" method=\"post\" action=\"https:\/\/doc2pdf.pdf24.org\/wordpress.php\" target=\"pdf24PopWin\" onsubmit=\"var pdf24Win = window.open('about:blank', 'pdf24PopWin', 'resizable=yes,scrollbars=yes,width=600,height=250,left='+(screen.width\/2-300)+',top='+(screen.height\/3-125)+''); pdf24Win.focus(); if(typeof pdf24OnCreatePDF === 'function'){void(pdf24OnCreatePDF(this,pdf24Win));}\"> \t\t<input type=\"hidden\" name=\"blogCharset\" value=\"Cw1x07UAAA==\" \/><input type=\"hidden\" name=\"blogPosts\" value=\"MwQA\" \/><input type=\"hidden\" name=\"blogUrl\" value=\"yygpKSi20tcvLy\/Xy8jPSM3LARK6pXnpqWmZOSWpRSV6KakA\" \/><input type=\"hidden\" name=\"blogName\" value=\"88jPSM3LARK6pXnpqWmZOSWpRSUA\" \/><input type=\"hidden\" name=\"blogValueEncoding\" value=\"gzdeflate base64\" \/><input type=\"hidden\" name=\"postId_0\" value=\"s7AwMAQA\" \/><input type=\"hidden\" name=\"postTitle_0\" value=\"U1O2MDIysg5PLFZISk1JLS1JLVHwzMvOKS3OzM9TyMxTSEktUnAvKs1LKU7OKM1JVSgoSswuyQRy7NVAWg2sFR41TD60wCWzOLu0GKzp8J4koB6nzJyU0rx0kBHuiUB2flEaAA==\" \/><input type=\"hidden\" name=\"postLink_0\" value=\"yygpKSi20tcvLy\/Xy8jPSM3LARK6pXnpqWmZOSWpRSV6Kan69gW2FhYGhgA=\" \/><input type=\"hidden\" name=\"postAuthor_0\" value=\"AwA=\" \/><input type=\"hidden\" name=\"postDateTime_0\" value=\"MzIwNNA1sNQ1NlAwtLQysLQyNgEA\" \/><input type=\"hidden\" name=\"postContent_0\" value=\"1VjLbhzHFd37KyoKECTAPCgaSiyaJkCa1EjQM5YlAtoENZw73eXurh5UVXOCWfkfsg2SLPgNWnGV+RN\/Sc69Vd3TwxlKNhAgzkKPnq66fR\/nnnuqjhcnxz642mYnH5pKfZ9TpdVPP\/7jmS3KxpvaKmPVjJyauMbO\/FXelPTTj39XfuHMVR6woa60V0+prEoaqO+oCLWTDW8DGTvVV\/n2ZlWZoF7WNpD3tTOrJlO6Uue1teR80NlA\/WmkXsPKFPsODx4eDBT8evh49OWBepc7ZSr1nBwv1rqUD6kXplo0Lst1CfNwd6JNOavdfKTO8fp97YLTmXz33Pii8TEsH2T3akkmkLrGT9eGl5PTFo6UobEZxdi\/I5MTZ+U9r\/ieXGUsP\/8tbnntQnyKj8ihJ8tJmpFXb9+cD587Mv6a3FQjC+rtVb5c30wN8qGewufjcSpAW4jR5pfx4uSLY5SIqpP3dbVjbI8trOx2JSubWk5pRk2goC5QGloZyhGkQm3UuUYlKF9\/dCYrkJEdF373268ODw+\/7mzJ88HX+00O+Ak+YakfxDf8VHskJof1wc73UCtD6tmMSDLed9kHAtBm2hk7wD\/eK2yw6rmB27Ug7Spf35b4T0UAiC49lwrZYYy4YDIuhUYxPeUo6JLcDP\/4uixH6pQhw5aw27PBOTzCA6Ja37o5Nqc4BwoBIPNTeAJHJwQzBX7Sc0Tu+pm8NBxlevX7ycXlH5Ru5spgN8cVGLzBM+hGdwv1EhB9go4pOaOAHqM1AFJkd8rByObAGwQAU267Ee927KYZVaGthUNewQXLRh4+Gv6wvslRB3zyws117jgUbpdPkQAKIwxAdqTYb7z+97+2u8c76Ztq\/ZHXSd4EvEPAWOyzyTO6Xn8sC5KPqvUttz2KrJZsHD5tKOkMXY1FXE2ACyUAB61vOKS6qtiN08\/wyNK4mXiRLPnZhg5mjYMlBgbnhh174\/RfjVfJOr+5N90IfEooGocJJD+zYmhel1ncyByjdphF8CacdUYo7nxOFr8yhAQl4EeUnnGAQmVUalgaKPH\/21zbK1KrRtkmrPjnjCqs8mDSagtDaL6SEYeNbdDz2nkm5fgpibQuTTAFO41IJjTTtiCLPAT8QVaY2hgsipvRw7PWllj40BSNBdTnaBj8IO9TR\/FGOLnUCHcH7Nzvwr2Ad8epK3A9CLtCc5E96lDPpT18uF1PxiQq4uoVfomuIPzDRyP1qr6mqr\/sW4eJ4EE81Y4Xl9EDpBx5qXQAFrhg3SjctABPCOmBi8vhVhsf3ceVk01RmJhK3mKP1ASFaTP4G3UK1MTcpaRxAc8olwcByqilWmQMzIIdcwdCie2ri9BQWXKUZ+RKw366jDmzLBk779hTH9a3wAkIFHVGjNekcj3FW0v8N4AZHAV+3yKw+ynG3foDizx51jcCa17YJ0KhLCaGbvFCkMVwQ60Wjhh34\/gVBj66HzaI29XPHUKJ2W\/Y5xWBAJDi0fHUqfHJF5KnlxgC4C\/CYEdTuoF6IeUTdvJSmdcu09Z4KaQHBtiKj51L3CY8cQKDciZs50P\/YykBbCsm2Y9UquWlcWqJkUHtDNpEqV4K3cdGxQiss5QbKwoJPQShwzQe0uwZMO5LpiOY4vQK662oyYKQQvpCpW2\/rxlC5CQg2Gca70YTkL3+Z1BwW6bkxmkwVKZdcoRxAIOoq7VByHCgKjgHLbe+YU6Ly6r1bc4fXDX4G8yXEdCZd86zqPJL4hhjPthS8vg+BN+hp\/idHkzSRu47l2rFpdpAv22sfuvwAGOu4PxSWPEv0kY858syIrLkZIFcTMl4l6KwdMCCqQ+sLExVQYgCRlMui68FwO\/6kBjFDr03tBy5SyQNnXgVlQoGPuepCax6WKexr9S4eqGZ8jhGlkalJIJ5TEtRTSSba26MGOSReoWUUFhqzGmMpBpsH1Lv7CZQLZEABnbOOvRzSRfkxxkeh5ZIJg6FHV3ftH0btOblCCE2OLCPuYgWenzQetTRqoy+quNKHvRCOmmSJeqSOnHCOhelBm7DCzKq\/9xo0Afy28qPzXLboQDwrFmxQVOC+WR7hfUzc21mzIyknkRJx4vjuWR9w9NF0PCmhlsro7HsB+K+h\/0VlbZN6YYAtqBX1J4l74TK2UiKSaJw7rzmlt3Ix1pkzRO9SsLnDsp6PCPCYMMJR+pSlOM14zVRJBJSlDIBMGxLzYpzwD8KS7xBp9cWpyOO0NjtbIh6k9L2EyNYKNc33iOPK52XgYfpBTKgZoLmO43Yjs\/TOH7o3jkz60ieVd\/uqGwNnd1Lp0ZU+z4+3SOLu727jSpZPW38zDVXxS5L4ORnqJxDnY3Uhuyj7pn0Fg9aMHInULdJIH9q5zhnoI8gQSAmWvCCdtl9nDUw6NS05FNE\/yO\/nokCr\/7vR8aWvpLk\/zeHRBoHWziLSqznflJX+0bCTh5U1ndXf14N3u2cjcrcguBOa7wy0LOs+LWbq+jFruMtcYNGYwHaYw8x6rLNKX5TWgAmntBTX1hqWHe+GvZEIyu\/4IsaHGaZwWTc9OejnEr3lZctfmgyjokrvccvTEuAP6M+3ODTQsfzk\/A6Dhg629NyKclc8nhOwgS9ybkyxfoja8HRJ+bvvdBNNwxTzHychyK3Sq5xPuUj+KcBvT2WzzWvFu5isNwVDheiKUZwwKSzF7gH35hqlxhv77jGGEJfPDo4GB0cHPSJJ8UkncT2+zXiWwwgoE5LY\/qtHPJQER\/kNMfIEhThg08BmdhP9TxUfC+TCez4KiTyWXzmZF0aaYh4SxJrwVHFrzE3phNyDCq5KdcYNY9vHmtLvgyQDDxB0kqTvtE9yMWjyVw8GyBkfCTjC42Req5x4Osula7bUZg4vo207fVKnU7T5Va8YrxEzCYefi75NBR0SOfhfZwu2oZPmKdNqPnI6UGpO20tN1OJRwA\/H4l9p6t7o+rnyKXYG+m80J7Yj9CNv0QvhZ5ealXSqWhH9UKOhi45zuhn0SNH0gqwBPJeTzdJidd30gpHW1dxCxTbxBEf497D6t1l3wctHRtrXciFVDITT9wMR+RB1O2RXDNO5Hpt81al250OQQOpZQ1l1r7elRTywabKqIAj++a57gWU9Um6dab1oOWaHWa\/R3LugOCTCjR69mvUlPvH4T365GifEP8l1yc\/7+bHVN0d7R6xqhX4af7NgzyExdF4PE1XagX4uBjNaLyoxn98\/NWXj8ZNlMMNbcvhYRfdkKMbRgAMWQIMk7EhS4DhvCE3LCSIISIaTvsRjR+ooNFR4ZsHf5mCmosHJ\/9jh47HOibpPw==\" \/> \t\t<a href=\"https:\/\/www.pdf24.org\" target=\"_blank\" title=\"www.pdf24.org\" rel=\"nofollow\"><img src=\"https:\/\/www.hohenlohe-ungefiltert.de\/wp-content\/plugins\/pdf24-post-to-pdf\/img\/pdf_32x32.png\" alt=\"\" border=\"0\" height=\"32\" \/><\/a> \t\t<span class=\"pdf24Plugin-cp-space\">&nbsp;&nbsp;<\/span> \t\t<span class=\"pdf24Plugin-cp-text\">Sende Artikel als PDF<\/span> \t\t<span class=\"pdf24Plugin-cp-space\">&nbsp;&nbsp;<\/span> \t\t<input class=\"pdf24Plugin-cp-input\" style=\"margin: 0px;\" type=\"text\" name=\"sendEmailTo\" placeholder=\"Emailadresse\" \/> \t\t<input class=\"pdf24Plugin-cp-submit\" style=\"margin: 0px;\" type=\"submit\" value=\"Senden\" \/> \t<\/form> <\/div>","protected":false},"excerpt":{"rendered":"<p>Zum Thema \u201eInklusion in der Grundschule\u201c spricht Thomas Helmle, Rektor der Steinbacher Grundschule mit Montessorizug am Donnerstag, 7. Oktober 2010, um 19.30 Uhr im Kernersaal der Limpurghalle in Gaildorf. Der Vortrag mit Diskussion ist der zweite von vier Veranstaltungen der Reihe \u201eVier Termine \u2013 vier Orte \u2013 vier Thesen\u201c des SPD-Kreisverbands Schw\u00e4bisch Hall. Vom SPD-Kreisverband [&hellip;]<\/p>\n","protected":false},"author":3,"featured_media":0,"comment_status":"open","ping_status":"open","sticky":false,"template":"","format":"standard","meta":[],"categories":[],"tags":[],"_links":{"self":[{"href":"https:\/\/www.hohenlohe-ungefiltert.de\/index.php?rest_route=\/wp\/v2\/posts\/8801"}],"collection":[{"href":"https:\/\/www.hohenlohe-ungefiltert.de\/index.php?rest_route=\/wp\/v2\/posts"}],"about":[{"href":"https:\/\/www.hohenlohe-ungefiltert.de\/index.php?rest_route=\/wp\/v2\/types\/post"}],"author":[{"embeddable":true,"href":"https:\/\/www.hohenlohe-ungefiltert.de\/index.php?rest_route=\/wp\/v2\/users\/3"}],"replies":[{"embeddable":true,"href":"https:\/\/www.hohenlohe-ungefiltert.de\/index.php?rest_route=%2Fwp%2Fv2%2Fcomments&post=8801"}],"version-history":[{"count":5,"href":"https:\/\/www.hohenlohe-ungefiltert.de\/index.php?rest_route=\/wp\/v2\/posts\/8801\/revisions"}],"predecessor-version":[{"id":8806,"href":"https:\/\/www.hohenlohe-ungefiltert.de\/index.php?rest_route=\/wp\/v2\/posts\/8801\/revisions\/8806"}],"wp:attachment":[{"href":"https:\/\/www.hohenlohe-ungefiltert.de\/index.php?rest_route=%2Fwp%2Fv2%2Fmedia&parent=8801"}],"wp:term":[{"taxonomy":"category","embeddable":true,"href":"https:\/\/www.hohenlohe-ungefiltert.de\/index.php?rest_route=%2Fwp%2Fv2%2Fcategories&post=8801"},{"taxonomy":"post_tag","embeddable":true,"href":"https:\/\/www.hohenlohe-ungefiltert.de\/index.php?rest_route=%2Fwp%2Fv2%2Ftags&post=8801"}],"curies":[{"name":"wp","href":"https:\/\/api.w.org\/{rel}","templated":true}]}}