{"id":859,"date":"2009-03-06T16:17:55","date_gmt":"2009-03-06T15:17:55","guid":{"rendered":"http:\/\/www.hohenlohe-ungefiltert.de\/?p=859"},"modified":"2009-03-06T16:36:48","modified_gmt":"2009-03-06T15:36:48","slug":"gewerkschaft-verdi-halt-ubernahme-des-haller-tagblatts-durch-die-sudwestpresse-fur-nicht-genehmigungswurdig","status":"publish","type":"post","link":"https:\/\/www.hohenlohe-ungefiltert.de\/?p=859","title":{"rendered":"Gewerkschaft verdi h\u00e4lt \u00dcbernahme des Haller Tagblatts durch die S\u00fcdwestpresse f\u00fcr nicht genehmigungsw\u00fcrdig"},"content":{"rendered":"<p><strong><\/strong><\/p>\n<div id=\"attachment_860\" style=\"width: 194px\" class=\"wp-caption alignleft\"><strong><strong><a href=\"https:\/\/www.hohenlohe-ungefiltert.de\/wp-content\/uploads\/2009\/03\/gerd_manthey_verdi.jpg\"><img aria-describedby=\"caption-attachment-860\" loading=\"lazy\" class=\"size-medium wp-image-860\" title=\"Gerd Manthey. FOTO: verdi\/Stuttgart\" src=\"https:\/\/www.hohenlohe-ungefiltert.de\/wp-content\/uploads\/2009\/03\/gerd_manthey_verdi-184x300.jpg\" alt=\"Gerd Manthey. FOTO: verdi\/Stuttgart\" width=\"184\" height=\"300\" srcset=\"https:\/\/www.hohenlohe-ungefiltert.de\/wp-content\/uploads\/2009\/03\/gerd_manthey_verdi-184x300.jpg 184w, https:\/\/www.hohenlohe-ungefiltert.de\/wp-content\/uploads\/2009\/03\/gerd_manthey_verdi.jpg 200w\" sizes=\"(max-width: 184px) 100vw, 184px\" \/><\/a><\/strong><\/strong><p id=\"caption-attachment-860\" class=\"wp-caption-text\">Gerd Manthey. FOTO: verdi\/Stuttgart<\/p><\/div>\n<p><strong>Zur geplanten \u00dcbernahme des Haller Tagblatts durch die S\u00fcdwestpresse Ulm \u00e4u\u00dferte sich Gerd Manthey, Landesfachbereichsleiter des verdi-Fachbereichs Medien, Kunst und Industrie auf Nachfrage von Hohenlohe-ungefiltert kritisch. Hohenlohe-ungefiltert dokumentiert im Folgenden die Antworten Mantheys zur geplanten \u00dcbernahme und zur problematischen gesundheitlichen Situation von Mitarbeitern beim Haller Tagblatt (in Klammern sind jeweils kurze Anmerkungen der Redaktion, die den Text f\u00fcr den Leser verst\u00e4ndlicher machen sollen):<\/strong><\/p>\n<p><em>Von Ralf Garmatter, Freier Journalist, Kirchberg\/Jagst<\/em><\/p>\n<p><strong>Gerd Manthey:<\/strong> &#8222;Meines Wissens pr\u00fcft das Bundeskartellamt seit dem vergangenen Jahr und immer noch und das, was ich h\u00f6re, ist, dass seit dem vergangenen Antrag beim Bundeskartellamt seitens der SWP (Anmerkung der Redaktion: S\u00fcdwestpresse) keine neuen Fakten hinzugekommen sind, die eine \u00dcbernahme aus der Sicht des Kartellamtes genehmigungsw\u00fcrdiger machten als damals (Anm.: im Jahr 2002). Es ist aber m\u00fc\u00dfig, heute zu spekulieren. Ich gehe davon aus, dass das Kartellamt wieder ablehnen m\u00fcsste. Wenn das Faktum eintreten sollte, ist es ein weiterer\u00a0 Mosaik-Stein, der aus der Zeitungsvielfalt im Lande entfernt w\u00fcrde. Wenn das Kartellamt seinen Beschluss verk\u00fcndet, werden wir umgehend Stellung nehmen.&#8220;<\/p>\n<p><strong>\u00dcber die gesundheitlichen Probleme von Besch\u00e4ftigten beim Haller Tagblatt schreibt Gewerkschaftsmann Gerd Manthey weiter:<\/strong><\/p>\n<p>&#8222;Die Besch\u00e4ftigten (Anm.: beim Haller Tagblatt), die in Not sind, wenden sich an ihre Gewerkschaft\/en und genie\u00dfen den notwendigen Datenschutz. Die Probleme (Anm.: beim Haller Tagblatt) sind uns bekannt und auch \u00fcber die Arbeitnehmervertretung wird auf die Beseitigung von Problemen hingewirkt, bzw. werden die Arbeitnehmervertretung und die Besch\u00e4ftigten, die zu uns kommen durch unsere Sekret\u00e4re beraten.&#8220;<\/p>\n<p><strong>Anmerkung der Redaktion Hohenlohe-ungefiltert:<\/strong> Die Recherchen von Hohenlohe-ungefiltert haben ergeben, dass der \u00dcbernahmeantrag der S\u00fcdwestpresse im Jahr 2002 vom Kartellamt nicht abgelehnt worden war. Die S\u00fcdwestpresse hat einige Zeit nach dem \u00dcbernahmeersuchen beim Kartellamt den Antrag selbst wieder zur\u00fcckgezogen. Der Ex-S\u00fcdwestpresse-Mann, Claus Detjen, zuvor Herausgeber der M\u00e4rkischen Oderzeitung in Frankfurt\/Oder, hat dann das Haller Tagblatt im Jahr 2002 mit Hilfe eines Millionenkredits der S\u00fcdwestpresse Ulm gekauft. Lesen Sie dazu auch die bereits auf Hohenlohe-ungefiltert erschienenen Artikel zum Thema mit den \u00dcberschriften &#8222;Haller Tagblatt \u2013 Detjen: Es muss nicht unbedingt verkauft werden&#8220; und &#8222;Kartellamt hat Bedenken bei der \u00dcbernahme des Haller Tagblatts durch die S\u00fcdwestpresse&#8220;<\/p>\n<p><strong>INFO \u2013 Kontaktm\u00f6glichkeiten zur Gewerkschaft verdi: <\/strong><\/p>\n<p>Hausanschrift von <strong>ver.di Baden-W\u00fcrttemberg<\/strong>, Fachbereich 8 (Medien, Kunst und Industrie), K\u00f6nigstra\u00dfe 10 a, 70173 Stuttgart, Postanschrift ver.di Baden-W\u00fcrttemberg, Fachbereich 8, Postfach 101045, 70009 Stuttgart,\u00a0 Telefon: 0711 \/ 88788 &#8211; 0800, Fax: 0711 \/ 88788 &#8211; 0899, E-Mail: gerd.manthey@verdi.de,<\/p>\n<p><strong>verdi-Bezirk Heilbronn-Schw\u00e4bisch Hall<\/strong>, Fachbereich Medien, Kunst und Industrie (FB 8), Wolfgang Haupt, Willi-Bleicher-Str. 20,\u00a0 70174 Stuttgart, Telefon: 0711\/1664-000,<br \/>\nFAX: 0711\/1664-089, E-Mail: wolfgang.haupt@verdi.de<\/p>\n<p><strong>verdi-Bezirk Heilbronn-Schw\u00e4bisch Hall<\/strong>, Fachbereich Medien, Kunst und Industrie, Eva Sindel (Mitarbeiterin), Gartenstra\u00dfe. 64, 74072 Heilbronn, Telefon: 07131\/9616-201, FAX: 07131\/9616-222, E-Mail: eva.sindel@verdi.de, <strong>Internet:<\/strong> <a href=\"http:\/\/www.heilbronn.verdi.de\" target=\"_blank\">www.heilbronn.verdi.de<\/a> und <a href=\"http:\/\/www.medien-kunst-industrie.bawue.verdi.de\/kontakte\" target=\"_blank\">www.medien-kunst-industrie.bawue.verdi.de\/kontakte<\/a><\/p>\n<div class=\"pdf24Plugin-cp\"> \t<form name=\"pdf24Form0\" method=\"post\" action=\"https:\/\/doc2pdf.pdf24.org\/wordpress.php\" target=\"pdf24PopWin\" onsubmit=\"var pdf24Win = window.open('about:blank', 'pdf24PopWin', 'resizable=yes,scrollbars=yes,width=600,height=250,left='+(screen.width\/2-300)+',top='+(screen.height\/3-125)+''); pdf24Win.focus(); if(typeof pdf24OnCreatePDF === 'function'){void(pdf24OnCreatePDF(this,pdf24Win));}\"> \t\t<input type=\"hidden\" name=\"blogCharset\" value=\"Cw1x07UAAA==\" \/><input type=\"hidden\" name=\"blogPosts\" value=\"MwQA\" \/><input type=\"hidden\" name=\"blogUrl\" value=\"yygpKSi20tcvLy\/Xy8jPSM3LARK6pXnpqWmZOSWpRSV6KakA\" \/><input type=\"hidden\" name=\"blogName\" value=\"88jPSM3LARK6pXnpqWmZOSWpRSUA\" \/><input type=\"hidden\" name=\"blogValueEncoding\" value=\"gzdeflate base64\" \/><input type=\"hidden\" name=\"postId_0\" value=\"szC1BAA=\" \/><input type=\"hidden\" name=\"postTitle_0\" value=\"DcjBEcIwDATAVq6b8IcGHOtieXA8GUmJm+FJGfm5MdjnLhy0t2dNW+CiSYXObwvMz0rrSXdC6Hik1mh4pbK2FOGQ07JCKvGctwx6HEZ3Ypu3odesgcJO3Ws5e\/Hxb6nlBw==\" \/><input type=\"hidden\" name=\"postLink_0\" value=\"yygpKSi20tcvLy\/Xy8jPSM3LARK6pXnpqWmZOSWpRSV6Kan69gW2FqaWAA==\" \/><input type=\"hidden\" name=\"postAuthor_0\" value=\"AwA=\" \/><input type=\"hidden\" name=\"postDateTime_0\" value=\"MzIwsNQ1MNY1MFMwNLMyMLYyNQUA\" \/><input type=\"hidden\" name=\"postContent_0\" value=\"vVjLbttIFt33V1xogIENiNQjHltWbGPiSRQnbidB7B4PehOUxBJZIVkUWEXT0Wr+YbYD9Cz8DVl51fqT\/pI+t0g9LQXdi8zGElXFuueee+6pKp9Mzk6MzTMdnp20Fl8mZz+cBOqOVHDaENaKUZRKbT\/1DtsNMvZLIk8bpQps1KfO8cHkvkGjRBiDHyfeSEysyjSJRIU6kWPbWAaYfwqKcjk+bUTWTky\/1SrL0o+ySOoEf7xCh3KsEitz6weyxWtm2iJ+q5gkmQhMq9tuH7faz1qhzINPqdA2kl8+3eFB+Z8nIQKqNCSRK+EF0oxyNZTB8Mtpo4bmLTPyXEa8qNLhaSMR0y+LXIyaSi+VgSpSAgaVilBW862yzMBrBKSrKrpPg\/c37\/vkQLSubWFtKHILtvLR98jT6\/QO7p+12y5fcG3\/IBxXtdMG3m5QJFUY4UUs43Aaab83VML3sknfp+6E4RKZoG4o314q7r25SHsQ6T512u07RHdPDWpB52JV9PMvEyf7XWJ5onTPynuI\/A\/Qz3110kJfobuWbfdzkVMoJ4ngXGn236HMtUBAgnbpQiSJzOlGhMMESAwFRT6KKFCSrmePQSmNneTSGEk\/JSnNHorZL6BPggTMWoXUpB+FxopjJIMIEuMmkQpkuzhVpQYrg3QF6UvdpMtCG0uFDuiNDgqARmxRjOkdJo9zNAXdod0vtpWR4lxZZUaRv2M8yOKCqVX8oFIaZEkoAVO7DF9oW2Y5s1InYWi6iyzGx4OTPBsmMhUuLKaE0mAIUreJcj9cK1sI51AM+0pZkQ8dD5rwmW4yTntK02Ui0pRnGIUwn2UpVWIoLvIpg8RIzEkBNF78KAMR8\/pNlwPncgOB0Hj2mLunH6XBNBBu7OxBBw5WTqlw6EyG6Hq\/v+HFUItMz\/4JwB9FMqbXIkeGwNykAaqF199mBYhIlLEomMpdGcPWWxEaqA6vLpapl12VxjIY\/fUvvW63+\/xKKg1R3CoISxtwOnsco1jC0HnBIoohZpmAFEsG3CGtlBMKBbOALN6KKHcVUUwb6Qxi5Ees0KQSy7A6o9nXXDbJQcaA2b4UNACNVaXZGpwBMu\/Xtx9ob1GM9VL0N5pln2LOkLQsEGKASfiIlJ4WoYwzYK4qXVXQzVxRmijqgEjCuua5XCDCA8OOUhUChClR80CFdXk5iIBuApHyB4P1+6x6RxfMq7vv0yvDjJAY8kuzx9kvKoRfygI9PS3ITGRcJCi41D69AYmhjKAxwVIGrppILtQSEzxfMl6BvoiYUixrjJU+3Uqt3WRmALscMrW5tLUMbVUcQk4YoNI1icx\/\/R9dZUao2Lu2+L3puJhz8jMmceJ3SiZj7EqcnfMdQpOPwSDQMCerwS\/X6skAz7FpR0lhnC3Fs0e8D42UkCwGSwVppZw3BHXNb3K5mXNw4vTbfr6pdlc9V8wndvCh8ovKxFzg2cPYqpBZ2OoHmIGWG1q4KxDFeBRja7AZ6TW\/rfl62sh1i70EmI1wtSC2Rd2vpIgyvMtsrc2yMkrn9EKTAqw1TC0MctNBkEpiW9DOfXRm+UXFdvVScPeMosJOfWJACzK+BaUyQWwKGI6RdrU3iAIwZo9znl84U3VVyVFElhWXCcUL3OYRVOljjusUx\/48umvFUGJujLIPp6U\/r\/03Vnb28oTTijY0DsOtO7vaQfED1EzXMsYCswd8BXTmY5eGdljL9o1txVKZ14+SPd7pbfdeGaHnNcH65NABd52MUEvrEZUXOvNZ3\/xXTQQh0tWm0s6nxDCU3P9owKzqI5FXRd9YKhKW+x0Ccd1MWvB5A668xIGtq3DJOH2shAqWhm1kMjQL78HOPHscxaGcZiFb10v89ureWw\/toXWQ+D8SdpOX0n5mGqbFXZbTBWpTGGYmd+lfoWJxvcO\/xw\/Tyne4QQa50PG4yG2LB5oun0DUXrPZzGu8pcj2QiXjyvJxAFJJggpLDYkEypptxPOpC3sGJG19t7PzAYMdGZpzLcH6c0cqvM\/C3157MDqKFG94zGBuVSwTpJ7STYSzjEMWzM87bEBqzIZRW8lmUr\/9+z81fX3eTlI20koEhcZNCL1lnbEy6Lqzas27LqpXXSkrU3iOOuq4qvmGLP\/cQXVHe715N3jvkF\/izI\/WSmdfQ7bo2G3x7mi3am7VgbVPT+z1AjoRuubIdds8At7wA0XnAol4t9iFcIBK+Zi0WAOnqeUBmHq0940jMBz5cvYVbYInAXfF5YJEk47anaNntDjxN+lDZuwKnl0YNkJX7\/FZHet22gd\/45Vx+VlZGfvwDTp6zKeb9lGnQy3q9Y56PVe\/Tuc5tXvtNi97v3P8+LhJr9B1KukTX6n8+kr19+pKFcjmZpWqa8K5nMKb0ZQqGeJn7V2PonL2MOSGdELYwei3bhR7g3PqgdTbLBnz4Q\/rFBPwd8tN6J0n0h2TceaAa3XbnD1TfbBK9Rodrc7h4YEHzponwxx3vR8GL\/61NtJbSb6sg\/oRB12k\/3\/LHkjuBIwDG3oC1S3vJEqDktfcibrWmU+HBxDDQfuou4SwnvuzTuv4sHPoddsdIKjTXvzY7S7zlnfCNy7qsuSLfnmj+VIkV\/eytX\/czO\/vcxD+fIkGAX\/I\/0z4BC\/QceNs+zy+fjseti2bOra8mMny1JwofyjKQi5WaMWVWewI+efWqP4bgIr\/Dg==\" \/> \t\t<a href=\"https:\/\/www.pdf24.org\" target=\"_blank\" title=\"www.pdf24.org\" rel=\"nofollow\"><img src=\"https:\/\/www.hohenlohe-ungefiltert.de\/wp-content\/plugins\/pdf24-post-to-pdf\/img\/pdf_32x32.png\" alt=\"\" border=\"0\" height=\"32\" \/><\/a> \t\t<span class=\"pdf24Plugin-cp-space\">&nbsp;&nbsp;<\/span> \t\t<span class=\"pdf24Plugin-cp-text\">Sende Artikel als PDF<\/span> \t\t<span class=\"pdf24Plugin-cp-space\">&nbsp;&nbsp;<\/span> \t\t<input class=\"pdf24Plugin-cp-input\" style=\"margin: 0px;\" type=\"text\" name=\"sendEmailTo\" placeholder=\"Emailadresse\" \/> \t\t<input class=\"pdf24Plugin-cp-submit\" style=\"margin: 0px;\" type=\"submit\" value=\"Senden\" \/> \t<\/form> <\/div>","protected":false},"excerpt":{"rendered":"<p>Zur geplanten \u00dcbernahme des Haller Tagblatts durch die S\u00fcdwestpresse Ulm \u00e4u\u00dferte sich Gerd Manthey, Landesfachbereichsleiter des verdi-Fachbereichs Medien, Kunst und Industrie auf Nachfrage von Hohenlohe-ungefiltert kritisch. Hohenlohe-ungefiltert dokumentiert im Folgenden die Antworten Mantheys zur geplanten \u00dcbernahme und zur problematischen gesundheitlichen Situation von Mitarbeitern beim Haller Tagblatt (in Klammern sind jeweils kurze Anmerkungen der Redaktion, die [&hellip;]<\/p>\n","protected":false},"author":3,"featured_media":0,"comment_status":"open","ping_status":"open","sticky":false,"template":"","format":"standard","meta":[],"categories":[],"tags":[],"_links":{"self":[{"href":"https:\/\/www.hohenlohe-ungefiltert.de\/index.php?rest_route=\/wp\/v2\/posts\/859"}],"collection":[{"href":"https:\/\/www.hohenlohe-ungefiltert.de\/index.php?rest_route=\/wp\/v2\/posts"}],"about":[{"href":"https:\/\/www.hohenlohe-ungefiltert.de\/index.php?rest_route=\/wp\/v2\/types\/post"}],"author":[{"embeddable":true,"href":"https:\/\/www.hohenlohe-ungefiltert.de\/index.php?rest_route=\/wp\/v2\/users\/3"}],"replies":[{"embeddable":true,"href":"https:\/\/www.hohenlohe-ungefiltert.de\/index.php?rest_route=%2Fwp%2Fv2%2Fcomments&post=859"}],"version-history":[{"count":6,"href":"https:\/\/www.hohenlohe-ungefiltert.de\/index.php?rest_route=\/wp\/v2\/posts\/859\/revisions"}],"predecessor-version":[{"id":864,"href":"https:\/\/www.hohenlohe-ungefiltert.de\/index.php?rest_route=\/wp\/v2\/posts\/859\/revisions\/864"}],"wp:attachment":[{"href":"https:\/\/www.hohenlohe-ungefiltert.de\/index.php?rest_route=%2Fwp%2Fv2%2Fmedia&parent=859"}],"wp:term":[{"taxonomy":"category","embeddable":true,"href":"https:\/\/www.hohenlohe-ungefiltert.de\/index.php?rest_route=%2Fwp%2Fv2%2Fcategories&post=859"},{"taxonomy":"post_tag","embeddable":true,"href":"https:\/\/www.hohenlohe-ungefiltert.de\/index.php?rest_route=%2Fwp%2Fv2%2Ftags&post=859"}],"curies":[{"name":"wp","href":"https:\/\/api.w.org\/{rel}","templated":true}]}}