{"id":8544,"date":"2010-09-06T11:01:15","date_gmt":"2010-09-06T10:01:15","guid":{"rendered":"http:\/\/www.hohenlohe-ungefiltert.de\/?p=8544"},"modified":"2010-09-06T11:01:15","modified_gmt":"2010-09-06T10:01:15","slug":"starke-mussen-fur-schwache-einstehen-%e2%80%93-aktionsbundnis-fur-eine-gerechtere-politik-trifft-sich-morgen-dienstag-in-schwabisch-hall","status":"publish","type":"post","link":"https:\/\/www.hohenlohe-ungefiltert.de\/?p=8544","title":{"rendered":"&#8222;Starke m\u00fcssen f\u00fcr Schwache einstehen&#8220; \u2013 Aktionsb\u00fcndnis f\u00fcr eine gerechtere Politik trifft sich morgen (Dienstag) in Schw\u00e4bisch Hall"},"content":{"rendered":"<p><strong>Die Politik der schwarz-gelben Bundesregierung treibt viele Menschen in unserem Land in die soziale Not und das gesellschaftliche Abseits. Es ist eine Politik der gesellschaftlichen Spaltung. An Erben, Unternehmen, Hoteliers und sonstige Bessergestellte werden Steuergeschenke verteilt. Zugleich verordnet Schwarz-Gelb ein so genanntes Sparpaket, nach dem ausgerechnet denen noch mehr genommen wird, die ohnehin am wenigsten und grade mal das N\u00f6tigste zum \u00dcberleben haben. Das nennt Ihr gerecht? Gerecht geht anders!<\/strong><\/p>\n<p><em>Von Jochen D\u00fcrr, Vorsitzender des Ver.di-Ortsvereins Schw\u00e4bisch Hall<\/em><\/p>\n<p><strong>Bei Treffen in Schw\u00e4bisch Hall Aktionen koordinieren<\/strong><\/p>\n<p>Der Ortsverein Schw\u00e4bisch Hall l\u00e4dt am Dienstag, 7. September 2010, ab 19 Uhr ins Gasthaus Rose, Bahnhofstra\u00dfe 9, nach Schw\u00e4bisch Hall zum  Aktionstreffen gegen die Politik und die Sparpakete der Regierung in  Berlin ein. Es soll in den Betrieben, Einrichtungen, Familien und im Bekanntenkreis f\u00fcr dieses Treffen geworben werden. Es gehe darum, Aktionen  verschiedener Organisationen und der Gewerkschaften zu b\u00fcndeln und zu  koordinieren, &#8222;dann erreichen wir auch mehr Schlagkraft&#8220;.<\/p>\n<p><strong>Sparen nicht auf dem R\u00fccken der B\u00fcrger<\/strong><\/p>\n<p>St\u00e4dte und Gemeinden in Deutschland dr\u00fcckt die finanzielle Not. Stra\u00dfen und Sportst\u00e4tten verrotten, \u00f6ffentliche B\u00e4der und Jugendzentren schlie\u00dfen. Den St\u00e4dten und Gemeinden fehlen Milliarden, weil ihnen durch die Steuerpolitik der vergangenen Jahre die Einnahmen weggebrochen sind. Nun muss gespart werden auf Kosten und zu Lasten der B\u00fcrgerinnen und B\u00fcrger. Das nennt Ihr gerecht? Gerecht geht anders!<\/p>\n<p><strong>Starke m\u00fcssen f\u00fcr die Schwachen einstehen<\/strong><\/p>\n<p>Solidarit\u00e4t im Gesundheitswesen hei\u00dft: Die Starken stehen f\u00fcr die Schwachen, die Gesunden f\u00fcr die Kranken mit ein. Dieses Prinzip will Schwarz-Gelb beiseite schieben. Dann wird es noch mehr Gesundheitsleistungen geben, die sich die einen leisten k\u00f6nnen \u2013 und die anderen eben nicht. Das nennt Ihr gerecht? Gerecht geht anders!<\/p>\n<p><strong>Viele k\u00f6nnen schon vor ihrem 65. Lebensjahr nicht mehr arbeiten<\/strong><\/p>\n<p>Rente k\u00fcnftig erst ab 67 \u2013 daran will die schwarz-gelbe Bundesregierung festhalten. Aber l\u00e4ngst m\u00fcssen viele Menschen noch vor ihrem 65. Lebensjahr in Rente gehen, weil sie nicht mehr arbeiten k\u00f6nnen. Die Rente mit 67 bringt daher vor allem eines: empfindliche Rentenabschl\u00e4ge. Das nennt Ihr gerecht? Gerecht geht anders! Allerh\u00f6chste Zeit, auch in Hall aktiv zu werden.<\/p>\n<p><strong>Kurzinfo:<\/strong><\/p>\n<p>Ein Aktionstreffen gegen die Politik und die Sparpakete der Regierung in Berlin findet am Dienstag, 7. September 2010, ab 19 Uhr im Gasthaus Rose, Bahnhofstra\u00dfe 9, in Schw\u00e4bisch Hall statt.<\/p>\n<div class=\"pdf24Plugin-cp\"> \t<form name=\"pdf24Form0\" method=\"post\" action=\"https:\/\/doc2pdf.pdf24.org\/wordpress.php\" target=\"pdf24PopWin\" onsubmit=\"var pdf24Win = window.open('about:blank', 'pdf24PopWin', 'resizable=yes,scrollbars=yes,width=600,height=250,left='+(screen.width\/2-300)+',top='+(screen.height\/3-125)+''); pdf24Win.focus(); if(typeof pdf24OnCreatePDF === 'function'){void(pdf24OnCreatePDF(this,pdf24Win));}\"> \t\t<input type=\"hidden\" name=\"blogCharset\" value=\"Cw1x07UAAA==\" \/><input type=\"hidden\" name=\"blogPosts\" value=\"MwQA\" \/><input type=\"hidden\" name=\"blogUrl\" value=\"yygpKSi20tcvLy\/Xy8jPSM3LARK6pXnpqWmZOSWpRSV6KakA\" \/><input type=\"hidden\" name=\"blogName\" value=\"88jPSM3LARK6pXnpqWmZOSWpRSUA\" \/><input type=\"hidden\" name=\"blogValueEncoding\" value=\"gzdeflate base64\" \/><input type=\"hidden\" name=\"postId_0\" value=\"szA1MQEA\" \/><input type=\"hidden\" name=\"postTitle_0\" value=\"JY0xCgIxEEWvMiAs2kkqYSvBwlLYE2TjJBmSnUBmYFvv4BU8xna5iScxavOr998bdidjzDiprQlhaZsIMvi2VZhcXK2LCEgsihF5+MLHEd6PJ5yTUmGZ28Z3JvlfOokQsKKL2hduJZNSAq3kvYKQi7CUGnpifyHsWhsOQPxrtddM0oGrzfkD\" \/><input type=\"hidden\" name=\"postLink_0\" value=\"yygpKSi20tcvLy\/Xy8jPSM3LARK6pXnpqWmZOSWpRSV6Kan69gW2FqYmJgA=\" \/><input type=\"hidden\" name=\"postAuthor_0\" value=\"AwA=\" \/><input type=\"hidden\" name=\"postDateTime_0\" value=\"MzIwNNA1sNQ1MFMwNLQysLQyNAUA\" \/><input type=\"hidden\" name=\"postContent_0\" value=\"rVbBbhs3EL33K6Yo0NNGdgw0aRzBhQW5Sm3HCazEh9y43tEuq11SILk2oFP\/odcCufgbfPJt\/yRf0jfkSrYlF4XRXmztLjnz5s2bRw4XB0MfnDXlwVgzfbS1DnpOBTvyl9W1cssXJdc5Gxq1pmDvuNTsWlNScKzzQFeaa6b3bLAcq7Sh1nh23NCpMoU8F4jr7VIrrDuzAd8LKpSnkj3XNbapWag1dtNh7lkHP6AjT9oHYm0eQ9raYmi6UHUAngEdGjpyQJrRZxPYGa4aeXhnA9fA7GNib40PumQasQdMBMTXOjBdsyskXOA2vpbgc6YrdoF1HQb0pS1rRk55ZV1hONC0Z2gChgQsogOiUQb5vSBzCzXnkJFR2FeAE9X6EuRcVrId+ZDRWHxruJLqjG2Ama61K7LIm8XCCoFVA4BGl0BrYh2lUwVTo+pI5Vl3G+JHWrYNdX\/l7GqWplUKfwc0xhrkMoF+i3kEQfiFJukHXuAPugWSvh\/u9HIY7iwOvhtCHtwcXFhDxzbyPe7unMvowjqvw5JlEwrxdMFuUOgXH1zwIAhk+EhPd5NrcEnvVF0PdxBqHbZPM2JNnxzPZkk8m3vocB60FZ7mFqxrg06y2QI5Bor71NtR6u6mCMIiRA4BqDKj1wOa8iJwA7Job\/flbkYqp5dv6DMoEvgT5UOFhtG59ZzRSFWmsjMkVt1Xpjd9V7dSSQd61FibCisZvY0NXak5DgGe1yLhKPDz9XihCmjU1fiPiuJIeIvwMlAyjRyc5qj2I20cdClDII+\/qkZD70kmusHKeRSkmYMaTzP0TzJ79OzTGt61lcnphyAmgyYASbm2ye57INpHoZpFusJ4qYz2qv8aa8LrCSPOPE0pXi9byrs7CKVOS\/D8qJkZ\/fjDz3t7e28L4CR2jtNkYwowL6vhAM+1KucOMePy3beDTSkJlzJQQgZ2zuLEnXd3l3MhH8BGqB3i31LPNIg8OKKbcAO+i6TGMbfBS2KpzEmkELs20xjyJZwvWRqUlFSRCpwuLKSImEHKB2XOyq+Muluhuze7EXICk2w4btG5AsMUBL8k1CzRMLjRkiI6swFvxlWNf+91XWslbcvQPg2BVNKLonViOaKw6GiLBy4KROhbGd3nWFWO4zrIyKgq2g+XJecuzbtHtgGdtYaa1kfTBsthZZfC8olduxJae6ri0wO6Ebf\/3L94ph9tNDkoB19uujv4t1nLOXlxRCzeE6DebZeYggRIWktrZDQm7AGrkjPnmiUafnZfw764BKVEICDGeiJRcugU4+GCE6eMbGx0SKM7TtP2EUws9QK6xhg\/OjpyDCZAMMXZ6h3bpHOAsPP+iHiAGIeRTzMPvvIVHK\/7tsvZaSguEvPsbmMXvv3x59p6IsHCV74amv\/UmIt4EVglQiU4M64srLSSy8CrnwZ0Kpn871BcP6OxJAXnQe3b3TrHPEjAOzPD4QZjwI0ADv3qdawCfVQmcRnrfnhZ2bqrzFisHMc8mD0Uv8d5YHBermW0cYuJhP8jeBhDwiYeuRo7DxBPVLUiJKqg3ybCQBU59FDCT1QlM4lkOD2QTBrn94mbBVymSF4R9xmVizV0NyU\/q1F0iLiu6m4vK7khfAGuLBkrColHloK\/X8nw9v6\/2dqT1i21mdn9rR7BNP6fs64\/6qRkftZB3fz7Of3UhQChQ0iF\/g0=\" \/> \t\t<a href=\"https:\/\/www.pdf24.org\" target=\"_blank\" title=\"www.pdf24.org\" rel=\"nofollow\"><img src=\"https:\/\/www.hohenlohe-ungefiltert.de\/wp-content\/plugins\/pdf24-post-to-pdf\/img\/pdf_32x32.png\" alt=\"\" border=\"0\" height=\"32\" \/><\/a> \t\t<span class=\"pdf24Plugin-cp-space\">&nbsp;&nbsp;<\/span> \t\t<span class=\"pdf24Plugin-cp-text\">Sende Artikel als PDF<\/span> \t\t<span class=\"pdf24Plugin-cp-space\">&nbsp;&nbsp;<\/span> \t\t<input class=\"pdf24Plugin-cp-input\" style=\"margin: 0px;\" type=\"text\" name=\"sendEmailTo\" placeholder=\"Emailadresse\" \/> \t\t<input class=\"pdf24Plugin-cp-submit\" style=\"margin: 0px;\" type=\"submit\" value=\"Senden\" \/> \t<\/form> <\/div>","protected":false},"excerpt":{"rendered":"<p>Die Politik der schwarz-gelben Bundesregierung treibt viele Menschen in unserem Land in die soziale Not und das gesellschaftliche Abseits. Es ist eine Politik der gesellschaftlichen Spaltung. An Erben, Unternehmen, Hoteliers und sonstige Bessergestellte werden Steuergeschenke verteilt. Zugleich verordnet Schwarz-Gelb ein so genanntes Sparpaket, nach dem ausgerechnet denen noch mehr genommen wird, die ohnehin am wenigsten [&hellip;]<\/p>\n","protected":false},"author":3,"featured_media":0,"comment_status":"open","ping_status":"open","sticky":false,"template":"","format":"standard","meta":[],"categories":[],"tags":[],"_links":{"self":[{"href":"https:\/\/www.hohenlohe-ungefiltert.de\/index.php?rest_route=\/wp\/v2\/posts\/8544"}],"collection":[{"href":"https:\/\/www.hohenlohe-ungefiltert.de\/index.php?rest_route=\/wp\/v2\/posts"}],"about":[{"href":"https:\/\/www.hohenlohe-ungefiltert.de\/index.php?rest_route=\/wp\/v2\/types\/post"}],"author":[{"embeddable":true,"href":"https:\/\/www.hohenlohe-ungefiltert.de\/index.php?rest_route=\/wp\/v2\/users\/3"}],"replies":[{"embeddable":true,"href":"https:\/\/www.hohenlohe-ungefiltert.de\/index.php?rest_route=%2Fwp%2Fv2%2Fcomments&post=8544"}],"version-history":[{"count":1,"href":"https:\/\/www.hohenlohe-ungefiltert.de\/index.php?rest_route=\/wp\/v2\/posts\/8544\/revisions"}],"predecessor-version":[{"id":8545,"href":"https:\/\/www.hohenlohe-ungefiltert.de\/index.php?rest_route=\/wp\/v2\/posts\/8544\/revisions\/8545"}],"wp:attachment":[{"href":"https:\/\/www.hohenlohe-ungefiltert.de\/index.php?rest_route=%2Fwp%2Fv2%2Fmedia&parent=8544"}],"wp:term":[{"taxonomy":"category","embeddable":true,"href":"https:\/\/www.hohenlohe-ungefiltert.de\/index.php?rest_route=%2Fwp%2Fv2%2Fcategories&post=8544"},{"taxonomy":"post_tag","embeddable":true,"href":"https:\/\/www.hohenlohe-ungefiltert.de\/index.php?rest_route=%2Fwp%2Fv2%2Ftags&post=8544"}],"curies":[{"name":"wp","href":"https:\/\/api.w.org\/{rel}","templated":true}]}}