{"id":8534,"date":"2010-09-05T12:51:29","date_gmt":"2010-09-05T11:51:29","guid":{"rendered":"http:\/\/www.hohenlohe-ungefiltert.de\/?p=8534"},"modified":"2010-09-05T13:39:14","modified_gmt":"2010-09-05T12:39:14","slug":"mit-schwabenstreich-gegen-stuttgart-21-%e2%80%93-am-montag-6-september-2010-um-19-uhr-wird-auch-in-schwabisch-hall-eine-minute-lang-krach-gemacht","status":"publish","type":"post","link":"https:\/\/www.hohenlohe-ungefiltert.de\/?p=8534","title":{"rendered":"Mit &#8222;Schwabenstreich&#8220; gegen Stuttgart 21 \u2013 Am Montag, 6. September 2010, um 19 Uhr wird auch in Schw\u00e4bisch Hall eine Minute lang Krach gemacht"},"content":{"rendered":"<p><strong>Auch in Schw\u00e4bisch Hall gibt es k\u00fcnftig jeden Montag einen &#8222;Schwabenstreich&#8220; gegen das umstrittene Bahnprojekt Stuttgart. Erstmals treffen sich die Stuttgart 21-Gegner der Region am Montag, 6. September 2010, um 19 Uhr in Schw\u00e4bisch Hall auf dem Milchmarkt, um eine Minute lang Krach zu machen.<\/strong><\/p>\n<p><em>Von Maritha und Hans Maier aus Schw\u00e4bisch Hall <\/em><\/p>\n<p><strong>Stuttgart 21 ist nicht nur eine Sache der Stuttgarter<\/strong><\/p>\n<p>Maritha und Hans Maier berichten: &#8222;Wir waren letzten Freitag in Stuttgart (&#8230;) und (&#8230;) sind der Meinung, es muss gezeigt werden, dass der Protest gegen Stuttgart 21 nicht nur eine Sache der Stuttgarter ist. Es betrifft das ganze Land, nicht nur finanziell, auch aus Gr\u00fcnden der Umwelt, der Belastung f\u00fcr das Land, dem geologischen Risiko und ganz einfach, weil es keinen Sinn macht, soviel Geld auszugeben f\u00fcr einen nicht erkennbaren Gewinn, mit der Folge, dass alle anderen notwendigen Bahnprojekte im Land auf der Strecke bleiben.<\/p>\n<p><strong>Daher rufen wir dazu auf, dass wir auch in Schw\u00e4bisch Hall einen Schwabenstreich einf\u00fchren:<\/strong><\/p>\n<p>Kommt alle am Montag (6. September 2010, um 19 Uhr) und danach jeden Montag, ebenfalls um 19 Uhr zum Schw\u00e4bisch Haller Milchmarkt, um mit einer Minute Krach gegen das unsinnige Bahnprojekt zu protestieren. Bitte leitet diese Informationen an jede\/jeden weiter, von der\/dem ihr denkt, er\/sie ist daf\u00fcr aufgeschlossen.<\/p>\n<p><strong>Weitere Informationen zu Schwabenstreichen gegen Stuttgart 21 im Land Baden-W\u00fcrttemberg auf der Internetseite<\/strong> <a href=\"http:\/\/www.kopfbahnhof-21.de\/index.php?id=558\" target=\"_blank\">http:\/\/www.kopfbahnhof-21.de\/index.php?id=558<\/a><\/p>\n<p><strong>Weitere Informationen zum Thema Stuttgart 21 auf Hohenlohe-ungefiltert:<\/strong><\/p>\n<p>Unterschriftenliste und Schwabenstreiche gegen Stuttgart 21 \u2013 Aufruf des VCD, BUND, Parksch\u00fctzern und Kopfbahnhofbef\u00fcrwortern <a href=\"https:\/\/www.hohenlohe-ungefiltert.de\/?p=8526\" target=\"_blank\">https:\/\/www.hohenlohe-ungefiltert.de\/?p=8526<\/a><\/p>\n<div class=\"pdf24Plugin-cp\"> \t<form name=\"pdf24Form0\" method=\"post\" action=\"https:\/\/doc2pdf.pdf24.org\/wordpress.php\" target=\"pdf24PopWin\" onsubmit=\"var pdf24Win = window.open('about:blank', 'pdf24PopWin', 'resizable=yes,scrollbars=yes,width=600,height=250,left='+(screen.width\/2-300)+',top='+(screen.height\/3-125)+''); pdf24Win.focus(); if(typeof pdf24OnCreatePDF === 'function'){void(pdf24OnCreatePDF(this,pdf24Win));}\"> \t\t<input type=\"hidden\" name=\"blogCharset\" value=\"Cw1x07UAAA==\" \/><input type=\"hidden\" name=\"blogPosts\" value=\"MwQA\" \/><input type=\"hidden\" name=\"blogUrl\" value=\"yygpKSi20tcvLy\/Xy8jPSM3LARK6pXnpqWmZOSWpRSV6KakA\" \/><input type=\"hidden\" name=\"blogName\" value=\"88jPSM3LARK6pXnpqWmZOSWpRSUA\" \/><input type=\"hidden\" name=\"blogValueEncoding\" value=\"gzdeflate base64\" \/><input type=\"hidden\" name=\"postId_0\" value=\"szA1NgEA\" \/><input type=\"hidden\" name=\"postTitle_0\" value=\"HY1BCsIwFESvMiC4KtJmIUpX7gTJqniA3\/hJPiRR0h+69Q5ewZt4E09icDXMG3hjRbHdHIwx4+TCSjPnRQuLC3\/aj\/DsOWPSquqpKMyA7\/OFU4K9ZyXfYb\/DxA\/lNHOB6Ye+Q00YjriGglXKDVRdgDRLu\/i8Z1laPVOMYMkMK7kqI1L2uBRqm+fUQn8=\" \/><input type=\"hidden\" name=\"postLink_0\" value=\"yygpKSi20tcvLy\/Xy8jPSM3LARK6pXnpqWmZOSWpRSV6Kan69gW2FqbGJgA=\" \/><input type=\"hidden\" name=\"postAuthor_0\" value=\"AwA=\" \/><input type=\"hidden\" name=\"postDateTime_0\" value=\"MzIwNNA1sNQ1MFUwNLIysLQysgQA\" \/><input type=\"hidden\" name=\"postContent_0\" value=\"lVRRbttGEP3vKQYuUKQALdkqHLi2rCBqGidwXQRRHX8WS3FIbrRcErvLsNBX79Ar9Bj+0016kr5ZyrJkK4X7YVpc7sy89+bNjJvJ2AdX22Lyup2XpC3N5mW3+jvVHq\/vlDFU6DQQe1qs7mwedEGfOWNL17UNqiDWFi\/ffXs6Go3OJValbJGS9byMp0fnVHCBO5ny1Fb4pENgyzRVpW1c\/ZkXgWahDaFQLgzoZ+dDpYwn5MhzxHlkokzzwyUaHR9ecmHZUYa\/j1zo2pKq1pgSejmgGTeBqxSfR0fHRwkq0\/GPdFO6vRxVmyMVEmgzLyvlFiFGCDmc2TYwGWULunIKIcuWKvxnOxgP1+qNh83kmzHU5GryCWCuFWiWilqboYL1ONDAolr\/tPh4iKBNgnXCbbKkfSALGfBsXY9qJgAi\/c1Ndk\/gfAUGZJFsbM\/uO3erHXXKQW7DYYkv9BYtlAaLXBssL+T6D0fn38eMD29e41XAXANca9ECGKZqvUfvl6yLQB07uCYRF\/h484OrA4NXb44dus+hKprALB5c4Kg8D9FfhbJLpl+UzZKtLLm2ONdsTIIOQHZpw6WDn8XIkvim6tig5\/J7ykb5ABKUr+5cTNsnFIMUXJu6kN4h8qP2elFHKaSwoM2BNQFZbeLI9NMx09ZGx6CCr78ACF2yyQTGsi0YA9OX6m\/3uNkt2No0tuSSO2RIqNIhInxbm4LXUsJATIDHctHWoWObaVF0a7yYdBU5rH0uQjqeL5hSwzqNPt513xtV4pZrZf46LSLA8wheF5Uj9bV9sea8uwqiNqu7EijPnrj0qq6qsGZyP8T04r+GuPdfpqyM4\/Y+gvFQNEcuvzXyS\/x8jFPMujvtIq+Ad\/cj30\/71vay8LmFuju7C8o0vZe1NGFAU1lwmCMdOMji8kzvbV67SgXsKeRSNmIe9sA7uegS+lJHLw7FZrqU1WYFGE48lp+sgExFm6APBYOGqb3f07vbmO9xTaB81BIc7pm9e6dMFeof3qJe6FtQbMzz3iK\/5eCl0KaZNFaE9uYXB2UIzdlw2HXdYFE3eQqtyjo\/HB0PwBmLgv8YNGXzSmcXJyenBxSUKzhcHPyeYsUuDib\/K3w8VJPnClDRbyVXapevkHpXQwyDxyGmnnNtEB6e2vRGeEN3rBssSIOOcLThY133yfrPn3\/R6zZ3UUJPn356k9D05lc8P8B\/SLq6C0uoGhNePdBOWVre1bLy7K7Efi1SuQ+9aPWquTg9Gb3cr\/BzozcC\/ws=\" \/> \t\t<a href=\"https:\/\/www.pdf24.org\" target=\"_blank\" title=\"www.pdf24.org\" rel=\"nofollow\"><img src=\"https:\/\/www.hohenlohe-ungefiltert.de\/wp-content\/plugins\/pdf24-post-to-pdf\/img\/pdf_32x32.png\" alt=\"\" border=\"0\" height=\"32\" \/><\/a> \t\t<span class=\"pdf24Plugin-cp-space\">&nbsp;&nbsp;<\/span> \t\t<span class=\"pdf24Plugin-cp-text\">Sende Artikel als PDF<\/span> \t\t<span class=\"pdf24Plugin-cp-space\">&nbsp;&nbsp;<\/span> \t\t<input class=\"pdf24Plugin-cp-input\" style=\"margin: 0px;\" type=\"text\" name=\"sendEmailTo\" placeholder=\"Emailadresse\" \/> \t\t<input class=\"pdf24Plugin-cp-submit\" style=\"margin: 0px;\" type=\"submit\" value=\"Senden\" \/> \t<\/form> <\/div>","protected":false},"excerpt":{"rendered":"<p>Auch in Schw\u00e4bisch Hall gibt es k\u00fcnftig jeden Montag einen &#8222;Schwabenstreich&#8220; gegen das umstrittene Bahnprojekt Stuttgart. Erstmals treffen sich die Stuttgart 21-Gegner der Region am Montag, 6. September 2010, um 19 Uhr in Schw\u00e4bisch Hall auf dem Milchmarkt, um eine Minute lang Krach zu machen. Von Maritha und Hans Maier aus Schw\u00e4bisch Hall Stuttgart 21 [&hellip;]<\/p>\n","protected":false},"author":3,"featured_media":0,"comment_status":"open","ping_status":"open","sticky":false,"template":"","format":"standard","meta":[],"categories":[],"tags":[],"_links":{"self":[{"href":"https:\/\/www.hohenlohe-ungefiltert.de\/index.php?rest_route=\/wp\/v2\/posts\/8534"}],"collection":[{"href":"https:\/\/www.hohenlohe-ungefiltert.de\/index.php?rest_route=\/wp\/v2\/posts"}],"about":[{"href":"https:\/\/www.hohenlohe-ungefiltert.de\/index.php?rest_route=\/wp\/v2\/types\/post"}],"author":[{"embeddable":true,"href":"https:\/\/www.hohenlohe-ungefiltert.de\/index.php?rest_route=\/wp\/v2\/users\/3"}],"replies":[{"embeddable":true,"href":"https:\/\/www.hohenlohe-ungefiltert.de\/index.php?rest_route=%2Fwp%2Fv2%2Fcomments&post=8534"}],"version-history":[{"count":4,"href":"https:\/\/www.hohenlohe-ungefiltert.de\/index.php?rest_route=\/wp\/v2\/posts\/8534\/revisions"}],"predecessor-version":[{"id":8542,"href":"https:\/\/www.hohenlohe-ungefiltert.de\/index.php?rest_route=\/wp\/v2\/posts\/8534\/revisions\/8542"}],"wp:attachment":[{"href":"https:\/\/www.hohenlohe-ungefiltert.de\/index.php?rest_route=%2Fwp%2Fv2%2Fmedia&parent=8534"}],"wp:term":[{"taxonomy":"category","embeddable":true,"href":"https:\/\/www.hohenlohe-ungefiltert.de\/index.php?rest_route=%2Fwp%2Fv2%2Fcategories&post=8534"},{"taxonomy":"post_tag","embeddable":true,"href":"https:\/\/www.hohenlohe-ungefiltert.de\/index.php?rest_route=%2Fwp%2Fv2%2Ftags&post=8534"}],"curies":[{"name":"wp","href":"https:\/\/api.w.org\/{rel}","templated":true}]}}