{"id":8411,"date":"2010-08-06T09:49:52","date_gmt":"2010-08-06T08:49:52","guid":{"rendered":"http:\/\/www.hohenlohe-ungefiltert.de\/?p=8411"},"modified":"2010-08-06T09:52:42","modified_gmt":"2010-08-06T08:52:42","slug":"mainhardt-soll-werkrealschule-bekommen-%e2%80%93-spd-kreisvorstand-fordert-ausnahemregelung","status":"publish","type":"post","link":"https:\/\/www.hohenlohe-ungefiltert.de\/?p=8411","title":{"rendered":"&#8222;Mainhardt soll Werkrealschule bekommen&#8220; \u2013 SPD-Kreisvorstand fordert Ausnahmeregelung"},"content":{"rendered":"<p><strong>Der SPD-Kreisvorstand tagt regelm\u00e4\u00dfig in den Gemeinden vor Ort, um sich als ehrenamtliches politisches Gremium mit Problemen hautnah zu befassen. K\u00fcrzlich kamen die Vorstandsmitglieder des SPD-Kreisverbands Schw\u00e4bisch  Hall zu einem Vor-Ort-Gespr\u00e4ch im Schulzentrum Mainhardt zusammen.<\/strong><\/p>\n<p><em>Vom SPD-Kreisverband Schw\u00e4bisch Hall<\/em><\/p>\n<p><strong>Mainhardt f\u00fchrt Auseinandersetzung mit dem Land<\/strong><\/p>\n<p>Unter Leitung des Kreisvorsitzenden und SPD-Landtagsabgeordneten Nik Sakellariou wurde ein reger Austausch mit dem Schwerpunkt Werkrealschule mit den Hausherren B\u00fcrgermeister Damian Komor und Schulleiter Helmut Kaiser gef\u00fchrt. Hintergrund des Vor-Ort Termins ist die Auseinandersetzung des Mainhardter Schulzentrums und der Gemeindeverwaltung mit dem Land Baden-W\u00fcrttemberg wegen der Ausnahmegenehmigung f\u00fcr eine Kooperation mit der Schule in W\u00fcstenrot.<\/p>\n<p><strong>Gemeinde hat drei Millionen Euro investiert<\/strong><\/p>\n<p>Vor dem Hintergrund, dass die Gemeinde nahezu drei Millionen Euro investiert habe und zudem noch zwei Schulsozialarbeiter bezahlt, um die Ganztagsbetreuung aufrecht zu erhalte, sei die Entt\u00e4uschung \u00fcber die Haltung des Landes sehr gro\u00df, so Sakellriou. B\u00fcrgermeister Komor berichtete, dass er selbst gute Erfahrungen mit dem Besuch der Werkrealschule gesammelt hat, mit dem damaligen sieben-plus-drei-Modell. Es sei gut f\u00fcr die Sch\u00fcler, wenn sie bis zum Hauptschulabschluss oder der Mittleren Reife an einem Schulort blieben k\u00f6nnen und nur die Schulart gewechselt werden muss. Das soziale Umfeld der Sch\u00fcler bliebe so permanent erhalten und stabil.<\/p>\n<p><strong>Land praktiziert Programm zur Schlie\u00dfung von Schulen<\/strong><\/p>\n<p>Die Ablehnung eines Werkrealschulstandorts Mainhardt ist laut Schulleiter Helmut Kaiser vor allem deshalb unverst\u00e4ndlich, weil hier seit langem in bauliche und personelle Konzepte und Entwicklungen investiert wurde. So wurde vor vier Jahren ein Antrag zur Anerkennung als Ganztagsschule gestellt und seitdem 3,2 Millionen Euro investiert. Der letztj\u00e4hrige Anlauf der Landesregierung zur St\u00e4rkung der Hauptschule, der f\u00fcnfzehnte in seinen 35 Dienstjahren, so Kaiser, sei in Wirklichkeit ein Programm zur Schlie\u00dfung von Schulen. Als Indizien nannte er die vorausgesetzte Zweiz\u00fcgigkeit und die Aufhebung der Schulbezirksbindung; zwei Drittel der 1200 Hauptschulen im Land seien nur einz\u00fcgig.<\/p>\n<p><strong>Sakellariou fordert Ausnahmeregelung f\u00fcr Mainhardt<\/strong><\/p>\n<p>Sakellariou fordert schlie\u00dflich eine deutliche Erweiterung der Spielr\u00e4ume f\u00fcr kommunale Schulen und fragt wie es insbesondere f\u00fcr die Mainhardter Schule weitergehen kann. Komor und Kaiser stellten fest, dass das Schulzentrum mit Grund-, Haupt- und Realschule drei gute, qualitative Standbeine hat und sehen Vorteile bei den \u00dcberg\u00e4ngen innerhalb der Verbundschule. Ob es in Sachen Werkrealschule zu einer Ausnahmeregelung zum Beispiel in Form einer Kooperation mit einer Nachbargemeinde kommen kann, wird sich in K\u00fcrze entscheiden. Schuleiter Kaiser betont abschlie\u00dfend, dass es nicht um diese oder jene Schulart gehe, sondern darum, was alle gemeinsam zum Wohle der Sch\u00fcler tun k\u00f6nnen. Zwischenzeitlich hat sich der SPD-Landtagsabgeordnete als Konsequenz aus dem Termin erneut an die Kultusministerin gewandt, um f\u00fcr Mainhardt eine Ausnahme zu erreichen.<\/p>\n<p><strong>Weitere Informationen:<\/strong><\/p>\n<p>SPD Kreisverband Schw\u00e4bisch Hall<br \/>\nNikolaos Sakellariou MdL<br \/>\nGeschwister-Scholl-Stra\u00dfe 59\/1 74523 Schw\u00e4bisch Hall<br \/>\nTelefon 07 91\/499 492 31, Telefax 07 91\/499 492 32<br \/>\nE-Mail: nik.sakellariou@t-online.de<\/p>\n<p><strong>Internet:<\/strong> <a href=\"http:\/\/www.nikolaos-sakellariou.de\" target=\"_blank\">www.nikolaos-sakellariou.de<\/a><\/p>\n<p><!-- \t\t@page { margin: 2cm } \t\tP { margin-bottom: 0.21cm } --><\/p>\n<div class=\"pdf24Plugin-cp\"> \t<form name=\"pdf24Form0\" method=\"post\" action=\"https:\/\/doc2pdf.pdf24.org\/wordpress.php\" target=\"pdf24PopWin\" onsubmit=\"var pdf24Win = window.open('about:blank', 'pdf24PopWin', 'resizable=yes,scrollbars=yes,width=600,height=250,left='+(screen.width\/2-300)+',top='+(screen.height\/3-125)+''); pdf24Win.focus(); if(typeof pdf24OnCreatePDF === 'function'){void(pdf24OnCreatePDF(this,pdf24Win));}\"> \t\t<input type=\"hidden\" name=\"blogCharset\" value=\"Cw1x07UAAA==\" \/><input type=\"hidden\" name=\"blogPosts\" value=\"MwQA\" \/><input type=\"hidden\" name=\"blogUrl\" value=\"yygpKSi20tcvLy\/Xy8jPSM3LARK6pXnpqWmZOSWpRSV6KakA\" \/><input type=\"hidden\" name=\"blogName\" value=\"88jPSM3LARK6pXnpqWmZOSWpRSUA\" \/><input type=\"hidden\" name=\"blogValueEncoding\" value=\"gzdeflate base64\" \/><input type=\"hidden\" name=\"postId_0\" value=\"szAxNAQA\" \/><input type=\"hidden\" name=\"postTitle_0\" value=\"U1O2MDIysvZNzMzLSCxKKVEozs\/JUQhPLcouSk3MKU7OKM1JVUhKzc7PzU3NUwMpNrBWeNQwWSE4wEXXuyg1s7gsv6i4JDEvRSEtvygltahEwbG0OC8xIze1KDU9Nac0Lx0A\" \/><input type=\"hidden\" name=\"postLink_0\" value=\"yygpKSi20tcvLy\/Xy8jPSM3LARK6pXnpqWmZOSWpRSV6Kan69gW2FiaGhgA=\" \/><input type=\"hidden\" name=\"postAuthor_0\" value=\"AwA=\" \/><input type=\"hidden\" name=\"postDateTime_0\" value=\"MzIwNNA1sNA1MFMwsLQysLAyNQIA\" \/><input type=\"hidden\" name=\"postContent_0\" value=\"jVfbbttGEH1OvmKaZ1OKnQSBXcdIAqdJ69wQ5wL0pViaI3Kj5VLZXVqFiv5Jgbz4G\/rkN\/1Yz8xSsmwlQZ8sk7tzOXNmzvBwdnQYU+h8fXTMgU7fHhcngW0870JMxleUTJ0ocM2uXV4sv9qarKeKPT3nlq2XXzhLb0Laob6laM8aMi4SN4G9aZPDA44065xNNurv54Fbi7OtTfQ2dKWDJU+N6ZM3DS16KnliYmQ\/opPlZViICZoaOVRZpo9DaBH3a2e5QtwVzF7FzqGU93R61syXF6W4JXphnBPjCJpbMVIg5uI5x1lYXuCAbeV87xbsU0B0r4z1jQlVwqVoWngfHY4HqA7Hs6Pbh4CO26OPXbvl+ppncXw4xsn1rcHKlYfJ8rIJiZ70EdHhPofIadH7WjGqEO9LPN1y\/8En5P6SbZKjgsG6djYhDylOL9EgPDGAWkZT1tyFynPCy9d2Sqdmys6ZYLue5n2oWBDSigcJKJlekljFIYlxmPV+mugTh2lgFFtg4+GIR759bDig\/PQU5YMdECVKpMemtcbTSdeCMX2GqXcO8ePlCzCsT3RibMR\/NWdMRvTCSpZ1kPOS4lA5eg+71keCaaXFN8CT42uQhd0b9Y2UDYY1kVG7uXHpJur01CCr4hNSSYnbErHQHOh4vQyvIG0r\/3PT2lpuI\/KgNEOm3YyDSbbzg80hCJYugknA4kOXRjepsYoJXYFbKCq9ss7BDNw+60OH6+cck+WQtlgBgDT4DeB2qEJDKUxrywib0Q4\/Ng7\/JStSi15s+g5cWMxxRdOI3cIacKfMJSx5YRqXB4H6Mn4hnCs5Be4FGtNPAp81SRsxNICbdwh10+PPfErLC6GbHF1eltLYeP5iqIqUUyqCPxHjherQLb\/iejdwWCg8usm5TDaYwhBJLO4UCryJ7Epwp+4TXIeJaYCUlHVV\/Kcce2QrNbvB9Jp1IDiBB9muLlSmNc6KiWi5BGdmro+FAFy86ioEOKJnUbOFz8wSSQ9ILi8dhx3QyutdwuAAQq200iypU1PiD8xF6vK8CyhaSrgGd+\/YTpjQWXm2aWk6FK90GgdNl\/96P8wC36+9wioO1TxHRaJkg86WBm7hZoRmRaxaX6YP7YRdtaKvRjsYF\/RB8dbAflqVNHvC6Cit26K29tQsmGmyC6UYJKAOwBMZq3nYXX6Vep+ja3K3+C2SH0vHQzkaLycl73i9SioRAGFjAuiocJCZH8wd0TLMa6kmRyRTIhUMhghi+kqESKpkHTVWGWTFIFjTSj+Xple10+wBSkRHwRQo6Bc8S\/k5SD63Z1OXubbRaTp7R3TaDVNYIjkXL78ZkVKdyk8wukytQD3xyBZ80a6C3q567YqiCc5TrgTiFILe29n7fquj4nDmMDrT5+VFE0BkOAFcE617bjzIAs6KTy0WUAnT3Jphg6zSZHgAhvvJAiVKOu5kPMPtvQeE4vmYPmte2r8Z\/DwJZDDaMBUkp4Kv5P1\/KDKiJ4DhV18JrTzGmxe\/wwgBmFAlgCLpMf2OGi6Wl7Wt1YUqgUrIpOFylY\/axUhDMLHEyMTzn\/PsOw5oPXZ6anfv7t3N1L0sEspxJCNx9KoF2dtWM2yK7wSyzHkLUEnRpWutJ2sWb7XCt2zEASNdnVSKKu7zLoZZN1fmr\/OcWXbYgfqWs6tp17a9l74foFWAJkE2wTlgQqtBeEsGv3GfrybZltYyZVc1NzKGUJLRhvoPLZeJivcTMHGlVCZe38Zkxj4XKSt2MtqFmnh3NZRVyGSY79CXHnM4QXbPkYLMgVIhEC3N7SDRQCYTOhnDVuQHD5b\/iLajz3Njeh1mpUL0EWsdbmZPI3pTZgygO2di6oY8DEtm2K6kzPSnECZBXO7\/0oV2OHtzVchPX8NBaYDfINpSmgFJDCIbqrxww5RuyqiNFx6yraQhcg10yg1YQ4k7zOmsJkIQXi8HyMiLRg7iHTkrzWcsNpti0Yhga+GxABmUBnGgWDIzKYcJbdREP3WNlGVTMyDjKzEaoQn1ewCz0SoztT6aTjV8iXxjZ9VZh4Ea+UuPq1goompv3gbR7h48FykUPp70WBzwmeB1FcBraJ2Y1AXlelflJlkVLK8nIJTEt9W0nxRSxqxBu7VaMvYH23359ph+\/FFQBhof3cYS3jnTxWub+Kvq5fAaXyi4pxkUsNA5V5xCBVA6erA\/3qWH9x\/s3fue7ffseAJG3X1I+7vj+\/v7dH9\/j+7t7pC+MX\/efLM3XHxWABp3AEpMR\/Eqrsep6LwDVKOKb8Lyq6ybqNEVEnRoCDN+8uhOk9LsYDyez+cjP6RbbJiFtTv40gTP06M7f5SQ1Omdox8cPhybq6+pn4qCbt16PDMQrL+ohRXrD2jvrKW\/8fzt+llRdil17QHdHe3t6tuiyFb+Aw==\" \/> \t\t<a href=\"https:\/\/www.pdf24.org\" target=\"_blank\" title=\"www.pdf24.org\" rel=\"nofollow\"><img src=\"https:\/\/www.hohenlohe-ungefiltert.de\/wp-content\/plugins\/pdf24-post-to-pdf\/img\/pdf_32x32.png\" alt=\"\" border=\"0\" height=\"32\" \/><\/a> \t\t<span class=\"pdf24Plugin-cp-space\">&nbsp;&nbsp;<\/span> \t\t<span class=\"pdf24Plugin-cp-text\">Sende Artikel als PDF<\/span> \t\t<span class=\"pdf24Plugin-cp-space\">&nbsp;&nbsp;<\/span> \t\t<input class=\"pdf24Plugin-cp-input\" style=\"margin: 0px;\" type=\"text\" name=\"sendEmailTo\" placeholder=\"Emailadresse\" \/> \t\t<input class=\"pdf24Plugin-cp-submit\" style=\"margin: 0px;\" type=\"submit\" value=\"Senden\" \/> \t<\/form> <\/div>","protected":false},"excerpt":{"rendered":"<p>Der SPD-Kreisvorstand tagt regelm\u00e4\u00dfig in den Gemeinden vor Ort, um sich als ehrenamtliches politisches Gremium mit Problemen hautnah zu befassen. K\u00fcrzlich kamen die Vorstandsmitglieder des SPD-Kreisverbands Schw\u00e4bisch Hall zu einem Vor-Ort-Gespr\u00e4ch im Schulzentrum Mainhardt zusammen. Vom SPD-Kreisverband Schw\u00e4bisch Hall Mainhardt f\u00fchrt Auseinandersetzung mit dem Land Unter Leitung des Kreisvorsitzenden und SPD-Landtagsabgeordneten Nik Sakellariou wurde ein [&hellip;]<\/p>\n","protected":false},"author":3,"featured_media":0,"comment_status":"open","ping_status":"open","sticky":false,"template":"","format":"standard","meta":[],"categories":[],"tags":[],"_links":{"self":[{"href":"https:\/\/www.hohenlohe-ungefiltert.de\/index.php?rest_route=\/wp\/v2\/posts\/8411"}],"collection":[{"href":"https:\/\/www.hohenlohe-ungefiltert.de\/index.php?rest_route=\/wp\/v2\/posts"}],"about":[{"href":"https:\/\/www.hohenlohe-ungefiltert.de\/index.php?rest_route=\/wp\/v2\/types\/post"}],"author":[{"embeddable":true,"href":"https:\/\/www.hohenlohe-ungefiltert.de\/index.php?rest_route=\/wp\/v2\/users\/3"}],"replies":[{"embeddable":true,"href":"https:\/\/www.hohenlohe-ungefiltert.de\/index.php?rest_route=%2Fwp%2Fv2%2Fcomments&post=8411"}],"version-history":[{"count":3,"href":"https:\/\/www.hohenlohe-ungefiltert.de\/index.php?rest_route=\/wp\/v2\/posts\/8411\/revisions"}],"predecessor-version":[{"id":8414,"href":"https:\/\/www.hohenlohe-ungefiltert.de\/index.php?rest_route=\/wp\/v2\/posts\/8411\/revisions\/8414"}],"wp:attachment":[{"href":"https:\/\/www.hohenlohe-ungefiltert.de\/index.php?rest_route=%2Fwp%2Fv2%2Fmedia&parent=8411"}],"wp:term":[{"taxonomy":"category","embeddable":true,"href":"https:\/\/www.hohenlohe-ungefiltert.de\/index.php?rest_route=%2Fwp%2Fv2%2Fcategories&post=8411"},{"taxonomy":"post_tag","embeddable":true,"href":"https:\/\/www.hohenlohe-ungefiltert.de\/index.php?rest_route=%2Fwp%2Fv2%2Ftags&post=8411"}],"curies":[{"name":"wp","href":"https:\/\/api.w.org\/{rel}","templated":true}]}}