{"id":8397,"date":"2010-08-05T12:07:36","date_gmt":"2010-08-05T11:07:36","guid":{"rendered":"http:\/\/www.hohenlohe-ungefiltert.de\/?p=8397"},"modified":"2010-08-06T09:10:14","modified_gmt":"2010-08-06T08:10:14","slug":"charta-der-heimatvertriebenen-vor-60-jahren-verkundet-%e2%80%93%c2%a0heute-festakt-in-stuttgart-%e2%80%93-gedenkstatten-auch-in-hohenlohe","status":"publish","type":"post","link":"https:\/\/www.hohenlohe-ungefiltert.de\/?p=8397","title":{"rendered":"Charta der Heimatvertriebenen vor 60 Jahren verk\u00fcndet \u2013\u00a0Heute Festakt in Stuttgart \u2013 Gedenkst\u00e4tten auch in Hohenlohe"},"content":{"rendered":"<p><strong>Mit einem Festakt im Neuen Schloss in Stuttgart gedenkt der Bund der Vertriebenen (BdV) am heutigen Donnerstag, 5. August 2010, ab 15 Uhr der Verk\u00fcndung der Charta der Heimatvertriebenen vor 60 Jahren (Anmerkung: Der Wortlaut der Charta ist unten in diesem Artikel nachzulesen). <\/strong><\/p>\n<p><em>Vom Bund der Vertriebenen, Vereinigte Landsmannschaften und Landesverb\u00e4nde e.V. in Bonn<\/em><\/p>\n<p><strong>Dazu erkl\u00e4rt BdV-Pr\u00e4sidentin Erika Steinbach MdB (CDU): <\/strong><\/p>\n<p>Die Charta der Heimatvertriebenen wird am 5. August 60 Jahre alt. Wir freuen uns, gemeinsam mit dem Pr\u00e4sidenten des deutschen Bundestages, Prof. Dr.<br \/>\nNorbert Lammert MdB, dem Bundesminister des Innern Dr. Thomas de Maizi\u00e8re MdB und dem Innenminister des Landes Baden-W\u00fcrttemberg Heribert Rech MdL dieses feierliche Gedenken begehen zu k\u00f6nnen. Dort wo die Charta der \u00d6ffentlichkeit erstmals verk\u00fcndet wurde, vor den Ruinen des Neuen Schlosses in Stuttgart wird jetzt \u2013 60 Jahre sp\u00e4ter &#8211; im Neuen Schloss um 15 Uhr der Festakt stattfinden.<\/p>\n<p><strong>Bekenntnis zum friedlichen Zusammenleben mit allen Nachbarv\u00f6lkern<\/strong><\/p>\n<p>Die Charta der Heimatvertriebenen ist das moralische Fundament f\u00fcr die Arbeit und das Handeln der deutschen Heimatvertriebenen. Urspr\u00fcnglich als Protest gegen das Unrecht der Vertreibung gegen\u00fcber den Besatzungsm\u00e4chten entworfen, dr\u00fcckt sie mit ihrem Bekenntnis zum friedlichen Zusammenleben mit allen Nachbarv\u00f6lkern und zum Aufbau eines gemeinsamen Europas gleichzeitig den Willen zur Vers\u00f6hnung und zum Wiederaufbau Deutschlands in Frieden und Freiheit aus. Der offensive Verzicht auf Rache und Vergeltung widerlegt all diejenigen, die gerne vom Revanchismus der Vertriebenen sprechen.<\/p>\n<p><strong>Beitrag zum Wiederaufbau Deutschlands<\/strong><\/p>\n<p>Die deutschen Heimatvertriebenen haben diese Versprechen in den vergangenen 60 Jahren umgesetzt und einen wesentlichen Beitrag zum Wiederaufbau Deutschlands geleistet. Alle Bundesregierungen haben die Bedeutung unserer Charta erkannt und sie entsprechend gew\u00fcrdigt.<\/p>\n<p><strong>Wunsch nach \u201eNationalem Gedenktag f\u00fcr die Opfer von Vertreibung\u201c<\/strong><\/p>\n<p>Der Bundesrat hat in einer Entschlie\u00dfung vom 11. Juli 2003 die Bundesregierung aufgefordert, den 5. August zum \u201eNationalen Gedenktag f\u00fcr die Opfer von Vertreibung\u201c zu erkl\u00e4ren. Diese Forderung des Bundesrates ist noch offen.<\/p>\n<p><strong>W\u00f6rtlich hei\u00dft es in der Entschlie\u00dfung: <\/strong><br \/>\n\u201eDie Trag\u00f6die von Deportation, Flucht und Vertreibung von rund 15 Millionen Deutschen aus ihrer Heimat in der Folge des Zweiten Weltkriegs z\u00e4hlt zu den folgenschwersten Einschnitten in der Geschichte unseres Volkes \u00fcberhaupt. Das Vertreibungsgeschehen hat die historisch gewachsene Einheit des ostmitteleurop\u00e4ischen Raumes beendet, uns\u00e4gliches Leid \u00fcber die Menschen gebracht und kulturelle Entwicklungslinien zerst\u00f6rt. Unrecht und Trag\u00f6die dieses Ausma\u00dfes werden auch dadurch nicht geringer, dass vorher schweres Unrecht von deutscher Seite geschehen ist. Jedes Unrecht ist f\u00fcr sich allein zu<br \/>\nbewerten.<\/p>\n<p><strong>Absage an jegliche Gewalt<\/strong><\/p>\n<p>Die deutschen Vertriebenen zeichneten sich durch \u00dcberlebenswillen, durch die Bew\u00e4ltigung schwerster Lebenslagen und durch\u00a0 ihren umfassenden Beitrag zum wirtschaftlichen und politischen Neubeginn unseres ganzen Landes aus.\u00a0 Am 5. August 1950, noch unter dem unmittelbaren Eindruck der Vertreibungen, wurde die Charta der deutschen Heimatvertriebenen unterzeichnet, die zu den gro\u00dfen Manifestationen Europas z\u00e4hlt. Mit der Absage an jegliche Gewalt, mit der kraftvollen Vision eines geeinten Europas, in dem die V\u00f6lker ohne Furcht und Zwang leben k\u00f6nnen, mit dem Bekenntnis zum Wiederaufbau und zum Recht auf die Heimat ist die Charta ein Dokument s\u00e4mtlicher deutscher\u00a0 Vertriebener. Noch leben die unmittelbar Betroffenen unter uns. Auch sie warten auf ein besonderes Zeichen der Verbundenheit durch alle Deutschen.<\/p>\n<p><strong>Schicksal der deutschen Heimatvertriebenen wie aller Fl\u00fcchtlinge ein Weltproblem<\/strong><\/p>\n<p>Vertreibungen geh\u00f6ren nicht der Vergangenheit an. Sie geschehen auch heute in nahen und fernen Regionen dieser Welt. Das Leid, das den Menschen in der Mitte des letzten Jahrhunderts widerfuhr, trifft jetzt andere Menschen. \u201eDie V\u00f6lker m\u00fcssen erkennen\u201c, hei\u00dft es in der Charta aus dem Jahr 1950, \u201edass das Schicksal der deutschen\u00a0 Heimatvertriebenen wie aller Fl\u00fcchtlinge ein Weltproblem ist.\u201c Auch in diesem Sinne fordert der Bundesrat die Bundesregierung auf, den 5. August, den Tag der Unterzeichnung der Charta der deutschen Heimatvertriebenen, zum \u201eNationalen Gedenktag f\u00fcr die Opfer von Vertreibung\u201c zu bestimmen.\u201c<\/p>\n<p><strong>PROGRAMM<\/strong>:<\/p>\n<p>Beginn des Festakts im Neuen Schloss in Stuttgart ist um 15 Uhr.<\/p>\n<p>1. Film<br \/>\n60\u00a0Jahre\u00a0Charta\u00a0der deutschen\u00a0Heimatvertriebenen<\/p>\n<p>2. Er\u00f6ffnung<br \/>\nErika\u00a0STEINBACH\u00a0MdB, Pr\u00e4sidentin<\/p>\n<p>3. Begr\u00fc\u00dfung<br \/>\nHeribert\u00a0RECH\u00a0MdL<br \/>\nInnenminister\u00a0des\u00a0Landes\u00a0Baden\u2010W\u00fcrttemberg, Landesbeauftragter\u00a0f\u00fcr\u00a0Vertriebene, Fl\u00fcchtlinge\u00a0und\u00a0Aussiedler<\/p>\n<p>Rede<br \/>\nDr.\u00a0Thomas\u00a0de\u00a0MAIZI\u00c8RE\u00a0MdB, Bundesminister\u00a0des\u00a0Innern<\/p>\n<p>Festrede<br \/>\nProf.\u00a0Dr.\u00a0Nobert\u00a0LAMMERT, Pr\u00e4sident\u00a0des\u00a0Deutschen\u00a0Bundestages<\/p>\n<p><strong>Weitere Informationen:<\/strong> <a href=\"http:\/\/www.Bund-der-Vertriebenen.de\" target=\"_blank\">www.Bund-der-Vertriebenen.de<\/a><\/p>\n<p><strong>Erika Steinbach: &#8222;Es gibt niemals ein Recht auf Rache&#8220; BdV-Pr\u00e4sidentin zum 60. Jahrestag der Heimatvertriebenen-Charta (Interview im Deutschlandfunk): <\/strong><a href=\"http:\/\/www.dradio.de\/dlf\/sendungen\/interview_dlf\/1241102\/\" target=\"_blank\">http:\/\/www.dradio.de\/dlf\/sendungen\/interview_dlf\/1241102\/<\/a><\/p>\n<p><strong>Stuttgart: Festakt zu 60 Jahre Charta der Heimatvertriebenen (SWR): <\/strong><a href=\"http:\/\/www.swr.de\/nachrichten\/bw\/-\/id=1622\/nid=1622\/did=6732770\/1k6a2p9\/\" target=\"_blank\">http:\/\/www.swr.de\/nachrichten\/bw\/-\/id=1622\/nid=1622\/did=6732770\/1k6a2p9\/<\/a><\/p>\n<p><strong>Mahnmale f\u00fcr Heimatvertriebene in Baden-W\u00fcrttemberg sind zu finden auf der Internetseite<\/strong> <a href=\"http:\/\/www.bund-der-vertriebenen.de\/pdf-mahnmal\/ba-wue-teil-1.pdf\" target=\"_blank\">http:\/\/www.bund-der-vertriebenen.de\/pdf-mahnmal\/ba-wue-teil-1.pdf<\/a><\/p>\n<p><strong>Mahnmale f\u00fcr Heimatvertriebene in den Regionen Hohenlohe, Heilbronn, Ostalb, Ludwigsburg und im Rems-Murr-Kreis sind zu finden in: <\/strong><\/p>\n<p><strong>73432 Aalen <\/strong><\/p>\n<p>Bezeichnung: Gedenkkreuz der Heimatvertriebenen.<br \/>\nInschrift: \u201eDen Toten der Heimat.\u201c<br \/>\nStandort: Waldfriedhof in Aalen.<br \/>\nErrichtung: Oktober 1950.<br \/>\nDas Kreuz besteht aus Schmiedeeisen mit blattvergoldeten Schrift im Querbalken.<\/p>\n<p>1977 Erweiterung: rechts und links hinter dem Kreuz befindet sich eine Br\u00fcstung aus Kunstschmiedeeisen mit vier Schalen zum Aufstellen von Kerzen.1984 Erweiterung zum Mahnmal gegen die Vertreibung und f\u00fcr das Heimatrecht aller Menschen. Am Fu\u00dfe des Kreuzes Schriftrolle mit Inschrift aus der Charta der deutschen Heimatvertriebenen, sowie: \u201e1945 begann die<br \/>\nVertreibung von 18 000 000 deutschen Menschen aus ihrer seit Jahrhunderten bewohnten Heimat \u2013 dabei fanden 3 000 000 den Tod\u201c. Links und rechts des Kreuzes jeweils drei Wappen aus Kunstschmiedeeisen \u2013links: Siebenb\u00fcrgen, Ostpreu\u00dfen, Schlesien \u2013 rechts: Sudetenland, Pommern, Donauschwaben.<\/p>\n<p><strong>73553 Alfdorf <\/strong><\/p>\n<p>Bezeichnung: Gedenkstein.<br \/>\nInschrift: \u201eWir gedenken der verlorenen Heimat. Unserer Toten, die dort ruhen und der Gefallenen.\u201c<br \/>\nStandort: Vorplatz der katholischen Kirche an der Kirchstra\u00dfe in Alfdorf.<\/p>\n<p><strong>71522 Backnang <\/strong><\/p>\n<p>Bezeichnung: Mahnmal.<br \/>\nInschrift: \u201eDer alten Heimat zum Gedenken, der neuen Heimat zum Dank.\u201c<br \/>\nStandort: Maubacher H\u00f6he in Backnang-S\u00fcd, zwischen Max-Born-Gymnasium und Max-Eyth-Realschule. Am Platz eines fr\u00fcheren Fl\u00fcchtlingslagers.<br \/>\nErrichtung: Am \u201eTag der Heimat\u201c im September 1976. Entwurf Prof. Oskar Kreibich.<\/p>\n<p><strong>74575 Bartenstein <\/strong><\/p>\n<p>Bezeichnung: Kreuz von Bartenstein.<br \/>\nInschrift: Tafel neben dem Kreuz: \u201eHeimat ist Friede.\u201c<\/p>\n<p>Standort: Anh\u00f6he am Ortsrand von Bartenstein. Einweihung: 20.07.1953.<\/p>\n<p>73441 Bopfingen<\/p>\n<p>Bezeichnung: Eichenbaum mit Gedenkstein.<br \/>\nInschrift: \u201e1945 \u2013 1985. Diese Eiche wurde am Tag der Heimat in Erinnerung an Vertreibung und erfolgreiche Eingliederung gepflanzt.\u201c Standort: Spitalplatz in Bopfingen.<\/p>\n<p>Errichtung: Tag der Heimat 1985.<\/p>\n<p><strong>74564 Crailsheim <\/strong><\/p>\n<p>Bezeichnung: Ehrenmal.<br \/>\nInschrift: \u201eZum Gedenken aller Opfer der Flucht, Vertreibung und Verschleppung 1945-1946. Ost-Westpreu\u00dfen, Pommern, Schlesien, Sudetenland, Siebenb\u00fcrgern, Donauschwaben, Bessarabien.\u201c<br \/>\nStandort: Am Ehrenfriedhof in Crailsheim.<br \/>\nEinweihung: November 1999.<\/p>\n<p><strong> 74564 Crailsheim <\/strong><\/p>\n<p>Bezeichnung: Ostlandkreuz. Eichenholz mit Inschrift.<br \/>\nStandort: Am Krekelberg in Crailsheim.<br \/>\nEinweihung: 2.08.1953, 1988 erneuert.<\/p>\n<p><strong>73479 Ellwangen <\/strong><\/p>\n<p>Bezeichnung: Gedenkkreuz mit zwei Gedenksteinen.<br \/>\nInschrift: Auf dem Kreuz: \u201eKreuz der Heimat.\u201c<\/p>\n<p>Bronzetafel am linken Gedenkstein: \u201eZum Gedenken der verlorenen Heimat, ihrer Toten, der Opfer der Vertreibung 1945 und der Gefallenen beider Weltkriege 1914-1918, 1939-1945.\u201c<br \/>\nBronzetafel am rechten Gedenkstein: \u201eIhre Heimat: Ost- und Westpreu\u00dfen, Danzig, Pommern, Schlesien, Sudetenland (B\u00f6hmen-M\u00e4hren), Sudeten-Schlesien, Baltikum, Polen, Slowakei, Ungarn, Jugoslawien, Rum\u00e4nien und Russland.\u201c<\/p>\n<p>Standort: 1958 Aufstellung des Holzkreuzes am Wege zum Sportplatz im Ortsteil Galgenberg. 1975 Verlegung des Kreuzes. 9.09.1984 Erweiterung um zwei Findlinge und Neueinweihung am Fu\u00dfe des Galgenwaldes in Feldholz-Hochgericht.<\/p>\n<p><strong>74392 Freudental <\/strong><\/p>\n<p>Bezeichnung: Gedenktafel.<br \/>\nInschrift: \u201eDurch den 2. Weltkrieg verloren zw\u00f6lf Millionen Deutsche aus dem Osten ihre Heimat. Weitere zweieinhalb Millionen fanden durch Vertreibung, Gewalt und auf der Flucht den Tod. Vergesst dieses Schicksal nicht! F\u00fcr mehr als 572 Heimatvertriebene und Fl\u00fcchtlinge wurde Freudental zur neuen Heimat. 1945\u00a0 1985.\u201c<br \/>\nStandort: Foyer des Rathauses in Freudental.<br \/>\nErrichtung: 1985.<\/p>\n<p><strong>71577 Gro\u00dferlach <\/strong><\/p>\n<p>Bezeichnung: Ehrenmal der Bessarabiendeuteschen.<br \/>\nInschrift: R\u00fcckseite: \u201eWir gedenken der Toten auf den Friedh\u00f6fen der Heimatgemeinden in Bessarabien und der auf der Flucht, in Gefangenschaft, Internierung und Verschleppung Get\u00f6teten, Verstorbenen und Vermi\u00dften. Selig sind die Toten, die in dem Herrn sterben. Off. Joh. 14.13.\u201c<br \/>\nStandort: Friedhof der Gemeinde.<br \/>\nEinweihung: 26.09.1976.<\/p>\n<p><strong>89518 Heidenheim a.d. Brenz <\/strong><\/p>\n<p>Bezeichnung: R\u00fcbezahl-Denkmal.<br \/>\nInschrift: Tafel am Sockel:\u201c Es gr\u00fc\u00dft Euch vieltausendmal der Herr der Berge -R\u00fcbezahl-.\u201c<br \/>\nTafel am Denkmalansatz:\u201c Das Standbild R\u00fcbezahl wurde aus Spenden der Riesengebirgler geschaffen und ist am 11. Juni 1966 in die Obhut der Stadt Heidenheim \u00fcbergeben worden. Heimatgruppe der Riesengebirgler in Heidenheim.\u201c<br \/>\nStandort: Park-Spiel-Platz an der Schlesienstra\u00dfe.<br \/>\nErrichtung: 1966.<\/p>\n<p><strong>74072 Heilbronn <\/strong><\/p>\n<p>Bezeichnung: Mahnmal der Vertreibung.<br \/>\nInschrift: Mittig ein Bronzerelief-stilisierte Menschengruppe. Links: \u201eDen 14 000 000 Deutschen Heimatvertriebenen und den Fl\u00fcchtlingen und Vertriebenen in aller Welt. Bund der Vertriebenen, Vereinigte Landsmannschaften, Kreisverband Heilbronn Mai 1985.\u201c Rechts: \u201eOstpreu\u00dfen, Westpreu\u00dfen, Pommern, Niederschlesier, Oberschlesier, Sudetendeutsche, Siebenb\u00fcrgersachsen, Donauschwaben, Bessarabiendeutsche, Dobrudschadeutsche, Deutsche aus Russland.\u201c<\/p>\n<p>Standort: Am Hafenmarktturm in Heilbronn. Einweihung: 18.05.1985.<\/p>\n<p><strong>74072 Heilbronn <\/strong><\/p>\n<p>Bezeichnung: Gedenkstein.<br \/>\nInschrift: \u201eDen Toten unserer Heimat.\u00a0 1945 \u2013 Die Vertriebenen.\u201c<br \/>\nStandort: Hauptfriedhof in Heilbronn.<br \/>\nAm Eingang, den ersten Friedhofsweg 200 m nach rechts.<\/p>\n<p><strong>74072 Heilbronn <\/strong><\/p>\n<p>Bezeichnung: Gedenkst\u00e4tte der Dobrudschadeutschen.<br \/>\nInschrift: Unter dem Wappen der Landsmannschaft der Dobrudschadeutschen: \u201eGedenkst\u00e4tte der gefallenen und verstorbenen Landsleute. Landsmannschaft der Dobrudschadeutschen.\u201c<br \/>\nStandort: Hauptfriedhof in Heilbronn, Marktplatz 7.<br \/>\nEinweihung: 20.05.1982.<\/p>\n<p><strong>73494 Hohenberg <\/strong><\/p>\n<p>Bezeichnung: Gedenkkreuz.<br \/>\nInschrift: Unter der Christusfigur: \u201eZur Ehre unserer Toten und Helden unserer verlassenen Heimat 1954.\u201c<br \/>\nStandort: Friedhof in Hohenberg, Ortsteil von Rosenberg.<br \/>\nErrichtung: August 1954.<\/p>\n<p><strong>73460 H\u00fcttlingen <\/strong><\/p>\n<p>Bezeichnung: Gedenkkreuz.<br \/>\nInschrift: Steinplatte am Fu\u00dfe des Kreuzes:\u00a0 \u201eZum Gedenken der Toten und der\u00a0 unvergessenen\u00a0 Heimat.\u201c<br \/>\nStandort: Friedhof in H\u00fcttlingen.<br \/>\nEinweihung: 24.11.1957.<\/p>\n<p><strong>73466 Lauchheim <\/strong><\/p>\n<p>Bezeichnung: Gedenkkreuz.<br \/>\nInschrift: Steinplatte am Fu\u00dfe des Kreuzes: \u201eDen Toten der Heimat.\u201c<br \/>\nStandort: Friedhof in Lauchheim.<br \/>\nEinweihung: Nov. 1956.<\/p>\n<p><strong>74348 Lauffen am Neckar <\/strong><\/p>\n<p>Bezeichnung: Gedenkstein der Etyeker.<br \/>\nInschrift: Frontseite: Darstellung der Kirche \u201eMaria Heimsuchung\u201c mit eine Aufschrift: \u201eMaria Heimsuchung erbaut 1814-1816.\u201c Linke Seite: \u201eAusgewiesen aus der alten Heimat im M\u00e4rz 1946. Seit 1953 ist die Stadt Lauffen \/ N. Treffpunkt der Etyeker.\u201c R\u00fcckseite: \u201eWir gedenken der Heimat.\u201c Rechte Seite:\u201eDie ehemaligen B\u00fcrger der deutschen Gemeinde Etyek (Edeck) in Ungarn gedenken ihrer Toten und der Gefallenen beider Weltkriege.\u201c<br \/>\nStandort: Parkfriedhof in Lauffen am Neckar. Einweihung: 16.03.1986.<\/p>\n<p><strong>71634 Ludwigsburg <\/strong><\/p>\n<p>Bezeichnung: Kuhl\u00e4nder Bauernbrunnen.<br \/>\nInschrift: Ein tanzendes Paar aus Bronze steht auf steinernem Sockel mit der Inschrift: \u201eKuhl\u00e4nder Bauernbrunnen, Franz Barwig d.\u00c4. dessen Erstgu\u00df 1929 in Neutitschein \/ Sudeten errichtet wurde. Der Patenstadt Ludwigsburg gewidmet. 1968. Landschaftsrat Kuhl\u00e4ndchen\/Sudeten.\u201c<\/p>\n<p>Standort:\u00a0 Parkanlage am Ludwigsburger Schlo\u00df. Errichtung: 1968.<\/p>\n<p><strong> 71634 Ludwigsburg <\/strong><\/p>\n<p>Inschrift: Wappen von Neutitschein, Fulnek, Odrau, Wagstadt, Ludwigsburg. Darunter: \u201ePatenstadt Ludwigsburg. Wir gedenken unserer Landsleute, die durch Krieg, Flucht und Vertreibung ihr Leben lassen mussten. Kuhl\u00e4ndchen-unvergessene Heimat im Ostsudetenland. Der Landschaftsrat 1988.\u201c<\/p>\n<p>Standort: Parkanlage am Ludwigsburger Schlo\u00df, beim Kuhl\u00e4nderbrunnen. Errichtung: 1988.<\/p>\n<p><strong> 71636 Ludwigsburg <\/strong><\/p>\n<p>Bezeichnung: Gedenkstein.<br \/>\nInschrift: Frontseite: \u201e Mramorak im Banat 1820 \u2013 1944.\u201c Linke Seite: \u201eMramorak wurde 1820 im damaligen S\u00fcdungarn von Deutschen besiedelt. Nach dem Ersten Weltkrieg kam der Ort zu dem sp\u00e4teren Jugoslawien. Im Dorfe lebten 1944 bei der Vertreibung mehr als 3500 Deutsche.\u201c Rechte Seite: \u201eWir gedenken unserer seit der Ansiedlung Verstorbener. Wir trauern um unsere Gefallenen und Vermi\u00dften in den Kriegen, der in Gefangenschaft und auf der Flucht Gestorbenen, der in den Internierungslagern der alten Heimat Verhungerten, der Verschleppten und Umgekommenen. Sie sind nicht vergessen. Sie geh\u00f6ren zu uns. Ortsgemeinschaft Mramorak, 24.09.1988.\u201c R\u00fcckseite: \u201eMramorak 1820 \u2013 1944.\u201c und ein mit Pferden pfl\u00fcgender Bauer.<br \/>\nStandort: Friedhof in O\u00dfweil, Stadtteil von Ludwigsburg.<br \/>\nErrichtung: 1988.<\/p>\n<p><strong>In memoriam<\/strong><\/p>\n<p><strong>Mahnmale und Gedenkst\u00e4tten der Vertriebenen und Fl\u00fcchtlinge in Deutschland und in ihren Herkunftsgebieten.<\/strong><\/p>\n<p>Schon kurz nach den Erlebnissen von Flucht, Vertreibung und Deportation begannen die \u00dcberlebenden in Westdeutschland mit der Errichtung von Gedenkst\u00e4tten f\u00fcr Angeh\u00f6rige, Freunde und Nachbarn, die gewaltsam oder durch Ersch\u00f6pfung, Hunger und Krankheit auf den Trecks oder in den Zwangsarbeiterlagern zu Tode gekommen waren. Die Toten der Heimat, deren Gr\u00e4ber unbekannt blieben oder deren Gr\u00e4ber sie nicht mehr pflegen konnten, in bleibender Erinnerung zu bewahren, war ihr Antrieb. Dies bezeugen die meisten Inschriften. Aber auch die Erinnerung an die unvergessene Heimat und der Dank an die aufnehmende Gemeinde finden sich auf den Inschriften. Die \u00e4lteste von uns dokumentierte Gedenkst\u00e4tte wurde im Jahr 1947 in Immenhausen (Hessen) errichtet. Die j\u00fcngste tr\u00e4gt ein Datum Oktober 2005.<\/p>\n<p>Seit Beginn der 1950er Jahre wurden im Westen Deutschlands viele hundert Gedenkst\u00e4tten errichtet. Zum Teil schlichte Kreuze oder Gedenksteine, zum Teil Artefakte von h\u00f6chstem k\u00fcnstlerischen Wert. Nach dem Zusammenbruch der DDR wurden auch in Brandenburg, Mecklenburg-Vorpommern, Sachsen-Anhalt, Sachsen\/Schlesische Lausitz und Th\u00fcringen mehr und mehr Gedenkst\u00e4tten eingeweiht.<\/p>\n<p>Deutschland hat eine vielgestaltige und beeindruckende Gedenkst\u00e4ttenlandschaft f\u00fcr diesen Teil deutscher Geschichte aufzuweisen. Dies zu dokumentieren ist unser Ziel. Unsere Dokumentation umfasst zur Zeit \u00fcber 1.400 Mahnmale und Gedenkst\u00e4tten. Sie ist aber mit Sicherheit nicht vollst\u00e4ndig. Manche Erinnerungsst\u00e4tte ist in Vergessenheit geraten. Neue Erinnerungsst\u00e4tten kommen hinzu. Wir sind daher f\u00fcr jeden Hinweis auf hier noch nicht erfasste Mahnmale sehr dankbar, im Wissen darum, dass diese Dokumentation nie vollst\u00e4ndig sein kann. Allen, die durch Hinweise und Bildmaterial zu dieser Dokumentation beigetragen haben, sei herzlich gedankt.<\/p>\n<p>Nach dem Zusammenbruch der kommunistischen Unrechtsregime bei unseren \u00f6stlichen Nachbarn wurden viele Mahnmale und Gedenkst\u00e4tten auch in den Herkunftsgebieten der Vertriebenen errichtet. Unsere Dokumentation enth\u00e4lt nur einen sehr kleinen Ausschnitt davon. Wir arbeiten an einer umfassenden Darstellung und bitten Sie auch hier um Mithilfe. Die Tatsache, dass sich Deutsche und Nichtdeutsche gemeinsam der Vertreibung und ihrer Opfer erinnern, ist ein sichtbares Zeugnis der Vers\u00f6hnung.<\/p>\n<p>Erika Steinbach, Vorsitzende des Bundes der Vertriebenen (BdV) und Mitglied des deutschen Bundestags<\/p>\n<p><strong>Charta der deutschen Heimatvertriebenen<\/strong><\/p>\n<p>Im Bewu\u00dftsein ihrer Verantwortung vor Gott und den Menschen, im Bewu\u00dftsein ihrer Zugeh\u00f6rigkeit zum christlich-abendl\u00e4ndischen Kulturkreis, im Bewu\u00dftsein ihres deutschen Volkstums und in der Erkenntnis der gemeinsamen Aufgabe aller europ\u00e4ischen V\u00f6lker, haben die erw\u00e4hlten Vertreter von Millionen Heimatvertriebenen nach reiflicher \u00dcberlegung und nach Pr\u00fcfung ihres Gewissens beschlossen, dem deutschen Volk und der Welt\u00f6ffentlichkeit gegen\u00fcber eine feierliche Erkl\u00e4rung abzugeben, die die Pflichten und Rechte festlegt, welche die deutschen Heimatvertriebenen als ihr Grundgesetz und als unumg\u00e4ngliche Voraussetzung f\u00fcr die Herbeif\u00fchrung eines freien und geeinten Europas ansehen.<\/p>\n<p>1. Wir Heimatvertriebenen verzichten auf Rache und Vergeltung. Dieser Entschlu\u00df ist uns ernst und heilig im Gedenken an das unendliche Leid, welches im besonderen das letzte Jahrzehnt \u00fcber die Menschheit gebracht hat.<\/p>\n<p>2. Wir werden jedes Beginnen mit allen Kr\u00e4ften unterst\u00fctzen, das auf die Schaffung eines geeinten Europas gerichtet ist, in dem die V\u00f6lker ohne Furcht und Zwang leben k\u00f6nnen.<\/p>\n<p>3. Wir werden durch harte, unerm\u00fcdliche Arbeit teilnehmen am Wiederaufbau Deutschlands und Europas.<\/p>\n<p>Wir haben unsere Heimat verloren. Heimatlose sind Fremdlinge auf dieser Erde. Gott hat die Menschen in ihre Heimat hineingestellt. Den Menschen mit Zwang von seiner Heimat trennen, bedeutet, ihn im Geiste t\u00f6ten.<\/p>\n<p>Wir haben dieses Schicksal erlitten und erlebt. Daher f\u00fchlen wir uns berufen zu verlangen, da\u00df das Recht auf die Heimat als eines der von Gott geschenkten Grundrechte der Menschheit anerkannt und verwirklicht wird.<\/p>\n<p>So lange dieses Recht f\u00fcr uns nicht verwirklicht ist, wollen wir aber nicht zur Unt\u00e4tigkeit verurteilt beiseite stehen, sondern in neuen, gel\u00e4uterten Formen verst\u00e4ndnisvollen und br\u00fcderlichen Zusammenlebens mit allen Gliedern unseres Volkes schaffen und wirken.<\/p>\n<p><strong>Darum fordern und verlangen wir heute wie gestern:<\/strong><\/p>\n<p>1. Gleiches Recht als Staatsb\u00fcrger nicht nur vor dem Gesetz, sondern auch in der Wirklichkeit des Alltags.<\/p>\n<p>2. Gerechte und sinnvolle Verteilung der Lasten des letzten Krieges auf das ganze deutsche Volk und eine ehrliche Durchf\u00fchrung dieses Grundsatzes.<\/p>\n<p>3. Sinnvollen Einbau aller Berufsgruppen der Heimatvertriebenen in das Leben des deutschen Volkes.<\/p>\n<p>4. T\u00e4tige Einschaltung der deutschen Heimatvertriebenen in den Wiederaufbau Europas.<\/p>\n<p>Die V\u00f6lker der Welt sollen ihre Mitverantwortung am Schicksal der Heimatvertriebenen als der vom Leid dieser Zeit am schwersten Betroffenen empfinden.<\/p>\n<p>Die V\u00f6lker sollen handeln, wie es ihren christlichen Pflichten und ihrem Gewissen entspricht.<\/p>\n<p>Die V\u00f6lker m\u00fcssen erkennen, da\u00df das Schicksal der deutschen Heimatvertriebenen wie aller Fl\u00fcchtlinge, ein Weltproblem ist, dessen L\u00f6sung h\u00f6chste sittliche Verantwortung und Verpflichtung zu gewaltiger Leistung fordert.<\/p>\n<p>Wir rufen V\u00f6lker und Menschen auf, die guten Willens sind, Hand anzulegen ans Werk, damit aus Schuld, Ungl\u00fcck, Leid, Armut und Elend f\u00fcr uns alle der Weg in eine bessere Zukunft gefunden wird.<\/p>\n<p>Stuttgart, den 5. August 1950 (<a href=\"http:\/\/www.bund-der-vertriebenen.de\/derbdv\/charta-dt.php3\" target=\"_blank\">http:\/\/www.bund-der-vertriebenen.de\/derbdv\/charta-dt.php3<\/a>)<\/p>\n<p><strong>Entstehung und Bedeutung der Charta<\/strong><\/p>\n<p>Die Charta der deutschen Heimatvertriebenen wurde am 5. August 1950 in Stuttgart-Bad Cannstatt von 30 Vertretern der deutschen Heimatvertriebenen unterzeichnet und am folgenden Tag vor dem Stuttgarter Schloss und im ganzen Bundesgebiet verk\u00fcndet. Sie gilt als das Grundgesetz der deutschen Heimatvertriebenen. In ihrem Kern enth\u00e4lt sie einen Aufruf zum Verzicht auf Rache und Gewalt trotz des eigenen gerade erlittenen Unrechts und ein klares Bekenntnis zur Schaffung eines einigen Europas, zur Verst\u00e4ndigung zwischen den Staaten, den V\u00f6lkern und Volksgruppen. Sie war zum Zeitpunkt ihrer Verabschiedung am 5. August 1950 ihrer Zeit weit voraus und eine gro\u00dfe moralische Leistung der Vertriebenen, die damals noch nicht wussten, was \u00fcberhaupt mit ihnen geschehen sollte und wie es weiterging. Tausende befanden sich zudem noch in sowjetischer Kriegsgefangenschaft.<\/p>\n<p>Aber die Charta spricht auch vom Recht auf die Heimat, als einem von Gott geschenkten Grundrecht der Menschheit, das in Bezug auf die Heimatvertriebenen bis heute nicht verwirklicht ist. Dazu hei\u00dft es: &#8222;Die V\u00f6lker m\u00fcssen erkennen, dass das Schicksal der deutschen Heimatvertriebenen wie aller Fl\u00fcchtlinge, ein Weltproblem ist, dessen L\u00f6sung h\u00f6chste sittliche Verantwortung und Verpflichtung zu gewaltiger Leistung fordert.&#8220;<\/p>\n<p><a href=\"http:\/\/www.bund-der-vertriebenen.de\/infopool\/chronik-charta.php3\" target=\"_blank\">http:\/\/www.bund-der-vertriebenen.de\/infopool\/chronik-charta.php3<\/a><\/p>\n<p><strong>Kritische Artikel zum Bund der Vertriebenen:<\/strong><\/p>\n<p><strong>INTERVIEW ZU POLENS HALTUNG ZUM BDV &#8222;Bund der Vertriebenen ist l\u00e4cherlich&#8220; <\/strong><a href=\"http:\/\/www.taz.de\/1\/politik\/deutschland\/artikel\/1\/der-bund-der-vertriebenen-ist-laecherlich\/\" target=\"_blank\">http:\/\/www.taz.de\/1\/politik\/deutschland\/artikel\/1\/der-bund-der-vertriebenen-ist-laecherlich\/<\/a><\/p>\n<p><strong>60 JAHRE CHARTA DER VERTRIEBENEN Ein unmoralischer Verzicht <\/strong><a href=\"http:\/\/taz.de\/1\/politik\/deutschland\/artikel\/1\/ein-unmoralischer-verzicht\/\" target=\"_blank\">http:\/\/taz.de\/1\/politik\/deutschland\/artikel\/1\/ein-unmoralischer-verzicht\/<\/a><\/p>\n<p><strong>IN DER N\u00c4HE DES REVANCHISMUS Verh\u00f6hnung statt Vers\u00f6hnung?!<\/strong> <a href=\"http:\/\/taz.de\/1\/debatte\/kommentar\/artikel\/1\/verhoehnung-statt-versoehnung\/\" target=\"_blank\">http:\/\/taz.de\/1\/debatte\/kommentar\/artikel\/1\/verhoehnung-statt-versoehnung\/<\/a><\/p>\n<p><strong>BUND DER VERTRIEBENEN Vertrautes v\u00f6lkisch-dumpfes Gel\u00e4nde<\/strong> <a href=\"http:\/\/taz.de\/1\/debatte\/kommentar\/artikel\/1\/vertrautes-voelkisch-dumpfes-gelaende\/\" target=\"_blank\">http:\/\/taz.de\/1\/debatte\/kommentar\/artikel\/1\/vertrautes-voelkisch-dumpfes-gelaende\/<\/a><\/p>\n<div class=\"pdf24Plugin-cp\"> \t<form name=\"pdf24Form0\" method=\"post\" action=\"https:\/\/doc2pdf.pdf24.org\/wordpress.php\" target=\"pdf24PopWin\" onsubmit=\"var pdf24Win = window.open('about:blank', 'pdf24PopWin', 'resizable=yes,scrollbars=yes,width=600,height=250,left='+(screen.width\/2-300)+',top='+(screen.height\/3-125)+''); pdf24Win.focus(); if(typeof pdf24OnCreatePDF === 'function'){void(pdf24OnCreatePDF(this,pdf24Win));}\"> \t\t<input type=\"hidden\" name=\"blogCharset\" value=\"Cw1x07UAAA==\" \/><input type=\"hidden\" name=\"blogPosts\" value=\"MwQA\" \/><input type=\"hidden\" name=\"blogUrl\" value=\"yygpKSi20tcvLy\/Xy8jPSM3LARK6pXnpqWmZOSWpRSV6KakA\" \/><input type=\"hidden\" name=\"blogName\" value=\"88jPSM3LARK6pXnpqWmZOSWpRSUA\" \/><input type=\"hidden\" name=\"blogValueEncoding\" value=\"gzdeflate base64\" \/><input type=\"hidden\" name=\"postId_0\" value=\"szC2NAcA\" \/><input type=\"hidden\" name=\"postTitle_0\" value=\"FYzBDcIwEARbuRLyogGkxOJLBUe8wpbhIl3WedMDDfCgDF6kEyrB\/qy0mp09JnWqRLgE5Ltyg9MzLjCYbIvLYZCTJu8NXvaPRVB+j+f3FVAJGbFSCyWbnFnJazvsXCZEWFm5v8lma51TH4UlwW4t\/g==\" \/><input type=\"hidden\" name=\"postLink_0\" value=\"yygpKSi20tcvLy\/Xy8jPSM3LARK6pXnpqWmZOSWpRSV6Kan69gW2FsaW5gA=\" \/><input type=\"hidden\" name=\"postAuthor_0\" value=\"AwA=\" \/><input type=\"hidden\" name=\"postDateTime_0\" value=\"MzIwNNA1sNA1MFUwNLIysLAyNgMA\" \/><input type=\"hidden\" name=\"postContent_0\" value=\"zVzLbhtJlt3PV0TXAAMXQFKiXpbd7hpIJdpy2ZI9kmwD3jSSziCZxcykkA9xSqte9GKWAwwwq8aUF17MF3jllfkn\/SVzzr0RmUkyJfnRi1mUiyIz43Gf5964Nx5d\/vQoL7JZOv7pJCqMjVKbmMc2L4JpYaLEnNrSpub83SSe5bmJ8LEoi2IcZIUZ29CmeCq0mTks01A+vLZZkUV2aFO8du8wfP2jCRIzsWURjfHN0SxNbYbRxx2z2zMH5bjMC7O12d\/smGBo+rvm1STzA00Xn9KwTMfy988TzBnIx2MbJUFx1ZzpapaZvU3zSzDJOO9BmuB1vPrQHOGFN7OsiIOyaA4UYd4yLfA0NhVGNse+D7IimtrYpMG7yXUZ47v0x555tOEI9Gjj8qd\/egSC2eSn17OkfdMd\/gUyRuPCmudBGuZJkKb5u0kw4mR8hd\/aHOsfLj7gk7G91z2u4hDEebSBwauJ3MRHwXVpsKF48QF0B1G7L7PFhzwC\/Qu8N8iiaQDGYNYhVm5OwkNz7+ejVz8+XF\/7UWTvIOU8ykLyrGaPJ6wJ4qJn3kSZGWUiFmWadyAGCSbO8UYSkcKJqReHZ7BT\/FcWoAD+IskoXGOLN19ms1HPHGW9R8PMbPz0T6ezbIiVgD5Jwv9jHx0ZUN9KQNS8sJkM+ZRylPJlczGZJQEnMSdBdB0t\/hcrJQmUO4k8mi69rAwwhwHW2H2z+JQVhU0w9Rj0yCJZw5kVQj5X0cjNyEY2iyNswjwRucdmhnZsuSkwZ7r4yFmwG4iamc\/4WpPOi\/8ejUAPDjC11DPoQBLEublyYm7xVpmFtiOijAnMWRmljn5LSmhX1FD49astrgvz97\/8V82s\/HLxgRv+l3\/e3+r3\/7iuzGXS1Dev8\/i3KEYRVpT2VuXw0GLbaQFKYs8JpCCyodAkNW\/LnFxLY0qRSEIQx\/h0CoEcBtnV4mM8BcO+QR6pqCH4m8yyII4oRuYxWBtgssKMwDyh9QFEJyqU53j4mByOUxmzlr710XvmVZZfZuDAmBsxZAnEsgAxINi0WBztVZpBHIpa1200pF2SJxafhlY5dmjzoLjGD3my+IDn8RXWOJ9lI5qFELO8I4GxWtInApMg2t9NUtkz3z0oR8OgFBOe11qJFwZlNrvENsaxxcjXoFM0lgW\/iWTA61K2lS8+TlJuyw\/4BmuxWaDDHikVY1o0CuBjrtQZtMcgyITkD8q8JxZ3RnHPoyvLga8jEg\/jmLOA7OMr+Hps44LTzWEqstiOZX9k5q82pbPoCGPH2KKFUiRQyasgfTeJ8qTM130NuGhJthahjYosGN++o1a5vE1wzCQgV8Q6CPHc9OJN6JCwvyAdy6O1YyoTGD5RVdLAioLP6WYKx\/MvWixoAk7CmsEaH4CDzj5mdgwbVXLSenUYkdtQtubwTJUDhOGBY9KVUCaxCL+JEDPMoVkhnNgaPd+U9GbiI2Fw\/uc0KKJZGsSQZTWMMO61Wr64HGHGq1na1Ju\/\/+Vv6\/R2IALbCAosvyAhSaDMDFLZeWQXv3MbFIV+v2d+KeMIyGFzW7e5TAJK29iOZrCoWdERjtT+jMRtrjz9mpWb2hWLvRcBeCwTKVTJ633QVGO+dAZSiUasE3PxMRPeAyJFi9\/hGHKVoNVtN125ekvsgEJ6AXFZfOSKudYjewkHJBvrmMdxScVz6lZZLT6X8UtY\/xNYADxLZFYJO5RYjJO3xn5Bj2fx2MoG384hprQf0OApNGIM47X4MIlJWqH1iI9STOZ0dDRBEf9Ko8IDLoz3xOIrmgbrRDM3r2cwabkRkzoJyksI+BEMV2P1+ZhvidulkHDfsAjFLKNnoNhCLKFPljOKSeJ6Z3C2nDq2tISLD5Fu9CwoE\/w6tJb+t8NVLD6IHyBGsFFonG3HJCeyHbw0tsMs8GSdljBhmaUOgl3z6N005hpjgA3aVW6eDO5VHoQv1Rxz2OKgBEZc\/I5PIFcoHMBewiAsMyqaWE+YwQianXXokHKChAlWphS2tYcib73Zysw52WRqioFQ0BsbNl6gfIrM5+r+YFjoEJyMDS2GL1rk9mCYA8OZIAXyGHtYNAc+vMOQLpnsa7qj1FIkZHbd7+JvQ7oDPJLPxT913A9qzeaLDzH8FwW5kq8M3OLzcTB2Hkne+Pxe5JhmdwSikcvLFhbQqVBk7swvX72cxXCQulwAJoC8KE0rCYVRv8YPDkHS32GWgyZa7j\/YRTAjOs\/4IhMMWqYqgPDbqg1hVr6brgIK7lVQ4Cp8vNUTySyeluo0nRqOsxnEKgUuTqMR8V2huu4BgSptz5xEim1u5GrHYfvMTDNQ62omuOF1lGO8CnDg\/0U9eEfVPJH1vFasYmZYItBb5lXh7Rw+0ijAcRC6U4URK9BoyR16iHJmPbTgNN5e5UWTgJToo9m0FMAIDU+U2zVVM7CwIZgIKU7JPV0WB2pwD6uCfNOWe8pTNMh8vEE3Og+oMLIkTjy0+QyiQtF5a1XIHNOH9BLORol8U\/lqM7ymcuc0ltM8iO+WiHlkZTTY7Bigc4INQ7hkPTTZl9lsCH+9pqpLkgiGTmC78EENkFu1ghoFe3B\/51HTvojdYqxvyfw08Co1IoaDvYUqifyJ3ctkLWrgaWzFsonYVrbWOYoTEl8MeUzshB8IpyakH\/RX8eOonMA2ggSjUeGioUDoXo3WM85jemFMFp9oFOjNLSUPzr2z7oadEAWCOROZ2ak4hhNbzGXfwBwI1jezR6w1AYeIVp2kOIc5ssZBmyr5orjpBiS0AoD0z4tAEyuvavPRkmu5Tc4634+koB5FxCCnJ6BwWeJfnr14cnZwclIJ6kP\/xKEaZYqEi1vzO5JVku7xAW+lW4CRj6M4cd5ub\/PzewHqn98rBT6\/X+HmOg38SFs9M8gWH0cjEtGNJ3mZz+\/PLwZPTw8Pfj7+\/F4yGs3cjX99uwfDMkaEKGDPve+TEZ\/fnw307eful6WUBleZf36vLunze8lq\/P0v\/9nMa3ScwxpaSAPdn7xGDn1+37B8nSWB\/PwekvT5PdBJzqDUZn6xZ+CxW8hRBv+nCRguA2s8ePr26eI\/zgZus8upG7dUTd744cjBrB5SskKf38vIpzPd\/3NIweDsokk7N9RRzZxGbmkNZhMIwRY8TaE3iXODDyu5Mo8CA7aP\/vTDpCguH25szOfzHofrgv\/dJmbphfYHUwSIXYs\/\/fDnIcKx6Q8\/3fb0o41gLZ23kq97KCmara0\/DuBFoyHihchKbogGoXZwEjvLk5t\/XM8BUhP3NnsaaJIIN6RTuk637z2l2l9Fdk7FaUSXozKdLiUOW0gTZkEYzbC7jTAebRBYicvYiPyYf+b3\/a2dfn9za2OdYN88VBs1Kx1\/WOWwYFiqNNjtyaV752\/O7tptPs+4Pga8mYQr6cZwvtHdiMI\/9fe2tjZS\/yHEh73721v3729u9Kd7wdblg9s3\/10jt9HiJJikEB2rxndtv5JkXk965pGgKaNZP0VTIJdICCBlTuW5XVeGXvqvlqV\/4zIcdRNd1MYw6M5L24XYx91+D7\/cSptvG\/IbiRI20cnxDOYkxj8dPhwPMQhc3QuIVjyEIS3DeTTOh2WmibKIIDTJuydllnWfwbvlq\/SM0pY8vF\/c\/e2d7S1zIL5z7aFDW\/nlh86zTjNbXt8gzb3KO+QUqBE0gpCHvn5WOOCpb4m31YfPCyj9jNrzJohDyT9OZiMSRRbVq3yZSKis5MW0oF0WGOR\/J4p7JmujS7diswQWJYTtoIpLYYLRBRc9nsWhRH7nulTS8d9KoOIA2KwGv\/0H9+\/DsUq+IZPJJWzNhfTwUtMc4X8VZfkFCOELDSoZnZhDeNa8UDSEdQKx09ytLA3WJuNyAs2JSkIVW5FQh+jlGWFS2us\/2N9pLkkedTLmc8aRXcq4CAYWOMTUtHBAo29FgTVCRSD5uETIJshGdmNzT6GMQZcstOKvQ6VfAdjyGcCniEX\/wc4uTzCCVNbr2LiaJ+rvm83NTfmvHrjC53WmiDaiicrldGSOcK+oFiKnE2EwtJEZBaIY242xKaMhpLJnngtXSTLH6iYtfrWgO1xjiEVCYC8v3SpaWIrpREAeMkjB9odggETY0ORLDMfIuCNg0eaRPu9mxBulCCf9ITDHjMdRePYIGLdk0oHJ1d66Ju\/ubpuDeARtGn2RLudEAO1Ky0O2sT9nIlvBxniWic9yKgzgrvlcUW6N+6nIJit93KVZtpEcGziIvar0r2fZJVRSTco0KCaz2OU+nkUZEwCBzi9\/YUvMU4lx0H2uU6G\/u7UFJ\/NumjK0v50MTmtuslsZDxxr+aGe+bO3jiwqFbzf+PkIXqR1mydBSahFA7j4OHGOUNfYPV98Apev527fJ8G\/dw9nWdp98luSBnlUJkJLfj34rZh0zyyw2btJGVvR15dCPc2BjGBmMAcGaeBoyUpleZshPZDo6WIJrDEwgi08t5fqnmFl7+\/1JL1YQq70zPRFPg0yKkU0xGDrTNjZvb+LDVIPRcju4IPaTep7450WrlwEI56Oa17E21thViPzogdDzXiuZsNBOhHyB4l5gdA9w\/dr0zI7BiWfyMq2Nnub92Fyd7erTcJj7vTN4exyxCAlbd3QQDItw6DUQ+k71U2MIQ0AjPuuT+rLIC4fhwUvs8nouTsDGXEr6ZrBtxmz4JkkfbincSwJLD03vBzBtlxrfF+T5\/wyAshQfZR6ALfHau9N4VlZj6y8RRD2dszPWQCbOcFzd8jBgNnSGxXybUP\/nOfS0F4OB+SsobNGBR6N0cReXvIb0rmLf\/YowkX3jW2a4srOVja5s2yIm3Z8zR53ePyaB1kwjG4wddA22WAT49SkqfSzIX2nsyuvgw8erBHXfCV1sWPuQxBcz4kozO31sk\/vta0bija1sYD1Oxe91dvcF43pUCb2DTE8gFXR4rB27j8wgzieS07vK+AnF3yNCZuK1Qo\/DySUaBqKZyv4tWknDjH7tS3EyEDh6L2rjJLMsS6Gra6x40CJd4xLgtoUUFH7dUcJ6MKUYn28ZfFkfweC298nUbcfUIZ3G0K2snKBES1Lf8qAVNco4tCVyZe1AC7sOhrfqQ3m3iEsaYJQ7mTxgVL9Y\/Vzt\/HGITxoNC0TjidHKefxbB5MbdQBfEDQjG9+Kccz+Ki5PH9WJosPcnjFlZ2Vec7J2o05ZGy\/wsj+7PMYAj11YA2UeEPi0TOf81zSWTY1\/gzazJOAB4UU7B4d3S7ZE9uxH83Bvp550Nt8sI68Ma6I4WPgfc2hctXMAlb6wEXUkFqnmyPQ0QTvYxuHVMHu8ezdhEds4FuLEd1+sMUah5K5FoD8L1EUkYUbgI2eZoHGW71axioxxpYWH+NRy9FslYR+IWeqUS1NHEczXKQHdo8gZtgYwQFuPWdoaEDHne8I3Xzc746NHSbvaalGrmcquW3muuVk4A\/mMUObxE4yKZ\/Zvb\/VEmRLmUgz261+tUFVVqE0AV1P1PPze\/VsbQb98ew3V9B1BuAK4jimVmO2Ya52P9nfRZz5RI7LspiVDV\/mKDX9XvsdxkjWHd+ssf6M9T+STGmH+BqkKxdcfQ3Q0mgpcNeyHs0qNCeurNgyE+UQjoYt1eP4YISvNK\/jTgfWffQTWyw+FrZwpYw8W\/fnjPJowgMSBqvnNo5c8oixRyMMcSd\/xzbLUsO8L+Ml82IE5PrLbALG7vT62+0s9b5ZLbJuttXL7alFADZeZeb+g12Erce04am45aAHKT4Ex67vYOsZz\/uvg0ncPQJb2oHQhTfy57N38MkPieCYuJXcfWEGPKy5iqDVlMc09EJCWjhpgTaZbj1Vgw7V2G76IGVBmUzB\/IqQaRjFYb1QD0+Za7nUA25OckZNBc+HUTYmTpMjuoCnlpqzgjIHvoomjaATe3vuhMm8GE5coSymC4smHaUaYizof87jJ\/DUSWVWIhJvnTlKGyO0svxlkE27QL427mos5SLOyou5qLNdmff2Wuz1ppogTd19WQy6ig1aOM9jSAg8wyn19xkUwI66eREhZo6Y9ahSI0oRl8yo0nD9nSrjcXT7iX6oNqBhMNO6jqeqjPQwXA9Sv6EcuSMxpJQiE1PUNDsJosru6hmE7mIpd3IDfD+VOCd37Ms6EKmlPx1M8fmkFVyfawHPbei+fvNoNszKkLtpfNf0lrcjGCDrY6gc+J9Ni6LMEieuSoTlSLS\/39vc7d0QZX2NwN0ZjNYJW1+x5xyi+EIXqB75FKPP\/bap1jFLqJrhTr039yxjIkhXQCgQylm4QAtvhvM5gMkWxDXRej\/Nj\/2DCLD4oMf6WQsb20jzqsrzusQfX10R6ZuGE8KuTzyuMT+V56rp7mTkmA6996WzfCUTOlAzCJ6i4vutXm7TCd1WW\/T2YEfPKiQu\/OLo7RbKMpGcwTmU+Sgal5kLtzKBO5UwetGkuYjDhpQSwEqZVZ2TQ4iwc7ufj9J6D506LmBS6GyWu9CgLXVWFVvttJFmb9McLz4V3nR+D3HknJY8KuxyMOGCk4dQy7awtKZTKBVGZXqlQJoEqgpD7qZOvY1WCQGU6jPcv99Khj2ILhDJF2QnvpMIX3XS1Nxftb4bEjAMA3bbnPz2zj5fFlATsPbjHXOiX2x7tca2+M1Obday4ccYpHBg\/SjIGjFu5jPj2DH0Nwpkpzl24cpaEtdHJbFxw66vPWzodgG2+vtMLuz398TbEjJYLd2U1w7KfGznAquq856lvDhYe7L4kF0bTazxTdJsu6qDUyDnabVhTnvmIrOjEeC+a9\/ydBBvf0eYUvNVgYFfq6uushMWL0iz16F69JVjKY\/qdVJzbxCCcz9SFDQjUc\/WyOJ8UZbmRng5Wpa3ZZFZcfOIK7ZpcVtErr+3vbN0\/ntHVr2cxNLgBdAflIBG8Bdpe54MKzCFVJZSp14GQSasVphp\/HnqyGimLWOPnoYfVV3mMoS4aeoO5BrTMN8+Zw9Ib\/HXHtWYsjWAkI+h15CdrQek1Cmb9oRpEaXGwTYIrdYquIYl7fd4GUj+XuSsQSAKbphYieX39p0fFRcq5Wp+mZSLDTd+K1KDuSQfgzSW+tSkOYkLFRC6swRrKTbYb8nZ3s3EBikd0KA3alIDZCzj1E7hsMIsKIGEg7Fsfqk8gKWNmZSICk\/aSaT9dJXIe19agw93sCeZm2cU8xvr+qEuWgdt1A2bBOBXIvUmnbtNP9QwIUD2eZ1eVK6usIvp5HYg\/QXM6VBfk4ZSeG1YYdr+DUzb+wrNux1iN007+GJOsoC9ZVNS4TBIudH9rU13HLSz02qUq3c0\/pYX8HoYeNvHQ8VS7Zn2ZXjzN2QUFErAxkYuwbMDRd11LnAKKkraOnMtFYlv52Pxa52w7ZmnCVsOR5bVyhyDKyal13LdVX5ue7cRfq6b8TWb70Uyt75KPJV6QA7ayA9lKsmI1UtpSkvci02LvZxB8oU3ItU+Ub+Wr2pLTT6xFUyv3uJIzcyWHrum6+4SC6CplyKFjieTy395T\/MqGdsp41kRUBY5S5pLK6Er9fHlz65O+rrUUnCCWNd+pzvwwtIhWtM89n6bq62Eal3+XLuYmPuXI+0SuRzFi09jW1v53q1A68Xid9ZOdBQOVCi7aYva06XrCvkUC7FYahQkNxY2VVVXXPpS5JWuN++tZYejtFmTqEmr1HVzHEtr94hEHkZWu1NWFgGbg61NS4CiNHDJ9gGbStJILCM3ftOJZaOFytXHuIqeujHF5V+Z\/wgbq\/S+uKafTLSyeSkEOkhVbGArOpKwJiCSwwtt7qyaH5mdZ2\/1TECUeIEBpXXx8XIkCfxjkWV59xl8+9T1YWoSGTAPAqYvOx2Rlos8kHZZBmyiJBDdCzxkvNSzi8F1t60hetEZ4rhs8WEoMw+tdhIOY+GnW+vSQ+yMUO0ROwTRlUKpKaJgUUN2SsRggkpz42BdasTn0j3Z4arEyx2kIjp6UI\/fr23py64SaYxMazwkZVVDyYy7HqLlY3vt71h3iR5wsqTEPweyppaHbqGtYayr8tP+KUf3pdlJRDYtsS5OBAJWwoSuIUXThsuZCfUpUdVssHOf9HlKxsgpR2ruHctif6zBmE7zKxuZOU0Buo8LbX0JChhjX7O3tblZJ7AkVKhq6bWgD\/\/TwllZRcplUM5tutyCyhS3Na7aa1XEG6tiWHxBWyO9jOJnNGRUKWkeIGs7gTx8AKKMgqmjF4SdtUdwgmyVz4vYZq5W5w3PtWs\/6jumAS3kG3Dv6MxvJHBtFIeZHIbR4HXMCfQj1j+6LIWqDl01C9k94ElaUf294ZLSkl9EJJFHxbX29E2g1ZprEAHnd\/JhlTJ8hsFGfczYtHNsaZTQkeQds5qZvW5qGYZssJK2MSd\/zYHjCqlVfReUEyFm3Q\/Y6LiEpF6Xc6mUc2pEnFELpWu8Fx9u3mI1vt6saqVSC6mtdYWc3r2lOGnLZL+3A5Rxiw9Q3ykHEXyepvNcurLEfjlHO4tjPp+GEXDyCZu\/m9qbe33hKFHqzylddxLsWiDz8Di45S0aHzF1kyi9LhW86FlWQFIJFX+VDvdjCQ9zUe4Ja0Slt0+XaDPZvq23mpPrIYwGrHhHtEddTohYIHHdm9o1vkzIVDp46w0Tb2GNAfPQB64NsgoE3JKUsIdRHMJiQSnkFNV3Vy0PD3M\/tuz88M3hHU5gsNVraT8G3MOaa6m8RadIt5L9HE4JXSuptBwlVsCnQr\/ULD7mvrXSOzavjmpAbkMJXmHDNp+\/jiEaRqdVUvFhQjNsUoiqtt4Lr6ax\/sE+F21RBpNgdlQknKNM6QK0Hb3ZTNrMDImOaoPzufgK9sJF8gKPjiZRPLLOowYFTzmskwbxHNWphYAAbsSrbeOClVVML7BIkiRa32JVyulPczX+HLtg0ynbD8sxeyk94nW3PTRqy5a6UjosDaV9E2tTt7XfdMuP1EhGhVS53XTpy1pfzhfWLa+H6OwOnZcII0RLlAZYVCDXbTjkBXs3K4rqMM0fzYlSrr\/9tvSITC5ooSt6J8lwym+XGhNK4OqrY6Xze8rTs9YBm\/tnV3sOJ5x7HKsYp+pu1ZOI+r6Og3I0xoTucG+5Z901L3YaNzzYbC59vL692hau3a6u\/2g5Y3TnOdHINcM6dDv2ciW\/v8wWn0Yut8DyGTsXY0bMlbvbaFK9omd5txV6YkjLrrjm3TeNW1PE1zWu1hnoxQoCzYbXpZw1O7uH\/16OFEG44iSNWtnXzMtDgA5tzDHCu27uYBBMFPmElyDofRwaZMZkUJmMwWbX\/QwVgJPnE1xS1dF4zIqGCH9OZKm++Nf6QozVXmgYj9w2e3r7alzaLrJy16W4SpC2C1NcfWp1QwRzds5Xs9gvV5GHE2R5RtSs2dTbbMqUsiz7075bJZx0UFbtyvqo9tsKILy2k7RYuxDBuVp3JQLgS6\/REMktuhsNfpVLBxRqLl1m8wxA1V2MVch1CZ9ocbQX2Ld1n0vtQk3pNfK6yi0rBcjf2njea\/RiNlauDpd2yvKGCJsli0+Oeu7OIYbSGhZIxduNt7ZwXrfiai5OpJrssiUu+vDFYL7CAqrmchAIFhNX7OboI6IgmVixd\/5ajGYXdaNUjHhHUKg4LsYNzY4OMkZpQwOSq8dzL8KyaA55KFfKWKmzTFXCIgk6WDeUtuxtrXCM+l54RZagWhrBHfCaxHoNmUg05K0caXZFDhj1loQwgNBTRlovAHDNk85ZSQxOymijOlCOBKaYWus0tce8FucgbV6Ng0mxlKlYHrlrq46eZkaW47enSxEjwYVXyaL6dZHOuV6ewP0J9NXniJ9fpYQ+zgHhxTKjaBVEVJIkkoMA7eKhjgpnpWKOl7DBboIn0nnzeJYlakoUTMLHuBsbBKPApofO4K5cMpU3FPOJlqunq3ezLBUScWstrTDMeyeuRb06WVfWyb71ioC53h3AlN3DNQ8PC\/lErquqCEumnhcBsJOrFHGUI5zTO9MoiLTVNYFqCJlRp6eVD6I1AqomJmlarCfWiYReipSmQjdxq+CEP\/97HuT+Zjt\/IYHmMJ3JCtw1IZUbqn2iODygTjUgUglauREnRiKZrPuyedMknfvVyPUhNC4KDw6pH7nWG6U33qGm5vy569xYBSeNmXZ65kKE0Lo7ewK9pOvOOyccUF8yf6vWrnn7gkcH4JVsSkwUAOTVEopjnd3S1Qo3+HPV80Rv7XE2UcJRDNC4hqh5eYdNLleuuWsuz61qovfIdURYbe4ykDUwxB\/LqERvdfNAyV2qtVRWfNsVFA3D9t3XfXTaLpTo+NO+5wjNSGCfW4G0F4UDPUsccNjjUnfpUnKal4zGcvNOpJ2V7kaKJfOvptvvVkKEundw5HKcZVFdRae9sx25vg92mHdwjgW45Ez1TEmeJKpaS8s4lDJ2bhq\/KZg5yJJSLfcgtr7vkvZYrldRqRv7y8WId8Ttvi0lvGRBkFzLsmLpfYv56k1iTJiZe1\/VEc2Tr\/Bq451EPt2w6F1OLre\/rRO6dSh2QP+4duNAyrqaiednfSdc3Tx6182Mt0ugb5JaIU3zCo7uYRCan1lDxRsmxStvb9YRS\/qVFx0pZE\/cVWP+QhPvCKpZ\/QFknvtubXeDkwalmk5o3MLpznTodsWuBPlSnHD3fZJPU2cDnnFPVdJBbthzeYYR1EICzBvuRnQ1+WCHzEgsoxcJMqfF+2IdemrkXqoDomkswf7S3UnZGoKWgtDmXU3+CkiXfBI19w2RpK04Xo31Kn1253kMbp37UeIxS8\/d0f5qiUkdnw+ZgLShM+2r0qKBOM32XCCQRF+139TrrJoXgVbGZ73sVcLAQO7RaOTr5nokzqOE5jVz7kJOpbG\/zYguwEEBZ\/218wQxDGKwC63vpglx3RWSx7kuKX4yI9Mvs\/mvVvNkmWKEfLx0ulmZmAMfVzmVc15DEYzefrkOdDsV0k3uQrkrIFcDLOkhQJi9MuyS0g0hQorX2gEtcTs8QnVvUnWbyV1+7vabk\/7\/+zl3FUtlar\/GCUTpaHY5m8Ww3bC50bSrNvw7fMFtI7ZdigFhVLmsLr2myraWkD+88Yz36enF4Oz108Eb8\/aVefni+eD03BwfPL94dfoE35yYw6PXXhraLwhn2iLmXbkaj\/jbbW69jqUIrrnh\/oZe1DfdaBzBbgS6GfxKIrVSq4tJu3Fg\/aS3X9HyD5+tjRm8rObg+Gxgfj4+OLs4MEeDM\/N6cHZx9nRwODgdnEp9WJnWhi+rXceNtPrClUN5uktDd30K6mbCfP\/QbVR4eiobP1389XiAT+fmbPD64PTn46fnJ6\/OpWzDX1CsCKKRxP7XP9x8P0212NAOWb+6oec+2FpjqVjYZGZlrK6MzqXm7psvIMS3j91GicNXp0frQiCaE7DBzMjdz6RpNywRxkhqVsuqvp8Obo7u1cwuz9EdWwgy5vh+enzBHBVd\/g8=\" \/> \t\t<a href=\"https:\/\/www.pdf24.org\" target=\"_blank\" title=\"www.pdf24.org\" rel=\"nofollow\"><img src=\"https:\/\/www.hohenlohe-ungefiltert.de\/wp-content\/plugins\/pdf24-post-to-pdf\/img\/pdf_32x32.png\" alt=\"\" border=\"0\" height=\"32\" \/><\/a> \t\t<span class=\"pdf24Plugin-cp-space\">&nbsp;&nbsp;<\/span> \t\t<span class=\"pdf24Plugin-cp-text\">Sende Artikel als PDF<\/span> \t\t<span class=\"pdf24Plugin-cp-space\">&nbsp;&nbsp;<\/span> \t\t<input class=\"pdf24Plugin-cp-input\" style=\"margin: 0px;\" type=\"text\" name=\"sendEmailTo\" placeholder=\"Emailadresse\" \/> \t\t<input class=\"pdf24Plugin-cp-submit\" style=\"margin: 0px;\" type=\"submit\" value=\"Senden\" \/> \t<\/form> <\/div>","protected":false},"excerpt":{"rendered":"<p>Mit einem Festakt im Neuen Schloss in Stuttgart gedenkt der Bund der Vertriebenen (BdV) am heutigen Donnerstag, 5. August 2010, ab 15 Uhr der Verk\u00fcndung der Charta der Heimatvertriebenen vor 60 Jahren (Anmerkung: Der Wortlaut der Charta ist unten in diesem Artikel nachzulesen). Vom Bund der Vertriebenen, Vereinigte Landsmannschaften und Landesverb\u00e4nde e.V. in Bonn Dazu [&hellip;]<\/p>\n","protected":false},"author":3,"featured_media":0,"comment_status":"open","ping_status":"open","sticky":false,"template":"","format":"standard","meta":[],"categories":[],"tags":[],"_links":{"self":[{"href":"https:\/\/www.hohenlohe-ungefiltert.de\/index.php?rest_route=\/wp\/v2\/posts\/8397"}],"collection":[{"href":"https:\/\/www.hohenlohe-ungefiltert.de\/index.php?rest_route=\/wp\/v2\/posts"}],"about":[{"href":"https:\/\/www.hohenlohe-ungefiltert.de\/index.php?rest_route=\/wp\/v2\/types\/post"}],"author":[{"embeddable":true,"href":"https:\/\/www.hohenlohe-ungefiltert.de\/index.php?rest_route=\/wp\/v2\/users\/3"}],"replies":[{"embeddable":true,"href":"https:\/\/www.hohenlohe-ungefiltert.de\/index.php?rest_route=%2Fwp%2Fv2%2Fcomments&post=8397"}],"version-history":[{"count":4,"href":"https:\/\/www.hohenlohe-ungefiltert.de\/index.php?rest_route=\/wp\/v2\/posts\/8397\/revisions"}],"predecessor-version":[{"id":8399,"href":"https:\/\/www.hohenlohe-ungefiltert.de\/index.php?rest_route=\/wp\/v2\/posts\/8397\/revisions\/8399"}],"wp:attachment":[{"href":"https:\/\/www.hohenlohe-ungefiltert.de\/index.php?rest_route=%2Fwp%2Fv2%2Fmedia&parent=8397"}],"wp:term":[{"taxonomy":"category","embeddable":true,"href":"https:\/\/www.hohenlohe-ungefiltert.de\/index.php?rest_route=%2Fwp%2Fv2%2Fcategories&post=8397"},{"taxonomy":"post_tag","embeddable":true,"href":"https:\/\/www.hohenlohe-ungefiltert.de\/index.php?rest_route=%2Fwp%2Fv2%2Ftags&post=8397"}],"curies":[{"name":"wp","href":"https:\/\/api.w.org\/{rel}","templated":true}]}}