{"id":8384,"date":"2010-08-05T10:28:02","date_gmt":"2010-08-05T09:28:02","guid":{"rendered":"http:\/\/www.hohenlohe-ungefiltert.de\/?p=8384"},"modified":"2010-08-05T10:28:02","modified_gmt":"2010-08-05T09:28:02","slug":"landtagsmitglieder-erhohen-sich-ihre-diaten-%e2%80%93%c2%a0swr-kommentatorin-spricht-von-versorgungsmentalitat-im-landtag","status":"publish","type":"post","link":"https:\/\/www.hohenlohe-ungefiltert.de\/?p=8384","title":{"rendered":"Landtagsmitglieder erh\u00f6hen sich ihre Di\u00e4ten \u2013\u00a0SWR-Kommentatorin spricht von Versorgungsmentalit\u00e4t im Landtag"},"content":{"rendered":"<p><strong>Nach jahrelangen Diskussionen und Verhandlungen hat der baden-w\u00fcrttembergische Landtag vor kurzem die Parlamentsreform abgeschlossen und zugleich Di\u00e4ten sowie Altersversorgung der Abgeordneten neu geregelt. Die Gr\u00fcnen sowie ein CDU-Abgeordneter votierten gegen die Reform. CDU, FDP und SPD stimmten daf\u00fcr.<\/strong><\/p>\n<p><em>Nachrichten des S\u00fcdwestrundfunks (SWR) vom 29. Juli 2010<\/em><\/p>\n<p><strong>Ganzer Text auf der SWR-Seite<\/strong> <a href=\"http:\/\/www.swr.de\/nachrichten\/bw\/-\/id=1622\/vv=standard\/nid=1622\/did=6707252\/1x1xyg6\/index.html\" target=\"_blank\">http:\/\/www.swr.de\/nachrichten\/bw\/-\/id=1622\/vv=standard\/nid=1622\/did=6707252\/1x1xyg6\/index.html<\/a><\/p>\n<p><strong>&#8222;Versorgungsmentalit\u00e4t im Landtag&#8220; \u2013 Ein Kommentar von Sibylle Grether (SWR)<\/strong> <a href=\"http:\/\/www.swr.de\/nachrichten\/bw\/-\/id=1622\/nid=1622\/did=6709994\/1jy7g4h\/index.html\" target=\"_blank\">http:\/\/www.swr.de\/nachrichten\/bw\/-\/id=1622\/nid=1622\/did=6709994\/1jy7g4h\/index.html<br \/>\n<\/a><\/p>\n<p><strong>Dokumentation der Landtagsdrucksache 14\/6718 (Ausz\u00fcge):<\/strong><\/p>\n<p><strong>Landtag von Baden-W\u00fcrttemberg Drucksache 14\/6718<\/strong><\/p>\n<p>Beschlussempfehlung und Bericht des St\u00e4ndigen Ausschusses zu dem Gesetzentwurf der Fraktion der CDU, der Fraktion der SPD und der Fraktion der FDP\/DVP \u2013 Drucksache 14\/6654<\/p>\n<p>Gesetz zur \u00c4nderung des Abgeordnetengesetzes und des Gesetzes \u00fcber die Rechtsstellung und Finanzierung der Fraktionen im Landtag von Baden-W\u00fcrttemberg \u2013 Beschlussempfehlung<\/p>\n<p>Der Landtag wolle beschlie\u00dfen,<br \/>\ndem Gesetzentwurf der Fraktion der CDU, der Fraktion der SPD und der Fraktion der FDP\/DVP \u2013 Drucksache 14\/6654 \u2013 zuzustimmen.<\/p>\n<p>22. 07. 2010<br \/>\nDer Vorsitzende und Berichterstatter: Winfried Mack<\/p>\n<p>Bericht<br \/>\nDer St\u00e4ndige Ausschuss hat den Gesetzentwurf der Fraktion der CDU, der Fraktion der SPD und der Fraktion der FDP\/DVP \u2013 Gesetz zur \u00c4nderung des Abgeordnetengesetzes und des Gesetzes \u00fcber die Rechtsstellung und Finanzierung der Fraktionen im Landtag von Baden-W\u00fcrttemberg \u2013, Drucksache 14\/6654, in seiner 43. Sitzung am 22. Juli 2010 beraten. Der Vorsitzende teilt zu Beginn der Gesetzesberatung mit, den Ausschussmitgliedern liege ein \u00c4nderungsantrag der Fraktion GR\u00dcNE (vgl. Anlage)vor.<\/p>\n<p>Ein Abgeordneter der Fraktion GR\u00dcNE legt dar, im Landtag habe Einigkeit dar\u00fcber bestanden, sich hinsichtlich Di\u00e4ten und Altersversorgung der Abgeordneten an den Regelungen in Nordrhein-Westfalen zu orientieren und im Gegenzug zur Di\u00e4tenerh\u00f6hung die Altersversorgung zu senken bzw. unter<br \/>\nZahlung eines Pauschalbetrags in die pers\u00f6nliche Verantwortung jedes einzelnen Abgeordneten zu stellen.<\/p>\n<p><strong>\u00c4nderungsantrag der Fraktion GR\u00dcNE <\/strong>zu dem Gesetzentwurf der Fraktion der CDU, der Fraktion der SPD und der Fraktion der FDP\/DVP \u2013 Drucksache 14\/6654<\/p>\n<p>Gesetz zur \u00c4nderung des Abgeordnetengesetzes und des Gesetzes \u00fcber die Rechtsstellung und Finanzierung der Fraktionen im Landtag von Baden-W\u00fcrttemberg<\/p>\n<p><strong>Der Landtag wolle beschlie\u00dfen:<\/strong><\/p>\n<p><strong><\/strong> Artikel 1 wird wie folgt ge\u00e4ndert:<br \/>\n1. Nummer 1 wird wie folgt ge\u00e4ndert:<br \/>\n\u00a7 5 Abs. 1 erh\u00e4lt folgende Fassung:<br \/>\n\u201e(1) Ein Abgeordneter erh\u00e4lt eine monatliche Entsch\u00e4digung in H\u00f6he von 6.247 Euro.\u201c<\/p>\n<p>2. Nummer 2 wird wie folgt ge\u00e4ndert:<br \/>\na) In \u00a7 6 Abs. 2 wird Satz 2 gestrichen.<br \/>\nb) \u00a7 6 Abs. 7 Satz 1 erh\u00e4lt folgende Fassung:<br \/>\n\u201eEine monatliche Aufwandsentsch\u00e4digung erhalten die Ausschussvorsitzenden und der stellvertretende Vorsitzende des Petitionsausschusses in H\u00f6he von 25 vom Hundert der Kostenpauschale nach Absatz 2 Satz 1; dieser Betrag erh\u00f6ht sich f\u00fcr den Vorsitzenden des Petitionsausschusses um 7 vom Hundert der Kostenpauschale nach Absatz 2 Satz 1 zur Abgeltung der amtsbedingten zus\u00e4tzlichen Telefonkosten.\u201c<\/p>\n<p>3. Nummer 4 wird wie folgt ge\u00e4ndert:<br \/>\n\u00a7 11 Abs. 1 Satz 2 wird gestrichen.<br \/>\n21. 07. 2010<br \/>\nKretschmann und Fraktion<\/p>\n<p><strong>Begr\u00fcndung:<\/strong><br \/>\n1. Bereits 2008 hat der Landtag eine Di\u00e4tenerh\u00f6hung beschlossen und dabei die Abgeordnetenentsch\u00e4digung f\u00fcr das Vollzeitparlament auf 6.247 Euro monatlich festgelegt. Eine erneute Di\u00e4tenerh\u00f6hung ist nicht angemessen.<\/p>\n<p>2. Die in \u00a7 6 Abs. 2 (neu) geregelte zus\u00e4tzliche Kostenpauschale von 10 bis maximal 20 Prozent der allgemeinen Kostenpauschale (1.425 \u20ac f\u00fcr alle Abgeordneten) f\u00fcr Mitglieder des Petitionsausschusses, einer Enquetekommission oder eines Untersuchungsausschusses ist in einem Vollzeitparlament nicht zu begr\u00fcnden.<\/p>\n<p>3. Die in \u00a7 6 Abs. 7 (neu) geregelte Sonderaufwandsentsch\u00e4digung f\u00fcr den Pr\u00e4sidenten, die stellvertretenden Pr\u00e4sidenten, die Fraktionsvorsitzenden und die parlamentarischen Gesch\u00e4ftsf\u00fchrer ist nicht erforderlich, denn die Amtszulage deckt die Aufwendungen dieser Funktionstr\u00e4ger bereits ab.<\/p>\n<p>4. Die Ruhegehaltsf\u00e4higkeit der Amtszulage, die die in \u00a7 5 Abs. 2 genannten Funktionstr\u00e4ger erhalten, widerspricht dem interfraktionell vereinbarten Ziel der Di\u00e4tenreform, mit der die bisher zu hohe Altersversorgung abgesenkt und die Entsch\u00e4digung der aktiven Abgeordneten in einem Vollzeitparlament angehoben werden sollte.<\/p>\n<p><strong>Die Landtagsdrucksache 14\/6718 zum Herunterladen als PDF-Datei:<\/strong><\/p>\n<p><a href=\"http:\/\/www.landtag-bw.de\/WP14\/Drucksachen\/6000\/14_6718_D.PDF\" target=\"_blank\">http:\/\/www.landtag-bw.de\/WP14\/Drucksachen\/6000\/14_6718_D.PDF<\/a><\/p>\n<div class=\"pdf24Plugin-cp\"> \t<form name=\"pdf24Form0\" method=\"post\" action=\"https:\/\/doc2pdf.pdf24.org\/wordpress.php\" target=\"pdf24PopWin\" onsubmit=\"var pdf24Win = window.open('about:blank', 'pdf24PopWin', 'resizable=yes,scrollbars=yes,width=600,height=250,left='+(screen.width\/2-300)+',top='+(screen.height\/3-125)+''); pdf24Win.focus(); if(typeof pdf24OnCreatePDF === 'function'){void(pdf24OnCreatePDF(this,pdf24Win));}\"> \t\t<input type=\"hidden\" name=\"blogCharset\" value=\"Cw1x07UAAA==\" \/><input type=\"hidden\" name=\"blogPosts\" value=\"MwQA\" \/><input type=\"hidden\" name=\"blogUrl\" value=\"yygpKSi20tcvLy\/Xy8jPSM3LARK6pXnpqWmZOSWpRSV6KakA\" \/><input type=\"hidden\" name=\"blogName\" value=\"88jPSM3LARK6pXnpqWmZOSWpRSUA\" \/><input type=\"hidden\" name=\"blogValueEncoding\" value=\"gzdeflate base64\" \/><input type=\"hidden\" name=\"postId_0\" value=\"szC2MAEA\" \/><input type=\"hidden\" name=\"postTitle_0\" value=\"80nMSylJTC\/OzSxJz8lMTUktUkgtyji8LSM1T6E4MzlDITOjKFXBJfPwkhKgyKOGyYcWBIcH6Xrn5+am5pUkluQXZQIVFhQBlZYolOXnKYSlFhXnF6WX5gHNBKnIySwB6lXIzFXwgVgFAA==\" \/><input type=\"hidden\" name=\"postLink_0\" value=\"yygpKSi20tcvLy\/Xy8jPSM3LARK6pXnpqWmZOSWpRSV6Kan69gW2FsYWJgA=\" \/><input type=\"hidden\" name=\"postAuthor_0\" value=\"AwA=\" \/><input type=\"hidden\" name=\"postDateTime_0\" value=\"MzIwNNA1sNA1MFUwNLAysLAyMAIA\" \/><input type=\"hidden\" name=\"postContent_0\" value=\"7VjLbtzIFd3nKwoOEEhAi1S3W5IfbQNSWrITZwxBykjAbIyiWE2Wu1jUVBXVcq+MIH+Q7SDZGMgm61lplf4Tf0nOrSLZVHfbozwmyCILQRJ56z7OPfdRHF2\/HFlnSp29fMuvcvae50YorjOh2VjaaWWtLDX+qXTKLoTJuU5V5V\/n3LFUGJbwVOid2eLOOCeKRJhM2qtcsN9B1PGM3ZSGTSszFwVLpWCn3CheCO2sEZPSFIwnmcABVVpb25lXmRIS3ozl4pPDQ1vOcPJQOWHsDX5Kk8EHb\/0Qp0uTakFyWlQsE0ZkQrkIpwV7ZRZ3utUgpGa\/Hn+70zlk4J+TwtDxTFBc5OSZdy0i4R47GZ96t85Px8w6WRQkm\/IJIo5GcY3eKL5++YsR0BSFR9LAfy8nLDtf3KUzAUFomVR6atnW+eXZNiwXbPA0Yr+tlGSD3f7uKMbpVlOt+RXXc7j5e3HrGK8mPmoc3zkX0onWPhtxhtRNXjzKnbt+Fsez2SyyMxOlItZLf+JkFu\/EMn3R3x8M4pubF9YhTdyksW4epvhj\/2D3YLA3iPu3\/dsP2X4sdSpuo9wV6hFz3GTCvXj0LgFPpo9e\/rz2RjFfQ+RXv3wyGAyeX7RMsMQnrqQDXZgsGup5ud3n7PPHP7FjpP5NWXhByrlm5zL5oBRRRLgcmPqc\/Ht4rsb09OnTYdx\/\/+EgG+b\/KQwfaGOUGBYDtQ3wjctp5XFwKG1Ppxovm5rqamo5VW9\/GO8f9J+wrcPKzhd3mdh+ts71+v9lpWt25LvBZacbsPGa1jVNR74DoNmI4noicuowvuSOhMcgVBGyq1NJJQqfIE\/iFs0Cbwv2Sljh5ohqVplQIyeGT9sIfSGvPaWKJjNrL1Dy8fji1DNnxf39vWHjdbAJDwxb\/BHIm9CU7L2mlAXHbG3INp5atrgDPHW7QZDWOqHayE+kRt3LRufSP4S\/ZPiXICe\/N2DaOD5e5pzNSiqCxAtLsfiL0L2aO\/9tWP3jeTWvfJMVOmrcHQwitnsQhRYZfKMILkpjJTmXii5Z0BVAbfx6xi6lnhgpUvYNv5ouuebFOopaZi2JVU83\/TMC8D\/Nnt6G\/PQYeqjFDIW+4eMIDdTNST\/HFBt0phjIZDh8xwReyZITUjmq2CORSR0gaQLyh0hdIV3PQ98mA08ycBPSmuF3FgZ5C5rl2hl+P0726mzxw9tjtnWTqYgdasXRwbCJtJyieXBvDdh0WokMLOCm1wUt54mgcSKzKSYwvQ6pQAnRbEP9MEvLSy41\/Xaqu8lQcn56j+HaA3BGi0xYtuDtW7w2OSLfuYSlCVd4DChLEFzTBlNrl1S0OIIlynOrtozVbfFj7q1tWqWgCNvXFDqS+SyCIryvK+Q7HvoxJd5ifauQFK4SQZhbcowUXkPV4kdNsQraE5GSWWl8Pt8L4i1Oz4Ui\/t2LlOwScTvV3kyVB+W3nST\/HwPrhbw2+L\/a9r8835dL0aFxcioU67OZNCmjnXpSKhRJJqiFYo1+VrOmH7G3Fbq4eYDs3\/\/K9gCWjSBLPP2EJkGivmeccGsRfCP7+eOft\/rbbK18m3PEUlaUmrvAxWNcNK7wCu2dIMSx16gD4RHbjwbDA3ZcmTL6\/PGHdtq0ng9+0nO+zX6jGfzfD\/7XJ845+DCAOHAjL0DuIJ9sd4QPgtyDYj5eCeuwmsyQSSvuh0cXNOXqS0zbP2+WLVi3RPc0QwdwhugJo91GTQQ9FU4S0yzvbFv38Bvs+SvM68pj4rW+KaFXX9dNQjBaYynaAEiI9zl5ZyF85HsIC63Jha5Jtyrf\/C66Tn\/Rn6oAjP+KE75ciUHKNaXFC4cplEqdhc5k0TjnHm6N25fClVBPveYuWx63bBk+hOf9fkP0miP+zDpRBv21lecNEoWACq5DEptOsFqtmK106U09gdqSbqsS6w\/GloXm3SftHb7pCr561iZGsnI\/TzEBZaBYp8OtUDEkklskUqk5TF43F39\/i13W3pLWbAIckBFM3Yh5xmPii8ptcElax7S\/GtC3ikKQb1GngunuL+9X5hZUbbefB8S9BK9RhuhNm4y0rOC3suAKgLFTU9JsCWxRigxL6sSrp7f60RDF8fkPfwswcOq1Xay2w\/Nv2sXmiwzvsbBwHevvK5yc4gor\/TcZVtKxMJS\/pXFtq6vcT8tuuQImwEBSxYZEBAQxOpOaMx0QH28A8WANxPOSGM43d6O2lk\/N4pOV+MvRdkTEWe0+m2Qagm\/oX7RxNFFw4783+VWdjE+chWHc3U2HJcJMgL0wlG2\/XdYtEiU\/r2g5xLOrqav75mQmfP2ERkqt6qTSwRcHNzO\/7YUy4kmL2DAgdlblAIf6MPz4lDdrIu14rbUQYNriu9eQFCZR39R\/1iw2vb2HngFt9rq5GhdQgvxPms1AKXZD3umE+89a30lMbLJfV1H47tajRds\/JjdAdPoGAirkZb5hP\/Qf6bAguhb\/lcHqSwL2b1Y3vK\/Qj0o3LxMIzYRJ\/Vc6BcNrmyCh+pVPFHMMgde0IcFnRUsQ6g3FND7ZGeMaIjfsNRs+7aigfyeZ0deXy1MoX258Ot7f3d2N+8N3ZPDdOILyr37E+ae1td9p\/gE=\" \/> \t\t<a href=\"https:\/\/www.pdf24.org\" target=\"_blank\" title=\"www.pdf24.org\" rel=\"nofollow\"><img src=\"https:\/\/www.hohenlohe-ungefiltert.de\/wp-content\/plugins\/pdf24-post-to-pdf\/img\/pdf_32x32.png\" alt=\"\" border=\"0\" height=\"32\" \/><\/a> \t\t<span class=\"pdf24Plugin-cp-space\">&nbsp;&nbsp;<\/span> \t\t<span class=\"pdf24Plugin-cp-text\">Sende Artikel als PDF<\/span> \t\t<span class=\"pdf24Plugin-cp-space\">&nbsp;&nbsp;<\/span> \t\t<input class=\"pdf24Plugin-cp-input\" style=\"margin: 0px;\" type=\"text\" name=\"sendEmailTo\" placeholder=\"Emailadresse\" \/> \t\t<input class=\"pdf24Plugin-cp-submit\" style=\"margin: 0px;\" type=\"submit\" value=\"Senden\" \/> \t<\/form> <\/div>","protected":false},"excerpt":{"rendered":"<p>Nach jahrelangen Diskussionen und Verhandlungen hat der baden-w\u00fcrttembergische Landtag vor kurzem die Parlamentsreform abgeschlossen und zugleich Di\u00e4ten sowie Altersversorgung der Abgeordneten neu geregelt. Die Gr\u00fcnen sowie ein CDU-Abgeordneter votierten gegen die Reform. CDU, FDP und SPD stimmten daf\u00fcr. Nachrichten des S\u00fcdwestrundfunks (SWR) vom 29. Juli 2010 Ganzer Text auf der SWR-Seite http:\/\/www.swr.de\/nachrichten\/bw\/-\/id=1622\/vv=standard\/nid=1622\/did=6707252\/1x1xyg6\/index.html &#8222;Versorgungsmentalit\u00e4t im Landtag&#8220; [&hellip;]<\/p>\n","protected":false},"author":3,"featured_media":0,"comment_status":"open","ping_status":"open","sticky":false,"template":"","format":"standard","meta":[],"categories":[],"tags":[],"_links":{"self":[{"href":"https:\/\/www.hohenlohe-ungefiltert.de\/index.php?rest_route=\/wp\/v2\/posts\/8384"}],"collection":[{"href":"https:\/\/www.hohenlohe-ungefiltert.de\/index.php?rest_route=\/wp\/v2\/posts"}],"about":[{"href":"https:\/\/www.hohenlohe-ungefiltert.de\/index.php?rest_route=\/wp\/v2\/types\/post"}],"author":[{"embeddable":true,"href":"https:\/\/www.hohenlohe-ungefiltert.de\/index.php?rest_route=\/wp\/v2\/users\/3"}],"replies":[{"embeddable":true,"href":"https:\/\/www.hohenlohe-ungefiltert.de\/index.php?rest_route=%2Fwp%2Fv2%2Fcomments&post=8384"}],"version-history":[{"count":2,"href":"https:\/\/www.hohenlohe-ungefiltert.de\/index.php?rest_route=\/wp\/v2\/posts\/8384\/revisions"}],"predecessor-version":[{"id":8396,"href":"https:\/\/www.hohenlohe-ungefiltert.de\/index.php?rest_route=\/wp\/v2\/posts\/8384\/revisions\/8396"}],"wp:attachment":[{"href":"https:\/\/www.hohenlohe-ungefiltert.de\/index.php?rest_route=%2Fwp%2Fv2%2Fmedia&parent=8384"}],"wp:term":[{"taxonomy":"category","embeddable":true,"href":"https:\/\/www.hohenlohe-ungefiltert.de\/index.php?rest_route=%2Fwp%2Fv2%2Fcategories&post=8384"},{"taxonomy":"post_tag","embeddable":true,"href":"https:\/\/www.hohenlohe-ungefiltert.de\/index.php?rest_route=%2Fwp%2Fv2%2Ftags&post=8384"}],"curies":[{"name":"wp","href":"https:\/\/api.w.org\/{rel}","templated":true}]}}