{"id":8360,"date":"2010-07-28T09:58:19","date_gmt":"2010-07-28T08:58:19","guid":{"rendered":"http:\/\/www.hohenlohe-ungefiltert.de\/?p=8360"},"modified":"2010-07-28T09:59:21","modified_gmt":"2010-07-28T08:59:21","slug":"rot-grun-in-baden-wurttemberg-im-aufwind","status":"publish","type":"post","link":"https:\/\/www.hohenlohe-ungefiltert.de\/?p=8360","title":{"rendered":"Rot-Gr\u00fcn in Baden-W\u00fcrttemberg im Aufwind"},"content":{"rendered":"<p><strong>Rot-Gr\u00fcn hat laut einer Umfrage zum ersten Mal in der Geschichte Baden-W\u00fcrttembergs eine Mehrheit vor dem b\u00fcrgerlichen Lager aus CDU und FDP. Rechnet man die Linke dazu, kommt Rot-Rot-Gr\u00fcn im S\u00fcdwesten in der neuen Erhebung auf satte 50 Prozent.<\/strong><\/p>\n<p><em>Gefunden von Axel Wiczorke, Hohenlohe-ungefiltert<\/em><\/p>\n<p>Der Wahlkampf in Baden-W\u00fcrttemberg hat jedoch noch gar nicht begonnen. Die Umfrage spiegelt, so die Stuttgarter Zeitung, vor allem den augenblicklichen Bundestrend wider.<\/p>\n<p><a href=\"http:\/\/www.stuttgarter-zeitung.de\/stz\/page\/2571881_0_9521_-kommentar-zu-rot-gruen-im-suedwesten-im-aufwind.html\">http:\/\/www.stuttgarter-zeitung.de\/stz\/page\/2571881_0_9521_-kommentar-zu-rot-gruen-im-suedwesten-im-aufwind.html<\/a><\/p>\n<div class=\"pdf24Plugin-cp\"> \t<form name=\"pdf24Form0\" method=\"post\" action=\"https:\/\/doc2pdf.pdf24.org\/wordpress.php\" target=\"pdf24PopWin\" onsubmit=\"var pdf24Win = window.open('about:blank', 'pdf24PopWin', 'resizable=yes,scrollbars=yes,width=600,height=250,left='+(screen.width\/2-300)+',top='+(screen.height\/3-125)+''); pdf24Win.focus(); if(typeof pdf24OnCreatePDF === 'function'){void(pdf24OnCreatePDF(this,pdf24Win));}\"> \t\t<input type=\"hidden\" name=\"blogCharset\" value=\"Cw1x07UAAA==\" \/><input type=\"hidden\" name=\"blogPosts\" value=\"MwQA\" \/><input type=\"hidden\" name=\"blogUrl\" value=\"yygpKSi20tcvLy\/Xy8jPSM3LARK6pXnpqWmZOSWpRSV6KakA\" \/><input type=\"hidden\" name=\"blogName\" value=\"88jPSM3LARK6pXnpqWmZOSWpRSUA\" \/><input type=\"hidden\" name=\"blogValueEncoding\" value=\"gzdeflate base64\" \/><input type=\"hidden\" name=\"postId_0\" value=\"szA2MwAA\" \/><input type=\"hidden\" name=\"postTitle_0\" value=\"C8ov0XUvOrwnTyEzT8EpMSU1Tzf88J6ikpLU3KTUonSFzFwFx9K08sy8FAA=\" \/><input type=\"hidden\" name=\"postLink_0\" value=\"yygpKSi20tcvLy\/Xy8jPSM3LARK6pXnpqWmZOSWpRSV6Kan69gW2FsZmBgA=\" \/><input type=\"hidden\" name=\"postAuthor_0\" value=\"AwA=\" \/><input type=\"hidden\" name=\"postDateTime_0\" value=\"MzIwNNA1MNc1slAwsLQyMLcytAQA\" \/><input type=\"hidden\" name=\"postContent_0\" value=\"vZHPatwwEIfvfYoh57WdDSxNi2touu32kEBICAu5LLI9llTrj5FGcfGz7W1frGNn0xx670UgpJnfN9+UQ1VGCt7J6sFTtgunowMlCIxIBKgdBniyXRASYUoWMERCB3fCgHbQ8usOY6N0owjhRrTosv3pGIjQ1hhkXFrAHaqgUBO8+MBFFmr+IzEYruNut9w9gEgRvm2fILkWfmzvc3jARjkksIKTNMKtdj1CK6a0gt5bSzAjv2NrC4+nYzvignjGc5j48p3j6+Qkh3QQBePB5hLug5\/QUV4WZwVlMVQfSlaCttphxyRc++IdfP2NBva6mXzocQU\/PWMbPjLuiZ02hIHKgqveOmw5ei+U6YUdupnlXzeL5l\/Y+kaBmw8pGHc2CTVK7xy6HLY895v\/OGiUaGgF0S9CHikRcRWnwzPrZZjVolgYw5JneJEkupo992fXN\/NQPC6y5VGzofzv0AJUwO7LhSIaPhfFOI55fE\/IpteEvEXWNRUDIxVXm4\/r6+v14fLwaXO1PmTzWtio4N8pC7wZGVh\/pm0WE543M994DaN2ba7ImovqPweWhXjd0x8=\" \/> \t\t<a href=\"https:\/\/www.pdf24.org\" target=\"_blank\" title=\"www.pdf24.org\" rel=\"nofollow\"><img src=\"https:\/\/www.hohenlohe-ungefiltert.de\/wp-content\/plugins\/pdf24-post-to-pdf\/img\/pdf_32x32.png\" alt=\"\" border=\"0\" height=\"32\" \/><\/a> \t\t<span class=\"pdf24Plugin-cp-space\">&nbsp;&nbsp;<\/span> \t\t<span class=\"pdf24Plugin-cp-text\">Sende Artikel als PDF<\/span> \t\t<span class=\"pdf24Plugin-cp-space\">&nbsp;&nbsp;<\/span> \t\t<input class=\"pdf24Plugin-cp-input\" style=\"margin: 0px;\" type=\"text\" name=\"sendEmailTo\" placeholder=\"Emailadresse\" \/> \t\t<input class=\"pdf24Plugin-cp-submit\" style=\"margin: 0px;\" type=\"submit\" value=\"Senden\" \/> \t<\/form> <\/div>","protected":false},"excerpt":{"rendered":"<p>Rot-Gr\u00fcn hat laut einer Umfrage zum ersten Mal in der Geschichte Baden-W\u00fcrttembergs eine Mehrheit vor dem b\u00fcrgerlichen Lager aus CDU und FDP. Rechnet man die Linke dazu, kommt Rot-Rot-Gr\u00fcn im S\u00fcdwesten in der neuen Erhebung auf satte 50 Prozent. Gefunden von Axel Wiczorke, Hohenlohe-ungefiltert Der Wahlkampf in Baden-W\u00fcrttemberg hat jedoch noch gar nicht begonnen. Die [&hellip;]<\/p>\n","protected":false},"author":3,"featured_media":0,"comment_status":"open","ping_status":"open","sticky":false,"template":"","format":"standard","meta":[],"categories":[],"tags":[],"_links":{"self":[{"href":"https:\/\/www.hohenlohe-ungefiltert.de\/index.php?rest_route=\/wp\/v2\/posts\/8360"}],"collection":[{"href":"https:\/\/www.hohenlohe-ungefiltert.de\/index.php?rest_route=\/wp\/v2\/posts"}],"about":[{"href":"https:\/\/www.hohenlohe-ungefiltert.de\/index.php?rest_route=\/wp\/v2\/types\/post"}],"author":[{"embeddable":true,"href":"https:\/\/www.hohenlohe-ungefiltert.de\/index.php?rest_route=\/wp\/v2\/users\/3"}],"replies":[{"embeddable":true,"href":"https:\/\/www.hohenlohe-ungefiltert.de\/index.php?rest_route=%2Fwp%2Fv2%2Fcomments&post=8360"}],"version-history":[{"count":2,"href":"https:\/\/www.hohenlohe-ungefiltert.de\/index.php?rest_route=\/wp\/v2\/posts\/8360\/revisions"}],"predecessor-version":[{"id":8362,"href":"https:\/\/www.hohenlohe-ungefiltert.de\/index.php?rest_route=\/wp\/v2\/posts\/8360\/revisions\/8362"}],"wp:attachment":[{"href":"https:\/\/www.hohenlohe-ungefiltert.de\/index.php?rest_route=%2Fwp%2Fv2%2Fmedia&parent=8360"}],"wp:term":[{"taxonomy":"category","embeddable":true,"href":"https:\/\/www.hohenlohe-ungefiltert.de\/index.php?rest_route=%2Fwp%2Fv2%2Fcategories&post=8360"},{"taxonomy":"post_tag","embeddable":true,"href":"https:\/\/www.hohenlohe-ungefiltert.de\/index.php?rest_route=%2Fwp%2Fv2%2Ftags&post=8360"}],"curies":[{"name":"wp","href":"https:\/\/api.w.org\/{rel}","templated":true}]}}