{"id":8301,"date":"2010-07-18T12:12:00","date_gmt":"2010-07-18T11:12:00","guid":{"rendered":"http:\/\/www.hohenlohe-ungefiltert.de\/?p=8301"},"modified":"2010-07-18T18:14:19","modified_gmt":"2010-07-18T17:14:19","slug":"stele-enthullt-%e2%80%93-denkmal-will-wurde-des-erhangten-zwangsarbeiters-czeslaw-trzcinski-in-bretzfeld-wieder-herstellen","status":"publish","type":"post","link":"https:\/\/www.hohenlohe-ungefiltert.de\/?p=8301","title":{"rendered":"&#8222;Stele auf Privatgrundst\u00fcck enth\u00fcllt&#8220; \u2013 Denkmal will W\u00fcrde des erh\u00e4ngten Zwangsarbeiters Czeslaw Trzcinski in Bretzfeld wieder herstellen"},"content":{"rendered":"<p><strong>Der Verein &#8222;Gegen Vergessen \u2013 f\u00fcr Demokratie&#8220;, dessen Bundesvorsitzender Joachim Gauck ist, hatte vor kurzem zu einer Gedenkveranstaltung f\u00fcr den von der Gestapo ermordeten polnischen Zwangsarbeiter Czeslaw Trzcinski (1907-1942) nach Bretzfeld im Hohenlohekreis eingeladen.<\/strong><\/p>\n<p><em>Von Hans A. Graef, Bretzfeld<\/em><\/p>\n<p><strong>Gemeinde soll endlich eine Gedenktafel aufstellen<\/strong><\/p>\n<p>Der Sprecher der Landesgruppe Dr. Alfred Geisel, ehemaliger Vizepr\u00e4sident des Landtags von Baden-W\u00fcrttemberg, begr\u00fc\u00dfte die G\u00e4ste, darunter die Vertreter der beiden Kirchen und forderte von der Gemeinde, zur Erinnerung an den in Rappach am 11. November 1942 qualvoll Ermordeten eine Gedenktafel aufzustellen. Dies sei f\u00fcr die polnischen Angeh\u00f6rigen ebenso wichtig wie f\u00fcr das demokratische Europa, denn so k\u00f6nne dieser Teil der lokalen Vergangenheit endlich bew\u00e4ltigt und die W\u00fcrde und Ehre dieses NS-Opfers nach 68 Jahren wieder hergestellt werden.<\/p>\n<p><strong>Es geht nicht um Schuld, sondern um eine Mahnung<\/strong><\/p>\n<p>Dies wird von dessen Tochter Irina Maria\u00a0 Baran, die erst 2003 durch die Nachforschungen des Vereinsmitglieds Udo Grausam genaue Kenntnisse \u00fcber den Tod ihres verstorbenen Vaters\u00a0 erhielt, sehr unterst\u00fctzt, wie sie auch bei einem Besuch in Bretzfeld betonte. Ob er nun wegen des rassistischen Vorwurfs des &#8222;Volkssch\u00e4dlings&#8220; (Nazi-Jargon) oder wegen der NS-Parole Blutschande ermordet wurde, spiele keine Rolle \u2013 entscheidend sei, dass Bretzfeld wie viele andere Kommunen im Lande sechs Jahre nach dem Bekanntwerden durch ein kleines Denkmal oder ein Stra\u00dfenschild an dieses NS-Opfer erinnere. Dabei gehe es nicht um Schuld, sondern um eine Mahnung, diesen unmenschlichen Akt durch ein sichtbares Zeichen dem Schlund des Verdr\u00e4ngens und Vergessens zu entrei\u00dfen und zum Teil der gemeinsamen deutsch-polnischen Geschichte im vereinten Europa zu machen. Alfred Geisel appellierte erneut an die Gemeinde, der Verantwortung der Nachgeborenen f\u00fcr unsre Geschichte im Sinne der Vers\u00f6hnung gerecht zu werden.<\/p>\n<p><strong>Familie Grausam beweist Zivilcourage<\/strong><\/p>\n<p>Er dankte der Familie Grausam f\u00fcr deren Zivilcourage und die M\u00f6glichkeit, die Gedenkstele zun\u00e4chst auf deren Privatgrund aufzustellen. In seinem Beitrag erl\u00e4uterte Udo Grausam die neuesten Forschungsergebnisse im Zusammenhang mit diesem Gestapo-Mord. Er \u00e4u\u00dferte die Hoffnung, bis zum 70.Todestag Trzcinskis im Jahre 2012 diese Trauerarbeit abzuschlie\u00dfen und die guten Beziehungen zur Familie Baran in eine kommunale freundschaftliche Partnerschaft zu verwandeln, zumal der Enkel Stadtpr\u00e4sident von Bedzin (bei Katowice) ist. Grausam dr\u00fcckte zum Schluss die Hoffnung aus, dass ein Umdenken der Gemeinder\u00e4te und von B\u00fcrgermeister F\u00f6hl m\u00f6glich sei und regte an, dass dieser Teil der Ortsgeschichte Gegenstand des Unterrichts im Bildungszentrum\u00a0 sein k\u00f6nnte.<\/p>\n<p><strong>&#8222;Oh Haupt voll Blut und Wunden&#8220;<\/strong><\/p>\n<p>Die Gedenkveranstaltung wurde von dem renommierten Haller Klarinettisten Hans Kumpf musikalisch w\u00fcrdig umrahmt, der mit melancholischen und empathischen Motiven aus zwei Pr\u00e4ludien und\u00a0 dem Trauermarsch von Chopin, dem Kirchenlied &#8222;Oh Haupt voll Blut und Wunden&#8220;, dem philosophischen Folksong &#8222;Blowing in the Wind&#8220; sowie dem polnischen Tanzlied vom Hahn Krakowiak die Gef\u00fchle angemessen ausdr\u00fcckte.<\/p>\n<p><strong>Weitere Informationen:<\/strong><\/p>\n<p><strong>Gegen Vergessen \u2013 F\u00fcr Demokratie e.V., Berlin, Regionale Arbeitsgruppe Ba\u00adden-W\u00fcrt\u00adtem\u00adberg, Sektion B\u00f6blingen-Herrenberg-T\u00fcbingen<\/strong><\/p>\n<p><strong>Zum Besuch von Irena Maria Baran, der Tochter des polnischen NS-Opfers Czes\u0142aw Trzci\u0144ski, vom 11. bis 13. Juni 2009 in T\u00fcbingen und Bretzfeld<\/strong><\/p>\n<p><em>Bericht von Udo Grausam, T\u00fcbingen<\/em><\/p>\n<p><strong>Der Besuch<\/strong><\/p>\n<p>Irena Maria Baran geborene Trzci\u0144ska besuchte auf Einladung von Udo Grausam das Grab ihres Vaters Czes\u0142aw Trzci\u0144ski im Gr\u00e4berfeld der Universit\u00e4tsanatomie auf dem Stadt\u00adfriedhof von T\u00fcbingen. Au\u00dferdem suchte sie mit ihrer Familie das Gel\u00e4nde der Hin\u00adrich\u00adtung ihres Vaters bei Rappach in der Gemeinde Bretz\u00adfeld im heutigen Hohenlohekreis auf. Frau Baran legte in T\u00fcbingen einen Blumenstrau\u00df unseres Vereins auf das Grab und stellte ein mitgebrachtes Grablicht auf. Sie selbst, ihr Ehemann Eugeniusz Baran, ihr Sohn Rados\u0142aw Baran und ihr Enkel Tomasz Baran beteten dort und gedachten des Toten.<\/p>\n<p>Frau Baran dankte unseren Mitgliedern Esther Peylo und Udo Grausam f\u00fcr den Hinweis auf das Grab. Zum ersten Mal seit ihrer Geburt im Februar 1939 besuche sie das wirkliche Grab ihres Vaters. Sie schilderte, wie die Familie bisher am Todestag von Czes\u0142aw Trzci\u0144ski zu seinem Gedenken auf den Friedh\u00f6fen von \u0141\u00f3d\u017a und B\u0119dzin am Kreuz f\u00fcr die Personen oh\u00adne Grab Kerzen auf\u00adstellte und betete. Der Besuch in T\u00fcbingen bedeute f\u00fcr sie Trauer um ih\u00adren Vater und Ab\u00adschied von ihm. Sie erfahre auch eine Art Abschluss ihrer Lebensge\u00adschich\u00adte in Bezug auf ihre Eltern.<\/p>\n<p>Frau Baran bemerkte die Stille \u00fcber dem Gr\u00e4berfeld, das einfach aber angemessen her\u00adge\u00adrich\u00adtet sei. Sie w\u00fcn\u00adsche sich, dass auch Angeh\u00f6rige von anderen dort Bestatteten diesen Ort be\u00adsu\u00adchen k\u00f6nnten. Sie bat darum, das mitgebrachte Grablicht zwischen Allerhei\u00adligen und dem Todestag des Vaters am 11. November wieder anzuz\u00fcnden. Udo Grausam versprach dies zu tun.<\/p>\n<p>Am n\u00e4chsten Tag suchte die Familie die Hinrichtungsstelle in Rap\u00adpach in der Gemeinde Bretz\u00adfeld im baden-w\u00fcrttembergischen Hohenlohekreis auf. Czes\u0142aw Trzci\u0144ski war dort, an seinem ehemaligen Arbeitsort, au\u00dferhalb des Dorfes in einem Gel\u00e4ndeeinschnitt von der SS aus dem \u201ePolizeigef\u00e4ngnis\u201c Welz\u00adheim aufgeh\u00e4ngt worden. Ein Nach\u00adfahre aus der Familie seines Arbeitgebers leg\u00adte zum Zeichen der Verbunden\u00adheit mit der Familie Baran im Gel\u00e4nde eine Rose nieder.<\/p>\n<p><strong>Die Vorgeschichte<\/strong><\/p>\n<p>Vor ihrem Besuch hatte Frau Irena Maria Baran eine Sammlung von historischen Dokumenten \u00fcber den Vater Czes\u0142aw Trzci\u0144ski und Erinnerungen aus der Familie seines Ar\u00adbeitgebers erhalten, au\u00dfer\u00addem einige Bilder vom Gr\u00e4berfeld X des T\u00fcbinger Stadtfriedhofs. Die Sammlung war seit 2002 entstanden durch Recherchen im Universit\u00e4tsarchiv T\u00fcbingen, im Staats\u00adarchiv Lud\u00adwigs\u00adburg, bei der Deutschen Dienststelle Berlin und beim In\u00adternationalen Suchdienst in Bad Arolsen. Der Band von 40 Seiten ist zur besseren Verst\u00e4ndlichkeit f\u00fcr die Familie Baran mit einer polnischen Einladung versehen.<\/p>\n<p>Der ehemalige Kriegsgefangene und \u201eZivilpole\u201c Czes\u0142aw Trzci\u0144ski wurde von seinem Ar\u00adbeitgeber in Rappach angezeigt und Ende Oktober 1942 als \u201eVolkssch\u00e4dling\u201c in das \u201ePolizei\u00adgef\u00e4ngnis\u201c Welzheim in der N\u00e4\u00adhe von Stuttgart eingeliefert. Sp\u00e4tere Aussagen einer Zeit\u00adzeu\u00adgin lassen vermuten, dass bei der Hinrichtung in Rappach am 11. November 1942 die B\u00fcrgermeis\u00adter der umlie\u00adgen\u00adden Ortschaf\u00adten beteiligt waren. Sie f\u00fchrten die Polen aus ihren D\u00f6rfern zur Hinrichtungsstelle und zwan\u00adgen sie dazu, Augenzeugen zu sein. Vermutlich hatte der Landrat des Krei\u00adses sie dazu auf\u00adgefordert. Ein solches Vorgehen ist in mehreren Quellen f\u00fcr weitere Hinrich\u00adtungen anderswo belegt. Die Exekution von Czes\u0142aw Trzci\u0144ski muss wegen der antipolni\u00adschen Geh\u00e4ssigkeit der Datumswahl am 11. November als Mord bezeichnet wer\u00adden. Ziel war offen\u00adbar die Dem\u00fcti\u00adgung, Verh\u00f6hnung und Einsch\u00fcchterung der Polen an ihrem Na\u00adtio\u00adnal\u00adfeiertag. Der Hin\u00adrich\u00adtungstag 11. November war (und ist) der polnische Unab\u00adh\u00e4ngig\u00adkeitstag, von 1918 bis 1939 und heute wieder der Nationalfeiertag. Bereits 1941 waren an die\u00adsem Tag in Welzheim die bei\u00adden Polen Franciszek Dembinski und Stefan Szczepaniak ge\u00adhenkt wor\u00adden. Den niederen Beweggrund der Hinrichtung m\u00fcssen die B\u00fcrgermeister der Rap\u00adpacher Um\u00adgebung erkannt haben. Denn die meisten hatten den 11. No\u00advem\u00adber 1918 selbst erlebt; als Katastrophe der deutschen Kriegsniederlage. Es muss ihnen klar gewesen sein, dass die Stutt\u00adgar\u00adter und Welzheimer Gestapo am 11. November 1942 an Czes\u0142aw Trzci\u0144ski den f\u00fcr Deutsch\u00adland negativen Aus\u00adgang des Ersten Weltkrieges ger\u00e4cht hat. Sie m\u00fcssen sich als Er\u00adf\u00fcllungsgehilfen dieser Rache erkannt haben. Leider konnte unsere Ge\u00addenk\u00adini\u00adtiative bisher keine staatsanwaltschaftliche Ermittlung und kein Gerichtsver\u00adfah\u00adren gegen die M\u00f6rder von Czes\u0142aw Trzci\u0144ski und ihre Gehilfen nachweisen. Der Mord scheint juristisch unges\u00fchnt geblieben zu sein.<\/p>\n<p>Irena Maria Baran hatte 1989 das Polnische Roten Kreuz um Auskunft \u00fcber ihren Vater gebeten. Der eingeschaltete Internationale Suchdienst in Bad Arolsen \u00fcbermittelte den 11. No\u00advember 1942 als den Todestag, den Ort Rappach als den Sterbeort und die Exekution als die Todesursache. In der Nachricht fehlte aber offenbar der Hinweis auf das Grab in T\u00fcbin\u00adgen, so erz\u00e4hlte Frau Baran beim Besuch. Dabei war bereits 1980 die Grabstelle durch eine Bron\u00adze\u00adtafel mit dem Namen von Czes\u0142aw Trzci\u0144ski bezeichnet worden. Au\u00dfer\u00addem hatte 1987 die Historikerin Benigna Sch\u00f6nhagen in ihrem Buch \u00fcber das Gr\u00e4\u00adber\u00adfeld X in T\u00fcbingen den Namen genannt. Es scheint in der Auskunft an die Frau Irena Maria Baran der Hinweis auf das Grab ihres Vaters vers\u00e4umt worden zu sein. Unsere Gedenkinitiative erfuhr im Herbst 2008 von der Suche der Familie nach Czes\u0142aw Trzci\u0144ski und lie\u00df \u00fcber den Such\u00addienst eine Einla\u00addung zu einem Totengedenken in T\u00fcbin\u00adgen aussprechen.<\/p>\n<p>Auf dem Gr\u00e4berfeld X des T\u00fc\u00adbin\u00adger Stadtfriedhofs, dem Leichenfeld der Universit\u00e4tsanato\u00admie, sind mehrere Denkm\u00e4ler zu sehen: drei Grabkreuze von 1952, die nur die Auf\u00adschrift \u201e1939 \u2013 1945\u201c tragen, eine Stein\u00adplatte von 1960 mit einem Text, dann sechs Bronze\u00adtafeln von 1980 mit den Namen von 517 NS-Opfern und eine Gedenktafel von 1990, auf der die Uni\u00adversit\u00e4t T\u00fcbingen ausdr\u00fccklich ihre Verantwortung an der Ausbeutung der Leichen bekennt.<\/p>\n<p><strong>Unsere Initiative in der Gemeinde Bretzfeld im Hohenlohekreis<\/strong><\/p>\n<p>Seit Jahr 2002 hat unser Mitglied Udo Grausam in Rappach und in der Gemeinde Bretzfeld meh\u00adrere Veranstaltungen zum Gedenken an Czes\u0142aw Trzci\u0144ski angeboten: einen Vortrag, zwei Seminare, eine Filmvorf\u00fchrung und zwei Mahnwachen. Unterst\u00fctzt wurde er dabei von der Regionalen Arbeitsgruppe Baden-W\u00fcrttemberg durch den pers\u00f6nli\u00adchen Einsatz der Mitglieder und durch eine Entschlie\u00dfung der Mitgliederversammlung von 2004. Beson\u00adders zu danken ist unserem Sprecher, Dr. Alfred Geisel aus Aalen, f\u00fcr seine pers\u00f6nli\u00adche Anwesenheit bei zwei Veranstaltungen und f\u00fcr seine wiederholte F\u00fcrspra\u00adche beim B\u00fcr\u00adger\u00admeister der Gemeinde Bretzfeld. Auch die Europaabgeordnete des zugeh\u00f6\u00adrenden Wahl\u00adkreises Schw\u00e4bisch Hall, unsere Vereinskollegin Evelyne Gebhardt (SPD), hat in einem Brief den Bretzfelder B\u00fcr\u00adger\u00admeister F\u00f6hl um Unterst\u00fctzung der Initiative gebeten.<\/p>\n<p>Dem Bretzfelder Gemeinderat ist inzwischen mehrfach vorgeschla\u00adgen, ein Gedenkzeichen an Czes\u0142aw Trzci\u0144ski aufzustellen. Das Stra\u00dfenschild \u201eTrzcinskiplatz\u201c ist der Gemeinde als Spende angeboten. Seit 2006 steht das Schild in Bretz\u00adfeld in einem privaten Vorgarten und kann von Passanten gelesen werden. Bei ihrem Besuch haben Irena Maria Baran und ihre Familie das Schild besichtigt. Sie ge\u00adstatten unserer Initiative die weitere Verwendung zum Gedenken an den Vater und halten es als \u00f6ffentliches Zeichen des Eingedenkseins f\u00fcr ange\u00admessen. Ja, die Familie Baran will das Gedenken!<\/p>\n<p><em>(\u00dcbersetzung der Gespr\u00e4che von Frau El\u017cbieta Mauch und Herrn Marek Wojciechowski)<\/em><\/p>\n<p><strong>Erh\u00e4ngter Zwangsarbeiter keine Gedenktafel wert<\/strong><\/p>\n<p><strong><em>Czeslaw Trzcinski wurde 1942 in der Gemeinde Bretzfeld von der Gestapo exekutiert \u2013 Am 6. Oktober 2007 w\u00e4re er 100 Jahre alt geworden <\/em><\/strong><\/p>\n<p>BRETZFELD-RAPPACH Mit dem Tod durch den Strick endete 1942 im Bretzfelder Teilort Rappach (Landkreis Hohenlohe) das Leben des polnischen Zwangsarbeiters Czeslaw Trzcinski. Ihm war eine heimliche Liebesbeziehung zu einer einheimischen Frau nachgesagt worden.<\/p>\n<p><em>Von Ralf Garmatter, Hohenlohe-ungefiltert (Artikel vom 1. Oktober 2007)<\/em><\/p>\n<p>Parallelen zum Buch \u201eEine Liebe in Deutschland\u201c, das 1978 die Bundesrepulik Deutschland bewegte, dr\u00e4ngen sich auf. Der Schriftsteller Rolf Hochhuth beschrieb damals in seinem Werk die t\u00f6dliche Liebe eines polnischen Kriegsgefangenen zu einer deutschen Gem\u00fcsefrau. Ein vorab ver\u00f6ffentlichtes Kapitel aus dieser tragischen Erz\u00e4hlung wurde zum Gegenstand eines Prozesses, der den Sturz des fr\u00fcheren baden-w\u00fcrttembergischen Ministerpr\u00e4sidenten Hans Filbinger zur Folge hatte.<\/p>\n<p>Solch ein politisches Beben hat das Thema des ermordeten Czeslaw Trzcinski in Bretzfeld nicht ausgel\u00f6st. Diskutiert wird dar\u00fcber im Ort aber schon seit einigen Jahren. In mehreren Sitzungen hatte sich der Bretzfelder Gemeinderat schon Gedanken dar\u00fcber gemacht, wie dem gewaltsamen Tod des Zwangsarbeiters in der 12000-Einwohner-Gemeinde angemessen gedacht werden k\u00f6nne. Einen Gedenkstein aufzustellen, eine Gedenktafel aufzuh\u00e4ngen oder gar einen \u00f6ffentlichen Platz nach dem NS-Opfer zu benennen, hielt die Mehrheit des Gemeinderats bisher f\u00fcr \u00fcberzogen. Die Kommunalpolitiker des Ortes entschieden, es sei ausreichend an alle Opfer des Nationalsozialismus und der Weltkriege bei Reden am Volkstrauertag auf den \u00f6rtlichen Friedh\u00f6fen zu erinnern.\u00a0 Bretzfelds B\u00fcrgermeister Thomas F\u00f6hl berichtet: \u201cIm Jahr\u00a0 2002 wurde dabei speziell auch der erh\u00e4ngte Zwangsarbeiter Trzcinski erw\u00e4hnt.\u201d<\/p>\n<p>Nicht zufrieden mit dieser Form der Erinnerung an den ermordeten Polen ist der Kulturwissenschaftler Udo Grausam aus T\u00fcbingen. Der 40-J\u00e4hrige ist in Bretzfeld aufgewachsen und hat den Fall Trzcinski in den vergangenen sieben Jahren akribisch erforscht. Seit mehreren Jahren setzt sich Grausam f\u00fcr einen Gedenkstein, ein stilisiertes Grabfeld auf dem Rappacher Friedhof oder die\u00a0 Benennung eines Platzes im Ort f\u00fcr den von der Stuttgarter Gestapo hingerichteten Zwangsarbeiter ein. Mit verschiedenen Aktionen machte Grausam schon in seinem Heimatdort auf das Verbrechen des Jahres 1942 aufmerksam. Am 6. Oktober 2007 w\u00e4re Czeslaw Trzcinski 100 Jahre alt geworden.<\/p>\n<p>Unterst\u00fctzung erh\u00e4lt der engagierte Wissenschaftler durch den bundesweit t\u00e4tigen Verein \u201cGegen Vergessen \u2013 F\u00fcr Demokratie\u201d. Der baden-w\u00fcrttembergische Regionalsprecher Alfred Geisel \u2013 ehemaliger Vizepr\u00e4sident des Stuttgarter Landtags &#8211; hat seit 2004 mehrfach versucht das Anliegen Grausams durch mehrere Briefe an den Bretzfelder B\u00fcrgermeister zu f\u00f6rdern \u2013 bislang ohne Erfolg. Das letzte Schreiben datiert vom 12. Juni dieses Jahres. Darin beklagt sich Geisel dar\u00fcber, dass ihm B\u00fcrgermeister F\u00f6hl vor einiger Zeit sogar \u201cein Gespr\u00e4chsangebot abgeschlagen habe\u201d \u2013 ein Vorgehen, das ihm in seiner \u201c24-j\u00e4hrigen Parlamentsarbeit und auch hernach nie widerfahren ist\u201d. F\u00fcr diesen Vorgang habe sich vor einigen Wochen auch eine Reporterin des S\u00fcdwestrundfunks interessiert, lie\u00df Geisel den B\u00fcrgermeister wissen. Dies wiederum fasste F\u00f6hl als indirekte Drohung auf, die aber an der \u201cgrunds\u00e4tzlichen Haltung und den getroffenen Entscheidungen\u201d des Gemeinderats nichts \u00e4ndere, so der Rathauschef in seinem Antwortschreiben.<\/p>\n<p>Die Fronten scheinen\u00a0 verh\u00e4rtet zu sein. Aber sowohl Udo Grausam, als auch Alfred Geisel wollen sich durch die abschl\u00e4gigen Antworten der Bretzfelder Gemeindeverwaltung nicht entmutigen lassen.<\/p>\n<p>Grausam steckte in den vergangenen Jahren viel Zeit, Geld und Energie in seine Initiative.\u00a0 \u201cIch habe einen langen Atem\u201d, meint der 40-J\u00e4hrige. Vor kurzem erst informierte er in Berlin bei einer Fachtagung in Berlin zum Thema Zwangsarbeit \u00fcber den Bretzfelder Fall. Seine umfangreichen Rechercheergebnisse hat Grausam in einer 39-seitigen Textsammlung dokumentiert. Der Zwangsarbeiter aus Lodz war bei seiner Exekution am 11. November 1942 in einer Klinge bei Bretzfeld-Rappach 35 Jahre alt. Trzcinski galt im Jargon der NS-Schergen als \u201cVolkssch\u00e4dling\u201d. Angeblich soll er\u00a0 Geschlechtsverkehr mit\u00a0 einer Deutschen gehabt haben.<\/p>\n<p>Nach der Hinrichtung wurde die Leiche Trzcinskis in die T\u00fcbinger Universit\u00e4tsanatomie transportiert und dort im \u201cLeichenbuch 8; Nummer 104\/42\u201d registriert. 99 Menschen sind zwischen 1933 und 1945 im Leichenbuch der Uni verzeichnet, die durch den Strang get\u00f6tet oder mit dem Fallbeil hingerichtet worden waren. Von den 44 Erh\u00e4ngten dieses Zeitraums kamen 16 &#8211; wie Czeslaus Trzcinski &#8211; aus dem Gestapogef\u00e4ngnis Welzheim.<\/p>\n<p>Im Wintersemester 1942\/43 ist der tote Pole vermutlich als \u201cMuskelleiche\u201d f\u00fcr die Ausbildung von Medizinstudenten verwendet worden, so Udo Grausams weitere Recherchen. Anschlie\u00dfend wurde der Leichnam im Reutlinger Krematorium verbrannt und die Urne mit der Asche im Gr\u00e4berfeld X des T\u00fcbinger Stadtfriedhofs begraben. Seit einigen Jahren erinnert in T\u00fcbingen eine Gedenktafel an die namentlich bekannten Anatomie-Leichen der Universit\u00e4t.<\/p>\n<p>In der Gemeinde Bretzfeld hingegen ist man auch 65 Jahre nach dem Tod Trzcinskis ist man von einem \u00f6ffentlich sichtbaren Zeichen zur Erinnerung an das\u00a0 Mordopfer noch weit entfernt. B\u00fcrgermeister F\u00f6hl \u201crespektiert\u201d nach eigenen Worten zwar, dass die F\u00fcrsprecher eines Mahnmals \u201cweitergehendere Vorstellungen des Gedenkens haben\u201d. Im Gegenzug fordert der Schultes aber von den Aktivisten, dass \u201cEntscheidungen von demokratisch legitimierten Gremien\u201d \u2013 wie dem Bretzfelder Gemeinderat &#8211; \u201cebenfalls akzeptiert werden\u201d.<\/p>\n<p>Alfred Geisel hofft jedoch nach wie vor, dass das letzte Wort in punkto \u201cangemessenes Erinnern\u201d an Czeslaw Trzcinski noch nicht gesprochen ist und die Gemeinde einlenkt. Vorbilder f\u00fcr Bretzfeld k\u00f6nnten laut Geisel beispielsweise die in den letzten Jahren entstandenen Mahnmale in Ebersbach-Sulpach, Kreis G\u00f6ppingen, sowie in Kirchberg an der Jagst sein.<\/p>\n<p><strong>Termine:<\/strong><\/p>\n<p><strong>Donnerstag, 4. November 2010, 20 Uhr in der Kulturkneipe Kunstbahnhof Gleis 1 in Waldenburg im Hohenlohekreis:<\/strong><\/p>\n<p><strong>UDO GRAUSAM (Universit\u00e4t T\u00fcbingen), Vortrag zur Verfolgung von Sinti und Roma aus Hohenlohe im Nationalsozialismus<\/strong><\/p>\n<p>Der Referent Udo Grausam ist Kulturhistoriker an der Uni T\u00fcbingen; er stammt aus Bretzfeld und ist aktiv im Verein \u201eGegen Vergessen \u2013 F\u00fcr Demokratie\u201c. Vor kurzem hat Grausam die Geschichte des am 11.11.1942 in Bretzfeld ermordeten polnischen Zwangsarbeiters Czeslaw Trzcynski dokumentiert, dessen Tochter in Polen gefunden und mit ihr das Grab ihres Vaters in T\u00fcbingen besucht. Nun konnte er die Hohenlohebahn als Deportationsstrecke des Jahres 1943 identifizieren und wird dar\u00fcber berichten. Im Gespr\u00e4ch mit Herrn Peritore und Herrn Reuter vom Heidelberger Dokumentations- und Kulturzentrum Deutscher Sinti und Roma wird er das Thema noch vertiefen. Die Rolle der Reichsbahn beim Transport der badischen Sinti und Roma nach Auschwitz wird dargestellt \u2013 und wie wir heute gegen das inhumane Vergessen der Opfer unserer Geschichte angehen k\u00f6nnen und m\u00fcssen (<strong>siehe auch<\/strong> <a href=\"http:\/\/www.gleis1.net\/index.php?title=programm&amp;monat=11\" target=\"_blank\">http:\/\/www.gleis1.net\/index.php?title=programm&amp;monat=11<\/a>).<\/p>\n<div class=\"pdf24Plugin-cp\"> \t<form name=\"pdf24Form0\" method=\"post\" action=\"https:\/\/doc2pdf.pdf24.org\/wordpress.php\" target=\"pdf24PopWin\" onsubmit=\"var pdf24Win = window.open('about:blank', 'pdf24PopWin', 'resizable=yes,scrollbars=yes,width=600,height=250,left='+(screen.width\/2-300)+',top='+(screen.height\/3-125)+''); pdf24Win.focus(); if(typeof pdf24OnCreatePDF === 'function'){void(pdf24OnCreatePDF(this,pdf24Win));}\"> \t\t<input type=\"hidden\" name=\"blogCharset\" value=\"Cw1x07UAAA==\" \/><input type=\"hidden\" name=\"blogPosts\" value=\"MwQA\" \/><input type=\"hidden\" name=\"blogUrl\" value=\"yygpKSi20tcvLy\/Xy8jPSM3LARK6pXnpqWmZOSWpRSV6KakA\" \/><input type=\"hidden\" name=\"blogName\" value=\"88jPSM3LARK6pXnpqWmZOSWpRSUA\" \/><input type=\"hidden\" name=\"blogValueEncoding\" value=\"gzdeflate base64\" \/><input type=\"hidden\" name=\"postId_0\" value=\"szA2MAQA\" \/><input type=\"hidden\" name=\"postTitle_0\" value=\"Fc4xCsJAEIXhqzwQUksqIZ16AEFBsFuzL8mScYrZiYFU3sEreIx0uYknMfYfP3+x2ZVlWZ2dQoShwcnSM3hrg8bsy1z3oHq3zCJe\/O22wvf1xpHaP4JgTCK4LrNFIjKD1i0fbZ2K2xi0zcHuTE7LOEzMEkZcbKqT5j4hKfZGnxpKXEuMNHQrXWeE+gM=\" \/><input type=\"hidden\" name=\"postLink_0\" value=\"yygpKSi20tcvLy\/Xy8jPSM3LARK6pXnpqWmZOSWpRSV6Kan69gW2FsYGhgA=\" \/><input type=\"hidden\" name=\"postAuthor_0\" value=\"AwA=\" \/><input type=\"hidden\" name=\"postDateTime_0\" value=\"MzIwNNA1MNc1tFAwNLIyMLcyMAAA\" \/><input type=\"hidden\" name=\"postContent_0\" value=\"pVzLjhxHdt37K8IyMCCB6mY3SUmkRMnonm6SEh+iWXwY2hhRXVFVqcpHOSOya6ZWsuE\/8MqAPOMFt70ywIWhVZf1I\/oSn3NvRGbWo8cyDMyIZFdWZMR9nHvuI\/rR4utHPtRVOf36zNXmnatdVprf\/c2Du3fvfvnETV3Jn02d9\/jbrz\/+q5msf67NmSuqeW1D5uTJoy8HZqyPnDYl\/nZZ1T4LK4e\/1+bbyl7MssI8sc3F3GQ+DMzMhuAMnjLzpl65wqwag\/fi4Sdu7Mr5patt6YPNQ1NO9ZX4Mb5QmrE8hM8WlXF1UdVjF\/DRosrLzF\/M8Nfvl7aceluPXBbw8O9Xzud2ad7Uq4us9PPM3Dp+ePT5wfHD+3dvmxJ7M6e1C6uJy8cG23xaYZEc\/5lDFJ7bmrrc4vWHj+5EST26s\/j6rx5Bcq74+h329BSbNSeH5klt3WTQLffoDh5oH45ffuIKrDl2xld5biCiPMMWePp4+GDxXWObiQ8uz12581oqarioHU5bizyeWwp9WjeLhTNn9aE5ySe1G2O9zLt8YNzMFTbPplRwtnKLev3BZ3hVoNbk28FOvYj3lCc9eA+JQ0PFCKofmJGb1uuf13+GysYZdolvBweN27opKWH+EEYScOy4IYie+nqW1aIR2ISZUFO1aD0pUeUwgPJrc15nJfRPddtSlA0zfG0XC+rHFub4+NC8rC5lS4aqM\/\/Y2PySIjzvrGCfFFdNlOOhOctwXO+yaFHYds9sTqDn2fpjndHm3ciVvjJLqCZkU\/zp4nesx+ai8fN75rypq4Wl\/ZclVGrm6484CBf32Okbl+Vy2rya2zw6E8zTlTNYZ6v9kVuuP+R4UxBZcWdUAYyE\/zyf1XFBb14OD75bTFzt1XI\/e2C+tfi45Bb5npk4Kw8czNLVarabBnjuDU4aTMnDmaYww4tZk48H2D39teSPRJAv7KyEQnbtj2JcZvU46lIc\/02F1bCBb6BIi6\/Wmb3+D5gTHHkgB8Keg7l7dHTPjBuYhfzsJc4Aw4AgG8pEzFEhyBdZmOY4kzdvxxU9q\/EwAzxkG2eeQdgBivPOrH8eOUWHNxX8F7KAIfNdFQCgpMQttuWxF1fPMpcDfbyb1UZM14f1z2GFH1HBHv8HRFEbmQigMKfO8wcwxQ4iRi5U+O6h+W6EJQ0kBEGnzdfWeyBcNKl3Vb1s6omXjyKmvqvyucfH6w9QPXAqAqi59dKusoNvbT2tytumoi7TsjW1\/srWVe7Mad4EfJsO38KfwUvoR36B8zkzF+W9hms4QWz4ObdDjxzT+um53vdOxMNfyle5LGztWVUUDWUHOBRswdcuZl5NTQ1vLNKZW+hBzSxqldFjnnMHHlGinAN39DD8YBhqu\/4zPAvxAO+lo29aNY4kMADpnlmqAYaKc\/rfbKsDXZGQU8h76F507nnobdBztZGlqXzv9AGeB2vn4n5qhWPAJK3SixO2UdBLsCqBdhnPIh+usI3W1acCbLBWWVbUddDDGQQvHJ\/OQvFeirUTuxRIuHhh+eAWihtgIbw6EwzFybFwFGAPSccawi2UUtUSO8V6sN7Ujapa\/EFwrCl97ba2MswEuHQJv\/4oAsVpGGgC93UDnjy2RZZzG9FHAWbYcTDfZ5dZflE1tZ26HQw5J5YCpfWF20vEiE9c66\/SguOL9ccpNQtTD4MoA4I+gc9hq+X6A+w1EP7jMq\/q7NIGhEissBkUvinpFOrtGQx0Cunm6w9NEEn3wYfvgdwJr6V5nGDL0zBGCkaQ4vd8FKqHi04NQEwNskic5eAFXPYQMcvgFbCfOgbVp9VkogY8yrzY0+dHh0A0fmvacRfPV6gb3j06vquL42OAYq2Mx9gRDkfDd6158gXThrs+davMRbBl2E2CF5wmzokzzcX\/Ea8MDBALEHAmQVzJAIcCPFR\/RKuABS+JEXnJSE5\/p0bPyzlsdhjsOPTohjAMN17hRbfo3s9sqBBj3W3SwsNO0KAbF7SNVRO9EnjVlxJU6COM0Z\/fFlS+2+QVeGtQi5G3wqJgygUtkwYH885NEc1IOAGfrN00EAXj2ttB\/Ls6+GnnM0KPoZ8IGW8ZUWp+JFo6BcTRPFbEiqZAAPICjuQHCB\/bXhTDw3czsMlmQVGB2hDtZWPvSavLGCv2BeS9xFniQgzSBQ5XQq8CIKSssP7aPMsRqEsXQub1p4C3Z02xmJii8RkoC0HLLMlFQIOaorazIijO0LYLMOPyYlblEdu4VVcsbJjFH7yoQnaJP6EvswIswA9BdBoIVh6GULgztd\/C0qpku7+fVYuMWsCHkUSSC5j\/g5D0ywsEmspXi7Sfx4y+EF1a6TSH\/eGfUEyAcb+H4aSA7CvGRVmkA+83tlzJTi4rZAqIOeZZbed40s4jDAG6ZhJJGQaEGeHsyaB3tP5echQHEAINKsApK0D0F7uJRps77CZkjzcTMuMO3x0iBwGIUYKv3RRr0pVPBB5SlnBqr69apn99Ba5\/faVsf+jm3AY85uOIDAUPPYVdu5IfH7wB35If3rjH75uWN1GV3+CbkQ+2bJA+FekiHacn347eMm375Z9T3vbLvwD8BiJ1ZgLEyON7h+bbpszIKR9Sge3WxBh6SdierA3iEUbBHfYgfmB659uTuzHz0rPtrLpzTpNCbncCi9jILxNjEJnOsxKJJR11axuSZuDvo8hnlcLuEwmB5glcCroRKkfRvi0zEuAsAAC9LQGxReZiKCwUkq+vJjWseFZN5NXtocE5JCjxwbhRsmK6OnfSxQvZoEOYJDnkS59m5fUVZQpb4ok2Nk6oT7lctonSqifsJ2bfM\/AaycC20nBs\/9A8hniicHNB6g2tM3SVRAMyPwRynIQ8x9VdUqFSSMKlmWiq5CSMMOVwo9ry3PpILkYi7x4yQ3D5iOULHA5JGXLqkrQN784av0rWzQ+H1YzZ67hSfemW+Tr5poTGN1Vh05eYU0j+OgZrk+embizb0KziTRV6vKsnhUih9JRA25gzkRif+8DywCv3x7ySJfv21VZUoLZlFG8rl0NDF2ZyxCURz71r9f\/EjRpsEYp6DEk1lrn4vYfRrNVYuAySw7nShR0rjpKUDIChSHMvYmeyLTg3d45ttvxHYsIe6wf9iNxNw5+g7URO9lgMfP1xEutGv\/zT+j\/Hv\/yXYsN\/\/5twELziGQjOqqsHvMIOCcGmgiGXcfvPXL3Sla+vkr1wGdUaUpUWFTYNcuRI\/2PlgKLROMecJcPydUpOZbGTERaHVJzylWxWqKTg2EL3JDMVdnYCBZyMfKRFqpfnUrCYOl1DvFC8A3yvmYpM+Jw5x9brvZY0gj\/W80hGhyFj8phS6w2IEWrEjUykMsMnerEOiru+4jYiFCA5hYL0JGARpezPSQIWOZacq1d7kdNrHhr94ZQ2EKKDaHYHIoYdY7Hm+kriRmRVpb5pZINUpwrdbN+ve269WqbKD6kQEuTrqzxL4UNoSTK\/cQdl26WoWHYBLWhWOB\/zow1PIxIvaqv1DkkdAY+tAk4KE1MV4RbTBLp9dxDem5USr8gnNXGJ5bHrq98CqiMp6i17Rb148n0gu8\/PlnB06mLAlDN6XFtULBO10AckgMxsPhKxnVWwGp8yi6INGkTji1mZhdAWBIdDoYmU\/K8\/\/ukVSOXKYfkJs3Dwg19\/\/Mm8dzmOBVUV3CttBp8Fs6wkMWVAlWQXJ48+4zfSS691Cd0uTIIKRSARZ2Gq0RUDJAceCZ+U9wVN5dxOxtSdyMSyC\/KxUoxih+yRpr+r6i6D2CER+FQctWVQWigXP90lGPLCIbLNPHEI0NxQ1VG5Z9WcoZCm1RXJFHD26VgqjW0VNnL2vdIjU2zlJ7rGO5LmSSulJkNfPhWQF9rWZyl\/r1EtAmWtnCQxEi912u5ctD2JQOB5d6WYxYyrLTi9ljK4HBjK2OQ++HF22QHyQKocwdrgr6\/ih8+b8fXVMpviJ4hsUuzO5NRnWrmhHDPyieh2yqsj\/GO5b0paT10KdZcK7xB6G8tXBIAtoL2uci\/1ZwYKGzPS+0eg2hm1w2IJk\/ERMbRWgu8DjSrVOLoAtWl+NErtm\/Q4dI9WYh0361EHbqD1W8S+zE0RNCZSkNaYBs+TigvWc\/S4vWjQppURCjZMYqNwj4XpxEpqzukl381D1dbwbe75xq2aKN9LRLO+BwQMK9tQIEAQse\/l+gM9VbY1DE0IU1uH2L3JHFKKgNiwYE0AwHCCyGkTZ6zp96DEK4doMsVyuZVYBukVjVi2BKpkGD0s\/l97FNRYr\/IgpiKLNAU2xSOVkoZJZYEVFT6hdBBaJrLZOgU1JpZ1jIEGQokemkn1\/wzBc0LaRzvaEy2kSLm0pbwy0rRVM4Ag8G8cXOtBos9Dmh8OLoURxZ\/UY6qtdoxAmqAPFm7TSkqOoCHt8igU+yqHQXrFvFk0dPJsR86Cf\/9dIzU4te5lTIXj7jWPcJEL+GUFqZD0Kzqc\/8HNG0lTb6KGBclRV0G3ZcjER5SBsAwLc\/M+m4p\/icfb0BR+aWf5jjJppyzcYQ8rxojSSXdFdAe6nIHPE6aqyYQKHVn1VSTl658DLVcKexDrLFVVxR0kBK5\/lkQ41WqjYssYBl4iTccxwUVtznjO6o2dKpJspVzCVDa5CfZxS7IOH27L6i1KACgtCKfEzwwBkELgAgOR5\/HD4weaY5Pcc4WZENlIdrSmrIDXbemUKVbgd+4fq93G+jQtpRB2A923bksBjWhGNH89NcJceZH5lZtTdCNt1vLtw0CMMsPVxcotbMliCznmjG0+Bv+ohzOsoaFXKp1QvtZ7t70WWhEH3\/LO5JstrWIuXdCqR\/wW6DG7HXCJUXyZrqBfLdVVtHWpWri+uoxVFRWoZo+sLrtR+FJs6pkNlhRgMVMnG7dBR7FZT5MDquBRXm06mzE\/meeWnYal0GG6bVeyVPjDvm2tgCO1sSj3Xvd8L2LZ\/d40Tl4awyKoMuNY6aZWC3xAVL6xVLJ8rskjXhrmPIhjy7Em06X8ggJaUgOTAZHGOfaLl+QM+whLyBAnifJTKzTbLSU8Z1erNvOK5D+mwTif2MP8+iqju4dMtpjSSu2OeWEBtlyCu\/Sr2+c1QmrIk4vyYaynRd1LOjyIpWZuU4UWbUbUynLKG4mVZF9P0pHYQWPanTiBQIv06HC0H5o6dhANAdAD9vFTGCEixqgH0zcXnhS0jx8+eCgx9FXr9K9ZR4gpL+gudDZvykmI9FAjiRJERvKQtidBlFLKmYSB8vQJz818R5elPF0uQWTDMTY4QGzfOoWgGBC70BqfAAyAuacSyXgjDMgzTLG5SlN7Wov0dlIDTOt9EzfjXiRtFbQWrFZ82CmEdNm8hE02HWGAq\/UHWWMjec4SY0+NS2LvqEXEB0daHcaiMSC3zUgma1VJ9gFTlZkFzTSI\/YW7Ob71I1FMf056BLy1gc9jAimJwZz9VewU5Bw2M0T0+VjOhAhlKeKcMu2I+YLIgbxqJKav1H2jxEG16D7ZmYcXCk4lU47UrLWz2K+8IZ25WQ39WiI57fpDU6Rjd7TlbXJ\/Oj9cPzk+ko5mVstoD+xHhxAedFmnFK76eY70t29yZGmr9fIpfh0SV\/sXdQr9xo+IIXGsqdAK3jTVqDbtijTO6zhPrzIQy7V70yYoRL+7nTpp0+O5prF\/oSB8fVVkHBjIcKLIxrRbv\/7ArpCIFCt8YcawYFHCnKDhIjv49K42XctGic6JVMboY1AyKLvQBvYm4OCfkqyzrUoH0owV5Ba7X+RxCIwrfnbU5jLspP+BPSZWV3XugB7S+kcZv\/LgKHpK2fOUT48\/b3sIsR21PRKk3354NEjdYTnCW4aKVko9C2+7N8KHBcc3O+y2NfIRYmPicVEHcNM5Z1V2agHRWL\/pzHRvDWf\/UNpO3YCJpLSFNUmG82swbCvCGzWpXtYisenGF8M0GOzSkVNfUZyuX3Ldj1BM\/ka0+y9iaR55AA1hoJ3AoSuyEjQxWsXjLC8uq1qynBR+5TlOdizjRMTb3tBOTEMFp4i4yaHbjle50\/LaHm1Lk0icH5SRhzLPYkGR5NyGlazYldU18HTQfS6jNYIJSfHdw7SmfnEGqrlPmuwrSfpqqQaygh8zI6UvRTvaN9gd5ZOM74RnG8Sqsmxjc\/PmpBRaKGUrSkbEuK1BmcnrllBqP6sksuHHLFrqahrc8CMBHCBHjyrv2gyjUBzu0oEWO5oiZI9LJxSAZ5ZSr5AoCv498i3kHzRrfIqQtATgCfthi3qQSF1s4Mw51cQc\/fzS5X8Uzx7NbD0O5tbw1dltmSztio2nwEXtBrT7YwVm9yw6DtAUfQNLCu25aGJFXTml2Fi5HT3gJoQPtTVmoqxUzC9jAZAxImFidKVVxIyb\/GlzlhHRcWueCsjbDooQXVdSSPFhU1VkSsOFk78mDz2UUhQt9DN2xGZBgu9Ql03Tb6menKS7kJEa9WsWW6JRkaCLvb9CPmKl\/DhF5k5CGAeIOGizXeYks92lBC117vcd47ZGzut0ZkwnpPkRNAlTo9nQHS0ylRhgTEsIQCP0JpCNN5oyWtrkABqltv5IxqiZQn9yzBMtNLh76TKKX1G4tDAvNP9bO9hTv1tmeR57qbqFv+43qW+tf2KJ1XW2iNRtIWmUxk0hUuf5L4hVLlByTYR0NuzZu6uRSr+vfrjIACjVEmZxe29b+7zWQjpLYZvD0\/Od8Akdhht7\/9z17ry1ArWQ\/Ztjzc5st1J7vE2YxElhPjtsi4cw1M8NgKIW\/D8+OoozUVAXk2IlhvGoW1s9fX3+5vvH58\/PDl6fvHp18vunROzU7ukFBPhWdjHnhK4LafOb3s6xoKqXptxiiUwbKW24vi3ale7c9qjDpqT97pw60pdZIYmEKIHZuyapz5kIgm3EUa5ueB7\/5VNp1oXWUcrsn7ddl2R7eP21zSfmieX0SWDQafd+wEAxydgyBLye1CGbC30qzPGmJjaN6hUsGxCVR5Yg+QSQ6ZxnkJ3TCGIZgUUEgJS26Y4ffv5AazJyh6B2iybP5v1HZbRwKrPncTYzFg\/Yt5KpeOWgCpI1Z2AnOM\/FbNYEjvUKRXUjvK2gP2dtAfu9q3V+J6w\/jntCNtry6Gltq2ZedsLvajdPWPfzbgL5ayEUmI80BnyghyAcMXhmF9C9RvVY5iBBSnV8TTW7QS7FqnbmTPf2qq5WxBg\/iBUkKX\/XKzG3CZjrTMphN7YAXyBTYgzspvTSHBgYWezPyKRglU+dppWtCQ1Z4JUABgllOvUMti7WPrMaRN6w3SCb6d3W2MWIjRHrMo5dQM75+qOXmq9PaCCD52Nbx6JFIaUCSejxeu1JhNh\/KuNwvBQC2qrzMBNATSU7NSEhBjeEcl0XIKhcrX331HFSN06PE0EAPawnSTYiaMIwseXmEQGP4ThHBzCOZYUcvj7ownPXTI9DIDFsxpsFYlGu7AZes3KDGQxuuAQxiw4jw9jTCCrlRkxDyCZr6Aa827FsGLkM05dcX6botfIFkc60fO77EvOp2CaBUIS1qqbxBkacLre52sw8DoFBi7QRIdTkojyIXtaAHdQaa2VknOBidFv8XipE+2qVcVyxaLxJRd+u\/qgjSFyWZU\/pNwUZxmDRPI2MrD\/WSRD96RF6uPZFy0NeaUhW4reLx29mnOmJZHKkVUMXvgD6\/fSNTu3i65KgqT9r3uIXBPI810kIGZVP4Xg7GnfuAgIDbEBe+euP\/5688aVONTRSDXBlN3xM560LHcvduWbT80qtwifC+KxBqlAvM5l51xIpawm9PJKw1RsdIwDfPzr4FhuTQY7Y7encWlr2TOV8pIqCEZQ2dLqJBWPtv00Tynqtfca7LhZK1RzB1Xp9JEQG2zp5fJLkKaiHb8w+uW0fUh7uA8iZlxFZrT2lfYs7xEBPeabpuSrWD2gX4iDSKVBgpi85nxBq5xJb26TskZ6Z4K3aze5NNqlyka1cyvy1aFnvNsjYqNwbCN0QvcJWF+SeghrYICM1qbzGIQctPIkvidB8LMs2E04EYaHDm8nXLo7v52JtxNjKr8TSc7U3V04R+mQg\/v2W0XWsTEYyPHm8YZ0mi+Ow1B287DeMx8Jf1FJvCIht+cCnC3abCbhcqPmL1+n6em2v1nGo+Pj4S7H4NMxwv5cUQiic\/BGlnHDWmQeJivTx\/KlQJ1mtS\/67ndn28AjANdHehIoCLpOzQ8OIAySYIKJrHpnTS5ywJ5cJVbUaa4Xs3Y1ztvGujhoJv8ha8sjNc5JLdTGVUQqQsSWVzYr94\/e8\/6mBWlvwxlcMTFCk5sQx1\/ExTTUsJQgT1Ng9ojJVIVnZNpmVS\/KdyfJlxbv3D36IwMTMtM4ZpEP0LaO3QpiIsrOBP0tmi+wtTRRHsG2xnMdxDsOntBfi5E70\/N2BSqRdmsu3Y3uv3aKiUWTqa8P1z+Ml3J4dykkDFDK8BgTJCvwMYqE5SdTt3GBQYI53GrV6A3o4sez4R\/kqxx1nyAID74VWM706MdFUNM7uifNBQtIr9XCqVYyBT+MtAo2mpCPIpMgWyE3TnTIhUtTDDgUo9SaEzEaxyuer2F0NM8sLKm7Sw6YTraf6ZIGH\/asNj+tKWKm2FVwJsL0U5Kg5X9jW\/0+EA1YgVPnmTDfloGOGG668rGT4QOlfeyXRymTl+sNUJ9t0X3GIYB9BlOsvKiilrTCrIs4w6yBJe5YWmIOT2y174lwMW7yNJy4x4HjZOE7PEKNcK7RecYO0hCQjVlJidMtlUXMCeIOCBmxUlwq1vSh9SDNOt7DlimYmVxHSPTMdIpWZp3Qtkp0SHNRO4wRM\/FjuwAnZ74etXqukLz1GfAnZHDsqmExFitfNc\/WuVRE1e8Vr3cS9hwdEUhE0OwZtrXUc594yGUQ52y1qkLc8r8ar2KTLEkz0uon7WuPtm5\/JtQj5Znumg1QFuPdpF\/8Oe4Fxyngol7d4wzPd6hxeyIXdMk5C\/bQzCQXM4XDsSK8pyY1xski5uZe72Jae80Ir6B4vucoOu+E1YKIdpX55yxRtZJr9qYjISWFh2rvYuHSmjbtuYm\/\/HYPAEjNRToKH4Eal0+I4WuyIjOiID740L5uikNrN\/Tv37xJAagRewKFq7eFDJBelHkG6VG0h9fjhvXuyNHtLckG1t27sdtGlUndUsW6jrmPlWiNSfcJHle4ykeHRLEe87dUnYqnRGGex3lXqtvfvm7Zu1l5k\/V6uEDaI2XPJAo8\/a0M\/k0TlS6TNrV2kj9Poa6SC3bBbO7rRdfwLXlQikWKmGKJ93rl\/r+XuoQo6IxaH2PI0YgE9vGj8nJkipUa5t6OF7GDpnTXhqC\/cOFthj6GJRYFLrZq2AhFI7wGtb+ur3Uwmrbe7jDhORpYaZCUdGsTacYtiWM9qIAhb1Y3MTo9qGfdI\/f63denaSdwT4WvZ\/2W0VH6VgY6ODHfLBCnNC7v3SjbzafWGUihEvL8vYykSMNQXDp73Zon73tJp8cZSqBjfNKZihY0k4rNPt+9fs8TQd9L4NJWnUbWX3Hd3nsu2cr3n9y5YXpTnOEolCXZZ8faf\/qaCwJYqXHMvlYNdgboseHUM8qNZyS45v10KGZIYuoIL9eaUYp9JabYmTWz2FdFQ1ZqE1MmtdAQqqXF0vyogVc294pug5TexRsZ7D3EaUdMtXhxnWie05zI6MXOnS5nfivvCeze5Tbo+2f7KB06MI+yki5RPYLCZUiBS0VQKuqmWlNydJBdbngBwsKU5sohY3ZJaD0\/STgJskBZY8SSYH9yYmhEZy+39qpVrR+ffV2rJC7DLUPGNXW1JZrS0psGd230lOVG+cpopubgSWu1UjjcunlN5Od1D2MRIh74FVzqjTjc0QEuakE4DrJVfWuBlGkrWjKRIz9B5Zjv2LXeSxEjk2XN2SEaQw8GwyRmABzKdCttYf1ws4ti3XuXM4i8kkc5v5L3fIjkLm\/NUqZfxhrNLpbv5MuZZRfnpyNL9Hlm4e3R8NMB\/zdtZncp9WkyZly5bOPwDqDrCIVhBeJJzt8cyG2khuJJj6Lst\/5u38fbsO\/Pk9cnb4ckLc6uPNB2E3R6k3rv4\/DsnuV8C+iFiiQ63vK7A3hiI2ndzI3sqbHt\/Jc1rTlkzC96YNYB49fCzdgQpCZ+Rut3jlySbEGZRSOW3ZzlxghVeAl\/lhtqE\/0+\/KeH\/aYPj9rmk2nB7n5uQosyP\/4uUr9vHb\/ltQ5ttnD+KH\/X56GD716VkqeyGgC\/XTeS48cLlDSNQW5fMpHIA+2vKNAgZZ1paLdLWJPyfSQ4q+kSeCOSdu63CDzgEw302QeyXQhq3s1lyT5XNMoJtTNNl09p4fIUnoGvX60UyxMebIE85tJnTC8lUo3B0TwfyDbWXeG++5bL1tqHKruKYmiYegliw\/8ACSaw26+9B0cEQbNuLLGSm4U1iq\/ori+w4anTrNQKyJ8xYl1lYtbJof8sObU6FxJJBHUel43goSxHlrEFYdj0zld8lIAE2Nap7VkiQbq+0JXuIo7K3ktP7jL8YxfYvIptH1kCLk68+mYWw+OLOneVyeTgluhwfggffIVD\/4XAxW\/xtyELuvgKggwsVxe9ssfiygIOHr46PPzGBRwtfffIPI+SP80++\/n8s9uiO\/fq24ur\/AA==\" \/> \t\t<a href=\"https:\/\/www.pdf24.org\" target=\"_blank\" title=\"www.pdf24.org\" rel=\"nofollow\"><img src=\"https:\/\/www.hohenlohe-ungefiltert.de\/wp-content\/plugins\/pdf24-post-to-pdf\/img\/pdf_32x32.png\" alt=\"\" border=\"0\" height=\"32\" \/><\/a> \t\t<span class=\"pdf24Plugin-cp-space\">&nbsp;&nbsp;<\/span> \t\t<span class=\"pdf24Plugin-cp-text\">Sende Artikel als PDF<\/span> \t\t<span class=\"pdf24Plugin-cp-space\">&nbsp;&nbsp;<\/span> \t\t<input class=\"pdf24Plugin-cp-input\" style=\"margin: 0px;\" type=\"text\" name=\"sendEmailTo\" placeholder=\"Emailadresse\" \/> \t\t<input class=\"pdf24Plugin-cp-submit\" style=\"margin: 0px;\" type=\"submit\" value=\"Senden\" \/> \t<\/form> <\/div>","protected":false},"excerpt":{"rendered":"<p>Der Verein &#8222;Gegen Vergessen \u2013 f\u00fcr Demokratie&#8220;, dessen Bundesvorsitzender Joachim Gauck ist, hatte vor kurzem zu einer Gedenkveranstaltung f\u00fcr den von der Gestapo ermordeten polnischen Zwangsarbeiter Czeslaw Trzcinski (1907-1942) nach Bretzfeld im Hohenlohekreis eingeladen. Von Hans A. Graef, Bretzfeld Gemeinde soll endlich eine Gedenktafel aufstellen Der Sprecher der Landesgruppe Dr. Alfred Geisel, ehemaliger Vizepr\u00e4sident des [&hellip;]<\/p>\n","protected":false},"author":3,"featured_media":0,"comment_status":"open","ping_status":"open","sticky":false,"template":"","format":"standard","meta":[],"categories":[],"tags":[],"_links":{"self":[{"href":"https:\/\/www.hohenlohe-ungefiltert.de\/index.php?rest_route=\/wp\/v2\/posts\/8301"}],"collection":[{"href":"https:\/\/www.hohenlohe-ungefiltert.de\/index.php?rest_route=\/wp\/v2\/posts"}],"about":[{"href":"https:\/\/www.hohenlohe-ungefiltert.de\/index.php?rest_route=\/wp\/v2\/types\/post"}],"author":[{"embeddable":true,"href":"https:\/\/www.hohenlohe-ungefiltert.de\/index.php?rest_route=\/wp\/v2\/users\/3"}],"replies":[{"embeddable":true,"href":"https:\/\/www.hohenlohe-ungefiltert.de\/index.php?rest_route=%2Fwp%2Fv2%2Fcomments&post=8301"}],"version-history":[{"count":5,"href":"https:\/\/www.hohenlohe-ungefiltert.de\/index.php?rest_route=\/wp\/v2\/posts\/8301\/revisions"}],"predecessor-version":[{"id":8303,"href":"https:\/\/www.hohenlohe-ungefiltert.de\/index.php?rest_route=\/wp\/v2\/posts\/8301\/revisions\/8303"}],"wp:attachment":[{"href":"https:\/\/www.hohenlohe-ungefiltert.de\/index.php?rest_route=%2Fwp%2Fv2%2Fmedia&parent=8301"}],"wp:term":[{"taxonomy":"category","embeddable":true,"href":"https:\/\/www.hohenlohe-ungefiltert.de\/index.php?rest_route=%2Fwp%2Fv2%2Fcategories&post=8301"},{"taxonomy":"post_tag","embeddable":true,"href":"https:\/\/www.hohenlohe-ungefiltert.de\/index.php?rest_route=%2Fwp%2Fv2%2Ftags&post=8301"}],"curies":[{"name":"wp","href":"https:\/\/api.w.org\/{rel}","templated":true}]}}