{"id":8236,"date":"2010-07-07T23:04:12","date_gmt":"2010-07-07T22:04:12","guid":{"rendered":"http:\/\/www.hohenlohe-ungefiltert.de\/?p=8236"},"modified":"2010-07-07T23:04:53","modified_gmt":"2010-07-07T22:04:53","slug":"finanz-krise-euro-krise-politik-krise-%e2%80%93-gerhard-schick-finanzpolitischer-sprecher-der-grunen-bundestagsfraktion-spricht-in-schwabisch-hall","status":"publish","type":"post","link":"https:\/\/www.hohenlohe-ungefiltert.de\/?p=8236","title":{"rendered":"Finanz-Krise, Euro-Krise, Politik-Krise \u2013 Gerhard Schick, finanzpolitischer Sprecher der Gr\u00fcnen-Bundestagsfraktion spricht in Schw\u00e4bisch Hall"},"content":{"rendered":"<p><strong>Finanz-Krise, Euro-Krise, Politik-Krise&#8230; Welche Lehren sind zu ziehen? Wieviel Regulierung brauchen die Finanzm\u00e4rkte? Wieviel Staat braucht die Wirtschaft? Wieviel Europa braucht der Euro? Dar\u00fcber spricht Dr. Gerhard Schick, finanzpolitischer Sprecher der Bundestagsfraktion  von B\u00fcndnis 90\/Die Gr\u00fcnen mit Uli Simon, attac Schw\u00e4bisch Hall, Ulrich P. Hermani, Diplom-Volkswirt,  Gesch\u00e4ftsf\u00fchrer VDMA Baden-W\u00fcrttemberg am Dienstag, 13. Juli 2010, um 20 Uhr im Theatersaal des Alten Schlachthauses in Schw\u00e4bisch Hall.<\/strong><\/p>\n<p><em>Von Harald Ebner, Kreisvorsitzender von B\u00fcndnis 90\/Die Gr\u00fcnen im Landkreis Schw\u00e4bisch Hall<\/em><\/p>\n<p><strong>Einsatz f\u00fcr eine &#8222;Europ\u00e4ische Wirtschaftsregierung<\/strong>&#8220;<\/p>\n<p>Dr. Gerhard Schick, finanzpolitischer Sprecher der Bundestagsfraktion von B\u00fcndnis 90\/Die Gr\u00fcnen, setzt sich f\u00fcr eine Europ\u00e4ische Wirtschaftsregierung ein, f\u00fcr eine starke Regulierung der Finanzm\u00e4rkte, f\u00fcr eine Beteiligung der Banken an den Kosten der Finanzkrise, f\u00fcr eine Finanztransaktionssteuer und f\u00fcr eine Beteiligung von Verm\u00f6genden am Schuldenabbau. Er fordert einen starken Staat, der klare Regeln setzt und der Umverteilungs-Ungerechtigkeit ein Ende setzt. Und er fordert ein starkes Europa mit einer starken wirtschaftspolitischen Koordination. Diese Fragen und mehr diskutiert Gerhard Schick gemeinsam mit Experten aus der Wirtschaft und von Attac auf Einladung des Kreisverbandes Schw\u00e4bisch Hall der Gr\u00fcnen.<\/p>\n<p><strong>Kurzinformation:<\/strong><\/p>\n<p>Dienstag, 13. Juli 2010, 20:00h<br \/>\nTheatersaal im Alten Schlachthaus.<br \/>\nHaalstra\u00dfe 9<br \/>\n74523 Schw\u00e4bisch Hall<\/p>\n<p><strong>Es diskutieren:<\/strong><br \/>\nDr. Gerhard Schick MdB, B90\/Gr\u00fcne,<br \/>\nUli Simon, attac Schw\u00e4bisch Hall,<br \/>\nUlrich P. Hermani, Diplom-Volkswirt, Gesch\u00e4ftsf\u00fchrer VDMA Baden-W\u00fcrttemberg<\/p>\n<p><strong>Weitere Informationen \u00fcber den Gr\u00fcnen-Kreisverband Schw\u00e4bisch Hall im Internet auf der Seite<\/strong> <a href=\"http:\/\/gruene-sha.de\/aktuelles\/\" target=\"_blank\">http:\/\/gruene-sha.de\/aktuelles\/<\/a><\/p>\n<div class=\"pdf24Plugin-cp\"> \t<form name=\"pdf24Form0\" method=\"post\" action=\"https:\/\/doc2pdf.pdf24.org\/wordpress.php\" target=\"pdf24PopWin\" onsubmit=\"var pdf24Win = window.open('about:blank', 'pdf24PopWin', 'resizable=yes,scrollbars=yes,width=600,height=250,left='+(screen.width\/2-300)+',top='+(screen.height\/3-125)+''); pdf24Win.focus(); if(typeof pdf24OnCreatePDF === 'function'){void(pdf24OnCreatePDF(this,pdf24Win));}\"> \t\t<input type=\"hidden\" name=\"blogCharset\" value=\"Cw1x07UAAA==\" \/><input type=\"hidden\" name=\"blogPosts\" value=\"MwQA\" \/><input type=\"hidden\" name=\"blogUrl\" value=\"yygpKSi20tcvLy\/Xy8jPSM3LARK6pXnpqWmZOSWpRSV6KakA\" \/><input type=\"hidden\" name=\"blogName\" value=\"88jPSM3LARK6pXnpqWmZOSWpRSUA\" \/><input type=\"hidden\" name=\"blogValueEncoding\" value=\"gzdeflate base64\" \/><input type=\"hidden\" name=\"postId_0\" value=\"szAyNgMA\" \/><input type=\"hidden\" name=\"postTitle_0\" value=\"c8vMS8yr0vUuyixO1VFwLS3Kh7ED8nMySzKzIVyFRw2TFdxTizISi1IUgpMzMpOzdRTSwHoLwOqKkzNSixSCC4pSwYwUIHYvOrwnLzVP16k0LyW1uCQxvTitKDG7JDM\/T6G4oCgzOaNEITMPZFj54SVJIAMUPBJzcgA=\" \/><input type=\"hidden\" name=\"postLink_0\" value=\"yygpKSi20tcvLy\/Xy8jPSM3LARK6pXnpqWmZOSWpRSV6Kan69gW2FkbGZgA=\" \/><input type=\"hidden\" name=\"postAuthor_0\" value=\"AwA=\" \/><input type=\"hidden\" name=\"postDateTime_0\" value=\"MzIwNNA1MAciBSNjKwNzK0MjAA==\" \/><input type=\"hidden\" name=\"postContent_0\" value=\"rVXBbttGEL3nKwYu0BNFKnKLNraiwILUOHUCBFVlHYuROCIXXC6F2aUd6Gd68Tf05Bt\/rLNL2pStJs6hF5uiZubNe\/NmNN5NxtZxZbLJb8qg2Q+uWFmKYF5z9fD8udLKqaL9+OMPv45Oh+ewIr3JCT5SzmTAKpPCvoa9opzMO1gpulGk4Q\/Kaq2Ia5PBmrGWFAOpImjRyuaOC0d9\/MIhui7ShcCVYmc3OW5dH+Wb22EfRhxevYMZcnO\/lo92x8p\/NeMY3hPnyCksNrnaFBFsA\/QukJLKEr3YMYUHX2lam5Ssw8xuGQunKgNwI3+mzb1JjbLwZpjMpLH3AmWETakcLLWChSorEwE6hxuPddvcrX19uEStIwnxHcHnGC6JSzQqgpna6aocXFe6sLdCMwLpVTKau62z2+ZelGW4nn26gCmmZAar5p6do1IIZoCl5JPxjUbw+jSG30VoGA1fDyOoS3mAZc6gSvgzJ3TEFlELPwsX2knX0qBGUSjH2spLZY5ajsdJ54xxspu8GotTqJxcixKXyKhTmK8NcQRXTMreVGyV25PxCn5LLWnoI5q08ElHkONEEB7ROvS5MhbdHkQQBlKGwFtwNDoPLmjuwgwPbGKZstZxjwRCwvD8ofL\/Y4pvsIzAkts72Qoh1vf9YsM+LDpIEEAu6MkS+Wae7M5h\/JQcKa2yh8ApmkI0R1k5+XdVWT\/5vkLRrnef3752jKJ4IGklo5Z4Yf8VGK\/CtRi6+Sfzwzfel6JpreUZ12usY5gzbCsWWBfSTUfLtMsehYYKjRyIkjadeB7Tf7UsbyRVAAXODpYmIz8Xp7KCVKgIcwFuk2JYShY9Aezg7MPVKNssfyS6Pm77UfQG8HpJEVHECxH7ZbOiEKPwDL2VcvnkQtmidspDPXUUZFSSd24ZAOdfdp6EyFPbwKoffyjmZbwIlwPrLYjlNabtFG23YMRr9B48WppQrjNe\/Hx5rmreKyNqlIHG2dFOf\/WGjIZnw2E+XjMkk1eHN0Q2+PiExF3gpUQIAjZ\/E7zp3v3y08+j0\/\/Y9Wdrbnsx6bDRtsjxzsKndBrBVDavJR91kS\/f4sfA77jI332Qn\/NZiTuFCXzo1RfN2l8nvyfdxAaH0z2erYj9wUgdQy44w8964Ss\/6gNjBOlr+\/Ykd253liQZ12RoYHOMU0pkj2vSmmxyAmL3jNzbk7\/WWg7DyeSFhHGCrU3+BQ==\" \/> \t\t<a href=\"https:\/\/www.pdf24.org\" target=\"_blank\" title=\"www.pdf24.org\" rel=\"nofollow\"><img src=\"https:\/\/www.hohenlohe-ungefiltert.de\/wp-content\/plugins\/pdf24-post-to-pdf\/img\/pdf_32x32.png\" alt=\"\" border=\"0\" height=\"32\" \/><\/a> \t\t<span class=\"pdf24Plugin-cp-space\">&nbsp;&nbsp;<\/span> \t\t<span class=\"pdf24Plugin-cp-text\">Sende Artikel als PDF<\/span> \t\t<span class=\"pdf24Plugin-cp-space\">&nbsp;&nbsp;<\/span> \t\t<input class=\"pdf24Plugin-cp-input\" style=\"margin: 0px;\" type=\"text\" name=\"sendEmailTo\" placeholder=\"Emailadresse\" \/> \t\t<input class=\"pdf24Plugin-cp-submit\" style=\"margin: 0px;\" type=\"submit\" value=\"Senden\" \/> \t<\/form> <\/div>","protected":false},"excerpt":{"rendered":"<p>Finanz-Krise, Euro-Krise, Politik-Krise&#8230; Welche Lehren sind zu ziehen? Wieviel Regulierung brauchen die Finanzm\u00e4rkte? Wieviel Staat braucht die Wirtschaft? Wieviel Europa braucht der Euro? Dar\u00fcber spricht Dr. Gerhard Schick, finanzpolitischer Sprecher der Bundestagsfraktion von B\u00fcndnis 90\/Die Gr\u00fcnen mit Uli Simon, attac Schw\u00e4bisch Hall, Ulrich P. Hermani, Diplom-Volkswirt, Gesch\u00e4ftsf\u00fchrer VDMA Baden-W\u00fcrttemberg am Dienstag, 13. Juli 2010, um [&hellip;]<\/p>\n","protected":false},"author":3,"featured_media":0,"comment_status":"open","ping_status":"open","sticky":false,"template":"","format":"standard","meta":[],"categories":[],"tags":[],"_links":{"self":[{"href":"https:\/\/www.hohenlohe-ungefiltert.de\/index.php?rest_route=\/wp\/v2\/posts\/8236"}],"collection":[{"href":"https:\/\/www.hohenlohe-ungefiltert.de\/index.php?rest_route=\/wp\/v2\/posts"}],"about":[{"href":"https:\/\/www.hohenlohe-ungefiltert.de\/index.php?rest_route=\/wp\/v2\/types\/post"}],"author":[{"embeddable":true,"href":"https:\/\/www.hohenlohe-ungefiltert.de\/index.php?rest_route=\/wp\/v2\/users\/3"}],"replies":[{"embeddable":true,"href":"https:\/\/www.hohenlohe-ungefiltert.de\/index.php?rest_route=%2Fwp%2Fv2%2Fcomments&post=8236"}],"version-history":[{"count":3,"href":"https:\/\/www.hohenlohe-ungefiltert.de\/index.php?rest_route=\/wp\/v2\/posts\/8236\/revisions"}],"predecessor-version":[{"id":8250,"href":"https:\/\/www.hohenlohe-ungefiltert.de\/index.php?rest_route=\/wp\/v2\/posts\/8236\/revisions\/8250"}],"wp:attachment":[{"href":"https:\/\/www.hohenlohe-ungefiltert.de\/index.php?rest_route=%2Fwp%2Fv2%2Fmedia&parent=8236"}],"wp:term":[{"taxonomy":"category","embeddable":true,"href":"https:\/\/www.hohenlohe-ungefiltert.de\/index.php?rest_route=%2Fwp%2Fv2%2Fcategories&post=8236"},{"taxonomy":"post_tag","embeddable":true,"href":"https:\/\/www.hohenlohe-ungefiltert.de\/index.php?rest_route=%2Fwp%2Fv2%2Ftags&post=8236"}],"curies":[{"name":"wp","href":"https:\/\/api.w.org\/{rel}","templated":true}]}}