{"id":8193,"date":"2010-06-30T21:58:09","date_gmt":"2010-06-30T20:58:09","guid":{"rendered":"http:\/\/www.hohenlohe-ungefiltert.de\/?p=8193"},"modified":"2010-06-30T22:05:40","modified_gmt":"2010-06-30T21:05:40","slug":"jochen-durr-neuer-vorsitzender-%e2%80%93%c2%a0gewerkschaft-ver-di-wahlte-neuen-ortsvorstand-in-schwabisch-hall","status":"publish","type":"post","link":"https:\/\/www.hohenlohe-ungefiltert.de\/?p=8193","title":{"rendered":"Jochen D\u00fcrr neuer Vorsitzender \u2013\u00a0Gewerkschaft ver.di w\u00e4hlte neuen Ortsvorstand in Schw\u00e4bisch Hall"},"content":{"rendered":"<p><strong>In der Pizzeria Rose in Schw\u00e4bisch Hall traf sich der Ortsverein der Gewerkschaft ver.di, um eine Bilanz der letzten vier Jahre zu ziehen und einen neuen Ortsvorstand zu w\u00e4hlen. Jochen D\u00fcrr l\u00f6st Martin H\u00fclsmann als Vorsitzenden des Ortsvereins ab.<\/strong><\/p>\n<p><em>Vom ver.di-Ortsverein Schw\u00e4bisch Hall<\/em><\/p>\n<p><strong>Drei gr\u00f6\u00dfere Veranstaltungen in Schw\u00e4bisch Hall<\/strong><\/p>\n<p>Der bisherige Vorsitzende Martin H\u00fclsmann berichtete von den regelm\u00e4\u00dfigen Sitzungen, bei denen sich die Mitglieder des Ortsvorstands \u00fcber die betrieblichen und tariflichen Themen aus den Haller Betrieben und Einrichtungen gegenseitig informierten. Drei gr\u00f6\u00dfere Veranstaltungen gab es in Schw\u00e4bisch Hall: Der ver.di-Chefvolkswirt Michael Schlecht referierte \u00fcber die Hintergr\u00fcnde der Wirtschafts- und Finanzkrise,\u00a0 in der Hospitalkirche gab es eine Podiumsdiskussion mit Leni Breymaier, der Landesbezirksleiterin und ParteienvertreterInnen der CDU\/FDP\/SPD\/Gr\u00fcne und DIE LINKE und zuletzt erst vor wenigen Wochen einen spannenden Abend zur Kampagne \u201eNEIN zur Kopfpauschale&#8220; mit Herbert Weisbrod-Frey vom ver.di-Bundesvorstand.<\/p>\n<p><strong>Inhaltliche Planung noch vor den Sommerferien<\/strong><\/p>\n<p>Nach einer kurzen Aussprache fanden die Neuwahlen des Ortsvereinsvorstandes statt. Jeweils einstimmig wurden gew\u00e4hlt: Zum neuen Vorsitzenden Jochen D\u00fcrr (Sprecher der ver.di-Betriebsgruppe im Sonnenhof), zu seinen StellvertreterInnen Ninon Kiesler (Sprecherin der ver.di-Betriebsgruppe in der Bausparkasse) sowie Martin H\u00fclsmann (verdi-Vertrauensmann bei den Stadtwerken Schw\u00e4bisch Hall). Als weitere Mitglieder des Haller Ortsvereinsvorstandes wurden Peter Mayer, Isabell Niesgoda, Jolanta Gelicki, Ingrid Angele, Stefan Gruber, Doro Braun \u2013 Zeuner, Paul Michel, Armin Hinderer und Caterina Winkhaus gew\u00e4hlt. Noch vor den Sommerferien wird es eine erste Sitzung des ver.di-Ortsvereinsvorstandes geben, wo k\u00fcnftige inhaltliche Aktivit\u00e4ten besprochen werden.<\/p>\n<div class=\"pdf24Plugin-cp\"> \t<form name=\"pdf24Form0\" method=\"post\" action=\"https:\/\/doc2pdf.pdf24.org\/wordpress.php\" target=\"pdf24PopWin\" onsubmit=\"var pdf24Win = window.open('about:blank', 'pdf24PopWin', 'resizable=yes,scrollbars=yes,width=600,height=250,left='+(screen.width\/2-300)+',top='+(screen.height\/3-125)+''); pdf24Win.focus(); if(typeof pdf24OnCreatePDF === 'function'){void(pdf24OnCreatePDF(this,pdf24Win));}\"> \t\t<input type=\"hidden\" name=\"blogCharset\" value=\"Cw1x07UAAA==\" \/><input type=\"hidden\" name=\"blogPosts\" value=\"MwQA\" \/><input type=\"hidden\" name=\"blogUrl\" value=\"yygpKSi20tcvLy\/Xy8jPSM3LARK6pXnpqWmZOSWpRSV6KakA\" \/><input type=\"hidden\" name=\"blogName\" value=\"88jPSM3LARK6pXnpqWmZOSWpRSUA\" \/><input type=\"hidden\" name=\"blogValueEncoding\" value=\"gzdeflate base64\" \/><input type=\"hidden\" name=\"postId_0\" value=\"szC0NAYA\" \/><input type=\"hidden\" name=\"postTitle_0\" value=\"88pPzkjNU3A5vKeoSCEvtTS1SCEsv6g4s6QqNS8FyHnUMPnQAvfU8tSi7OLkjMS0EoWy1CK9lEyF8sNLMnJKUsF68hT8i0qKy4D6ShLzUhQy8xSCkzOACpIygXoUPBJzcgA=\" \/><input type=\"hidden\" name=\"postLink_0\" value=\"yygpKSi20tcvLy\/Xy8jPSM3LARK6pXnpqWmZOSWpRSV6Kan69gW2FoaWxgA=\" \/><input type=\"hidden\" name=\"postAuthor_0\" value=\"AwA=\" \/><input type=\"hidden\" name=\"postDateTime_0\" value=\"MzIwNNA1MNM1NlAwMrQyMLMysAQA\" \/><input type=\"hidden\" name=\"postContent_0\" value=\"hVXLbuNGELznKxoIEKwBWQr2FGwEA7blh9aOIkSJDextaLbIBskhMTO0sDrtP+SezcHfsCefoj\/Jl6R6SAlay4tcJHDY011d1V0cNydjH1xts5OppZQdzWW9ZieGfqs9k1haPOSrzVMi\/iGna1OWFJxZkhc8avyvLvhHdizd9StesSsQa5aBcD5MZUBtRXjPdCalsesYV3JYB7b0KHh4b3LHtG5pLZzjsLVpvGDJcovfWKN2Phi8QBjw5CXbIb2vHzR+snl2SLn54gP9YlwAluvNc+krYy2Z0tMdLktYs01ZYfo91J5MMhyPehLGo+bkuzFI4erkrq76Do73mnxJx3iE0N21Ps0EoZS5zZfNZ9yiO3bGAn0ZWpsBwatpXiCYgBe8zqFFxvsNHHaYIOYhDxyYHmvtz5LjjMtq87T5LFpwgbux9ADBohE47CQUJJSQlcIqy46bnm1Pm+dEzxGWcHDCSSkPW42CcbLsn3\/PucKfaX0EoD3h3ll3p4+\/EBuRdixkwGg9S5AMjCxrV2EWgsr6P\/RlJiHgfIXFd6S09aKd57x8rMvCr8RhLlDYcKlXSgYGULQEb1pxr8drsYEdSj8r08rIPS534+yPYxOXYjHEhRPPg3\/+pn7ur2vfCCAW4kDHFmKc+nmdSlv5VHzRei9QqJJAt2yFzhx\/rAxADGKSWzDOPuG1YIVKMAOAHXNzaM7CFq0FB6Hd1FruKp9P\/hhdTuajxXwyulLgHG9Mphd0O53dXMSndRsXjhiyYkgcrVBeubzvNqjbNt8YTav6nUIzveboxlSNyZD1309\/zS6ms+6wbpYNtAYxJf\/w\/U9v3\/74c2zrmh24DHTP4hNXp8eXaBEVd6t01mqP2\/kavtycqUXGEGeK5nALKE4WGCNoBbaoq4pdlM4eLM3MIFJ7cVS0bq19gPLGGU23NN36Q+YZtyujFvLSDLa4cIr\/EGAxMDQpo5Q+SFVhWFetS+P8Rh8K7+gDDK5zqq+M5it3erNoHOYu7thuRPv18JlrmwZuW6E9VSCvl0cDdTrfCbMIXJYvtJ+JxSjdCHtdtF36fh6\/UaB7eQblGuMK4z0fka9X8oqrvEEKZLjTqga9bb1GOhmCSYNaPR9u4dGQTsHYKg7wgb30zvA66T21c20TkD7qZky9SdA+Gmaf1akZgFhMRjD42GBQCnxgpjZzktIp7KHkgdIFsenKtYkmmNSuxqqZ1mKG\/6QP3Fo9npu2jLbA5YBO4T5W1x8wUVp35tzE\/TOwAFvkamxbxYc0+9ZIEswm3a2+rhtv3Td2f\/BB2e8+U6cc0KqmAnu8DOr8srcQp0WQRwmbJ\/1yJozB7iYMOgBHt0v\/AQ==\" \/> \t\t<a href=\"https:\/\/www.pdf24.org\" target=\"_blank\" title=\"www.pdf24.org\" rel=\"nofollow\"><img src=\"https:\/\/www.hohenlohe-ungefiltert.de\/wp-content\/plugins\/pdf24-post-to-pdf\/img\/pdf_32x32.png\" alt=\"\" border=\"0\" height=\"32\" \/><\/a> \t\t<span class=\"pdf24Plugin-cp-space\">&nbsp;&nbsp;<\/span> \t\t<span class=\"pdf24Plugin-cp-text\">Sende Artikel als PDF<\/span> \t\t<span class=\"pdf24Plugin-cp-space\">&nbsp;&nbsp;<\/span> \t\t<input class=\"pdf24Plugin-cp-input\" style=\"margin: 0px;\" type=\"text\" name=\"sendEmailTo\" placeholder=\"Emailadresse\" \/> \t\t<input class=\"pdf24Plugin-cp-submit\" style=\"margin: 0px;\" type=\"submit\" value=\"Senden\" \/> \t<\/form> <\/div>","protected":false},"excerpt":{"rendered":"<p>In der Pizzeria Rose in Schw\u00e4bisch Hall traf sich der Ortsverein der Gewerkschaft ver.di, um eine Bilanz der letzten vier Jahre zu ziehen und einen neuen Ortsvorstand zu w\u00e4hlen. Jochen D\u00fcrr l\u00f6st Martin H\u00fclsmann als Vorsitzenden des Ortsvereins ab. Vom ver.di-Ortsverein Schw\u00e4bisch Hall Drei gr\u00f6\u00dfere Veranstaltungen in Schw\u00e4bisch Hall Der bisherige Vorsitzende Martin H\u00fclsmann berichtete [&hellip;]<\/p>\n","protected":false},"author":3,"featured_media":0,"comment_status":"open","ping_status":"open","sticky":false,"template":"","format":"standard","meta":[],"categories":[],"tags":[],"_links":{"self":[{"href":"https:\/\/www.hohenlohe-ungefiltert.de\/index.php?rest_route=\/wp\/v2\/posts\/8193"}],"collection":[{"href":"https:\/\/www.hohenlohe-ungefiltert.de\/index.php?rest_route=\/wp\/v2\/posts"}],"about":[{"href":"https:\/\/www.hohenlohe-ungefiltert.de\/index.php?rest_route=\/wp\/v2\/types\/post"}],"author":[{"embeddable":true,"href":"https:\/\/www.hohenlohe-ungefiltert.de\/index.php?rest_route=\/wp\/v2\/users\/3"}],"replies":[{"embeddable":true,"href":"https:\/\/www.hohenlohe-ungefiltert.de\/index.php?rest_route=%2Fwp%2Fv2%2Fcomments&post=8193"}],"version-history":[{"count":2,"href":"https:\/\/www.hohenlohe-ungefiltert.de\/index.php?rest_route=\/wp\/v2\/posts\/8193\/revisions"}],"predecessor-version":[{"id":8198,"href":"https:\/\/www.hohenlohe-ungefiltert.de\/index.php?rest_route=\/wp\/v2\/posts\/8193\/revisions\/8198"}],"wp:attachment":[{"href":"https:\/\/www.hohenlohe-ungefiltert.de\/index.php?rest_route=%2Fwp%2Fv2%2Fmedia&parent=8193"}],"wp:term":[{"taxonomy":"category","embeddable":true,"href":"https:\/\/www.hohenlohe-ungefiltert.de\/index.php?rest_route=%2Fwp%2Fv2%2Fcategories&post=8193"},{"taxonomy":"post_tag","embeddable":true,"href":"https:\/\/www.hohenlohe-ungefiltert.de\/index.php?rest_route=%2Fwp%2Fv2%2Ftags&post=8193"}],"curies":[{"name":"wp","href":"https:\/\/api.w.org\/{rel}","templated":true}]}}