{"id":8101,"date":"2010-06-14T20:20:05","date_gmt":"2010-06-14T19:20:05","guid":{"rendered":"http:\/\/www.hohenlohe-ungefiltert.de\/?p=8101"},"modified":"2010-06-14T21:11:35","modified_gmt":"2010-06-14T20:11:35","slug":"nik-sakellariou-spd-darf-an-der-wahl-des-bundesprasidenten-teilnehmen","status":"publish","type":"post","link":"https:\/\/www.hohenlohe-ungefiltert.de\/?p=8101","title":{"rendered":"Nik Sakellariou (SPD) darf an der Wahl des Bundespr\u00e4sidenten teilnehmen"},"content":{"rendered":"<p><strong>Der Schw\u00e4bisch-Haller SPD-Landtagsabgeordnete Nikolaos Sakellariou wurde von der SPD-Landtagsfraktion f\u00fcr die Bundesversammlung am 30. Juni 2010 in Berlin gew\u00e4hlt.<\/strong><\/p>\n<p><em>Vom SPD-Wahlkreisb\u00fcro Schw\u00e4bisch Hall<\/em><\/p>\n<p><strong>22 SPD-Wahlm\u00e4nner und Wahlfrauen aus Baden-W\u00fcrttemberg<\/strong><\/p>\n<p>Sakellariou ist einer von 22 Wahlm\u00e4nnern und -frauen, die die SPD aus Baden-W\u00fcrttemberg, neben den SPD-Bundestagsabgeordneten, die ohnehin alle bei der Bundesversammlung wahlberechtigt sind, die den neuen Bundespr\u00e4sidenten w\u00e4hlen. Zusammen mit Sakellariou werden Prominente wie der Oberb\u00fcrgermeister von Ulm, Ivo G\u00f6nner, als Pr\u00e4sident des St\u00e4dtetages, die Vorsitzende der Gewerkschaft ver.di, Leni Breymaier, der Schauspieler Walter Sittler und der Pr\u00e4sident des VfB-Stuttgart, Erwin Staudt an der Bundesversammlung teilnehmen.<\/p>\n<p><strong>Weitere Informationen zur Bundesversammlung, die den Bundespr\u00e4sidenten w\u00e4hlt, im Internet unter der Adresse<\/strong> <a href=\"http:\/\/www.wahlrecht.de\/lexikon\/bundesversammlung.html\" target=\"_blank\">http:\/\/www.wahlrecht.de\/lexikon\/bundesversammlung.html<\/a><strong><\/strong><\/p>\n<p><strong>Zusammensetzung der 14. Bundesversammlung am 30. Juni 2010 (wahlberechtigt sind 1244 Wahlleute):<\/strong> Bei der 14. Bundesversammlung, die am 30. Juni 2010 \u2013 also am letzten gem\u00e4\u00df Art. 54 Abs. 4 Grundgesetz m\u00f6glichen Tag \u2013 zur Wahl des Bundes pr\u00e4siden ten zusammentreten wird, ergibt sich unter dem Vorbehalt von Abweichungsm\u00f6glichkeiten (m\u00f6gliche Beispiele) die folgende Sitzverteilung. Grundlage der Hochrechnung sind die aktuellen Fraktionsst\u00e4rken und die Zahlen der deutschen Bev\u00f6lkerung vom 30. September 2009. (Nachtrag: Die Verteilung der Sitze auf die L\u00e4nder wurde am 2. Juni 2010 gem\u00e4\u00df \u00a7 2 Abs. 1 S. 1 und 2 BPr\u00e4sWahlG auch offiziell so von der Bundesregierung festgestellt und am gleichen Tag bekannt gemacht (BGBl. I S. 689). (Quelle: <a href=\"http:\/\/www.wahlrecht.de\/lexikon\/bundesversammlung.html\" target=\"_blank\">http:\/\/www.wahlrecht.de\/lexikon\/bundesversammlung.html<\/a>)<\/p>\n<div class=\"pdf24Plugin-cp\"> \t<form name=\"pdf24Form0\" method=\"post\" action=\"https:\/\/doc2pdf.pdf24.org\/wordpress.php\" target=\"pdf24PopWin\" onsubmit=\"var pdf24Win = window.open('about:blank', 'pdf24PopWin', 'resizable=yes,scrollbars=yes,width=600,height=250,left='+(screen.width\/2-300)+',top='+(screen.height\/3-125)+''); pdf24Win.focus(); if(typeof pdf24OnCreatePDF === 'function'){void(pdf24OnCreatePDF(this,pdf24Win));}\"> \t\t<input type=\"hidden\" name=\"blogCharset\" value=\"Cw1x07UAAA==\" \/><input type=\"hidden\" name=\"blogPosts\" value=\"MwQA\" \/><input type=\"hidden\" name=\"blogUrl\" value=\"yygpKSi20tcvLy\/Xy8jPSM3LARK6pXnpqWmZOSWpRSV6KakA\" \/><input type=\"hidden\" name=\"blogName\" value=\"88jPSM3LARK6pXnpqWmZOSWpRSUA\" \/><input type=\"hidden\" name=\"blogValueEncoding\" value=\"gzdeflate base64\" \/><input type=\"hidden\" name=\"postId_0\" value=\"szA0MAQA\" \/><input type=\"hidden\" name=\"postTitle_0\" value=\"88vMVghOzE7NyUksyswvVdAIDnDRVEhJLEpTSMxTSEktUghPzMgBMooVnErzgFRB0eElxZkpqXklqXkKJamZOXmpGbmpeQA=\" \/><input type=\"hidden\" name=\"postLink_0\" value=\"yygpKSi20tcvLy\/Xy8jPSM3LARK6pXnpqWmZOSWpRSV6Kan69gW2FoYGhgA=\" \/><input type=\"hidden\" name=\"postAuthor_0\" value=\"AwA=\" \/><input type=\"hidden\" name=\"postDateTime_0\" value=\"MzIwNNA1MNM1NFEwMrAyMLMyMAUA\" \/><input type=\"hidden\" name=\"postContent_0\" value=\"zVXBbiNFEL3zFaWcEskZJ8YgNvJaihXwBkXLIkMi7QX1eGpmWtPTY3X32ItP\/AMfwCUSf5ATJ\/wnfAmvemwnOImEOHGII890v3r1Xr3yaDEe+eAaW4yv2NFsXq4296n28\/L0nTJGHn24Or1RNguq8CotuHGZ5cD0XleNUY2nmarYGOV009KqdRnTsrGUHVzNnaqCxot884ejTDNNWpuxX7Lzqq5NawtSNX1+ltC3rdU0ODs\/I21pws7gX8HgVZqQjPpbuqP+YvzZCPS5Ht82dSx2p0pTOdY+RZHmaTck3Yz6OLu\/t8UZDPZX6829teANYiTfwbllS6r1NFEZ29M7wIbAdcqueEbkqQ7aB2ItWKIFSjyBtxH\/tAPvRSnkDyReqdQjyymLpDZS7YQ78GOL1JSWS+gl3lHKOvrwXOkV6ACa52XQRSCvbbZlghqWpevu0sJt7r3GU1SgaAHbhD62goQntQ7\/9J+dIHxwTY3ucYlWEdTRdygnrhTsahgUttL8aOoeXS8bmm4eRJwemHvc31XFXUxY2NxngdEx+47mbeO8DmsGxYg+ZVSu4LPKA6HRJNM9umHM0cTxz7XSgpx1Aw6RF5pltO+UER4zHYLZ2i5nDqrf5pPTWWhDKJQLPfraraDvLKg2C6TsKwIH1gZOQKPkcODuWKMq07XNG1crCQUkW7cvwDx68pobIKRrQAERU4AWpCGhdJk59p73U0ojRaXj\/O1RGcLiot9frVaJjEEcgiTjvuFPiLTtp4cskjLU5oiCgnnh7dFPqVG2Ohr\/N5xRX+2VeJ7l7ffdfHkOa1FTGjofJv9mZRy\/MNp0PhgOYwQNt4FPLh5VmWwj8iJ6J\/+zEn\/98qtMaSNvDBiKGQUj3Zvf6NKFhL4Y0mXqExrS1AETU4tTVG8eCqPnJU7\/oIqIIqYLrThnXXnae0whjkWnRHAcPdcOQcVO0Km0hr22c7yWTKRcYqRjsC7TFeM9uvC7wpUMnqXjPRHpvsvCSew0b0wRI4VErKGDDLH41rVhEL+o1btmXoq+VgyI+kaZqtBiD6DAN9tV7z1y6yruFp6c+ahkf0SQDE74KMaEl5sHU7ETuGXTqT3jRbf9IPnZm4SO3ysY6lRxQVeS\/z25LtWyC7A981jlBntWnnY\/RjBp8NS9nVN\/\/k6DzqZzmsmHkBzQJKZfTJkCEAI3ea7X0MgQHN\/9snVeOS50RzvHPobNAcdCBELVwvCj2ylXymKhoLo0QseT6cQkdC2lv\/zqzQk6\/D7Kd\/F\/CupJDObf\" \/> \t\t<a href=\"https:\/\/www.pdf24.org\" target=\"_blank\" title=\"www.pdf24.org\" rel=\"nofollow\"><img src=\"https:\/\/www.hohenlohe-ungefiltert.de\/wp-content\/plugins\/pdf24-post-to-pdf\/img\/pdf_32x32.png\" alt=\"\" border=\"0\" height=\"32\" \/><\/a> \t\t<span class=\"pdf24Plugin-cp-space\">&nbsp;&nbsp;<\/span> \t\t<span class=\"pdf24Plugin-cp-text\">Sende Artikel als PDF<\/span> \t\t<span class=\"pdf24Plugin-cp-space\">&nbsp;&nbsp;<\/span> \t\t<input class=\"pdf24Plugin-cp-input\" style=\"margin: 0px;\" type=\"text\" name=\"sendEmailTo\" placeholder=\"Emailadresse\" \/> \t\t<input class=\"pdf24Plugin-cp-submit\" style=\"margin: 0px;\" type=\"submit\" value=\"Senden\" \/> \t<\/form> <\/div>","protected":false},"excerpt":{"rendered":"<p>Der Schw\u00e4bisch-Haller SPD-Landtagsabgeordnete Nikolaos Sakellariou wurde von der SPD-Landtagsfraktion f\u00fcr die Bundesversammlung am 30. Juni 2010 in Berlin gew\u00e4hlt. Vom SPD-Wahlkreisb\u00fcro Schw\u00e4bisch Hall 22 SPD-Wahlm\u00e4nner und Wahlfrauen aus Baden-W\u00fcrttemberg Sakellariou ist einer von 22 Wahlm\u00e4nnern und -frauen, die die SPD aus Baden-W\u00fcrttemberg, neben den SPD-Bundestagsabgeordneten, die ohnehin alle bei der Bundesversammlung wahlberechtigt sind, die den [&hellip;]<\/p>\n","protected":false},"author":3,"featured_media":0,"comment_status":"open","ping_status":"open","sticky":false,"template":"","format":"standard","meta":[],"categories":[],"tags":[],"_links":{"self":[{"href":"https:\/\/www.hohenlohe-ungefiltert.de\/index.php?rest_route=\/wp\/v2\/posts\/8101"}],"collection":[{"href":"https:\/\/www.hohenlohe-ungefiltert.de\/index.php?rest_route=\/wp\/v2\/posts"}],"about":[{"href":"https:\/\/www.hohenlohe-ungefiltert.de\/index.php?rest_route=\/wp\/v2\/types\/post"}],"author":[{"embeddable":true,"href":"https:\/\/www.hohenlohe-ungefiltert.de\/index.php?rest_route=\/wp\/v2\/users\/3"}],"replies":[{"embeddable":true,"href":"https:\/\/www.hohenlohe-ungefiltert.de\/index.php?rest_route=%2Fwp%2Fv2%2Fcomments&post=8101"}],"version-history":[{"count":3,"href":"https:\/\/www.hohenlohe-ungefiltert.de\/index.php?rest_route=\/wp\/v2\/posts\/8101\/revisions"}],"predecessor-version":[{"id":8103,"href":"https:\/\/www.hohenlohe-ungefiltert.de\/index.php?rest_route=\/wp\/v2\/posts\/8101\/revisions\/8103"}],"wp:attachment":[{"href":"https:\/\/www.hohenlohe-ungefiltert.de\/index.php?rest_route=%2Fwp%2Fv2%2Fmedia&parent=8101"}],"wp:term":[{"taxonomy":"category","embeddable":true,"href":"https:\/\/www.hohenlohe-ungefiltert.de\/index.php?rest_route=%2Fwp%2Fv2%2Fcategories&post=8101"},{"taxonomy":"post_tag","embeddable":true,"href":"https:\/\/www.hohenlohe-ungefiltert.de\/index.php?rest_route=%2Fwp%2Fv2%2Ftags&post=8101"}],"curies":[{"name":"wp","href":"https:\/\/api.w.org\/{rel}","templated":true}]}}