{"id":8092,"date":"2010-06-12T07:37:56","date_gmt":"2010-06-12T06:37:56","guid":{"rendered":"http:\/\/www.hohenlohe-ungefiltert.de\/?p=8092"},"modified":"2010-06-12T09:53:36","modified_gmt":"2010-06-12T08:53:36","slug":"evelyne-gebhardt-erzielt-das-spitzenergebnis-%e2%80%93%c2%a0erneut-zur-stellvertretenden-bundesvorsitzenden-der-spd-frauen-gewahlt","status":"publish","type":"post","link":"https:\/\/www.hohenlohe-ungefiltert.de\/?p=8092","title":{"rendered":"Evelyne Gebhardt erzielt das Spitzenergebnis \u2013\u00a0Erneut zur stellvertretenden Bundesvorsitzenden der SPD-Frauen gew\u00e4hlt"},"content":{"rendered":"<p><strong>Mit dem besten Stimmergebnis des gesamten Vorstandes wurde Evelyne Gebhardt erneut zur stellvertretenden Bundesvorsitzenden der Arbeitsgemeinschaft Sozialdemokratischer Frauen (ASF) gew\u00e4hlt. Die Europaabgeordnete aus Mulfingen (Hohenlohekreis) erhielt 230 von 248 abgegebenen Stimmen (93 Prozent).<\/strong><\/p>\n<p><em>Vom SPD-Europab\u00fcro K\u00fcnzelsau<\/em><\/p>\n<p><strong>SPD wird bisher als M\u00e4nnerpartei wahrgenommen<\/strong><\/p>\n<p>\u201eSo erfreulich das Ergebnis ist, so deutlich ist es der Auftrag, auch innerhalb der SPD noch mehr f\u00fcr die Frauen zu tun,\u201c erkl\u00e4rte Evelyne Gebhardt w\u00e4hrend der Bundeskonferenz der sozialdemokratischen Frauen in Bad Godesberg. Das sei notwendig, weil die SPD von au\u00dfen und sogar im Innern als M\u00e4nnerpartei wahrgenommen werde. Dar\u00fcber hinaus wertete die Abgeordnete ihr Wahlergebnis als Bekenntnis der SPD-Frauen zu Europa. Sie werde von ihnen in der Arbeit f\u00fcr ein gutes Zusammenleben in der Europ\u00e4ischen Union deutlich unterst\u00fctzt.<\/p>\n<p>Evelyne Gebhardt schloss: \u201eErfreulich ist auch die Wahl der Mannheimerin Dr. Claudia Sch\u00f6ning-Kalender in den Bundesvorstand. Damit ist Baden-W\u00fcrttemberg neben dem Saarland und Nordrhein-Westfalen das einzige Land mit mehreren Vertreterinnen im h\u00f6chsten Gremium von mehreren Hunderttausend Sozialdemokratischer Frauen.\u201c<\/p>\n<p><strong>Weitere Informationen:<\/strong><\/p>\n<p>Evelyne Gebhardt, MdEP<br \/>\nEuropab\u00fcro<br \/>\nKeltergasse 47<br \/>\n74653 K\u00fcnzelsau<br \/>\nTel.: 0 79 40 &#8211; 5 91 22<br \/>\nFax: 0 79 40 &#8211; 5 91 44<br \/>\n<strong>Internet:<\/strong> <a href=\"http:\/\/www.evelyne-gebhardt-fuer-europa.eu\" target=\"_blank\">www.evelyne-gebhardt-fuer-europa.eu<\/a><\/p>\n<p style=\"margin-right: 0.4cm; margin-bottom: 0cm; line-height: 0.48cm;\">Nach der Wahl gratulierte der <span lang=\"it-IT\">ASF-Vorstand Hohenloher SPD-Frauen Evelyne Gebhardt zu ihrem hervorragenden Wahlergebnis als stellvertretende Bundesvorsitzende der Arbeitsgemeinschaft Sozialdemokratischer Frauen (ASF). &#8222;Wir sind stolz, dass eine so wichtige Bundesfrau zu unserem Kreisverband geh\u00f6rt und uns mit Rat und Tat unterst\u00fctzt. Wir kennen Evelyne Gebhardt als <\/span><span lang=\"it-IT\">eine engagierte K\u00e4mpferin f\u00fcr die Rechte der Frauen im Europ\u00e4ischen Parlament. Es ist f\u00fcr Frauen zwar schon viel erreicht, aber es gibt immer noch viel zu viele Sonntagsreden und Lippenbekenntnisse. Denn, wenn es um die Umsetzung gleicher Rechte geht, sind immer noch viele H\u00fcrden zu \u00fcberwinden \u2013 sei es die praktizierbare Vereinbarung von Familie und Beruf, wenn etwa die CDU-Familienminsterin schon wieder den Rotstift ansetzt oder es um gleiche Karrierchancen von jungen Frauen mit Familie, ihre Ausnutzung in schlecht bezahlten Teilzeit- und Parktikanntinnenstellen oder um die Problamatik von h\u00e4uslicher Gewalt geht. Und: Frauen verdienen bei gleicher Ausbildung und Qualifikation immer noch ein Viertel weniger als M\u00e4nner. Es gibt also immer noch viele Probleme, die wir gemeinsam mit Evelyne Gebhardt kontinuierlich und mit Beharrlichkeit vor Ort, im Land, im Bund und europaweit bearbeiten und zu erfolgreichen L\u00f6sungen bringen wollen.&#8220; <\/span><\/p>\n<p style=\"margin-right: 0.4cm; margin-bottom: 0cm; line-height: 0.48cm;\" lang=\"it-IT\">F\u00fcr den Vorstand der Arbeitsgemeinschaft Sozialdemokratischer Frauen, Kreisverb\u00e4nde Schw\u00e4bisch Hall und Hohenlohe Annette Sawade, Vorsitzende, Stefanie Paul und Kerstin Rappsilber stellvertretende Vorsitzende<\/p>\n<div class=\"pdf24Plugin-cp\"> \t<form name=\"pdf24Form0\" method=\"post\" action=\"https:\/\/doc2pdf.pdf24.org\/wordpress.php\" target=\"pdf24PopWin\" onsubmit=\"var pdf24Win = window.open('about:blank', 'pdf24PopWin', 'resizable=yes,scrollbars=yes,width=600,height=250,left='+(screen.width\/2-300)+',top='+(screen.height\/3-125)+''); pdf24Win.focus(); if(typeof pdf24OnCreatePDF === 'function'){void(pdf24OnCreatePDF(this,pdf24Win));}\"> \t\t<input type=\"hidden\" name=\"blogCharset\" value=\"Cw1x07UAAA==\" \/><input type=\"hidden\" name=\"blogPosts\" value=\"MwQA\" \/><input type=\"hidden\" name=\"blogUrl\" value=\"yygpKSi20tcvLy\/Xy8jPSM3LARK6pXnpqWmZOSWpRSV6KakA\" \/><input type=\"hidden\" name=\"blogName\" value=\"88jPSM3LARK6pXnpqWmZOSWpRSUA\" \/><input type=\"hidden\" name=\"blogValueEncoding\" value=\"gzdeflate base64\" \/><input type=\"hidden\" name=\"postId_0\" value=\"szCwNAIA\" \/><input type=\"hidden\" name=\"postTitle_0\" value=\"HYvBCQJBEARTmQRMQjz9ChfBHtvcLQyj9MyuuC9zMAEfRqKZGImnr6IKamjQq0EOmJbEHAL2Ag3JyWU8l+gwcMZkxeVzu78eAw01pFeKB1QbGETAMky2dYW3E\/1\/\/lIGZTzuNnumuuqMy\/u5aHwB\" \/><input type=\"hidden\" name=\"postLink_0\" value=\"yygpKSi20tcvLy\/Xy8jPSM3LARK6pXnpqWmZOSWpRSV6Kan69gW2FgaWRgA=\" \/><input type=\"hidden\" name=\"postAuthor_0\" value=\"AwA=\" \/><input type=\"hidden\" name=\"postDateTime_0\" value=\"MzIwNNA1MNM1NFIwMLcyMLMyNQMA\" \/><input type=\"hidden\" name=\"postContent_0\" value=\"rVdLbhtHEN37FAUGCGKApGRZjm2JIiBZP0OWo4iyBGQT9Gh6Zjrs6SH6o4m58h2yDZKNzuCVdryJT5JXPUOKFp0PjGwsuaa7Pq9evWoNJsOB87Yy+fBUeUplSYl0XhoaeVWW0uYyMcrhg6NcOlHyp8vKOi8M2+pgU0kHN1K\/N5KOZFIIm3qS1sjgaRoswZnWN9J6K3E3xfW9wFdv4ET5aWNKpaVdm0jlXS5LqYy7LkTmaVRNldDIqhpb4RWsOHhoRcCd73ZHh4+RVD27LbTv075CIsFWEyGSXFY2NQhIIjg6DTpTJuc7x1UhjcY\/YyuVe4xECyW1p42n63RTGdrYfEF8HWVLs0ABF18+pTNbIV3\/uD9YayEbrE2GjwaAUJbDy6qk0dl+r0khmd3Zik5md2YqtRNhsIYji+PtdRynWtmUEuW4MKGR6+zWGGknwnqpqBYFOmAqzmEl6qcPf4wqVJBZGbS6LigVjg7mHVPOd8lVgDb4+BUGkq6BOmTeirwLdPgDByyETuI3TspUMJeysJShDkqBbAv6NJAPpvvpw+8IPNazW6S52n5uiUVno8Om3ePKZBK2abS51b6aeQgFhoiUjircSkBAdBZ1OaBhKl\/Dq0LitVQ65sXpcuNEmP2Jy4gF57mwpEp6zYWZf4EVrkBhDmJnd4hHhTJMGpg9E4iD7C4RSgGVK1HoxWiw+z05lsb4ZlIihr17wBpG9GkETzFYTFgVpin2nvsN2mA\/5cGjVT8FDBxS1EzG+dHobXbbYvbOqMrc9zgYLzGbszs\/9f05T1bag6u6cm6LwKCDe\/owQSIhuGQuMcY7FcYUUkEKkMC+7dMrLUKqBI2ui9lHg7nqnQjNY2ybFJcHnFWCoS1RHLtHY6XpXaFM72XJ3SUTi2PhGQlhNS7EJr4F3hZxcRp6lHGEyG9YpiqX9IYPslumKROLLluNscxnw\/1HftdFFLMjK0sVygj84sIxp4lE0G3m6j9oTR98fzi8V2gY3IBkWWVLXKgQdWtlSB+C36XT9OBskFhaGz5a0orWcgIxAirCOUmbz1vj883vnz1dFpPGfCF1f4vW6flL2lynb795sfHkyTY9o5dPaGOjPXMofv2bI5ub7ZF5Qa+ZO6D4fQ00EASssp1O4f1ka22truu+bArq5W1BvSxI25MNx2XokBeYDL\/T+TlBM8ed4X+4NFgTc8CwL95rudMp4QXNtyovPCrob16X29Qak8r7qoSVbVrBL4gyP\/cCxs7wrWAey2ZUKUdDwXGe6GgcuIkwhPTynY7yvdcXnSGWSW++12ixJT4b5ZU5wmxDDcBcHATboajNNluRh4c7cHUFfv0G7Me2bmxsXynoqmL985Wednla4rhI3gI1Btzz3DSRMzjg9INxkgs44W2IBBOuPpcYHOvjGOJAnLJz0fz\/Iv5cEhnisCx+XwKIawebAPbwC5DH3KTJRd505mR2W06yqDOLtXMukXeDznw9lA8k8IxVAyqJXA7i2mtuz\/W3xi7AQQz+DTY9thZKhU\/sPhZ7ftaoBOLEb51m78VjwIZ\/Yr9U0HWROyvTdr28UZOJNMlC8R0vD\/zOS8kY9gih4dzflU76aTA55ZpjIkBbDhDm5czNehBY0jGST5vFEfdRrSKnPn34Le5A3uDwPbFi7NVUccsgQtA+oIlfORqL3CEkF4SPCe9JG7J5dr4W0cGr\/Xe99pApwbaomy1QtZIMOIc9r7zzCjwUhovxVKUNaqixrYpOhLVIBHw117jC4X8J8bnV9oAJ1MbqxonBA8SZ0GDTRNUMDJ6eU4wOC\/YF9vsUw9CLFaDFqHaMTeSjuMd5wqmYTIs2XmcQHBbicUyhmN0GpxvYj2Qt8Mhj2PtYmenWPDNQHneZu5i8+zYhvUTplNPj8D8GoVWG+Czyyx3jVX0ZyasZXszXZ4+4SMhILxir1VbHlDHs3VgAXoLUjr4oI2Yr84RHFAAIiNhu+2YF7kl8jqYxvyIgK\/SDBcEwKrwm4y97oV2sjejWfDCRIipOS2wwDo\/JSudxQmB8M\/vomkYmtnk\/1xXj3o+Ks769mO3\/U7o\/14jDKARLf3N8jVB27\/UNjYHY4umCJ2rCh+hYaB3LX4g+7aJ5eJ\/gQVLjvdKNsVud7uIvApkJw4QTobl4wmoIJpyLycQpzbKyIvhLLiJafwE=\" \/> \t\t<a href=\"https:\/\/www.pdf24.org\" target=\"_blank\" title=\"www.pdf24.org\" rel=\"nofollow\"><img src=\"https:\/\/www.hohenlohe-ungefiltert.de\/wp-content\/plugins\/pdf24-post-to-pdf\/img\/pdf_32x32.png\" alt=\"\" border=\"0\" height=\"32\" \/><\/a> \t\t<span class=\"pdf24Plugin-cp-space\">&nbsp;&nbsp;<\/span> \t\t<span class=\"pdf24Plugin-cp-text\">Sende Artikel als PDF<\/span> \t\t<span class=\"pdf24Plugin-cp-space\">&nbsp;&nbsp;<\/span> \t\t<input class=\"pdf24Plugin-cp-input\" style=\"margin: 0px;\" type=\"text\" name=\"sendEmailTo\" placeholder=\"Emailadresse\" \/> \t\t<input class=\"pdf24Plugin-cp-submit\" style=\"margin: 0px;\" type=\"submit\" value=\"Senden\" \/> \t<\/form> <\/div>","protected":false},"excerpt":{"rendered":"<p>Mit dem besten Stimmergebnis des gesamten Vorstandes wurde Evelyne Gebhardt erneut zur stellvertretenden Bundesvorsitzenden der Arbeitsgemeinschaft Sozialdemokratischer Frauen (ASF) gew\u00e4hlt. Die Europaabgeordnete aus Mulfingen (Hohenlohekreis) erhielt 230 von 248 abgegebenen Stimmen (93 Prozent). Vom SPD-Europab\u00fcro K\u00fcnzelsau SPD wird bisher als M\u00e4nnerpartei wahrgenommen \u201eSo erfreulich das Ergebnis ist, so deutlich ist es der Auftrag, auch innerhalb [&hellip;]<\/p>\n","protected":false},"author":3,"featured_media":0,"comment_status":"open","ping_status":"open","sticky":false,"template":"","format":"standard","meta":[],"categories":[],"tags":[],"_links":{"self":[{"href":"https:\/\/www.hohenlohe-ungefiltert.de\/index.php?rest_route=\/wp\/v2\/posts\/8092"}],"collection":[{"href":"https:\/\/www.hohenlohe-ungefiltert.de\/index.php?rest_route=\/wp\/v2\/posts"}],"about":[{"href":"https:\/\/www.hohenlohe-ungefiltert.de\/index.php?rest_route=\/wp\/v2\/types\/post"}],"author":[{"embeddable":true,"href":"https:\/\/www.hohenlohe-ungefiltert.de\/index.php?rest_route=\/wp\/v2\/users\/3"}],"replies":[{"embeddable":true,"href":"https:\/\/www.hohenlohe-ungefiltert.de\/index.php?rest_route=%2Fwp%2Fv2%2Fcomments&post=8092"}],"version-history":[{"count":5,"href":"https:\/\/www.hohenlohe-ungefiltert.de\/index.php?rest_route=\/wp\/v2\/posts\/8092\/revisions"}],"predecessor-version":[{"id":8095,"href":"https:\/\/www.hohenlohe-ungefiltert.de\/index.php?rest_route=\/wp\/v2\/posts\/8092\/revisions\/8095"}],"wp:attachment":[{"href":"https:\/\/www.hohenlohe-ungefiltert.de\/index.php?rest_route=%2Fwp%2Fv2%2Fmedia&parent=8092"}],"wp:term":[{"taxonomy":"category","embeddable":true,"href":"https:\/\/www.hohenlohe-ungefiltert.de\/index.php?rest_route=%2Fwp%2Fv2%2Fcategories&post=8092"},{"taxonomy":"post_tag","embeddable":true,"href":"https:\/\/www.hohenlohe-ungefiltert.de\/index.php?rest_route=%2Fwp%2Fv2%2Ftags&post=8092"}],"curies":[{"name":"wp","href":"https:\/\/api.w.org\/{rel}","templated":true}]}}