{"id":8090,"date":"2010-06-18T22:22:21","date_gmt":"2010-06-18T21:22:21","guid":{"rendered":"http:\/\/www.hohenlohe-ungefiltert.de\/?p=8090"},"modified":"2010-06-18T22:25:26","modified_gmt":"2010-06-18T21:25:26","slug":"erforschung-und-vermittlung-ortlicher-oder-regionaler-ereignisse-und-entwicklungen-unter-dem-naziregime-%e2%80%93-alfred-hausser-preis-gegen-das-vergessen-der-nazi-grauel","status":"publish","type":"post","link":"https:\/\/www.hohenlohe-ungefiltert.de\/?p=8090","title":{"rendered":"Erforschung lokaler Ereignisse unter dem Naziregime \u2013 Alfred Hausser-Preis gegen das Vergessen der Nazigr\u00e4uel"},"content":{"rendered":"<p><strong>Zur Erinnerung und zur Bewahrung des Verm\u00e4chtnisses von  Alfred Hausser wurde von der Vereinigung der Verfolgten des Naziregimes\/Bund der Antifaschistinnen und Antifaschisten (VVN-BdA Baden-W\u00fcrttemberg) der Alfred  Hausser-Preis ausgeschrieben, der alle zwei Jahre verliehen  wird. Das Preisgeld betr\u00e4gt 500 Euro. Bewerbungsschluss ist der 30. Juni 2010.<\/strong><\/p>\n<p><em>Von der Vereinigung der Verfolgten des Naziregimes\/Bund der Antifaschistinnen und Antifaschisten (VVN-BdA Baden-W\u00fcrttemberg)<\/em><\/p>\n<p><strong>Bewerben und vorgeschlagen werden k\u00f6nnen: <\/strong><\/p>\n<p>\u2022 \u00f6rtlich-regionale Geschichtsinitiativen<br \/>\n\u2022 Geschichtswerkst\u00e4tten<br \/>\n\u2022 Vereine<br \/>\n\u2022 Schulklassen (mit LehrerInnen) und<br \/>\n\u2022 VVN-BdA-Gliederungen<\/p>\n<p><strong>Zielsetzung der Projekte:<\/strong><\/p>\n<p>Der Alfred Hausser-Preis   wird vergeben f\u00fcr Projekte, die der Erforschung und Vermittlung   \u00f6rtlicher oder regionaler Ereignisse und Entwicklungen unter dem Naziregime dienen, um die Erinnerung an den Widerstand, die   Verfolgten und die Opfer des Faschismus bewahren zu helfen. Dies   schlie\u00dft Beitr\u00e4ge zur Geschichtsarbeit ein, die verharmlosende, besch\u00f6nigende und verf\u00e4lschende Darstellungen offen legen   und dem Verschweigen entgegenwirken.<\/p>\n<p>Besonders wichtig sind   dabei Projekte, die Berichte von ZeitzeugInnen sichern, da   hierf\u00fcr nur noch wenige Jahre zur<br \/>\nVerf\u00fcgung stehen.<\/p>\n<p><strong>Weitere   Beispiele f\u00fcr Bewerbungen sind:<\/strong><br \/>\n&#8211; Projekte der Spurensicherung<br \/>\n&#8211;   Erinnerungstafeln<br \/>\n&#8211; Ver\u00f6ffentlichungen<br \/>\n&#8211; Geschichtslehrpfade<br \/>\n&#8211; Veranstaltungen und Initiativen, die sich den oben genannten   Zielen widmen.<\/p>\n<p><strong>Bewerbungsgrundlagen:<\/strong><br \/>\nEine Kurzdarstellung  der jeweiligen Gruppe oder Initiative und eine Kurzbeschreibung des abgeschlossenen oder in Planung<br \/>\nbefindlichen Geschichtsprojektes  sind in schriftlicher Form (per Brief, Fax oder E-Mail) an das  Landesb\u00fcro der VVN-BdA Baden-W\u00fcrttemberg zu richten. Dort sind auch weitere Informationen zu erhalten. Bewerbungsschluss ist der 30. Juni 2010<\/p>\n<p><strong>Adresse:<\/strong><\/p>\n<p>VVN-BdA Baden-W\u00fcrttemberg<br \/>\nLandesb\u00fcro<br \/>\nB\u00f6blinger Str. 195<br \/>\n70199 Stuttgart<br \/>\nTel. 0711 \u2013 603237<br \/>\nFax 0711 \u2013 600718<br \/>\n<strong>Internet:<\/strong> <a href=\"http:\/\/www.vvn-bda-bawue.de\" target=\"_blank\">www.vvn-bda-bawue.de<\/a><br \/>\nE-Mail: baden-wuerttemberg@vvn-bda.de<\/p>\n<p><strong>Preisverleihung<\/strong>:<br \/>\nDie Auswahl der Preistr\u00e4gerInnen erfolgt nach  Vorschl\u00e4gen des Beirats durch den Landesvorstand. Der Rechtsweg  ist ausgeschlossen. Der Preis wird im Rahmen der Landesdelegiertenkonferenz am 23.\/24. Oktober in Konstanz von einem Vertreter  des Beirats \u00fcbergeben.<\/p>\n<p><strong>Bisherige Preistr\u00e4ger:<\/strong><\/p>\n<p><strong>2006<\/strong><br \/>\nSch\u00fclerInnen und  Sch\u00fcler der Integrierten Gesamtschule Mannheim-Herzogenried f\u00fcr ihr Projekt Zwangsarbeit (siehe <a href=\"http:\/\/www.igmh.de\" target=\"_blank\">www.igmh.de<\/a>)<\/p>\n<p><strong>2008<\/strong><br \/>\nSch\u00fcler der  Schulgeschichtsforscher AG der Grund- und Hauptschule Ostheim f\u00fcr  das Projekt \u201eErinnerung und Mahnung\u201c, \u00fcber das Schicksal der  Familie Schneck\/ Guttenberger, die 30 Angeh\u00f6rige in den Konzentrationslagern verlor.<\/p>\n<p>Der Preis setzt sich zusammen aus einer finanziellen F\u00f6rderung in H\u00f6he von 500 Euro, einer F\u00f6rderung und Beratung des Projektes durch Beiratsmitglieder, der Hilfe des Beirats zur Ermittlung weiterer F\u00f6rderungsm\u00f6glichkeiten, einer Urkunde und<br \/>\ndem Buch \u00fcber Alfred Hausser \u201eNur wer sich selbst aufgibt, ist verloren\u201c<\/p>\n<p><strong>Der Beirat<\/strong>:<br \/>\nDer Beirat setzt sich zusammen aus VertreterInnen der VVN-BdA Baden-W\u00fcrttemberg, von Gedenkst\u00e4tten, von Gewerkschaften, der Interessengemeinschaft ehemaliger Zwangsarbeiter sowie ZeitzeugInnen und FachhistorikerInnen, die Alfred Hausser durch enge Zusammenarbeit nahe standen.<\/p>\n<p><strong>Alfred Hausser<\/strong> (27. August 1912 bis 12. August 2003)<br \/>\nWiderstandsk\u00e4mpfer der ersten Stunde<\/p>\n<p>Alfred Hausser hat von Jugend an als Gewerkschafter, mit seinem Widerstand in der Nazizeit und seinem lebenslangen antifaschistischen Engagement gezeigt, dass humanistische Werte f\u00fcr unsere Gesellschaftsentwicklung und konkrete Arbeit gegen das Vergessen zusammen geh\u00f6ren. Sein Leben galt der Aufkl\u00e4rung \u00fcber die Ursachen des Faschismus und dem Kampf<br \/>\ngegen den Neofaschismus. Besondere Verdienste erwarb er sich mit seinem jahrzehntelangen Einsatz f\u00fcr die Wiedergutmachung der vom Naziregime Verfolgten und f\u00fcr die Entsch\u00e4digung der Zwangsarbeiterinnen und Zwangsarbeiter.<\/p>\n<p>Schon 1934 wegen Widerstandsaktionen verhaftet und 1936 wegen \u201eVorbereitung zum Hochverrat\u201c zu 15 Jahren Zuchthaus verurteilt, musste er w\u00e4hrend seiner Haftzeit Zwangsarbeit f\u00fcr die Firma Bosch leisten. Wegen seines Widerstandes gegen den<br \/>\nFaschismus musste er bis zur Befreiung 1945 \u00fcber zehn Jahre Haft erdulden.<\/p>\n<p>Als Gr\u00fcndungsmitglied und langj\u00e4hriger Vorsitzender der Landesvereinigung der VVN-BdA Baden-W\u00fcrttemberg, seit 1994 Ehrenvorsitzender der VVN-BdA Bundesvereinigung, war und ist er Vorbild im Kampf gegen alte und neue Nazis.<\/p>\n<p>Zur Erinnerung und zur Bewahrung des Verm\u00e4chtnisses von Alfred Hausser wurde von der VVN-BdA Baden-W\u00fcrttemberg der Alfred Hausser Preis ausgeschrieben, der alle zwei Jahre verliehen wird.<\/p>\n<div class=\"pdf24Plugin-cp\"> \t<form name=\"pdf24Form0\" method=\"post\" action=\"https:\/\/doc2pdf.pdf24.org\/wordpress.php\" target=\"pdf24PopWin\" onsubmit=\"var pdf24Win = window.open('about:blank', 'pdf24PopWin', 'resizable=yes,scrollbars=yes,width=600,height=250,left='+(screen.width\/2-300)+',top='+(screen.height\/3-125)+''); pdf24Win.focus(); if(typeof pdf24OnCreatePDF === 'function'){void(pdf24OnCreatePDF(this,pdf24Win));}\"> \t\t<input type=\"hidden\" name=\"blogCharset\" value=\"Cw1x07UAAA==\" \/><input type=\"hidden\" name=\"blogPosts\" value=\"MwQA\" \/><input type=\"hidden\" name=\"blogUrl\" value=\"yygpKSi20tcvLy\/Xy8jPSM3LARK6pXnpqWmZOSWpRSV6KakA\" \/><input type=\"hidden\" name=\"blogName\" value=\"88jPSM3LARK6pXnpqWmZOSWpRSUA\" \/><input type=\"hidden\" name=\"blogValueEncoding\" value=\"gzdeflate base64\" \/><input type=\"hidden\" name=\"postId_0\" value=\"szCwNAAA\" \/><input type=\"hidden\" name=\"postTitle_0\" value=\"Fcu9DcIwFATgVW4BhqCIlCqiorfiy8PCcaR7uKFih6yQTbIJk\/Ao7+cbtGzy+dGboW7PVCkMYrFW3IneXlFkrpjSu4hWVuL72XGti5gxph43XW5BHEZjQ06OO2WMJVL4vzWdR2f9AQ==\" \/><input type=\"hidden\" name=\"postLink_0\" value=\"yygpKSi20tcvLy\/Xy8jPSM3LARK6pXnpqWmZOSWpRSV6Kan69gW2FgaWBgA=\" \/><input type=\"hidden\" name=\"postAuthor_0\" value=\"AwA=\" \/><input type=\"hidden\" name=\"postDateTime_0\" value=\"MzIwNNA1MNM1tFAwMrIyMLMyMgQA\" \/><input type=\"hidden\" name=\"postContent_0\" value=\"xVjLbhy7Ed3fryAcILAAzUvyS4quEA2sh+3rB65zJUCbgK3mdNPTzR6QbM3FrPwP2QYJEOgbtPJu\/sRfklNFdk\/PjGQEd5OFAA1ZJOtx6lRVH82Oj5y3lcmOr2srTq02RtnaZKI2qVhgaazmMueVVDlxqWy5vLvJvdHO4fdtZYQ4KSZWpeJC1lizYl7bVPFOil84obTRWbiBf0+qIvPK8IUf5EJblelSucGY3iSZE+P1RLqbXDtPChnWpruKpaeXlx964\/REjGWqTO9q+c16r8pE2Wwn3BLUavTqfYIiTuBHpnCJ1SpRZpclZVEosZgrLd7CVuiubKFVjkfEXNu0L15LJ\/h4popUJMrb5V3mxfPhUJzWtuqTl5RNYKPD1QXeE1CS794f9sXb2mixNxwN+0eD6O2jwez4pyN4X5XHl\/9PVx0NoEGrTdQumBMvu60se6yQGVawgTvEdHlPrx2KLYu+f\/2PWN5bX+ibvEf6VkbCved0BZa8g4leS69vlTlKrBgc\/0RHVvt4Yer88g4qdgWCd1Rn5fNNXhfTQiK6sLHUXvyiED77hjTbId27x4MLeueIbMoQx+0bZl9rVTjlF00APtnqi5p6dbhl5OsVvtbhFRBDCMoIX2ICX7f3AG1a8c2niKyFwU2mUV5p7wv6LVr3QbAi6daLdFDpjJOPz50aP9c304LNwYqHSKrKDlboSUNAr0t+vZPiknBlxJXGG85Lkwb9RBd4jDMsfpxN+GonzgKuytohEYgbILWoRa6KiTJIFa3IC4QXrZb\/9kgNzemimE5WYZYAGEKGmIZn4bJc2rKoEM0UrkpIEijTGf0OSIRey7sC67z0WkJtVUTjqwneF4Wi\/0XQG46AKRBHatOyMj6jfYRoCl2bYI6Vqwz5ALGDZjoTwCiIQ6QSKm5Eb6wsCQWCu4YFC1VnjDicopCRORKHc03aIvoGZpvqJkfqkDGRY+CMiM5LluOshzl5R7EGl1d4BujHpXCmmwGlKgCrpR1+3aQdoIa7\/\/ynV3uj0V9aGxh8n2c1gha0xdkNUdGBCFAxUYXZkIDCy3vyNoM0ZNK6xCrKBTJyNgHtbN8hDa4vfAPdVLxZEUPwNanIEK0olSAmjfEcXspUIiOdlg\/4a8XGGaxImbi2XHMKMhHvartIVzAS7J8vOK4LRsy5rWczFbJwpR5rq5rzDFSkZdIUSZkEvqyImEh7Oq2N+FRIs\/J3oiaIGKe56ThsFiOFJGIU4hxXq0nDCGeVLcXTGf4bo4ZNdpGQv4cnTnvvpS52OK9RsMQvSGnlEgClCvXk0SpACRxgTRlcWR\/eljWjNoDvjQFllbC\/MiHjKV8LPvE\/Vr\/NMJ2kVsFF2+z6uKLRdx3L4sp4eZ8UGlACvL3ti9HB87jzcjg6OMBi7X0mrY+rf1NFXwxfjkbi+9d\/iBfD\/b39l3GL\/NnZwb+v4k6j+BviWaP8SnNxJAUwMPn5Se797HAwmM\/n\/dtb00tS2UvkvFb9VD0RXqIs+J+f\/D0BFKZPjh+SOhrIFqIc0EORsB+w3frhr\/EUy697lesQdTBKU262Kh7GS0HQ4qR2YO4iFjnIB4YOlVNE9hdGIvzikgtVQfuhDwEHWemdSGsb0zOEA30CVxEgCNf+qkItR04RGJq2KyRFEAkVk+ulLsWvMi9VaITCfSlSPAOJAmLTyqD8KLMQshR7+\/3B3rO++Dj14AXOrHcVcQm2iZQpMZn4vVVUD9eUXn5LYmneZg3tkF\/E0F2XbKOzkd8bDl9skgpakuW3onEk0YRolkTgEK8yG4yipJelpy4AfP4e3JYrXfYulF1U8DWk0sDyOm9bCHE9l0izWDufOupSH8Sezsr8UcjFTULazgNWvXrMKjYhtF1ZS1ihkaF+6Jz3z4lye2w7WqNZY99H58m8YBHzU2PS96\/\/2pg73suciPL713\/uhoCx\/Gd6cOpkgC1orwRJK1o26mY6EOc1dYwcXhvqx\/4QnXCm0EVwWHXodwCWBWqXZSpzVBys4Za\/sv1ufxfgSf2gD5VoUSNehFGAmVFmBSgcsEMxomp0hndCa0lPXSzv89AlNGPCbjzUkSNr0VFI39SOTy39h\/SKuEVzmIXGNUwsFxrd1hqwFzy+tU1kZO3uY65c3mdURKa0ZxptfrPTOjZYMdzUN42J+oPvN8Y7hOsD3gLjB684VSSc4JNMJ36Xsz14UxlEcBNf5Nmg8zYztVuPer3N6pBgP65qu+z9c3jNtANFs8ZDxk0uJ74ZApnUqR4BMSVcE3YFEqyU1AzYtdwj66s5MLbeAlI8z0CbNHhVVk+jogGOG44MAabnxHW0Mea1kUAOc+kDNLV+y6oCPd172QexZzX8PzoY7YkE6B3ttWtI7P2d6OlVy++my7sy9vZW0CKsQLE0q8KyoXaO8JAP39bUmFOzIQu37lGAlKYxF5h49VjIQMvTyYIMJXdFqYI4GdnI3aDsTrXc7mPSySQFxng0gjiceeqz0WrkdSlNIyeuiFoDydTGUd8ClkV6Bs0Q3HZe4sdRWKaEJ3ESPM\/jAbPNJfEIT5YtAAOTUPX6DJ0xbHJXih4oTOL1ZIoqyWkdSQsx\/806yfpvjE7NfPJOwvsxKvFx\/H1Q1aSVpf4qDCiKtKJ5DlFCrOaAi2jSsOPwLxgwFioHnqM70eo66RfBLaTVFVNJVvtShhmUDLit1ubGjSGwPYuRkwazu3T1oWI9MVafIdbXWySDsYGf0cH+M7BItjaBOjmNDSaPg8BSAAmEX0Rh8A9akoS+BjBrLjDYXmC8wgEwBxiHetPR8zBmYUQDkfmcuAMCNcChCyAHbg0+FPPlHclFHIJZ8Shjc63SttafafTAYlzBBYAsf17pA3Q8gNEFrmMMfrQhbXvLFgErFShRw6c2JJomm0YHz55HEFEg48h4wXxk07ro8sIJZZ9dfjMpc3wsFOw1Cv8Xso\/pixo54ipCUqfNut386vQDPnXkC7TTz8QpOe1288b2bL1x864AWFknKg9BmUQX3PhxCkRP0UDBYkbVitHoWkP\/8AfKH3+ffHwoSreL3x\/5hsifENmI\/wI=\" \/> \t\t<a href=\"https:\/\/www.pdf24.org\" target=\"_blank\" title=\"www.pdf24.org\" rel=\"nofollow\"><img src=\"https:\/\/www.hohenlohe-ungefiltert.de\/wp-content\/plugins\/pdf24-post-to-pdf\/img\/pdf_32x32.png\" alt=\"\" border=\"0\" height=\"32\" \/><\/a> \t\t<span class=\"pdf24Plugin-cp-space\">&nbsp;&nbsp;<\/span> \t\t<span class=\"pdf24Plugin-cp-text\">Sende Artikel als PDF<\/span> \t\t<span class=\"pdf24Plugin-cp-space\">&nbsp;&nbsp;<\/span> \t\t<input class=\"pdf24Plugin-cp-input\" style=\"margin: 0px;\" type=\"text\" name=\"sendEmailTo\" placeholder=\"Emailadresse\" \/> \t\t<input class=\"pdf24Plugin-cp-submit\" style=\"margin: 0px;\" type=\"submit\" value=\"Senden\" \/> \t<\/form> <\/div>","protected":false},"excerpt":{"rendered":"<p>Zur Erinnerung und zur Bewahrung des Verm\u00e4chtnisses von Alfred Hausser wurde von der Vereinigung der Verfolgten des Naziregimes\/Bund der Antifaschistinnen und Antifaschisten (VVN-BdA Baden-W\u00fcrttemberg) der Alfred Hausser-Preis ausgeschrieben, der alle zwei Jahre verliehen wird. Das Preisgeld betr\u00e4gt 500 Euro. Bewerbungsschluss ist der 30. Juni 2010. Von der Vereinigung der Verfolgten des Naziregimes\/Bund der Antifaschistinnen und [&hellip;]<\/p>\n","protected":false},"author":3,"featured_media":0,"comment_status":"open","ping_status":"open","sticky":false,"template":"","format":"standard","meta":[],"categories":[],"tags":[],"_links":{"self":[{"href":"https:\/\/www.hohenlohe-ungefiltert.de\/index.php?rest_route=\/wp\/v2\/posts\/8090"}],"collection":[{"href":"https:\/\/www.hohenlohe-ungefiltert.de\/index.php?rest_route=\/wp\/v2\/posts"}],"about":[{"href":"https:\/\/www.hohenlohe-ungefiltert.de\/index.php?rest_route=\/wp\/v2\/types\/post"}],"author":[{"embeddable":true,"href":"https:\/\/www.hohenlohe-ungefiltert.de\/index.php?rest_route=\/wp\/v2\/users\/3"}],"replies":[{"embeddable":true,"href":"https:\/\/www.hohenlohe-ungefiltert.de\/index.php?rest_route=%2Fwp%2Fv2%2Fcomments&post=8090"}],"version-history":[{"count":6,"href":"https:\/\/www.hohenlohe-ungefiltert.de\/index.php?rest_route=\/wp\/v2\/posts\/8090\/revisions"}],"predecessor-version":[{"id":8137,"href":"https:\/\/www.hohenlohe-ungefiltert.de\/index.php?rest_route=\/wp\/v2\/posts\/8090\/revisions\/8137"}],"wp:attachment":[{"href":"https:\/\/www.hohenlohe-ungefiltert.de\/index.php?rest_route=%2Fwp%2Fv2%2Fmedia&parent=8090"}],"wp:term":[{"taxonomy":"category","embeddable":true,"href":"https:\/\/www.hohenlohe-ungefiltert.de\/index.php?rest_route=%2Fwp%2Fv2%2Fcategories&post=8090"},{"taxonomy":"post_tag","embeddable":true,"href":"https:\/\/www.hohenlohe-ungefiltert.de\/index.php?rest_route=%2Fwp%2Fv2%2Ftags&post=8090"}],"curies":[{"name":"wp","href":"https:\/\/api.w.org\/{rel}","templated":true}]}}