{"id":8004,"date":"2010-06-03T10:47:28","date_gmt":"2010-06-03T09:47:28","guid":{"rendered":"http:\/\/www.hohenlohe-ungefiltert.de\/?p=8004"},"modified":"2010-06-03T10:54:15","modified_gmt":"2010-06-03T09:54:15","slug":"stuttgarts-ob-schuster-wurdigt-vvn-grundungsmitglieder-%e2%80%93-antrag-der-cdu-stadtratsfraktion-zur-ausgrenzung-der-vvn-bda","status":"publish","type":"post","link":"https:\/\/www.hohenlohe-ungefiltert.de\/?p=8004","title":{"rendered":"Stuttgarts OB Schuster w\u00fcrdigt VVN-Gr\u00fcndungsmitglieder \u2013 Antrag der CDU-Stadtratsfraktion zur Ausgrenzung der VVN-BdA"},"content":{"rendered":"<p><strong>Die Vereinigung der Verfolgten des Naziregimes \u2013 Bund der Antifaschisten (VVN-BdA) Baden-W\u00fcrttemberg begr\u00fc\u00dft die differenzierte Stellungnahme von Oberb\u00fcrgermeister Wolfgang Schuster vom 11. Mai 2010 zum Antrag der CDU-Stadtratsfraktion &#8222;Rechtsextremismus bek\u00e4mpft man nicht mit Linksextremismus&#8220;.<\/strong><\/p>\n<p><em>Von Jochen D\u00fcrr (Schw\u00e4bisch Hall), Ilse Kestin, Dietrich Schulze, Dieter Lachenmayer (Landessprecher\/in  und Gesch\u00e4ftsf\u00fchrer der VVN-Bund der Antifaschisten Baden-W\u00fcrttemberg)<\/em><\/p>\n<p><strong>CDU-Stadtr\u00e4te forderten Distanzierung von Stadtjugendring-Veranstaltung<\/strong><\/p>\n<p>In diesem Antrag hatten im Februar 2010 Stadtr\u00e4te der CDU vom Oberb\u00fcrgermeister die Distanzierung von einer Veranstaltung des Stadtjugendringes verlangt, auf der das VVN-BdA Mitglied Janka Kluge \u00fcber die rechte Musikszene referierte. OB Schuster beruft sich in seiner Stellungnahme auf die Ausf\u00fchrungen des Stadtjugendrings Stuttgart, der sich hinter Janka Kluge als jahrelange B\u00fcndnispartnerin gestellt und sie gegen Diffamierungen der CDU in Schutz genommen hat, und w\u00fcrdigt die Gr\u00fcndungsmitglieder der VVN-BdA, Alfred Hausser und Hans Gasparitsch.<\/p>\n<p><strong>VVN-BdA arbeitet vertrauensvoll mit Gewerkschaften, Kirchen, Gedenkst\u00e4tten-Initiativen und Jugendorganisationen zusammen<\/strong><\/p>\n<p>Die VVN-BdA und ihre Kreisvereinigungen arbeiten in B\u00fcndnissen mit allen Organisationen zusammen, in denen Anliegen wie Mahnung und Erinnerung an die Opfer des Faschismus, Aktionen gegen Nazis und Bundeswehreins\u00e4tze und so weiter verfolgt werden. Mitglieder der VVN-BdA, wie zum Beispiel Janka Kluge, bringen sich in der Tradition der genannten Gr\u00fcndungsmitglieder der VVN-BdA ein und arbeiten offen und vertrauensvoll mit Vertretern von Gewerkschaften, Kirchen, Gedenkst\u00e4tten-Initiativen und Jugendorganisationen zusammen.<\/p>\n<p><strong>VVN-BdA steht zum deutschen Grundgesetz<\/strong><\/p>\n<p>In ihren Aktionen gegen Nazis und gegen Kriegseins\u00e4tze der Bundeswehr verweist die VVN-BdA immer wieder darauf, dass diese im Einklang mit dem zu sch\u00fctzenden Grundgesetz stehen. Hieraus ergibt sich auch die Forderung der VVN-BdA nach einem Verbot der NPD. Deutlicher Hemmschuh in diesem Zusammenhang ist die Weigerung des baden-w\u00fcrttembergischen Innenminister Heribert Rech, die Spitzel des Verfassungsschutzes aus der NPD abzuziehen und einschl\u00e4giges Material an das Bundesinnenministerium weiterzuleiten.<\/p>\n<p><strong>Menschheitsverbrechen des Faschismus d\u00fcrfen nicht in Vergessenheit geraten<\/strong><\/p>\n<p>In ihren Aktivit\u00e4ten gef\u00e4hrden Janka Kluge und die Mitglieder der VVN-BdA nicht die Verfassung, wie das durch die Beobachtung durch den Verfassungsschutz zum Ausdruck kommt. Sie sorgen vielmehr daf\u00fcr, dass die Opfer des Faschismus und die Lehren aus dem Menschheitsverbrechen des Faschismus nicht in Vergessenheit geraten. Zum Beispiel durch Errichtung einer w\u00fcrdigen und lebendigen Gedenkst\u00e4tte zur ehemaligen Gestapo-Zentrale \u201eHotel Silber\u201c in Stuttgart.<\/p>\n<p><strong>\u00dcberwachung der VVN-BdA durch den Verfassungschutz beenden<\/strong><\/p>\n<p>Nicht staatliche Beh\u00f6rden haben daf\u00fcr gesorgt, dass ein mutma\u00dflicher Nazibomber mit NPD-Parteifunktionen in L\u00f6rrach enttarnt wurde oder ein neofaschistisches Open-Air-Konzert bei M\u00fchlacker bekannt gemacht wurde, es waren junge AntifaschistInnen, die daf\u00fcr gesorgt haben. Mit einer Gleichsetzung von Links- und Rechtsextremismus wie im Antrag der CDU-Stadtratsfraktion soll der \u00d6ffentlichkeit diese Lebensl\u00fcge immer wieder aufgetischt werden. Dadurch wird sie aber nicht wahrer. Auf der Tagesordnung steht die Forderung an die Parteien zur Landtagswahlen am 27. M\u00e4rz 2011, daf\u00fcr einzutreten, dass die \u00dcberwachung antifaschistischer Organisationen wie der VVN-BdA durch den Verfassungsschutz Baden-W\u00fcrttemberg beendet wird.<\/p>\n<p><strong>Weitere Informationen:<\/strong><\/p>\n<p><strong>Artikel in Hohenlohe-ungefiltert im M\u00e4rz 2010:<\/strong> <a href=\"https:\/\/www.hohenlohe-ungefiltert.de\/?p=6816\" target=\"_blank\">https:\/\/www.hohenlohe-ungefiltert.de\/?p=6816<\/a><\/p>\n<p><strong>Informationen zum Herunterladen als PDF-Datei:<\/strong><\/p>\n<p><strong>Stellungnahme von Stuttgarts Oberb\u00fcrgermeister Wolfgang Schuster: <\/strong><a href=\"https:\/\/www.hohenlohe-ungefiltert.de\/wp-content\/uploads\/2010\/06\/OB_Schuster_1.-Juni-2010.pdf\">OB_Schuster<\/a><\/p>\n<div class=\"pdf24Plugin-cp\"> \t<form name=\"pdf24Form0\" method=\"post\" action=\"https:\/\/doc2pdf.pdf24.org\/wordpress.php\" target=\"pdf24PopWin\" onsubmit=\"var pdf24Win = window.open('about:blank', 'pdf24PopWin', 'resizable=yes,scrollbars=yes,width=600,height=250,left='+(screen.width\/2-300)+',top='+(screen.height\/3-125)+''); pdf24Win.focus(); if(typeof pdf24OnCreatePDF === 'function'){void(pdf24OnCreatePDF(this,pdf24Win));}\"> \t\t<input type=\"hidden\" name=\"blogCharset\" value=\"Cw1x07UAAA==\" \/><input type=\"hidden\" name=\"blogPosts\" value=\"MwQA\" \/><input type=\"hidden\" name=\"blogUrl\" value=\"yygpKSi20tcvLy\/Xy8jPSM3LARK6pXnpqWmZOSWpRSV6KakA\" \/><input type=\"hidden\" name=\"blogName\" value=\"88jPSM3LARK6pXnpqWmZOSWpRSUA\" \/><input type=\"hidden\" name=\"blogValueEncoding\" value=\"gzdeflate base64\" \/><input type=\"hidden\" name=\"postId_0\" value=\"szAwMAEA\" \/><input type=\"hidden\" name=\"postTitle_0\" value=\"Cy4pLSlJTywqKVbwd1IITs4oLS5JLVIoP7ynKCUzvUQhLMxP173o8J68lNK89OLczJL0nMzUFKCKRw2TFRzzSooS0xVAXGeXUN3gksQUoEBJcVpRYnZJZn6eQlVpkYJjaXF6UWpeFVA\/WCXIRKcURwA=\" \/><input type=\"hidden\" name=\"postLink_0\" value=\"yygpKSi20tcvLy\/Xy8jPSM3LARK6pXnpqWmZOSWpRSV6Kan69gW2FgYGJgA=\" \/><input type=\"hidden\" name=\"postAuthor_0\" value=\"AwA=\" \/><input type=\"hidden\" name=\"postDateTime_0\" value=\"MzIwNNA1MNM1MFYwNLAyMLMysgAA\" \/><input type=\"hidden\" name=\"postContent_0\" value=\"tVfNbttGEL73KRYuUCSAfmwf0iBxXMh1bPk\/qFMbyCVYiktyI3Ip7C6lVqe8Q4GegubiZ+jJN75JnqTfzFJ\/ltykh14EcZc7O\/PNN98M90b7e87b0qT7h1qJG2WVNjqtTCpiZek5KfPUK4NHJy7lVFuV6gL\/v3z8QxxUJub3esbrRLpBph29++Tm5rJ9EPeeigMZK9O+re+t96qIlE1FpFJb39efvYhxY6yTBJeaqVbWK3HtVZ7jdiOzQolxacQVDkU4nypbKDJvxW2ZJ6mEi9eDrOKVcVmInZ2OuJBa7G7vbItpVZBTVoY4fj78tX3tZYwF7xIrh17D9A\/fP9\/d3X35ixpk3qnfvFWFdkXl4OKwvitGiReFNMJo7ItCe3GuzXD5RTaw\/bKz120w3OuO9r\/bA6aq2L\/BDaflIAMeh\/Dfiidwd1LfRRo4ib7M86ctcZI7Jc6U89q0BDLgLS7juPKpCitw\/1ySmUL+jv9PzqVBLtzIwm1lu9oIQWk4VjBb3yWIr77PLN7kBFIiHsnSem6e7nXh+DyIJqgFePUdUpSUNqZcISzYkZw54gsli1\/7UKXKxFabtA3+SIOXco831lA6MUQBp+apyqQnu7oQRyqylbQhmUuXN8nkhG9gBjFq3StQOnB54QvT+YG3WBkrm4NYviVklfBlsXSiYbO40D7NtYrFqTRDKc5yHBX1fdRcTAmBixeV00M3VYZWwG0mdkdcHSzoihMVyOUo18ifCw6ucp8dgNVeFRKKjaYKH7hNC5X3qbRwm1xms5k2dNOypzJ34oMENShEJQ7qexMb7UY4iOvhBxAgFzzzyeHuVKWc5iSRRcCTXQgpwAEKyE\/xmimLAlvIX4sPT5CWWKehxI8t3YTDrmgAXCZn3GuJXp5YwNqXlXNYJwt95EocS\/JOe1C285CVs6RIGyntlafcgUSVMm5c5jnX67GaKDvEaZmAVy1xpi0VUgsboP7QeXAKG+0To72WXo8RA11+yuCWFiKjnSStwMa0cpKiXKMxC2fjDZ3WgFicQUjdeCGnMNB4agi5GfgOj+Qp1AD\/rjbf2KITcBhLPQP8yNgEl17IzBCX6dLXSKAJlJdcVuJqlDDOThyFmodgAephYzzklhTdsQFSCeUmKiOXHYCZqsCDUkzIbUsAczPAMxTAdOb18DCd5BsJ8AEgGGmVL7OwJSKuNTNnPx19a2WsWZPpCbvSGELqa9Sh0mYv59iWaCdhaQMfbmiJFNWwLvwv9HiUqKgttBHCJVYVUZrjgz2UnfLTTepITDKPpyw8n0FhUrdIGsGzSCbBMCF1ZE7MfNHw1FKegsQBpqRFUueCIJMCv0avI6Fg4GJo9LQS1GHucQeMr\/jOsREj+lAJFLFAL9FRI3Cywg9dfsSNYz5aNK4Y9DZW6ILSE5Wedy\/fHHbEIXDKNXU50VdFgdurwJjQNN41iGfk5SzCW6XT2SVo5NziJkstTgfgT1AspkBtsh73IX\/Y9IJGgRbbuR5pBJqzFZqCgA3R0LHiYY2ibBwVMppW6DdZQw9KxSDL67tUU0+5kLhCy5zrEt0k5EYvO6BBilBk0ypnHq+x6EKR0QybpCoRN3\/zoLpFjECJ\/mFiAVLwHC5AZOgg+ILxZ4OArTBtrIn2zLakvsuo0le6CA8TJD6bCzJcHYdZskEtKALFHle2IcOBKiNkPvTisKrMOtJhkKtcbKvBUAzRZnxHXOO8Q\/nhwBjyUhDNY4kuaRck3ih\/c+fPFccbkliIbwL330HtgI5LihdCem1pnOMYQ4tv+mJDlFxFKCV+XFEcBG0F6FTIvNnE2DIq2+8UjUm5wuz9V79EqwYSOXj75eMn7sazMWCNPPUnvDUB3A+LbyPyAfhIcZmvkeWSYYBDMtQmYs7qv5kmmYwINs4EDRNIkW8yQjpdVL6Q9eemoknGopJqkhUGddR+A9+VTiozEzwcOodtyxJhvJfWoPtUuEyUFAZZNaqczbRc2w6ZR833tG2flWZKVY3WIC4wQ+VyMOTpa0jtBR4WxMBgsCVwciKJFR+oXa8My6wWQRdWowshcydsMnyM+h1kJIqz6ZM\/Gtqc8PUvDSoM\/Q2fKo5aGG3Xf1KDY+iHRL+g1+fEJJfX96la1XYIe6oYmEXbPpQh7RNtw5gnKQmB3hOaD20HJRfG37eSI415zggdbFXKm2EjpI7bIH2umNjL1MEYTTWyELs\/AqP6zk5poN9pzVAEZNOKO7JZqtwVtsqlNHB+7cMpibXla5xuSL3xc5R47hmNtcK5ZVFWaBf46imaG1+sf+41zz3r9RBlCVr2S0hIjp82sSnRuScmItVzGLYXdsSeFMA9ebWVeT9yL7rdyWTSyTaZ6MSq+9Po1bPnO8+2BAoC2X219T5Cpx5u7f+X03tdueb\/SpgsvX3KsqevIgKUviDeHB61D6F4+nEY1j\/i59Lkvul7\/oVY2P5PyExG7UFJk6PvVqO8lLHrEtLd7Wfdq4P3M\/Pvdzrt08roNu11RnGytb+0OwfmHw==\" \/> \t\t<a href=\"https:\/\/www.pdf24.org\" target=\"_blank\" title=\"www.pdf24.org\" rel=\"nofollow\"><img src=\"https:\/\/www.hohenlohe-ungefiltert.de\/wp-content\/plugins\/pdf24-post-to-pdf\/img\/pdf_32x32.png\" alt=\"\" border=\"0\" height=\"32\" \/><\/a> \t\t<span class=\"pdf24Plugin-cp-space\">&nbsp;&nbsp;<\/span> \t\t<span class=\"pdf24Plugin-cp-text\">Sende Artikel als PDF<\/span> \t\t<span class=\"pdf24Plugin-cp-space\">&nbsp;&nbsp;<\/span> \t\t<input class=\"pdf24Plugin-cp-input\" style=\"margin: 0px;\" type=\"text\" name=\"sendEmailTo\" placeholder=\"Emailadresse\" \/> \t\t<input class=\"pdf24Plugin-cp-submit\" style=\"margin: 0px;\" type=\"submit\" value=\"Senden\" \/> \t<\/form> <\/div>","protected":false},"excerpt":{"rendered":"<p>Die Vereinigung der Verfolgten des Naziregimes \u2013 Bund der Antifaschisten (VVN-BdA) Baden-W\u00fcrttemberg begr\u00fc\u00dft die differenzierte Stellungnahme von Oberb\u00fcrgermeister Wolfgang Schuster vom 11. Mai 2010 zum Antrag der CDU-Stadtratsfraktion &#8222;Rechtsextremismus bek\u00e4mpft man nicht mit Linksextremismus&#8220;. Von Jochen D\u00fcrr (Schw\u00e4bisch Hall), Ilse Kestin, Dietrich Schulze, Dieter Lachenmayer (Landessprecher\/in und Gesch\u00e4ftsf\u00fchrer der VVN-Bund der Antifaschisten Baden-W\u00fcrttemberg) CDU-Stadtr\u00e4te forderten [&hellip;]<\/p>\n","protected":false},"author":3,"featured_media":0,"comment_status":"open","ping_status":"open","sticky":false,"template":"","format":"standard","meta":[],"categories":[],"tags":[],"_links":{"self":[{"href":"https:\/\/www.hohenlohe-ungefiltert.de\/index.php?rest_route=\/wp\/v2\/posts\/8004"}],"collection":[{"href":"https:\/\/www.hohenlohe-ungefiltert.de\/index.php?rest_route=\/wp\/v2\/posts"}],"about":[{"href":"https:\/\/www.hohenlohe-ungefiltert.de\/index.php?rest_route=\/wp\/v2\/types\/post"}],"author":[{"embeddable":true,"href":"https:\/\/www.hohenlohe-ungefiltert.de\/index.php?rest_route=\/wp\/v2\/users\/3"}],"replies":[{"embeddable":true,"href":"https:\/\/www.hohenlohe-ungefiltert.de\/index.php?rest_route=%2Fwp%2Fv2%2Fcomments&post=8004"}],"version-history":[{"count":6,"href":"https:\/\/www.hohenlohe-ungefiltert.de\/index.php?rest_route=\/wp\/v2\/posts\/8004\/revisions"}],"predecessor-version":[{"id":8010,"href":"https:\/\/www.hohenlohe-ungefiltert.de\/index.php?rest_route=\/wp\/v2\/posts\/8004\/revisions\/8010"}],"wp:attachment":[{"href":"https:\/\/www.hohenlohe-ungefiltert.de\/index.php?rest_route=%2Fwp%2Fv2%2Fmedia&parent=8004"}],"wp:term":[{"taxonomy":"category","embeddable":true,"href":"https:\/\/www.hohenlohe-ungefiltert.de\/index.php?rest_route=%2Fwp%2Fv2%2Fcategories&post=8004"},{"taxonomy":"post_tag","embeddable":true,"href":"https:\/\/www.hohenlohe-ungefiltert.de\/index.php?rest_route=%2Fwp%2Fv2%2Ftags&post=8004"}],"curies":[{"name":"wp","href":"https:\/\/api.w.org\/{rel}","templated":true}]}}