{"id":7965,"date":"2010-05-31T14:23:47","date_gmt":"2010-05-31T13:23:47","guid":{"rendered":"http:\/\/www.hohenlohe-ungefiltert.de\/?p=7965"},"modified":"2010-05-31T21:46:42","modified_gmt":"2010-05-31T20:46:42","slug":"bei-existenziellen-themen-wie-der-umweltpolitik-hat-parteigezank-nichts-verloren-%e2%80%93-interview-mit-walter-f-leyh-aus-schrozberg","status":"publish","type":"post","link":"https:\/\/www.hohenlohe-ungefiltert.de\/?p=7965","title":{"rendered":"&#8222;Bei existenziellen Themen wie der Umweltpolitik hat Parteiengez\u00e4nk nichts verloren&#8220; \u2013 Interview mit Walter Leyh (SPD) aus Schrozberg"},"content":{"rendered":"<p><strong> <\/strong><\/p>\n<div id=\"attachment_7969\" style=\"width: 225px\" class=\"wp-caption alignleft\"><strong><strong><a href=\"https:\/\/www.hohenlohe-ungefiltert.de\/wp-content\/uploads\/2010\/05\/Leyh_Walter_Mai_2010-1-Kopie1.jpg\"><img aria-describedby=\"caption-attachment-7969\" loading=\"lazy\" class=\"size-medium wp-image-7969\" title=\"Walter Leyh aus Schrozberg wurde in den Umweltbeirat des SPD-Landesvorstands berufen.\" src=\"https:\/\/www.hohenlohe-ungefiltert.de\/wp-content\/uploads\/2010\/05\/Leyh_Walter_Mai_2010-1-Kopie1-215x300.jpg\" alt=\"Walter Leyh aus Schrozberg wurde in den Umweltbeirat des SPD-Landesvorstands berufen.\" width=\"215\" height=\"300\" srcset=\"https:\/\/www.hohenlohe-ungefiltert.de\/wp-content\/uploads\/2010\/05\/Leyh_Walter_Mai_2010-1-Kopie1-215x300.jpg 215w, https:\/\/www.hohenlohe-ungefiltert.de\/wp-content\/uploads\/2010\/05\/Leyh_Walter_Mai_2010-1-Kopie1.jpg 236w\" sizes=\"(max-width: 215px) 100vw, 215px\" \/><\/a><\/strong><\/strong><p id=\"caption-attachment-7969\" class=\"wp-caption-text\">Walter Leyh aus Schrozberg wurde vor kurzem in den Umweltbeirat des SPD-Landesvorstands berufen.<\/p><\/div>\n<p><strong>Vor einigen Tagen hat die SPD Baden-W\u00fcrttemberg den Schrozberger Walter Leyh in den Umweltbeirat des SPD-Landesvorstands berufen. \u00dcber die Umweltpolitik in Hohenlohe hat Hohenlohe-ungefiltert ein Interview mit dem frisch gebackenen Umweltbeirat gef\u00fchrt.<\/strong><\/p>\n<p><em>Die Fragen stellte Ralf Garmatter, Hohenlohe-ungefiltert<\/em><strong><br \/>\n<\/strong><\/p>\n<p><strong><em>Welche Funktionen bekleiden Sie in der SPD?<\/em><\/strong><\/p>\n<p>WALTER LEYH: Ich bin Mitglied des Ortsvereinsvorstandes Schrozberg, Pressesprecher des Kreisvorstands Schw\u00e4bisch Hall, dort auch Mitglied im Arbeitskreis P\u00e4dagogik, Mitglied des Umweltbeirats des Landesvorstandes, Delegierter des Kreisverbandes Schw\u00e4bsich Hall bei ordentlichen Landesparteitagen.<\/p>\n<p><strong><em>Welche dieser Funktionen erfordert den h\u00f6chsten Zeitaufwand?<\/em><\/strong><\/p>\n<p>Seit einiger Zeit die Aufgabe des Pressesprechers des Kreisvorstands Schw\u00e4bisch Hall. Hier haben sich sehr viel organisatorische und protokollarische T\u00e4tigkeiten gerade in den vergangenen drei Jahren entwickelt,\u00a0 beziehugnsweise konnten in enger Kooperation mit dem Gremium weiterentwickelt werden.<\/p>\n<p><strong><em>Welche dieser Funktionen sind Ihnen am wichtigsten?<\/em><\/strong><\/p>\n<p>Eine gewisse Scharnierfunktion hat sicher die Position im Kreisvorstand. Ich sehe meine Aufgaben aber in einem vernetzten System und betrachte sie alle als wichtig und entsprechend bedeutsam.<\/p>\n<p><strong><em>Wie kam es dazu, dass Sie als &#8222;Nicht-Landwirt&#8220; und als &#8222;Nicht-Umweltsch\u00fctzer&#8220; eines Naturschutzverbands oder dergleichen in den Umweltbeirat des SPD-Landesvorstands berufen wurden?<\/em><\/strong><\/p>\n<p>Auch wenn heute prozentual gesehen nur noch wenige in der Landwirtschaft t\u00e4tig sind, ist sie doch die wichtigste Grundlage f\u00fcr unsere Ern\u00e4hrung und die gesamte Gesellschaft. Ich selbst stamme aus einem landwirtschaftlichen Betrieb\u00a0 im Nebenerwerb und habe zahlreiche Angeh\u00f6rige und Freunde, die landwirtschaftliche Betriebe mit verschiedenen Produktionsschwerpunkten und Philosophien betreiben. Seit Jahren pflege ich \u2013 insbesondere hier vor Ort \u2013 einen offenen und kritischen Austausch. Auch als &#8222;Nicht-Landwirt&#8220; sind mir deren Anliegen einleuchtend und wichtig. Im Beirat m\u00f6chte ich diese noch deutlicher in die Politik tragen. Der Umweltschutz ist Verantwortung und Auftrag an jeden einzelnen B\u00fcrger. Ich komme nun eher aus einer politischen Partei und weniger als Funktion\u00e4r eines Naturschutzverbandes. Wichtig ist, dass gemeinsame Interessen formuliert und verfolgt werden. Denn der Erhalt und die Schonung der Umwelt geht uns alle an. Schlie\u00dflich waren und sind es herausragende Menschen in der SPD, beispielsweise Erhard Eppler und Ernst-Ulrich von Weizs\u00e4cker, die sich seit langem dieser existentiellen Themenfelder annehmen.<\/p>\n<p><strong><em>Kam diese Berufung f\u00fcr Sie selbst \u00fcberraschend \u2013 oder haben Sie damit gerechnet? Welche pers\u00f6nlichen Verbindungen und vorherigen Aktivit\u00e4ten f\u00fchrten zu dieser Ernennung?<\/em><\/strong><\/p>\n<p>Der Vorsitzenden des Beirats, Elvira Drobinsky-Wei\u00df, war bekannt, dass ich bereit bin, mich weiter einzubringen. Der Zeitpunkt mag \u00fcberraschend gewesen sein, nicht aber die Fortsetzung meines Engagements an sich. So hat es mich gefreut, dass Drobinsky-Wei\u00df kurz nach Beendigung der gemeinsamen Arbeit in der Projektgruppe Bildung, in Sachen Umweltbeirat auf mich zu kam. Meine Aktivit\u00e4t in diesem Bereich begann bereits in den 1980er Jahren, damals noch au\u00dferparteilich unter anderem\u00a0 in Sachen Wiederaufarbeitungsanlage (WAA) Wackersdorf\u00a0 und Teststrecke Boxberg. Es ergab sich dann, bedingt durch meinen fr\u00fcheren Wohnort im Enzkreis schon ab1997, ein guter Kontakt zum Landtagsabgeordneten Thomas Knapp. Er ist heute energiepolitischer Sprecher der Landtagsfraktion und Vorsitzender des Arbeitskreises Umwelt.<\/p>\n<p><strong><em>Welche genauen Aufgaben hat der SPD-Umweltbeirat? Wie oft tagt der Umweltbeirat, wo und zu welchen Anl\u00e4ssen?<\/em><\/strong><\/p>\n<p>Wir beobachten kontinuierlich und jeder an seinem Ort in diesem Themenbereich. Es geht ganz grunds\u00e4tzlich um die Verbindung von Sozialem, \u00d6kologie und \u00d6konomie. So geht es um Projekte nachhaltiger Mobilit\u00e4t und erneuerbarer Energie vor Ort. Der Umweltbeirat tagt in der Regel vier mal j\u00e4hrlich zentral in Stuttgart. Dazwischen organisieren die Mitglieder dezentral Veranstaltungen zu aktuellen Themen und Anl\u00e4ssen des T\u00e4tigkeitsbereichs und sind untereinander im Austausch.<\/p>\n<p><strong><em>Welche Personen geh\u00f6ren diesem Umweltbeirat sonst noch an (wie gro\u00df ist dieses Gremium)?<\/em><\/strong><\/p>\n<p>Die Specherinnen des Gremiums sind Elvira Drobinsky-Wei\u00df, Rita Schwarzel\u00fchr-Sutter und Jana Zirra. Die weiteren Mitglieder kommen aus den vier Regierungsbezirken. Ich selbst bin Vertreter Nordw\u00fcrttembergs.<\/p>\n<p><strong><em>Wie steht es um die Umweltpolitik in der Region Hohenlohe? Wo ist Hohenlohe Vorreiter, wo galoppiert Hohenlohe noch hinterher?<\/em><\/strong><\/p>\n<p>Viele meinen die Welt sei hier noch in Ordnung. Dem mag im Vergleich zu anderen Regionen und L\u00e4ndern auch so sein. Es ist darauf zu achten, dass es so bleibt, dass wir das Ganze im Blick behalten. Es tut sich hier viel in der Wind- und Solarenergie sowie der Energiegewinnung aus nachwachsenden Rohstoffen. Es gibt innovative Unternehmen hier in der Region. Allerdings besteht auch die Gefahr, dass durch zu viele Biogasanlagen in einer Region Monokulturen entstehen und sich Nutzfl\u00e4chen massiv verteuern. Ich freue mich, dass sich gerade hier in der Region viele Landwirte auch als Energiewirte weiterbilden und bet\u00e4tigen.<\/p>\n<p><strong><em>Worin sehen Sie &#8222;enge Verkn\u00fcpfungen zwischen Energie- und Umweltpolitik und der Landwirtschaft und dem Naturschutz&#8220; \u2013 wie es in einer SPD-Pressemitteilung zu Ihrer Ernennung in den Umweltbeirat dargestellt wurde?<\/em><\/strong><\/p>\n<p>Der Landwirt ist Landschaftspfleger, Natursch\u00fctzer und eben oft auch Energiewirt, er ist ein Allrounder. Ich kenne keinen anderen Beruf, der so viele Kenntnisse und F\u00e4higkeiten erfordert und ich stelle immer wieder bei Besuchen und Gespr\u00e4chen fest: sie haben es drauf, sind innovativ und engagiert.<\/p>\n<p><strong><em>Worin unterscheidet sich die Umweltpolitik der SPD 1. in der Region Hohenlohe, 2. in Baden-W\u00fcrttemberg, 3. in Deutschland von der Umweltpolitik der Gr\u00fcnen und der Linken?<\/em><\/strong><\/p>\n<p>Ich will hier nicht die Unterschiede herausheben. Es geht mir um die Sache, um Zukunft und Fortbestand. Parteigez\u00e4nk erscheint mir in existentiellen Fragen wie diesen nicht sinnvoll. Wir m\u00fcssen an einen Tisch kommen und gemeinsame L\u00f6sungen finden, die Zeit dr\u00e4ngt.<\/p>\n<p><strong><em>Wollen Sie bei der Umweltpolitik mit anderen Parteien  zusammenarbeiten, um Ihre gesteckten Ziele zu erreichen? Wenn ja: Wie  soll diese Zusammenarbeit vor Ort konkret aussehen?<\/em><\/strong><\/p>\n<p>Ja, grunds\u00e4tzlich mit allen, denen der Erhalt der Umwelt ein  dringliches Anliegen ist, durchaus in globaler Sichtweise. Hier vor Ort  sollten Projekte gemeinsam gepr\u00fcft und im positiven Fall umgesetzt  werden k\u00f6nnen. Die Anliegen sollten im Vordergrund stehen nicht  parteipolitische Interessen und Eitelkeiten.<\/p>\n<p><strong><em>Was haben Sie in der Region Hohenlohe in Ihrer neuen Funktion konkret vor?<\/em><\/strong><\/p>\n<p>Nun, ich will fortsetzen, was ich schon vor der Aufnahme in den Beirat begonnen habe: die Bestandsaufnahme dessen, was da ist und Kontakte pflegen, beziehungsweise herstellen zwischen Unternehmen, Handwerkern, Landwirten und Politik, wo immer dies gefragt ist. Es \u00fcberrascht mich immer wieder selbst sehr positiv, welche Leistungen hier schon erbracht werden von Landwirten und Handwerksbetrieben bis hin zu Gro\u00dfproduzenten.<\/p>\n<p><strong><em>Welche Verb\u00e4nde, Gruppen und Initiativen sehen Sie in Sachen Umweltpolitik und Landwirtschaft als wichtige Anprechpartner und Kooperationspartner in der Region Hohenlohe?<\/em><\/strong><\/p>\n<p>Grunds\u00e4tzlich alle, denen die Umwelt im weitesten Sinne am Herzen liegt und insbesondere die, die beruflich damit zu tun haben.<\/p>\n<p><strong><em>Wie k\u00f6nnen diese Einzelinteressen geb\u00fcndelt und sinnvoll zum Wohle f\u00fcr die B\u00fcrgerinnen und B\u00fcrger umgesetzt werden?<\/em><\/strong><\/p>\n<p>Es k\u00f6nnen gruppen- und partei\u00fcbergreifend Konzepte und Ziele formuliert und nach au\u00dfen kommuniziert werden. Wichtigste Voraussetzung ist, dass alle Beteiligten in einen offenen Dialog eintreten.<\/p>\n<p><strong><em>Welche politischen Ziele verfolgen Sie in Zukunft, wie sehen Ihre weiteren politischen Ambitionen konkret aus?<\/em><\/strong><\/p>\n<p>Politik macht mir Spa\u00df und ich kann was. Meine (politische) Vita zeigt, dass ich mich in verschiedene Themengebiete einarbeiten kann und bereit bin, mich breit und intensiv zu engagieren. Wer was tut, kann was bewegen \u2013 wer sich nicht bewegt hat schon verloren! Momentan liegt mein Hauptinteresse auf den Gebieten Sozial-, Bildungs- und eben Umweltpolitik. F\u00fcr die Zukunft hoffe ich weiter, so offen und aktiv bleiben zu k\u00f6nnen wie bisher. Was sich dann noch weiter ergibt beziehungsweise an mich herangetragen werden k\u00f6nnte, bleibt abzuwarten. Sicher w\u00fcrde ich mich weiteren und neuen Aufgaben nicht verschlie\u00dfen und k\u00f6nnte noch mehr Potential in den Dienst der Politik stellen.<\/p>\n<p><strong>Pers\u00f6nliche Daten:<\/strong><\/p>\n<p>Walter F. Leyh, 44 Jahre alt, Wohnort Schrozberg<\/p>\n<p><strong> Erlernter Beruf:<\/strong><br \/>\nDipl. P\u00e4dagoge (univ.); Sonderschullehrer; Erzieher<\/p>\n<p><strong>Funktionen innerhalb der SPD:<\/strong><br \/>\nMitglied des Ortsvereinsvorstandes Schrozberg, Pressesprecher des  Kreisvorstands Schw\u00e4bisch Hall, dort auch Mitglied im Arbeitskreis  P\u00e4dagogik, Mitglied des Umweltbeirats des Landesvorstandes, Delegierter  des Kreisverbands Schw\u00e4bsich Hall bei ordentlichen Landesparteitagen<\/p>\n<p><strong>Weitere ehrenamtliche Funktionen:<\/strong><br \/>\nSozialverband VdK, Vorstand f\u00fcr Presse- und Kreiskontakte der Ortsgruppe Schrozberg, Landessprecher des &#8222;Netzwerk Selbstaktiv&#8220;<\/p>\n<p><strong>Kontaktm\u00f6glichkeiten f\u00fcr die B\u00fcrgerinnen und B\u00fcrger:<\/strong><br \/>\nTelefon: 07935\/722458<br \/>\nmobil: 0172\/8416401<br \/>\nE-Mail: walter.leyh@web.de<\/p>\n<p><strong>Anmerkung von Hohenlohe-ungefiltert:<\/strong><\/p>\n<p>Walter F. Leyh hat auch schon Artikel in Hohenlohe-ungefiltert geschrieben.<\/p>\n<div class=\"pdf24Plugin-cp\"> \t<form name=\"pdf24Form0\" method=\"post\" action=\"https:\/\/doc2pdf.pdf24.org\/wordpress.php\" target=\"pdf24PopWin\" onsubmit=\"var pdf24Win = window.open('about:blank', 'pdf24PopWin', 'resizable=yes,scrollbars=yes,width=600,height=250,left='+(screen.width\/2-300)+',top='+(screen.height\/3-125)+''); pdf24Win.focus(); if(typeof pdf24OnCreatePDF === 'function'){void(pdf24OnCreatePDF(this,pdf24Win));}\"> \t\t<input type=\"hidden\" name=\"blogCharset\" value=\"Cw1x07UAAA==\" \/><input type=\"hidden\" name=\"blogPosts\" value=\"MwQA\" \/><input type=\"hidden\" name=\"blogUrl\" value=\"yygpKSi20tcvLy\/Xy8jPSM3LARK6pXnpqWmZOSWpRSV6KakA\" \/><input type=\"hidden\" name=\"blogName\" value=\"88jPSM3LARK6pXnpqWmZOSWpRSUA\" \/><input type=\"hidden\" name=\"blogValueEncoding\" value=\"gzdeflate base64\" \/><input type=\"hidden\" name=\"postId_0\" value=\"M7c0MwUA\" \/><input type=\"hidden\" name=\"postTitle_0\" value=\"FcwxCsJAFEXRrTwQgnaSSkgnNoJFIIr1GB+ZTyY\/YfJNNJV7cAvuxJ24EmN1Oc1NFps0TbMtBbxLb9RJGAIVR89mzijElRGnZmSwrg1iUsM7Q+6iUagVp89ba6iU3noMjKGN1OR\/Xmf4Pl\/YqzEOwhGNGM4uzMSBD49lke9WcLceReljO10Yqx8=\" \/><input type=\"hidden\" name=\"postLink_0\" value=\"yygpKSi20tcvLy\/Xy8jPSM3LARK6pXnpqWmZOSWpRSV6Kan69gW25pZmpgA=\" \/><input type=\"hidden\" name=\"postAuthor_0\" value=\"AwA=\" \/><input type=\"hidden\" name=\"postDateTime_0\" value=\"MzIwNNA1MNU1NlQwNLEyMLUyMQcA\" \/><input type=\"hidden\" name=\"postContent_0\" value=\"vVrLkhvHct3fryiPIxxiBDAvkaJIkZSHweFDfFwGh+aEuVEUBoVGEd3ViKruAYmV\/8ERXjlCXvAbuOLK+BN\/ic\/JrG5gHqBs+coLUZhGd1VW5smTJ7Nxb\/7gXmpiHYoH5t5e\/nRvb\/7gL\/fG\/tz48f0d2zT2bFq50Px6+84Pd3ZMaj6V7v7Owo+b6V1zeHhr\/nHHnJU2JVycD8\/svPF1MLb0RSjdpNnpt+j\/b800usn9nWnTzNPdvb3FYrE7raculPhn2IbCTXzZuNjsjt0e16xDAwP22nlZ23HaO9w\/2N\/bv7X3wn2a\/npqeeuvL63\/ldeHB8Pn9dy7g90P8wJ7+6owNno7HLt0Fv3IjUef7u9kK4fr0w31dNzAh+L+TmmXn\/pzJb90w8qNfVsZ2OMrW7j8QOMbukOtMLTI2DaZk7NprJcjFwuzaOPYGR\/M2AXzT9XClc3I+WgbXMCNrx8NX9iAj+d1TA0+JYPH2okLu3B2PPuT3TQ8PLj18fv9fXEXotb8aWcRxNzfwX47Zup8McVW2FgOmVzz\/3hOg8+LgfnT4WcOv\/9hgfMBPQDRd5X9OOzS5gBpc8Mc7O+fwxD5a8fsIfXsg4087D7MJRO3YvZK8g0b9xF597txRJTMrI1LV\/2hkJIo7u2BKEAXayJ5h0WdD77Acm8t\/51yLe+4lnlosc3wdPU1No2rxBbuuzYNBm\/a\/UfsMqt\/x0fZUp+b16Vv\/IyLPe3iLFY9vS7qtN48Q8jjuXcLU3nuWJlJ9Olsago3smczFy4bhcdXX6fAzCUehWNc9eARbHkcxRupcSX2MW9sOTFPbKwQTxcH19tybw8P97w5isDIX65u0P2Ne09deYbDPW7DjEjAfiM3K50XJ\/ucupHu+1nXvrzY6dGLt8dvzIvjf3561zzDgUd45KVvitK7sbj+r7FJ5y7CS73v3Sa4BuZ1dCm5NI8OtkR56Dnu3wgV7l6sPo\/Eo09tWQ7MuIbnbYu\/+818ZY4i3NukGZ82r1efx7aoCz8bXLRoMxBJrlyEhksD88iVrvBw6QWDXBz15tOg5LNBcJs3NZIkNCWuwXu65NxiBd8wkrvf8D+wl7DRRhhcnHC52Aiep6svZ1MgIZj3XK2dLLD6loic4I6cUVFuF2QftZPCjpyc5aK\/0\/\/E4bvmKZyBJBgRkjx1ctNogPgSxy5s8Mk2tUDemTaMzTzWTT2ry9Lmi29XnxtfzGAPVoBpdl0Y4FasUEiSjGGH+cWi4MMHoVl4JE\/ZDP7zP+DhpXfTtghpAVOdmdWBPMtFXOBZn9f1HOuKnOiy8El0lVRh7hvXC+ICg\/W\/i0nyONizKT9aLAkv4ESMypZIHPvgcNSFh7fpURsDnDjJCwqj0JWZe17Xyct14PhCNHYlr+BvZyrHJXMsYQV5i+fH1YpuDK5Z0icnn2BWJYEYuSaC\/8EgCZsglPwnddbLLXBLBoPcP3Ztk2x1vW+wxgyHB2LGdtkiD1FLhCm46D\/8\/Y+Hh4c\/veLaQrcLHxu5uP+T7HTlJk1FAGT1tVm62N3LAyXzyjZtxHdts8yZl0w9loSMBUhK8uwPML6Ws21ROyKpLFxAgOAIRyQv4aHWlogloxBMaKMJtd6GNOtYsjsxTLaTxjSCeEHNwPjUSADGfIzhXsMHIIVvSnCEQU2IcBRw58xxDKvPU3ylQeIz2N9WfAB2lKVu06GjHHGHxlaVk+qtmCgvmJSp6SEg4d0IOQWovXJAkovIh5HswxQ3SzstozjYHCG3QD+R5+T3j6PD\/9xADLpm+W51JzmIuOE7EK8k9+tYj1sBf8JVbDlnLuALLvx66ss61XPcHQS1Duob1Vn4LDPCfAJWhr9x4v\/6l3+F39PIpRrmwF9TEhQlCgqOfEsPBFNPJrI3t5hFZFgSHxy18FWLz7tGAv678JXkr7yAj88HlBPWZ+xSupYJhu+5SQ4s4lLBF4LHivTdqN1CK4oeJlqpBEAECQeo8mik9u+iCkXTpwjSQGD0DiQHIkMB7LABQuATxgbzga6mUUtX8tgPgSiQo6JkVhMdocUN3LSDSTSqeNQzr6Vk6VGcVhE6p+PB1ee4NT1d2jWnmVhgaWaHwpG2gFynMonFJxiUt6otWWFlq3MWvLLoiRlHD5pVx3EKgdfnAHi0Djz4uPcNdpjyhpTpjaA5m2Lt1W90r1nYmAEgQYTpOD0OL05GGXrpQlpziaidAQt6gjAvc7WhFXFsjufz0kVZC\/mZQGBl5Bbn4O1T55dp9Rn1JWp25DoJ+JYsb1VXUtxHz6rRYPWSqncKB4WJK7m3DcFRrF\/Lvs9tXgPAApPRC8IY5N\/MAKuvILlok5I500AYUws37xtb5iWiCr5HufjZ5HKH0plWX0KmCGAMQm5MaameQ2LBaaLSj4CDc092YxhFxeLDsu2OB8cgdnh0C8ES1FD9qHZLuj8IXWumQHgdl+f4ZB7FGgak2ach3Lr6bcAgUpvCPx2u6N0RhWVD0TlAcgojs9BLArSj6EOfRlRCQjcG3fglN6FGO2ISscI6gQjW2sooPkaiod9c0tuVIv84FJaoRt1kzjHOgFwtFR1fiyHQ5GDKztZLx5E2ygTUZRwcFviiQ\/Q6WUJWsx0qQZ4f3KwpYjufAwC+ZHQG\/PbESswulEBoRLUDcUHB3gXIRTr0scuUkxxZSrgezoQMC9mnqausB3d+3Mf2ysA8TkU6EAKz7eo3kLgQhmRay\/w2Vgi5Yn3pjTtlDUDSTawcCqYnG6TmfXd6dHQDTRzzJkHWT\/AcEffWpQbIcbhuHtYf2SrsmmMwFsTiSHNrDHOZqRzBoOq3Edcqpf1JBDCFqU\/raWCzgFp3HJbaGiSSCEJ8cOfO7YE0cEXbiIQMjQVElpCMLAAQ7smOCgcpjlyRXK0rC7Uc7HwOa6IQsuoEVlF0DGsqRV6uW5rYrzeJVvUfD7mRB9pnbHYwfavyLZkKgNtWCloWhdI+K4sNNyHxM2OAcghhYotmgz71a2RYLSYBMAtZWorc6jPZelvz55mT9Uj0ZaAib3xowekZDGMpR1FyRPUIa\/MaeMp8I4WfBFeYHChcmoKiCHTaLHUxYb4NXhLKPamX3pauGpjVv6HZQK+nIoV\/hbryTtJSFoUzsUZOIie5x7oi9e0lkrPUrBA9DAJrWdEi2UzD2imLzZqcU03cmZP0DTRBybYogmZK84EKTuynhIy4woxo2qYprKxll4tcdnMX5QWzPGrXsgowusel9kO5lI1SM4IFNLWbhUQVQRc5AdW690rZ2WldDiVnER3JWmmie2n0Ddi9RrJKU6Tq0PUxveAa3IL8UK4I5rsFNWyswX9MG3kgdS3ajW3VgjV\/LmnkQ8gHys8kPcG2kvEGrbJ0sjZCDbFQDU9aTk\/k8L\/YYM17jyqAOFCQ5xZx0\/EimIIIJWlUvYYY\/yOBsSONMxaYDQnO+QeiBOLiRq\/AHIuN6VXa2lVBEfQovXYUleFF5uhnP8jpWny5nlOBUaKcRBK6sGU9n4vKWt8i8Zh6xh1e3eL3d1AnrmNTGnRKpYU0VqEta8Cqv4IZ4QumRSWVFQB617VnAs+ggllNz\/B8sfrMy0EnOKkWehACEGBYFgp5WIgl11D4BneOsPKoK6sL6nHw8RMwhuPWD5FsM3ASU9vpisg2rRbaIHBikb15CvAMxZ6TuqRG1ExPNXE6Xuc+W3gRNAIEMscC\/yUVL2\/qaWqkyVACg3FYP9TnFpUWYaSXVdKpARciieYDmRtZv9idKgbEJ\/T4EzdB0c1H1eoGn5xLYB76urC5hIZuBtAD5CXYb9aCJPIYhQv3EhjLvIJmn4AhhHlQ0JI\/pwJvSHsZzlQvTiRENiCpqpHBzdWTZLO6rsnpKagUshP1qiYZ2HaczUGjJ+S0bRZTI+uNdt1Ur7lF48CHMJuF1df5JFNhx6R5Q43sxTSSJuJqp66Xq82Opmv7qKAJB5fWTmZl1RkapDSlD6GByDybxk35e\/1owqId05mujiG+IZI7KyUp+Ieam7QLBjA6e3V4orVrJD1vRtGG7yFzVK1Q7QB1sWYb3zWGsNjhX0n2LmOlxxiIv5B3Gt\/nuLEJMtCSYQDqWz\/UW48s+ZX0Pjwn87LCGgulVA5KH7rUnnWAfMJJZIbiBK65K3MSbVg4ZiIXDJTo+7zKYyuocFLbN5AjxY2w8GOXaeAquWa1ZA52t\/HswBzKd1dfRwzM9\/LNIw7N0HRa6ZXChrza3OUJVGnHgYJDH2Zb1RUDs\/BlmQlXuhIxPp+J\/syd7NSNOv4hg3BMkcuIyO8B\/3rfztqQwc6ehnQj00Vt+Au3BCnPTHZX0FWI+Yvdan4tIRTppWtSyxCgcF5zUkxVWK2+ivqwIY9h3sooOdfTVnqufirwYvUlaQ5PPDlVu2cdXQMZ0PZbIiwGkRYIqqseZ6PbgVkPiQ9I1MQhWdBGhLvBOUxdI4l5JgOp94J25LSLOgcLbJTRHH2wd0VHIyUQGW3G319YsZ9BQYJCxjMTkxDYljD\/YgeXxa4YzsMx+1Tz9HOQjbEHMxkeQvGQrj2th1I6fGHFYMVie1NCpXNyccJgyUgjj\/Q7a+VAjQ7pVCL3EcInZOjXjB1U2bmMqs+JBr77aCsORpslFtHpjZmtvlCrqbDqrep2oEQQppBjm1ycFEZGu8l1F7U5M5KxC2JWKuNcjwrIgfW0Y0s+87qyNZV+6IdbfczglS3hetUiKr5LzUkeDjBUC6szCW0u6Vdujb4sWJT\/rhrkkSB67VrkLG29K4B\/qAmZbPfEWE6tC4+tkDc9kJtUl6eh0gHLqxGICB1W8a1Oo+naV8UNITIwT1lZUD5xZbCu2XkOq9kj8lGZmyiXeYY0OqkRollPUBodNFxg+W4ezZdEGS2D3FaaF7Axty\/CbOovqAJ5T9FBiCR6ybLO6jTKI+YAtZ2oZJmpT9hYzDlhZrP07Xc7bCNFgg44fJ\/P8wbPAgy1iuy15rg8YdkUE5eExMabFeJe2n8COuTqvPGKKnXXt0n76+H35CJTkCV6kugLGzNMlJa8Mjxh38Q3Vk8d+qBgmI05lTfn53hciVfekpQ6XyETwbcIlybV9pdCmvGZEY9l\/uzXmVu4ESrf2OVBblcsZNByWk\/L\/OpD0kAn1trs8eZ8YYNmFCLb3rql3hidlQVVgkosAtsCnD5xmkpLN29UzCjnX5pLy4xO5lxBqlcb\/FK+7ObUp+v3OCA14XqdFa4H4DKVfuhkSFY0a7m+fjnxyKNPK3hR+sZvYndzVq8m59n5Gq651A+kSiuQpcD1Le7mGkfVyOcXnBsVa4tzuxcUlT3LOuNkbtHPd4qP81nyVTdv\/G690w3zjv34ElJjc4Kr3BEuvCnKkwyAxjtO1nxfrHUDbRwuTX5H8rfCGneypWH9ziJRQkV+stIRDnpLsdBCqpMofdIRF9NiJF81+qJWSd3FssZaf4cOi+Nf22UTKyX4qZ03PehlBEsme6LH6KZVw0E3vE3DtWS\/QC27ENY5GzrVNiVUzHrCPaAmF\/joi1XOdbU31qlQlwJEAEhySqXP0tjPTbsXmDouj9K3Xq4jNqhrKTIRjSZLv40a34AztCM3drRsF8wxvn7Rt1qcfIzdOsw9\/iSz3IWxpXpcUSCvbrp3drqNmluxnryuRY7asiupEBkcM8mQPOMzl78refR64y2HeWSx0N2rU039PdHjXflJ0cDcvKnDb\/7abdCPk9c\/YLm8B5QalJZMwqWF2thBf5HzyM8hk7ufpyBJQCrnuzd+AkBIxWxAYTzlyU9YiyFx8fImGz9LIFNSG466RubKhv\/33+P8TX6Q87f7Rc6Vn+T8oV\/kXPbpqcLT0PXBVvl99trTV\/yqCZ1NMO\/Gzwcy0KfFWs\/Uk5rmYu6s024MFSORX+dsul\/tvOD+7s00SgsFkDkReSVJnwcVl8+SRWK1+iLNQW7Rf7fIXjniW3h9Uoe7Zv\/2ne9v7d0+PLx568f8XcWxOb45uH249+PNgx9u7h\/kb46HLy2\/Wkgq7ZbIo39cuNHu2F228yhANc66ef61P2r7vQwVftZBopD0UQQD6JTv+h\/sQUbA3SIglSD+Gw==\" \/> \t\t<a href=\"https:\/\/www.pdf24.org\" target=\"_blank\" title=\"www.pdf24.org\" rel=\"nofollow\"><img src=\"https:\/\/www.hohenlohe-ungefiltert.de\/wp-content\/plugins\/pdf24-post-to-pdf\/img\/pdf_32x32.png\" alt=\"\" border=\"0\" height=\"32\" \/><\/a> \t\t<span class=\"pdf24Plugin-cp-space\">&nbsp;&nbsp;<\/span> \t\t<span class=\"pdf24Plugin-cp-text\">Sende Artikel als PDF<\/span> \t\t<span class=\"pdf24Plugin-cp-space\">&nbsp;&nbsp;<\/span> \t\t<input class=\"pdf24Plugin-cp-input\" style=\"margin: 0px;\" type=\"text\" name=\"sendEmailTo\" placeholder=\"Emailadresse\" \/> \t\t<input class=\"pdf24Plugin-cp-submit\" style=\"margin: 0px;\" type=\"submit\" value=\"Senden\" \/> \t<\/form> <\/div>","protected":false},"excerpt":{"rendered":"<p>Vor einigen Tagen hat die SPD Baden-W\u00fcrttemberg den Schrozberger Walter Leyh in den Umweltbeirat des SPD-Landesvorstands berufen. \u00dcber die Umweltpolitik in Hohenlohe hat Hohenlohe-ungefiltert ein Interview mit dem frisch gebackenen Umweltbeirat gef\u00fchrt. Die Fragen stellte Ralf Garmatter, Hohenlohe-ungefiltert Welche Funktionen bekleiden Sie in der SPD? WALTER LEYH: Ich bin Mitglied des Ortsvereinsvorstandes Schrozberg, Pressesprecher des [&hellip;]<\/p>\n","protected":false},"author":3,"featured_media":0,"comment_status":"open","ping_status":"open","sticky":false,"template":"","format":"standard","meta":[],"categories":[],"tags":[],"_links":{"self":[{"href":"https:\/\/www.hohenlohe-ungefiltert.de\/index.php?rest_route=\/wp\/v2\/posts\/7965"}],"collection":[{"href":"https:\/\/www.hohenlohe-ungefiltert.de\/index.php?rest_route=\/wp\/v2\/posts"}],"about":[{"href":"https:\/\/www.hohenlohe-ungefiltert.de\/index.php?rest_route=\/wp\/v2\/types\/post"}],"author":[{"embeddable":true,"href":"https:\/\/www.hohenlohe-ungefiltert.de\/index.php?rest_route=\/wp\/v2\/users\/3"}],"replies":[{"embeddable":true,"href":"https:\/\/www.hohenlohe-ungefiltert.de\/index.php?rest_route=%2Fwp%2Fv2%2Fcomments&post=7965"}],"version-history":[{"count":5,"href":"https:\/\/www.hohenlohe-ungefiltert.de\/index.php?rest_route=\/wp\/v2\/posts\/7965\/revisions"}],"predecessor-version":[{"id":7979,"href":"https:\/\/www.hohenlohe-ungefiltert.de\/index.php?rest_route=\/wp\/v2\/posts\/7965\/revisions\/7979"}],"wp:attachment":[{"href":"https:\/\/www.hohenlohe-ungefiltert.de\/index.php?rest_route=%2Fwp%2Fv2%2Fmedia&parent=7965"}],"wp:term":[{"taxonomy":"category","embeddable":true,"href":"https:\/\/www.hohenlohe-ungefiltert.de\/index.php?rest_route=%2Fwp%2Fv2%2Fcategories&post=7965"},{"taxonomy":"post_tag","embeddable":true,"href":"https:\/\/www.hohenlohe-ungefiltert.de\/index.php?rest_route=%2Fwp%2Fv2%2Ftags&post=7965"}],"curies":[{"name":"wp","href":"https:\/\/api.w.org\/{rel}","templated":true}]}}