{"id":7960,"date":"2010-05-30T21:55:48","date_gmt":"2010-05-30T20:55:48","guid":{"rendered":"http:\/\/www.hohenlohe-ungefiltert.de\/?p=7960"},"modified":"2010-05-30T21:57:35","modified_gmt":"2010-05-30T20:57:35","slug":"kopfpauschale-stoppen-%e2%80%93-verdi-gesundheitsexperte-referiert-in-schwabisch-hall","status":"publish","type":"post","link":"https:\/\/www.hohenlohe-ungefiltert.de\/?p=7960","title":{"rendered":"&#8222;Kopfpauschale stoppen \u2013 Entsolidarisierung im Gesundheitswesen verhindern&#8220;: ver.di-Gesundheitsexperte referiert in Schw\u00e4bisch Hall"},"content":{"rendered":"<p><strong> <\/strong><\/p>\n<div id=\"attachment_7961\" style=\"width: 226px\" class=\"wp-caption alignleft\"><strong><strong><a href=\"https:\/\/www.hohenlohe-ungefiltert.de\/wp-content\/uploads\/2010\/05\/HerbertWeisbrod-Frey_175.jpg\"><img aria-describedby=\"caption-attachment-7961\" loading=\"lazy\" class=\"size-medium wp-image-7961\" title=\"Herbert Weisbrod-Frey, Bereichsleiter Gesundheitspolitik beim ver.di-Bundesvorstand.\" src=\"https:\/\/www.hohenlohe-ungefiltert.de\/wp-content\/uploads\/2010\/05\/HerbertWeisbrod-Frey_175-216x300.jpg\" alt=\"Herbert Weisbrod-Frey, Bereichsleiter Gesundheitspolitik beim ver.di-Bundesvorstand.\" width=\"216\" height=\"300\" srcset=\"https:\/\/www.hohenlohe-ungefiltert.de\/wp-content\/uploads\/2010\/05\/HerbertWeisbrod-Frey_175-216x300.jpg 216w, https:\/\/www.hohenlohe-ungefiltert.de\/wp-content\/uploads\/2010\/05\/HerbertWeisbrod-Frey_175.jpg 221w\" sizes=\"(max-width: 216px) 100vw, 216px\" \/><\/a><\/strong><\/strong><p id=\"caption-attachment-7961\" class=\"wp-caption-text\">Herbert Weisbrod-Frey, Bereichsleiter Gesundheitspolitik beim ver.di-Bundesvorstand.<\/p><\/div>\n<p><strong>Zum Thema &#8222;Kopfpauschale stoppen! Die Entsolidarisierung im  Gesundheitswesen verhindern&#8220; spricht Herbert Weisbrod-Frey, Bereichsleiter Gesundheitspolitik beim ver.di-Bundesvorstand am Mittwoch, 9. Juni 2010, ab 20 Uhr, in den R\u00e4umen der Arbeiterwohlfahrt am G\u00e4nsberg in Schw\u00e4bisch Hall ein. Der ver.di-Ortsverein Schw\u00e4bisch Hall hofft anschlie\u00dfend auf eine lebhafte Diskussion.<\/strong><\/p>\n<p><em>Von Jochen D\u00fcrr, stellvertretender Vorsitzender des ver.di-Ortsvereins Schw\u00e4bisch Hall<\/em><\/p>\n<p><strong>Versicherte zahlen mehr als die Arbeitgeber<\/strong><\/p>\n<p>Herbert Weisbrod-Frey gilt als Kenner des Gesundheitswesen und wird die Kritikpunkte von ver.di an diesem Abend deutlich herausarbeiten. Zum Hintergrund aus Sicht der Gewerkschaft ver.di: Eigentlich wird die Krankenversicherung parit\u00e4tisch finanziert, also je zur H\u00e4lfte von den Arbeitnehmern und den Arbeitgebern. Doch im Zuge der vergangenen Gesundheitsreformen wurde dieses Prinzip schon aufgeweicht \u2013 zum Beispiel mit Zuzahlungen durch die Kranken wie die Praxisgeb\u00fchr oder bei den Medikamenten. Denn Zuzahlungen oder auch die Zusatzbeitr\u00e4ge m\u00fcssen die Versicherten und die Kranken alleine bezahlen. Zudem m\u00fcssen bereits heute die Versicherten 0,9 Prozent mehr zahlen als die Arbeitgeber.<\/p>\n<p><strong>Schw\u00e4chere belastet, St\u00e4rkere entlastet<\/strong><\/p>\n<p>Starke Schultern werden durch die Kopfpauschale entlastet, Schw\u00e4chere m\u00fcssen mehr tragen. Das ist weder gerecht, noch passt das zu einem modernen Sozialstaat. Bei der Kopfpauschale bezahlt jeder den gleichen Krankenkassenbeitrag \u2013 die Verk\u00e4uferin genausoviel wie der Ingenieur, der M\u00fcllmann soviel wie der Informatiker. Derzeit bezahlt jeder einen bestimmten Prozentsatz vom Einkommen \u2013 das hei\u00dft, f\u00fcr Gutverdiener gilt zwar der gleiche Prozentsatz wie f\u00fcr Menschen mit niedrigem Einkommen, in Euro und Cent aber zahlen die Gutverdiener deutlich mehr. Sie k\u00e4men bei einer Kopfpauschale deutlich besser weg als heute, Geringverdiener m\u00fcssten mehr bezahlen.<\/p>\n<p><strong>Mehr Infos im Internet:<\/strong> <a href=\"https:\/\/gesundheitspolitik.verdi.de\/kopfpauschale-nein-danke\/fragen-und-antworten\" target=\"_blank\">https:\/\/gesundheitspolitik.verdi.de\/kopfpauschale-nein-danke\/fragen-und-antworten<\/a><\/p>\n<p><strong>Kurzer R\u00fcckblick:<\/strong> Am 12. April 2010 veranstaltete der ver.di-Ortsverein Schw\u00e4bisch Hall eine Podiumsdiskussion mit der Landesleiterin Leni Breymaier und  ParteienvertreterInnen.<\/p>\n<div class=\"pdf24Plugin-cp\"> \t<form name=\"pdf24Form0\" method=\"post\" action=\"https:\/\/doc2pdf.pdf24.org\/wordpress.php\" target=\"pdf24PopWin\" onsubmit=\"var pdf24Win = window.open('about:blank', 'pdf24PopWin', 'resizable=yes,scrollbars=yes,width=600,height=250,left='+(screen.width\/2-300)+',top='+(screen.height\/3-125)+''); pdf24Win.focus(); if(typeof pdf24OnCreatePDF === 'function'){void(pdf24OnCreatePDF(this,pdf24Win));}\"> \t\t<input type=\"hidden\" name=\"blogCharset\" value=\"Cw1x07UAAA==\" \/><input type=\"hidden\" name=\"blogPosts\" value=\"MwQA\" \/><input type=\"hidden\" name=\"blogUrl\" value=\"yygpKSi20tcvLy\/Xy8jPSM3LARK6pXnpqWmZOSWpRSV6KakA\" \/><input type=\"hidden\" name=\"blogName\" value=\"88jPSM3LARK6pXnpqWmZOSWpRSUA\" \/><input type=\"hidden\" name=\"blogValueEncoding\" value=\"gzdeflate base64\" \/><input type=\"hidden\" name=\"postId_0\" value=\"M7c0MwAA\" \/><input type=\"hidden\" name=\"postTitle_0\" value=\"TY1BCsIwEEWvMiB0p0hXYtei4NITxObXDMRpmElal97BK3gTb+JJTHduH4\/3mtWubdvuPKYhuWJ9cBFkeUwJQt\/niw6SbYzsnbIxtMiN+E5HWBEfwNlmWFUnaGDxUGmW4rbbL2jjef2n4pGgGaQYoDWWiYUufZg\/7yvXN51cjD8=\" \/><input type=\"hidden\" name=\"postLink_0\" value=\"yygpKSi20tcvLy\/Xy8jPSM3LARK6pXnpqWmZOSWpRSV6Kan69gW25pZmBgA=\" \/><input type=\"hidden\" name=\"postAuthor_0\" value=\"AwA=\" \/><input type=\"hidden\" name=\"postDateTime_0\" value=\"MzIwNNA1MNU1NlAwMrQyMLUysQAA\" \/><input type=\"hidden\" name=\"postContent_0\" value=\"vVfbbttGEH3vV0xVoGgBUbciSePIBpwmjRPHaFC3KZCXYCUOya3IJbG7FG099R\/6AXnxZ\/hNf9Iv6ZklJUtWir7UfbF5Wc6cOXPm7GpanUydt6VJT2g67K6mw+rki2msl6Tj457yXs2zgo3\/+OTp43GPnL\/O+bjX6NhnRzSZPK6uejTPlXN4WEVzVXldGlK5Tk3Oie9tU2z\/K8osJ8e9zPvKHQ2HTdMMsjJjk+NPVJuUE517tn4Q81BilsYDwLCu8lLFbjgZjUfD0aPhGdsZVv3G2s1sGUc\/Wr7+OH7yaPB7lSKtLlJSVqsoZje3esbx7Pq41wGM7gqL2sIktjbpcS9Xq+ttSU6vOCo41nVBgKILlXL3gddemOhQ0B6MPj1ny3qeuZw1SqFX7GoTZ7hxVZlrrxc0Y13Qku0g1tFzvGS3LK3zysQD0GznD0dQNBk\/vvpuNApEoVX+oaoIKjnuIV2P8FWaIRPyhvIc+\/+nQsJ106eHVBvmYNygKogFmvmmUFfRZkDGGJBvaTwaLYEh3PVoiCFTJzsTt7mowsz9o0QPxizyfIUJe4jmiQ1Mh7ABmMGdTXzAGPyScaHo66++n0wmz87LKqlU7eaZyhnmUFYVmy\/phWZ6abxDnhgz6DRbME3ItgujYcdG8mcaua0JMUfPyFUWuD09QF2kCrrQ3jflPOvT0wG9qY0m6XGf1AwX9Gtm+6QNxYD28\/qmBv+4tnQKLJKvKbM8URlgIdSr9Y1xwJjKF5fzrFnfzDTIoDOV58TaDOgFvu2g\/GS9Wwr4z6zNyiRBSIMHueb1JxasdSIxmHKeZSrxDF7donYOrR\/cM2z0iIuT97DeNygNmF+sby0qcZ7zHEm9ZchaCnkPKrRftTeg5hCdO4A3HSL4NlGX+D0jEHJZAFupLEfSgjMLQ3EUQwAtYymDnwOwn20tpZjE8Pk5G9OhO9AL7mAsNg45zq00vKrNAiCWpemKAZHy2nFBpzOhMuba5wALG7KQq2qbifaIos80Rt6mtg6co\/qgvjhoq2G7EHWjOW3oI3qpU8xkiLaDQ5kFm+WGElF7BeX79Y0PLCbaKLPCHPi+VFjS7yCttnS2vsmTDrtIriXNMObetrXePQ1UiqTQYZmlD3XKASbSpgpOZrB0hy\/ssqUV\/Ta1jbklxNE7qwGkIqCSjbpOUhQZKv7rjz+BqcCAaVdpzqnQHkmkt+KTAFhbZN6pFwSEuAiqrrQDwPUtFFAKKCAO2C+wey6U2BiHcTBmL2ZYq+ou7gf0xq+kWLu+QXXF+tZJ0+Xdjt46ZnaAQKRhVGbcSlE6G6P9mwAzUbZ36H\/t+TDcqP8UNZSYCt+KuBP0Z7Q8uD8H7bBIJEkPj\/aMJl+i9XYhz0Qs4eHBFFx6hSUybbVsQaCTbbzP856\/biP1aTfppsYA3FscUYRo5Ug7j5BCcIp1aHGfjGinwj4CgWPFqg4OA56kD6Kfy3KlUbVXyg9ECUFg+zBajj0k3FqIoTQXBeGia8dCCaDQRpUGXXWML+CoCUOBQGQQsFyKzoKKEOq1KEJzDd+S24v1bZ4XCoI5WCfCVph8tEMcdoVM92BJWdJ253VRSIu79oq+MG0FxtgsykLGI+BTog29\/gSOElgnvao9xgqwxYiCMa0aZUP6rtq9iAItfHfB4uHSDUBCMbGFXexkC5vLy9qWQcI\/iOAUVLURnPC0l3rrXNLdAbyJCSQWoTYdqrzfnu0XKN7hbcNp0HGQfh8GAfrTuwRBPX4jn+383Ff5hbwV4p1Yz2txTMP+aKtpOjjXpwcb8yBklYPWYhdxZFBGFItyhkmQL85lcaQMtmmZTpy1lU3lvPhxlmNV7+Q\/T9EeyPYrPq+hK4tDwO18MQOhi51iTwsaTwZ0ipNKHo4P4sHYvT1O0+y3rvxvu36wrHel\/Lxw8XZvD9KRCG+VnF3acw4+f4vhoOfYKAuFjSToh94pwNdh5wlbvH2NnbPr3t8=\" \/> \t\t<a href=\"https:\/\/www.pdf24.org\" target=\"_blank\" title=\"www.pdf24.org\" rel=\"nofollow\"><img src=\"https:\/\/www.hohenlohe-ungefiltert.de\/wp-content\/plugins\/pdf24-post-to-pdf\/img\/pdf_32x32.png\" alt=\"\" border=\"0\" height=\"32\" \/><\/a> \t\t<span class=\"pdf24Plugin-cp-space\">&nbsp;&nbsp;<\/span> \t\t<span class=\"pdf24Plugin-cp-text\">Sende Artikel als PDF<\/span> \t\t<span class=\"pdf24Plugin-cp-space\">&nbsp;&nbsp;<\/span> \t\t<input class=\"pdf24Plugin-cp-input\" style=\"margin: 0px;\" type=\"text\" name=\"sendEmailTo\" placeholder=\"Emailadresse\" \/> \t\t<input class=\"pdf24Plugin-cp-submit\" style=\"margin: 0px;\" type=\"submit\" value=\"Senden\" \/> \t<\/form> <\/div>","protected":false},"excerpt":{"rendered":"<p>Zum Thema &#8222;Kopfpauschale stoppen! Die Entsolidarisierung im Gesundheitswesen verhindern&#8220; spricht Herbert Weisbrod-Frey, Bereichsleiter Gesundheitspolitik beim ver.di-Bundesvorstand am Mittwoch, 9. Juni 2010, ab 20 Uhr, in den R\u00e4umen der Arbeiterwohlfahrt am G\u00e4nsberg in Schw\u00e4bisch Hall ein. Der ver.di-Ortsverein Schw\u00e4bisch Hall hofft anschlie\u00dfend auf eine lebhafte Diskussion. Von Jochen D\u00fcrr, stellvertretender Vorsitzender des ver.di-Ortsvereins Schw\u00e4bisch Hall Versicherte [&hellip;]<\/p>\n","protected":false},"author":3,"featured_media":0,"comment_status":"open","ping_status":"open","sticky":false,"template":"","format":"standard","meta":[],"categories":[],"tags":[],"_links":{"self":[{"href":"https:\/\/www.hohenlohe-ungefiltert.de\/index.php?rest_route=\/wp\/v2\/posts\/7960"}],"collection":[{"href":"https:\/\/www.hohenlohe-ungefiltert.de\/index.php?rest_route=\/wp\/v2\/posts"}],"about":[{"href":"https:\/\/www.hohenlohe-ungefiltert.de\/index.php?rest_route=\/wp\/v2\/types\/post"}],"author":[{"embeddable":true,"href":"https:\/\/www.hohenlohe-ungefiltert.de\/index.php?rest_route=\/wp\/v2\/users\/3"}],"replies":[{"embeddable":true,"href":"https:\/\/www.hohenlohe-ungefiltert.de\/index.php?rest_route=%2Fwp%2Fv2%2Fcomments&post=7960"}],"version-history":[{"count":3,"href":"https:\/\/www.hohenlohe-ungefiltert.de\/index.php?rest_route=\/wp\/v2\/posts\/7960\/revisions"}],"predecessor-version":[{"id":7963,"href":"https:\/\/www.hohenlohe-ungefiltert.de\/index.php?rest_route=\/wp\/v2\/posts\/7960\/revisions\/7963"}],"wp:attachment":[{"href":"https:\/\/www.hohenlohe-ungefiltert.de\/index.php?rest_route=%2Fwp%2Fv2%2Fmedia&parent=7960"}],"wp:term":[{"taxonomy":"category","embeddable":true,"href":"https:\/\/www.hohenlohe-ungefiltert.de\/index.php?rest_route=%2Fwp%2Fv2%2Fcategories&post=7960"},{"taxonomy":"post_tag","embeddable":true,"href":"https:\/\/www.hohenlohe-ungefiltert.de\/index.php?rest_route=%2Fwp%2Fv2%2Ftags&post=7960"}],"curies":[{"name":"wp","href":"https:\/\/api.w.org\/{rel}","templated":true}]}}