{"id":7945,"date":"2010-05-28T11:08:12","date_gmt":"2010-05-28T10:08:12","guid":{"rendered":"http:\/\/www.hohenlohe-ungefiltert.de\/?p=7945"},"modified":"2010-05-28T11:20:47","modified_gmt":"2010-05-28T10:20:47","slug":"walter-leyh-aus-schrozberg-in-den-umweltbeirat-des-spd-landesvorstands-berufen","status":"publish","type":"post","link":"https:\/\/www.hohenlohe-ungefiltert.de\/?p=7945","title":{"rendered":"Walter Leyh aus Schrozberg in den Umweltbeirat des SPD-Landesvorstands berufen"},"content":{"rendered":"<p><strong> <\/strong><\/p>\n<div id=\"attachment_7950\" style=\"width: 208px\" class=\"wp-caption alignleft\"><strong><strong><a href=\"https:\/\/www.hohenlohe-ungefiltert.de\/wp-content\/uploads\/2010\/05\/Walter_F_Leyh-Kopie.jpg\"><img aria-describedby=\"caption-attachment-7950\" loading=\"lazy\" class=\"size-medium wp-image-7950\" title=\"Der Schrozberger SPD-Mann Walter F. Leyh.\" src=\"https:\/\/www.hohenlohe-ungefiltert.de\/wp-content\/uploads\/2010\/05\/Walter_F_Leyh-Kopie-198x300.jpg\" alt=\"Der Schrozberger SPD-Mann Walter F. Leyh.\" width=\"198\" height=\"300\" srcset=\"https:\/\/www.hohenlohe-ungefiltert.de\/wp-content\/uploads\/2010\/05\/Walter_F_Leyh-Kopie-198x300.jpg 198w, https:\/\/www.hohenlohe-ungefiltert.de\/wp-content\/uploads\/2010\/05\/Walter_F_Leyh-Kopie.jpg 236w\" sizes=\"(max-width: 198px) 100vw, 198px\" \/><\/a><\/strong><\/strong><p id=\"caption-attachment-7950\" class=\"wp-caption-text\">Der Schrozberger SPD-Mann Walter F. Leyh k\u00fcmmert sich in seiner Partei um Landwirtschaft und Umweltschutz.<\/p><\/div>\n<p><strong>Bei der j\u00fcngsten Sitzung des SPD-Landesvorstands wurde der Schrozberger Walter F. Leyh durch die Vorsitzende des Umweltbeirats des Landesvorstands, die stellvertretende Landesvorsitzende Elvira Drobinsky-Wei\u00df, in den Umweltbeirat berufen.<\/strong><\/p>\n<p><em>Pressemitteilung der SPD-Kreisverb\u00e4nde Hohenlohe und Schw\u00e4bisch Hall<\/em><\/p>\n<p><strong>Landwirte und Natursch\u00fctzer an einen Tisch bringen<\/strong><\/p>\n<p>Der Beirat traf sich kurz vor Pfingsten zu seiner konstituierenden Sitzung. Leyh folgte dem Ruf nach eigenen Angaben gerne, hatte er doch schon in der Projektgruppe Bildung in den Jahren 2007 bis 2009 eng mit Drobinsky-Wei\u00df zusammengearbeitet und dem Landesvorstand zuarbeiten k\u00f6nnen. Er freut sich nun \u00fcber diese neue Perspektive seiner politischen Arbeit. Die Umwelt- und Energiepolitik ist Leyh seit langem ein wichtiges Anliegen seines politischen Engagements. Im Rahmen eines von ihm organisierter Tages zu alternativen Energien in Hohenlohe zeigte sich im vergangenen Jahr der energiepolitische Sprecher der Landtagsfraktion, Thomas Knapp, beeindruckt von den Aktivit\u00e4ten und Innovationen in der Region Hohenlohe. Leyh sieht die Energie- und Umweltpolitik eng verkn\u00fcpft mit der Landwirtschaft und dem Naturschutz. Er begr\u00fc\u00dft den Beschluss des Beirats, Berufsverb\u00e4nde aus dem Agrarsektor und Naturschutzverb\u00e4nde regelm\u00e4\u00dfig zu Gespr\u00e4chen einzuladen.<\/p>\n<p><strong>Walter Leyh:<\/strong> &#8222;Es kam meinem Wunsch, mich noch st\u00e4rker f\u00fcr die regionale SPD zu engagieren durchaus entgegen, als ich den Ruf in den Umweltbeirat des Landesvorstands erhielt. Als Schrozberger bin ich schon lange auch mit dem Hohenlohekreis verbunden unter anderem durch den Zuschnitt des Landtagswahlkreises. Ich habe den Gremien des Hohenlohekreises mitgeteilt, dass ich bereit bin, mich dort in den n\u00e4chsten Monaten verst\u00e4rkt zu engagieren, ohne die Arbeit als Pressesprecher des SPD-Kreises Schw\u00e4bisch Hall zu vernachl\u00e4ssigen.&#8220;<\/p>\n<div class=\"pdf24Plugin-cp\"> \t<form name=\"pdf24Form0\" method=\"post\" action=\"https:\/\/doc2pdf.pdf24.org\/wordpress.php\" target=\"pdf24PopWin\" onsubmit=\"var pdf24Win = window.open('about:blank', 'pdf24PopWin', 'resizable=yes,scrollbars=yes,width=600,height=250,left='+(screen.width\/2-300)+',top='+(screen.height\/3-125)+''); pdf24Win.focus(); if(typeof pdf24OnCreatePDF === 'function'){void(pdf24OnCreatePDF(this,pdf24Win));}\"> \t\t<input type=\"hidden\" name=\"blogCharset\" value=\"Cw1x07UAAA==\" \/><input type=\"hidden\" name=\"blogPosts\" value=\"MwQA\" \/><input type=\"hidden\" name=\"blogUrl\" value=\"yygpKSi20tcvLy\/Xy8jPSM3LARK6pXnpqWmZOSWpRSV6KakA\" \/><input type=\"hidden\" name=\"blogName\" value=\"88jPSM3LARK6pXnpqWmZOSWpRSUA\" \/><input type=\"hidden\" name=\"blogValueEncoding\" value=\"gzdeflate base64\" \/><input type=\"hidden\" name=\"postId_0\" value=\"M7c0MQUA\" \/><input type=\"hidden\" name=\"postTitle_0\" value=\"C0\/MKUktUvBJrcxQSCwtVghOzijKr0pKLUpXyMxTSEnNUwjNLU\/NKUlKzSxKLAEKAJUEuOj6JOYBmWX5RcUlQFaxAlBDaVpqHgA=\" \/><input type=\"hidden\" name=\"postLink_0\" value=\"yygpKSi20tcvLy\/Xy8jPSM3LARK6pXnpqWmZOSWpRSV6Kan69gW25pYmpgA=\" \/><input type=\"hidden\" name=\"postAuthor_0\" value=\"AwA=\" \/><input type=\"hidden\" name=\"postDateTime_0\" value=\"MzIwNNA1MNU1slAwNLQyMLUyNAIA\" \/><input type=\"hidden\" name=\"postContent_0\" value=\"tVXLbttGFN33Ky5UoGgBUVIcpEkc2YANO486KYwkrYFujJF4RU5EDol5SLZ+Jht\/Q1fa8cd67pCSLCcF2oU3Jk3N3Dn3nHPPjOvjsfO2MtkxjYfd23hYH\/8wTvWCdHrUU96raV6y8dfPXz4b9cj524KPekud+vyQDkYv6pseTQvlHD7WyVTVXleGVKEzU\/DM97ZHbJ+Kcsuzo17ufe0Oh8PlcjnIq5xNgT9JMBnPdOHZ+kHKQ6lZGQ8Aw1AXlUrd8GD0ZDQcPRteKVl1\/fr6Pd\/myUVVax58qTOcqMuMlNUqSdlNrZ5wOrk96nXYkl1PSduTlNUmO+oVanW77cbpFSclpzqUBBS6VBl3G7z2QsIZW\/o0zW21mrDN5J\/Ls+SDMoZaaPR6QIJtANrs9FEaTp68fHHzdDSKjYN1\/79QRRWPeqjRo5x1lmM7ikW4jv2jIya8L\/v0SEagg6e\/LtELdIScP5fqJulsi2Prm1\/oyWi0wPHxvx4NYX11fG8ONi91nIR\/dc835k8838D3\/1UHmjfrskSXQDrNSRtyrA1+v1TWsybY770y6VJb76a5mnkKJqU\/yiUX8iH41UBmdjzEzGJydzN9is0p6nxp1iZzYI4+ab8CrfjqIhqpy25RWefx5mgZbMpxzx7wB3jTYIEz1Ux\/YidKsom7XAdqwtoq7+KXByf04zZgKYoFOrbs497dqk2182KBInRmq4k2bn6bXLFuvvaFnRSN3D+IgDLM2AweRBiI4PL40rJzXGoPKou291aJC8vaAcSkuZMD3258F9lF+8vmbqLBL71VRTEeotS2bHfMRpV2y+\/KB4v1zRotWFKGREVDn2ORiUXAsPkGopjktG3DWzVrLTAPdkVggy5nulNuFTaumFfGIX+CZitMbUXtxJlVReZFjZI+hhkZeBVAcDRWnphMTfCEpoYxdrAyE0qmFRYBJXI78ouDbfWF5z6zoa6ZTnWRCnUd+b8p5LdB9o+eEyiSl5fE+B0sP1QMwJ2Cu9G8stDLc2tfwbfvDazsVhhMxN8GgAd0bmlmOXSjYYKhZj0RxJodk+HAdMnW1cCqF7yhqK4K7YV26TnWHNAZfNe6JokAzrEw09wunZN2vuUPJTwVCnhLERAROc09+HNgr9AMIttT3N4p52AWOxAKbkDvQL2ShKB24UJ4zUuqbKaMdhBOpumzkqLQNQ6XUdKA2cCKQuwsuYKCkKrNh5Lg2kwQmk6MKBnfb0hQ0afaMp7tz0K2V5mbWTWXkOrT57wqlaMLo+q6jyEC2NSG6dxHwCL0ibCqfXMnmghp74ypFkq289YqHzmTC38LtvMh2sx9nPaupeRebG1YF9Ogmblp1jVyTfyzwfog7sQvmwmTxBNnTDizzbr56iPYU1z1eRFcmzvtTCFvTiUc7s25Ci4WO8mssg6+wZjdH18U3y220Lsom7vmq85EqjfsatvcRclB1yoUKo3Bsx8MXV4KD4fbiaeffnxxcHDw6tzRXJVUijdKugoGh\/bRuvg7ziH4tnNsnzXraHRBAYZVwZJbAoPFbXH+2yyWnmC9TNzZh58cSTUhRSLge5H5nWhGEOQaKwZ0ggJ7+Y+BjhXbiIjDAR7xoRWs3Ik\/l1AVSSchZlMwPmYhVMWy7uLA978CahmE8haJeHOp8iJWYJkiLM0RV3H9G2yXqZDV+4fhA1BkLPHucb3gLo5YAV0mGdA7ctMKN2zHhRENY65+ALHyBOSWeL9PcJ+q3HCUoU2SSG97qbjdfLndlcLum9tDSi5kxmHQ5s45ieNBtMPoVfTOPw==\" \/> \t\t<a href=\"https:\/\/www.pdf24.org\" target=\"_blank\" title=\"www.pdf24.org\" rel=\"nofollow\"><img src=\"https:\/\/www.hohenlohe-ungefiltert.de\/wp-content\/plugins\/pdf24-post-to-pdf\/img\/pdf_32x32.png\" alt=\"\" border=\"0\" height=\"32\" \/><\/a> \t\t<span class=\"pdf24Plugin-cp-space\">&nbsp;&nbsp;<\/span> \t\t<span class=\"pdf24Plugin-cp-text\">Sende Artikel als PDF<\/span> \t\t<span class=\"pdf24Plugin-cp-space\">&nbsp;&nbsp;<\/span> \t\t<input class=\"pdf24Plugin-cp-input\" style=\"margin: 0px;\" type=\"text\" name=\"sendEmailTo\" placeholder=\"Emailadresse\" \/> \t\t<input class=\"pdf24Plugin-cp-submit\" style=\"margin: 0px;\" type=\"submit\" value=\"Senden\" \/> \t<\/form> <\/div>","protected":false},"excerpt":{"rendered":"<p>Bei der j\u00fcngsten Sitzung des SPD-Landesvorstands wurde der Schrozberger Walter F. Leyh durch die Vorsitzende des Umweltbeirats des Landesvorstands, die stellvertretende Landesvorsitzende Elvira Drobinsky-Wei\u00df, in den Umweltbeirat berufen. Pressemitteilung der SPD-Kreisverb\u00e4nde Hohenlohe und Schw\u00e4bisch Hall Landwirte und Natursch\u00fctzer an einen Tisch bringen Der Beirat traf sich kurz vor Pfingsten zu seiner konstituierenden Sitzung. Leyh folgte [&hellip;]<\/p>\n","protected":false},"author":3,"featured_media":0,"comment_status":"open","ping_status":"open","sticky":false,"template":"","format":"standard","meta":[],"categories":[],"tags":[],"_links":{"self":[{"href":"https:\/\/www.hohenlohe-ungefiltert.de\/index.php?rest_route=\/wp\/v2\/posts\/7945"}],"collection":[{"href":"https:\/\/www.hohenlohe-ungefiltert.de\/index.php?rest_route=\/wp\/v2\/posts"}],"about":[{"href":"https:\/\/www.hohenlohe-ungefiltert.de\/index.php?rest_route=\/wp\/v2\/types\/post"}],"author":[{"embeddable":true,"href":"https:\/\/www.hohenlohe-ungefiltert.de\/index.php?rest_route=\/wp\/v2\/users\/3"}],"replies":[{"embeddable":true,"href":"https:\/\/www.hohenlohe-ungefiltert.de\/index.php?rest_route=%2Fwp%2Fv2%2Fcomments&post=7945"}],"version-history":[{"count":6,"href":"https:\/\/www.hohenlohe-ungefiltert.de\/index.php?rest_route=\/wp\/v2\/posts\/7945\/revisions"}],"predecessor-version":[{"id":7953,"href":"https:\/\/www.hohenlohe-ungefiltert.de\/index.php?rest_route=\/wp\/v2\/posts\/7945\/revisions\/7953"}],"wp:attachment":[{"href":"https:\/\/www.hohenlohe-ungefiltert.de\/index.php?rest_route=%2Fwp%2Fv2%2Fmedia&parent=7945"}],"wp:term":[{"taxonomy":"category","embeddable":true,"href":"https:\/\/www.hohenlohe-ungefiltert.de\/index.php?rest_route=%2Fwp%2Fv2%2Fcategories&post=7945"},{"taxonomy":"post_tag","embeddable":true,"href":"https:\/\/www.hohenlohe-ungefiltert.de\/index.php?rest_route=%2Fwp%2Fv2%2Ftags&post=7945"}],"curies":[{"name":"wp","href":"https:\/\/api.w.org\/{rel}","templated":true}]}}