{"id":7826,"date":"2010-05-10T13:33:54","date_gmt":"2010-05-10T12:33:54","guid":{"rendered":"http:\/\/www.hohenlohe-ungefiltert.de\/?p=7826"},"modified":"2010-05-10T13:39:09","modified_gmt":"2010-05-10T12:39:09","slug":"willi-graf-%e2%80%93-ein-suchender-der-in-der-begegnung-mit-hans-scholl-seine-orientierung-fand-%e2%80%93-ausstellung-in-ingersheim-eroffnet","status":"publish","type":"post","link":"https:\/\/www.hohenlohe-ungefiltert.de\/?p=7826","title":{"rendered":"&#8222;Willi Graf \u2013 ein Suchender, der in der Begegnung mit Hans Scholl seine Orientierung fand&#8220; \u2013 Ausstellung in Ingersheim er\u00f6ffnet"},"content":{"rendered":"<p><strong> <\/strong><\/p>\n<div id=\"attachment_7829\" style=\"width: 310px\" class=\"wp-caption alignleft\"><strong><strong><a href=\"https:\/\/www.hohenlohe-ungefiltert.de\/wp-content\/uploads\/2010\/05\/Ausstellung_Graf.JPG\"><img aria-describedby=\"caption-attachment-7829\" loading=\"lazy\" class=\"size-medium wp-image-7829\" title=\"Die Frauen der Poesie-AG des Wirtschaftsgymnasiums Crailsheim stellten sich zusammen mit Hermann H\u00e4u\u00dflein und Hannes Hartleitner (rechts) dem Fotografen.\" src=\"https:\/\/www.hohenlohe-ungefiltert.de\/wp-content\/uploads\/2010\/05\/Ausstellung_Graf-300x225.jpg\" alt=\"Die Frauen der Poesie-AG des Wirtschaftsgymnasiums Crailsheim stellten sich zusammen mit Hermann H\u00e4u\u00dflein und Hannes Hartleitner (rechts) dem Fotografen.\" width=\"300\" height=\"225\" srcset=\"https:\/\/www.hohenlohe-ungefiltert.de\/wp-content\/uploads\/2010\/05\/Ausstellung_Graf-300x225.jpg 300w, https:\/\/www.hohenlohe-ungefiltert.de\/wp-content\/uploads\/2010\/05\/Ausstellung_Graf-1024x768.jpg 1024w, https:\/\/www.hohenlohe-ungefiltert.de\/wp-content\/uploads\/2010\/05\/Ausstellung_Graf.JPG 1600w\" sizes=\"(max-width: 300px) 100vw, 300px\" \/><\/a><\/strong><\/strong><p id=\"caption-attachment-7829\" class=\"wp-caption-text\">Die jungen Frauen der Poesie-AG des Wirtschaftsgymnasiums Crailsheim stellten sich zusammen mit Michael H\u00e4u\u00dflein (Dritter von links) und Hannes Hartleitner (rechts) dem Fotografen.<\/p><\/div>\n<p><strong>Die Willi-Graf-Ausstellung in der Geschwister-Scholl-Schule er\u00f6ffnete Michael H\u00e4u\u00dflein (auf dem Gruppenbild der Mann mit der Brille) vom Scholl-Team der Schule gestern, Sonntag, 9. Mai 2010. Willi Graf, der 2010 im Mittelpunkt der allj\u00e4hrlichen Ingersheimer Sonderausstellung steht, beschrieb er als einen Suchenden, der in der Begegnung mit Hans Scholl seine Orientierung fand.<\/strong><\/p>\n<p><em>Pressemitteilung der Veranstalter<\/em><\/p>\n<p><strong>Die Nazis verbrannten auch die B\u00fccher von Joachim Ringelnatz<\/strong><\/p>\n<p>Die Poesie-AG des Wirtschaftsgymnasiums mit Sandra Rei\u00df, Sandrina Wei\u00df, Eva Weidenbacher und Elisabeth Sch\u00f6pp (auf dem Bild die Frauen von links nach rechts) erinnerte mit Gedichten von Joachim Ringelnatz an die B\u00fccherverbrennung der Nationalsozialisten am 10. Mai 1933.\u00a0 Hannes Hartleitner (rechts) er\u00f6rterte als \u201eIngersheimer Thema 2010\u201c die \u201eMythen der Deutschen\u201c. Die Ausstellung ist w\u00e4hrend der Unterrichtszeiten vor dem Scholl-Grimminger-Zimmer im ersten Stock der Geschwister-Scholl-Schule in Crailsheim-Ingersheim zu sehen. Eine Abend\u00f6ffnung f\u00fcr Ausstellung und Scholl-Grimminger-Zimmer bietet das Scholl-Grimminger-Forum am Montag, 17. Mai 2010, von 19 bis 21 Uhr an.<\/p>\n<p><strong>Kurzinfo:<\/strong><br \/>\n&#8222;Crailsheim heute&#8220; am Montag, 17. Mai 2010, Scholl-Grimminger-Forum in der Geschwister-Scholl-Schule Ingersheim: 19 bis 21 Uhr Sonder\u00f6ffnungszeit Ausstellung &#8222;Willi Graf &#8211; Mitstreiter von Hans Scholl&#8220;. Ansonsten ist die Ausstellung w\u00e4hrend der Unterrichtszeiten zu besichtigen.<\/p>\n<div class=\"pdf24Plugin-cp\"> \t<form name=\"pdf24Form0\" method=\"post\" action=\"https:\/\/doc2pdf.pdf24.org\/wordpress.php\" target=\"pdf24PopWin\" onsubmit=\"var pdf24Win = window.open('about:blank', 'pdf24PopWin', 'resizable=yes,scrollbars=yes,width=600,height=250,left='+(screen.width\/2-300)+',top='+(screen.height\/3-125)+''); pdf24Win.focus(); if(typeof pdf24OnCreatePDF === 'function'){void(pdf24OnCreatePDF(this,pdf24Win));}\"> \t\t<input type=\"hidden\" name=\"blogCharset\" value=\"Cw1x07UAAA==\" \/><input type=\"hidden\" name=\"blogPosts\" value=\"MwQA\" \/><input type=\"hidden\" name=\"blogUrl\" value=\"yygpKSi20tcvLy\/Xy8jPSM3LARK6pXnpqWmZOSWpRSV6KakA\" \/><input type=\"hidden\" name=\"blogName\" value=\"88jPSM3LARK6pXnpqWmZOSWpRSUA\" \/><input type=\"hidden\" name=\"blogValueEncoding\" value=\"gzdeflate base64\" \/><input type=\"hidden\" name=\"postId_0\" value=\"M7cwMgMA\" \/><input type=\"hidden\" name=\"postTitle_0\" value=\"HU07CgIxEL3KgLCVhaQSttJGrSy2sA67L8nA7AiTpN87eBcv4E08iYnNe\/C+w+7onBsfLMJ0MR\/ou70IrDTVOUEX2J4aUFM6nRERtWqklQtdvWaa5vQUodxKoLsxtDCsR4LXZegHh\/E\/e6o5F4h0r+3dNMJyAq8E+7xDUJQf\" \/><input type=\"hidden\" name=\"postLink_0\" value=\"yygpKSi20tcvLy\/Xy8jPSM3LARK6pXnpqWmZOSWpRSV6Kan69gW25hZGZgA=\" \/><input type=\"hidden\" name=\"postAuthor_0\" value=\"AwA=\" \/><input type=\"hidden\" name=\"postDateTime_0\" value=\"MzIwNNA1MNU1NFAwNLYyMLUyNQEA\" \/><input type=\"hidden\" name=\"postContent_0\" value=\"zVbNbttGEL77KQYsUNiASEpyE\/9JBuzalpvCqREnNdBLsBJH5NrLJbG7tGyd8iBFkkOeIaecqjfJk3RmSVuyHdctEAO9SNzV7sw333zzUb1yu2edKXS6Db24eerF5fZSL5EXIJN+IJwToyxH7d6urXc3ArDuSmE\/mMjEZZuw2mmXlwGMlLCWNstwJEonCw1CyVQrHLvgJsXNt4DM4LgfZM6VdjOOJ5NJlBUZakUfYaVTHEvl0LgowZhjFtoRgLgqVSESG3fbnXbcfhbvVNY6VIpuvB0YMY5eHA8oncxTEEaKMEE7MnKIyfCqHzTAwnlBYV0Qx5Q67QdKTK9uSrFyimGOiaxyIAgyFyk2F5x0zMCeRDgwokINCRo4LtBKDHcGtLJwKo2zo0yMnU2vci0sxbHwsxFS2QxlDh44VQVWjjKYVlbkhAly6eAQTS60hsPZp2r2QaHUUOkEDmmPIh8KQ+ml05Rz2eAoc3aFUuZwULgiJRZQR9QlM\/r+\/Iar7fZlt\/ssOivTgDrs\/uckeI32A0IdAOVLMwJM8D07Ft3TEgT0PGnBd0\/RaXd\/ulx7vu5z8OIJkvAgQec5FUBc0SDQPCzn4jK8Hvo2Df0KJW9fUHK\/CiAm4xDbCy5y\/VB6H3lw\/O5ZR+jwklyDlXXGJeinEdgR7QhUiwJb3jPSEV1wQQampD4nUf1H0bF59mIyT7LQublyLadSKRn6Fi7QDbKua0BWlU0kbZvwZJQVSvFXpRDQzD6PxxodfhOyqMYew8BUZYl6KFXiAx7x8HCdvNg1lBxXqK4cmuivUeT+tyZNipxbt+Ck0NqJtAUbEQWRwBqJavTA6Fv+Fu8CEXzEhKmy0ud1JqHU2exTZhRBJaJ\/of4Z3wrOVGg6IhaKp4fMtWDIxRuJQ\/ARLFBldPmk4hgJ6jplw9Qupphqvu1tQmjblASWr8FvFEg7iYaPjIVOojtvNmoL5tvHBq3FnOFLj4Vj\/07wtHWCZ6YX06mbGwuNfCmm0sIFmiEd5nkCQUAhoZ92Z18Icq2fFwXpnBh6Re8WVFq46T0cHO3fCJoLPaFKjIBXKGcfWvVKagGn9Xr\/wj8SV0PhEbBs95W0YoguY4Jmn8tyrpZdL5O5d98IHjTdh2txI+UgtZP0GMKA3oa03xy\/Xx8IvciCZwi1vib3peDppvYWU0n\/DqxnLgdWF+uss7G6Gv318R+HjWfBOA+IZfL13ftbAnudYS68NL+++9NDoRNHVy5rzGMPK2YXNf0cAbN\/axKtgwlrlzTnj7+h5hrDJdspIfF1G09fM0MDI\/OcyzfhH\/TEGs0Jo6\/sxBWj80dGmxQ996pwXgoZFYmZcEawz5LeGRIk7wJe07Mv5hZw7vWDiIaSnINmU9hvnDkoDP29oSYcFfXMd9bmQ9\/ybe5sUAgL3Q68yWg4a4dbHIlfKzOVelxszuU9NPQ2WPrxh\/Vut7u14MYZ8Y9+u731cNaHYD7qlHMCN+\/Arp3nmkHfzVsMNlDnJud3Op0t9jeqirtfT\/WC3zSFRLCjbaF901lCyR1ZPSIpajXZH+\/ItHl\/LP0N\" \/> \t\t<a href=\"https:\/\/www.pdf24.org\" target=\"_blank\" title=\"www.pdf24.org\" rel=\"nofollow\"><img src=\"https:\/\/www.hohenlohe-ungefiltert.de\/wp-content\/plugins\/pdf24-post-to-pdf\/img\/pdf_32x32.png\" alt=\"\" border=\"0\" height=\"32\" \/><\/a> \t\t<span class=\"pdf24Plugin-cp-space\">&nbsp;&nbsp;<\/span> \t\t<span class=\"pdf24Plugin-cp-text\">Sende Artikel als PDF<\/span> \t\t<span class=\"pdf24Plugin-cp-space\">&nbsp;&nbsp;<\/span> \t\t<input class=\"pdf24Plugin-cp-input\" style=\"margin: 0px;\" type=\"text\" name=\"sendEmailTo\" placeholder=\"Emailadresse\" \/> \t\t<input class=\"pdf24Plugin-cp-submit\" style=\"margin: 0px;\" type=\"submit\" value=\"Senden\" \/> \t<\/form> <\/div>","protected":false},"excerpt":{"rendered":"<p>Die Willi-Graf-Ausstellung in der Geschwister-Scholl-Schule er\u00f6ffnete Michael H\u00e4u\u00dflein (auf dem Gruppenbild der Mann mit der Brille) vom Scholl-Team der Schule gestern, Sonntag, 9. Mai 2010. Willi Graf, der 2010 im Mittelpunkt der allj\u00e4hrlichen Ingersheimer Sonderausstellung steht, beschrieb er als einen Suchenden, der in der Begegnung mit Hans Scholl seine Orientierung fand. Pressemitteilung der Veranstalter Die [&hellip;]<\/p>\n","protected":false},"author":3,"featured_media":0,"comment_status":"open","ping_status":"open","sticky":false,"template":"","format":"standard","meta":[],"categories":[],"tags":[],"_links":{"self":[{"href":"https:\/\/www.hohenlohe-ungefiltert.de\/index.php?rest_route=\/wp\/v2\/posts\/7826"}],"collection":[{"href":"https:\/\/www.hohenlohe-ungefiltert.de\/index.php?rest_route=\/wp\/v2\/posts"}],"about":[{"href":"https:\/\/www.hohenlohe-ungefiltert.de\/index.php?rest_route=\/wp\/v2\/types\/post"}],"author":[{"embeddable":true,"href":"https:\/\/www.hohenlohe-ungefiltert.de\/index.php?rest_route=\/wp\/v2\/users\/3"}],"replies":[{"embeddable":true,"href":"https:\/\/www.hohenlohe-ungefiltert.de\/index.php?rest_route=%2Fwp%2Fv2%2Fcomments&post=7826"}],"version-history":[{"count":4,"href":"https:\/\/www.hohenlohe-ungefiltert.de\/index.php?rest_route=\/wp\/v2\/posts\/7826\/revisions"}],"predecessor-version":[{"id":7831,"href":"https:\/\/www.hohenlohe-ungefiltert.de\/index.php?rest_route=\/wp\/v2\/posts\/7826\/revisions\/7831"}],"wp:attachment":[{"href":"https:\/\/www.hohenlohe-ungefiltert.de\/index.php?rest_route=%2Fwp%2Fv2%2Fmedia&parent=7826"}],"wp:term":[{"taxonomy":"category","embeddable":true,"href":"https:\/\/www.hohenlohe-ungefiltert.de\/index.php?rest_route=%2Fwp%2Fv2%2Fcategories&post=7826"},{"taxonomy":"post_tag","embeddable":true,"href":"https:\/\/www.hohenlohe-ungefiltert.de\/index.php?rest_route=%2Fwp%2Fv2%2Ftags&post=7826"}],"curies":[{"name":"wp","href":"https:\/\/api.w.org\/{rel}","templated":true}]}}