{"id":7799,"date":"2010-05-07T21:57:17","date_gmt":"2010-05-07T20:57:17","guid":{"rendered":"http:\/\/www.hohenlohe-ungefiltert.de\/?p=7799"},"modified":"2010-05-07T22:09:08","modified_gmt":"2010-05-07T21:09:08","slug":"gerichtstermin-zum-dritten-mal-vertagt-%e2%80%93%c2%a0sudwestpresse-ulm-darf-haller-tagblatt-noch-nicht-ubernehmen","status":"publish","type":"post","link":"https:\/\/www.hohenlohe-ungefiltert.de\/?p=7799","title":{"rendered":"Gerichtstermin zum dritten Mal vertagt \u2013\u00a0S\u00fcdwestpresse Ulm darf Haller Tagblatt noch nicht \u00fcbernehmen"},"content":{"rendered":"<p><strong>Die S\u00fcdwestpresse Ulm darf die Lokalzeitung Haller Tagblatt noch nicht \u00fcbernehmen. Das Oberlandesgericht D\u00fcsseldorf (OLG) hat am 5. Mai 2010 schon zum dritten Mal keine Entscheidung getroffen.<\/strong><\/p>\n<p><em>Von Ralf Garmatter, Hohenlohe-ungefiltert<\/em><\/p>\n<p><strong>Bundeskartellamt muss noch Stellung zur Wettbewerbssituation nehmen<\/strong><\/p>\n<p>&#8222;Die Sitzung wurde vertagt&#8220;, sagte OLG-Pressesprecher Ulrich Egger am 6. Mai 2010 auf Nachfrage von Hohenlohe-ungefiltert. Das Bundeskartellamt m\u00fcsse noch &#8222;erg\u00e4nzend Stellung zur potenziellen Wettbewerbssituation nehmen&#8220;, so Egger weiter. Der OLG-Sprecher nannte noch keinen neuen Termin f\u00fcr die Gerichtsverhandlung.<\/p>\n<p><strong>Erster Verhandlungstermin sollte urspr\u00fcnglich schon am 27. Januar   2010 sein<\/strong><\/p>\n<p>Der Verhandlungstermin vor dem  OLG D\u00fcsseldorf war zuletzt am 10. M\u00e4rz 2010 auf den 5. Mai 2010 verschoben worden. Als  Grund nannte das OLG im M\u00e4rz 2010, dass der Gerichtstermim &#8222;im Hinblick auf  eine umfangreiche Beschwerdeerwiderung des Bundeskartellamts und deshalb  zu gew\u00e4hrender Stellungnahmefristen verlegt worden&#8220; sei. Bereits am 27. Januar 2010 h\u00e4tte es wegen der geplanten \u00dcbernahme des  Haller Tagblatts zur Verhandlung vor dem OLG D\u00fcsseldorf kommen sollen.  \u201cDie geplante \u00dcbernahme des Haller Tagblatts durch die S\u00fcdwest-Presse  (SWP) ist weiter offen\u201d, schrieb der Fachzeitschriftenverlag Werben  &amp; Verkaufen (w&amp;v) am 27. Januar 2010 in einem Newsletter. Claus  Detjen, Verleger des Haller Tagblatts, hatte vor dem Oberlandesgericht  D\u00fcsseldorf die Entscheidung des Kartellamts angefochten, eine \u00dcbernahme  der Regionalzeitung durch die S\u00fcdwestpresse in Ulm (SWP) zu untersagen.  Am 27. Januar 2010 sollte laut w&amp;v die Entscheidung fallen. Doch  dazu kam es nicht. Auf Nachfrage von Hohenlohe-ungefiltert teilte  OLG-Pressesprecher Ulrich Egger mit, dass der Verhandlungstermin vom 27.  Januar 2010 zun\u00e4chst auf den 10. M\u00e4rz 2010 verlegt worden sei, &#8222;weil  das Bundeskartellamt Fristverl\u00e4ngerung zur Beschwerdeerwiderung  beantragt hatte, die bewilligt worden war&#8220;.<\/p>\n<p><strong>Weitere Informationen zur geplanten \u00dcbernahme des Haller Tagblatts  durch die S\u00fcdwestpresse Ulm auf Hohenlohe-ungefiltert:<\/strong><br \/>\n<strong><br \/>\nBundeskartellamt hat entschieden: S\u00fcdwestpresse Ulm darf das Haller  Tagblatt nicht \u00fcbernehmen<\/strong> <a href=\"https:\/\/www.hohenlohe-ungefiltert.de\/?p=1641\" target=\"_blank\">https:\/\/www.hohenlohe-ungefiltert.de\/?p=1641<\/a><\/p>\n<p><strong>Warum die S\u00fcdwestpresse das Haller Tagblatt nicht \u00fcbernehmen darf \u2013  Ausf\u00fchrliche Begr\u00fcndung des Kartellamts zum Download bei  Hohenlohe-ungefiltert <\/strong><a href=\"https:\/\/www.hohenlohe-ungefiltert.de\/?p=3063\" target=\"_blank\">https:\/\/www.hohenlohe-ungefiltert.de\/?p=3063<\/a><\/p>\n<p><strong>Verleger des Haller Tagblatts hat wegen geplatzter \u00dcbernahme durch  die S\u00fcdwestpresse Ulm Beschwerde beim Oberlandesgericht D\u00fcsseldorf  eingelegt \u2013 Gerichtsverhandlung voraussichtlich erst im Jahr 2010 <\/strong><a href=\"https:\/\/www.hohenlohe-ungefiltert.de\/?p=2622\" target=\"_blank\">https:\/\/www.hohenlohe-ungefiltert.de\/?p=2622<\/a><\/p>\n<p><strong>Haller Tagblatt \u2013 Detjen: \u201cEs muss nicht unbedingt verkauft  werden\u201d<\/strong> <a href=\"https:\/\/www.hohenlohe-ungefiltert.de\/?p=681\" target=\"_blank\">https:\/\/www.hohenlohe-ungefiltert.de\/?p=681<\/a><\/p>\n<p><strong>Kartellamt verl\u00e4ngert erneut seine Frist zur Entscheidung \u00fcber die  geplante \u00dcbernahme des Haller Tagblatts durch die S\u00fcdwestpresse<\/strong> <a href=\"https:\/\/www.hohenlohe-ungefiltert.de\/?p=302\" target=\"_blank\">https:\/\/www.hohenlohe-ungefiltert.de\/?p=302<\/a><\/p>\n<p><strong>Gewerkschaft verdi h\u00e4lt \u00dcbernahme des Haller Tagblatts durch die  S\u00fcdwestpresse f\u00fcr nicht genehmigungsw\u00fcrdig <\/strong><a href=\"https:\/\/www.hohenlohe-ungefiltert.de\/?p=859\" target=\"_blank\">https:\/\/www.hohenlohe-ungefiltert.de\/?p=859<\/a><\/p>\n<p><strong>DJV-Gesch\u00e4ftsf\u00fchrer: \u00dcbernahme des Haller Tagblatts k\u00f6nnte die  lokale Vielfalt gef\u00e4hrden <\/strong><a href=\"https:\/\/www.hohenlohe-ungefiltert.de\/?p=1047\" target=\"_blank\">https:\/\/www.hohenlohe-ungefiltert.de\/?p=1047<\/a><\/p>\n<p><strong>\u00dcbernahme von Haller Tagblatt durch S\u00fcdwest-Presse weiter offen<\/strong> <a href=\"http:\/\/www.wuv.de\/nachrichten\/medien\/uebernahme_von_haller_tagblatt_durch_suedwest_presse_weiter_offen\" target=\"_blank\">http:\/\/www.wuv.de\/nachrichten\/medien\/uebernahme_von_haller_tagblatt_durch_suedwest_presse_weiter_offen<\/a><\/p>\n<p><strong>Internet:<\/strong> <a href=\"www.olg-duesseldorf.nrw.de\" target=\"_blank\">www.olg-duesseldorf.nrw.de<\/a><\/p>\n<div class=\"pdf24Plugin-cp\"> \t<form name=\"pdf24Form0\" method=\"post\" action=\"https:\/\/doc2pdf.pdf24.org\/wordpress.php\" target=\"pdf24PopWin\" onsubmit=\"var pdf24Win = window.open('about:blank', 'pdf24PopWin', 'resizable=yes,scrollbars=yes,width=600,height=250,left='+(screen.width\/2-300)+',top='+(screen.height\/3-125)+''); pdf24Win.focus(); if(typeof pdf24OnCreatePDF === 'function'){void(pdf24OnCreatePDF(this,pdf24Win));}\"> \t\t<input type=\"hidden\" name=\"blogCharset\" value=\"Cw1x07UAAA==\" \/><input type=\"hidden\" name=\"blogPosts\" value=\"MwQA\" \/><input type=\"hidden\" name=\"blogUrl\" value=\"yygpKSi20tcvLy\/Xy8jPSM3LARK6pXnpqWmZOSWpRSV6KakA\" \/><input type=\"hidden\" name=\"blogName\" value=\"88jPSM3LARK6pXnpqWmZOSWpRSUA\" \/><input type=\"hidden\" name=\"blogValueEncoding\" value=\"gzdeflate base64\" \/><input type=\"hidden\" name=\"postId_0\" value=\"Mze3tAQA\" \/><input type=\"hidden\" name=\"postTitle_0\" value=\"FczBDYJAEAXQVn43euGkFjDAl91kdiCzAyae7MEGLIQTdGIlyv3lnei5S1GDXrLhORf0niNoaESx0EOGwPf13j6Xfe0frDE5ayVu+rfid5xFlY6rDK1KBGzsEuxosa8t3ZgK7Qc=\" \/><input type=\"hidden\" name=\"postLink_0\" value=\"yygpKSi20tcvLy\/Xy8jPSM3LARK6pXnpqWmZOSWpRSV6Kan69gW25uaWlgA=\" \/><input type=\"hidden\" name=\"postAuthor_0\" value=\"AwA=\" \/><input type=\"hidden\" name=\"postDateTime_0\" value=\"MzIwNNA1MNU1MFcwMrQyMLUyNAcA\" \/><input type=\"hidden\" name=\"postContent_0\" value=\"tVdNcxNHEL3nV3Q5VRRUyZYswBAjnILIGAgBChP7qBp5ez+i3VnV7Ky3Sif+A1dy82\/IyTf9E35JXs+urJV2BcGqXGxppJ3u9\/q97tZgejTIrEl1cDSMmE7n117BmZ0azjKmP+OEPGV88vDZm3Si4hlHNtcBvVRxzIY+qmAcK2tJpxch6egitDS\/HrPRHCas92ioMnqH97HSHmcBG\/eV4fwa18deiqvvvntzco9CZUkl9HCP\/lAR9Xv7PcouwlTTLEcKJrKWNT6KacKRZjrWFh9z5EkuAQOA7yPcoFthGXSnRz8NgI2TozPc8kHFPp0okyBXNh16mYasY\/zZxQXsRzFO7aCLb988Wd30PJfEJ8pYjmOVWEryLCvhnsqRJDDLDZ2ztWMu2IyzDBQpGyFsyUIjqzs\/P+73+08c4ZGdyRVFbjymS2ShAus+7z3pUIY3TCBo970rSIa6ALZBYYRIOg7AqPB2UONN5T69VRehb1SAK5FGK9qyNk14rjQlwCpPNsH8Ss9Ye6uQpymKMotwgtp8A\/8STlplXEBFbJABXgu60wUurbS2VXRXabkjx9+PbJJIkz+\/Nk6MJ6WSMjAWQlqS09566Y5Nhih0tvyKvJdrsjQGB5QbEDq\/1kEsZJZ6A5n9R3v0WulcGaJKikilUcVh+92XKTLkhATYitAL3DfLY7YzJ\/X9Hmo2vzKzZdU8AK07AOAkqTGOixT6gJ+exRnRiUHVFlx54jCEipLadR05znChuWHKpZcsaopXLyM9BvCJC03OVnniKx0YxgNMzxnBUVCP2RQRrpK6QywNzWQk6eAoVPGYgBGOLOZXoYFikMBCM1pBDL6JMrEyoMUc2ApXpRDheQ9xkQAuXa2EIyScX8G\/hBwKDnCLXB\/wFM1F7px\/kcYjUVya6z0qc6KtVeymVOuVmqQJZOtUIpzT109fxKuLSOuBGnG83EBPXq2fVv4lunt6\/v4egYPKA+Qa19dPf3dEfybisQP1Av6VVuvOfIATvlQAlxlRA91RyfSJYJmgeDi4W7iTy3ttrEGUUt2E3nKRQX\/Oer\/FKgdHQ7Z\/se7IVagHm1ZAHWnPlpd8NRr6Cn0CfKVBy52\/1+SipAvB4lYiO+HVGHX4P3CA\/rEcN01GqwkFbDKkSlqhvBz1MWibrm7PmlxUzgd4VKDkrJmvr8rCD6UNwUm4dwJegcJNOLjwv7VYsiwv6LsdPIlszbGtTaWEsoIFg2N+dRFCS4vmsdZTVk0m7uos\/A\/1xeR6R2MCvBCLyqNo+kHpejFOazugMcMRYMGWEuk4MjEHojiOlpHR+iqLN5r0ubMB0yvtpzKeUXbWLuBGYzf8tlkeog0hp7U8h8uWPjbURVqrbxvMyJLCTigRA9bh5nVJ3WRZW5HWt6Ob8DRQhG7pP90JrZ1mh91uURR7YevU9rj76\/Tp\/sGD\/R2yymD3ebozQgA92Tn6kacHXdXYdc6VkW2rSWMNz2Y4JfSvnz7DeHmGSR2auBokgUzZ1lYg690wLZCp8qCbiDY4aVmqH6Xqfu\/g\/u2pkqfbqPpmv3RCKSeUEzEmPj6uq9jpdZNgl04TRpLv7M\/SQAN2PhfuWxYj6dto9pmcu00HHdLKvvBahVUruT29\/YN+\/\/b0ytNt9K6LTZCVo+pQpvFxVq3hjo1cj9kDCVYangxEzCNHn8zVLUx28HgLj+HhNmBL7dOyxaKrwEOYSJkbhq4Buxa4MpWc1ZxmttlESp1twcr9Xn8bO7WW+0R+OEwAVfmOFy+SVS+2P4Bv3Ujul0KpD\/gQDSoKZJ4WOPaiYAvBP374y+3x4+E2\/MPXZ7sn4vr5lW\/L1snm8LvoJ\/N\/yp8Agj+Wn+dMZ\/g9hv1FUPuyg8v4vT3Y\/d6DR1vMGTzdBreGy+1Oa2Yvi7q+Otf35Q3yrVIq8ktJQCtZnt2W2U3QIPAv50XgEQKPQhd4ZKvAIxd4lOXsAo9KJY3KwCMXuJ2L\/z9uG4uvZNXVXFtjlmxIOmkc7Ho5LwbFnjYF0msi2Pzdm6j\/Ag==\" \/> \t\t<a href=\"https:\/\/www.pdf24.org\" target=\"_blank\" title=\"www.pdf24.org\" rel=\"nofollow\"><img src=\"https:\/\/www.hohenlohe-ungefiltert.de\/wp-content\/plugins\/pdf24-post-to-pdf\/img\/pdf_32x32.png\" alt=\"\" border=\"0\" height=\"32\" \/><\/a> \t\t<span class=\"pdf24Plugin-cp-space\">&nbsp;&nbsp;<\/span> \t\t<span class=\"pdf24Plugin-cp-text\">Sende Artikel als PDF<\/span> \t\t<span class=\"pdf24Plugin-cp-space\">&nbsp;&nbsp;<\/span> \t\t<input class=\"pdf24Plugin-cp-input\" style=\"margin: 0px;\" type=\"text\" name=\"sendEmailTo\" placeholder=\"Emailadresse\" \/> \t\t<input class=\"pdf24Plugin-cp-submit\" style=\"margin: 0px;\" type=\"submit\" value=\"Senden\" \/> \t<\/form> <\/div>","protected":false},"excerpt":{"rendered":"<p>Die S\u00fcdwestpresse Ulm darf die Lokalzeitung Haller Tagblatt noch nicht \u00fcbernehmen. Das Oberlandesgericht D\u00fcsseldorf (OLG) hat am 5. Mai 2010 schon zum dritten Mal keine Entscheidung getroffen. Von Ralf Garmatter, Hohenlohe-ungefiltert Bundeskartellamt muss noch Stellung zur Wettbewerbssituation nehmen &#8222;Die Sitzung wurde vertagt&#8220;, sagte OLG-Pressesprecher Ulrich Egger am 6. Mai 2010 auf Nachfrage von Hohenlohe-ungefiltert. Das [&hellip;]<\/p>\n","protected":false},"author":3,"featured_media":0,"comment_status":"open","ping_status":"open","sticky":false,"template":"","format":"standard","meta":[],"categories":[],"tags":[],"_links":{"self":[{"href":"https:\/\/www.hohenlohe-ungefiltert.de\/index.php?rest_route=\/wp\/v2\/posts\/7799"}],"collection":[{"href":"https:\/\/www.hohenlohe-ungefiltert.de\/index.php?rest_route=\/wp\/v2\/posts"}],"about":[{"href":"https:\/\/www.hohenlohe-ungefiltert.de\/index.php?rest_route=\/wp\/v2\/types\/post"}],"author":[{"embeddable":true,"href":"https:\/\/www.hohenlohe-ungefiltert.de\/index.php?rest_route=\/wp\/v2\/users\/3"}],"replies":[{"embeddable":true,"href":"https:\/\/www.hohenlohe-ungefiltert.de\/index.php?rest_route=%2Fwp%2Fv2%2Fcomments&post=7799"}],"version-history":[{"count":6,"href":"https:\/\/www.hohenlohe-ungefiltert.de\/index.php?rest_route=\/wp\/v2\/posts\/7799\/revisions"}],"predecessor-version":[{"id":7803,"href":"https:\/\/www.hohenlohe-ungefiltert.de\/index.php?rest_route=\/wp\/v2\/posts\/7799\/revisions\/7803"}],"wp:attachment":[{"href":"https:\/\/www.hohenlohe-ungefiltert.de\/index.php?rest_route=%2Fwp%2Fv2%2Fmedia&parent=7799"}],"wp:term":[{"taxonomy":"category","embeddable":true,"href":"https:\/\/www.hohenlohe-ungefiltert.de\/index.php?rest_route=%2Fwp%2Fv2%2Fcategories&post=7799"},{"taxonomy":"post_tag","embeddable":true,"href":"https:\/\/www.hohenlohe-ungefiltert.de\/index.php?rest_route=%2Fwp%2Fv2%2Ftags&post=7799"}],"curies":[{"name":"wp","href":"https:\/\/api.w.org\/{rel}","templated":true}]}}