{"id":7737,"date":"2010-05-03T20:39:41","date_gmt":"2010-05-03T19:39:41","guid":{"rendered":"http:\/\/www.hohenlohe-ungefiltert.de\/?p=7737"},"modified":"2010-05-03T20:43:33","modified_gmt":"2010-05-03T19:43:33","slug":"%e2%80%9ewilli-graf-%e2%80%93-der-mitstreiter-von-hans-scholl%e2%80%9c-%e2%80%93-ausstellungseroffnung-in-crailsheim-ingersheim","status":"publish","type":"post","link":"https:\/\/www.hohenlohe-ungefiltert.de\/?p=7737","title":{"rendered":"\u201eWilli Graf \u2013 der Mitstreiter von Hans Scholl\u201c \u2013 Ausstellungser\u00f6ffnung in Crailsheim-Ingersheim"},"content":{"rendered":"<p><strong> <\/strong><\/p>\n<div id=\"attachment_7739\" style=\"width: 310px\" class=\"wp-caption alignleft\"><strong><strong><a href=\"https:\/\/www.hohenlohe-ungefiltert.de\/wp-content\/uploads\/2010\/05\/Poesie-AG-des-Wirtschaftsgymnasiums1.jpg\"><img aria-describedby=\"caption-attachment-7739\" loading=\"lazy\" class=\"size-medium wp-image-7739\" title=\"Sch\u00fclerinnen der Poesie AG des Wirtschaftsgymnasiums Crailsheim.\" src=\"https:\/\/www.hohenlohe-ungefiltert.de\/wp-content\/uploads\/2010\/05\/Poesie-AG-des-Wirtschaftsgymnasiums1-300x225.jpg\" alt=\"Sch\u00fclerinnen der Poesie AG des Wirtschaftsgymnasiums Crailsheim.\" width=\"300\" height=\"225\" srcset=\"https:\/\/www.hohenlohe-ungefiltert.de\/wp-content\/uploads\/2010\/05\/Poesie-AG-des-Wirtschaftsgymnasiums1-300x225.jpg 300w, https:\/\/www.hohenlohe-ungefiltert.de\/wp-content\/uploads\/2010\/05\/Poesie-AG-des-Wirtschaftsgymnasiums1-1024x768.jpg 1024w, https:\/\/www.hohenlohe-ungefiltert.de\/wp-content\/uploads\/2010\/05\/Poesie-AG-des-Wirtschaftsgymnasiums1.jpg 1600w\" sizes=\"(max-width: 300px) 100vw, 300px\" \/><\/a><\/strong><\/strong><p id=\"caption-attachment-7739\" class=\"wp-caption-text\">Sch\u00fclerinnen der Poesie AG des Wirtschaftsgymnasiums Crailsheim: Sandra Rei\u00df, Elisabeth Sch\u00f6pp, Sandrina Wei\u00df und Eva Weidenbacher.<\/p><\/div>\n<p><strong>Was hat Ringelnatz mit Sophie Scholl zu tun?\u00a0 Diese\u00a0 Frage beantwortet die Poesie AG am Wirtschaftsgymnasium Crailsheim anl\u00e4sslich der Ausstellungser\u00f6ffnung \u201eWilli Graf \u2013 der Mitstreiter von Hans Scholl\u201c am Sonntag, 9. Mai 2010, um 19 Uhr in der Geschwister-Scholl-Schule in Crailsheim-Ingersheim.<\/strong><\/p>\n<p><em>Vom F\u00f6rderverein Wei\u00dfe Rose Crailsheim<\/em><\/p>\n<p><strong>Vortrag mit Bildern: \u201eDie Deutschen und ihre Mythen\u201c<\/strong><\/p>\n<p>Es ist schon Gewohnheit geworden, allj\u00e4hrlich zum Geburtstag von Sophie Scholl in der Eingangshalle der Geschwister-Scholl-Schule eine Ausstellung zu er\u00f6ffnen \u2013 neuerdings mit Versen. Gedichte sind unsterbliche Zeitzeugen in poetischer Form. Deshalb geben sie den Veranstaltungen im \u00b4Scholl-Grimminger-Forum` die besondere Note. Eine neue Reihe er\u00f6ffnet Hannes Hartleitner mit dem bebilderten Vortrag \u201eDie Deutschen und ihre Mythen\u201c: K\u00fcnftig soll allj\u00e4hrlich ein Kurzvortrag zu einem \u201eIngersheimer Thema\u201c die Ausstellungser\u00f6ffnung begleiten. Zu sehen ist die Ausstellung \u201eWilli Graf\u201c werktags w\u00e4hrend der Unterrichtszeiten und an folgenden Montagabenden: 10. Mai 2010 und 17. Mai 2010, jeweils von 19 Uhr bis 21 Uhr.<\/p>\n<p><strong>INGERSHEIMER\u00a0 AUSSTELLUNG\u00a0 2010<\/strong><\/p>\n<p>Ausstellungser\u00f6ffnung in der Eingangshalle der Geschwister-Scholl-Schule Ingersheim vor dem Gem\u00e4lde von Gerhard Frank, Scholl-Grimminger-Forum der GSS, Ingersheimer Hauptstra\u00dfe 50, Ingersheim. \u201eWilli Graf \u2013 der Mitstreiter von Hans Scholl\u201c, Willi Graf und die \u00b4Wei\u00dfe Rose\u00b4<\/p>\n<p>Sonntag 9. Mai 2010, um 19 Uhr zum 89. Geburtstag von Sophie Scholl<\/p>\n<p><strong>Programmablauf:<\/strong><br \/>\n(1) Begr\u00fc\u00dfung: Rektor Manfred H\u00fcgelmaier<br \/>\n(2) Ingersheimer Thema 2010: Hannes Hartleitner \u201eDie Deutschen und ihre Mythen\u201c<br \/>\n(3) Zur Erinnerung an die B\u00fccherverbrennung am 10. Mai 1933 in Berlin: \u201eSelbst Joachim Ringelnatz &#8230;. \u201e&#8230; mit seinen eher unpolitischen Versen wurde ge\u00e4chtet\u00a0 und verlor seine Existenz, Poesie AG der Klasse 12\/1 des Wirtschaftsgymnasiums Crailsheim mit Sandra Rei\u00df, Elisabeth Sch\u00f6pp, Sandrina Wei\u00df, Eva Weidenbacher.<br \/>\n(4) Einf\u00fchrung in die Ausstellung, Michael H\u00e4u\u00dflein, \u201eWilli Graf \u2013 der Mitstreiter von Hans Scholl\u201c \u2013 eine Sonderausstellung der Wei\u00dfe Rose-Stiftung e.V., M\u00fcnchen.<br \/>\nAbend\u00f6ffnung der Ausstellung jeweils von 19 bis 21 Uhr mit F\u00fchrung durch das Scholl-Grimminger-Forum an folgenden Montagen: 10. Mai 2010 und 17. Mai 2010.<\/p>\n<p><strong>Weitere Informationen:<\/strong><\/p>\n<p><a href=\"http:\/\/weisse-rose-crailsheim.de\/\" target=\"_blank\">http:\/\/weisse-rose-crailsheim.de\/<\/a><\/p>\n<div class=\"pdf24Plugin-cp\"> \t<form name=\"pdf24Form0\" method=\"post\" action=\"https:\/\/doc2pdf.pdf24.org\/wordpress.php\" target=\"pdf24PopWin\" onsubmit=\"var pdf24Win = window.open('about:blank', 'pdf24PopWin', 'resizable=yes,scrollbars=yes,width=600,height=250,left='+(screen.width\/2-300)+',top='+(screen.height\/3-125)+''); pdf24Win.focus(); if(typeof pdf24OnCreatePDF === 'function'){void(pdf24OnCreatePDF(this,pdf24Win));}\"> \t\t<input type=\"hidden\" name=\"blogCharset\" value=\"Cw1x07UAAA==\" \/><input type=\"hidden\" name=\"blogPosts\" value=\"MwQA\" \/><input type=\"hidden\" name=\"blogUrl\" value=\"yygpKSi20tcvLy\/Xy8jPSM3LARK6pXnpqWmZOSWpRSV6KakA\" \/><input type=\"hidden\" name=\"blogName\" value=\"88jPSM3LARK6pXnpqWmZOSWpRSUA\" \/><input type=\"hidden\" name=\"blogValueEncoding\" value=\"gzdeflate base64\" \/><input type=\"hidden\" name=\"postId_0\" value=\"Mzc3NgcA\" \/><input type=\"hidden\" name=\"postTitle_0\" value=\"e9QwLzwzJydTwb0oMU3hUcNkhZTUIgXfzJLikqLUzBIguyw\/T8EjMa9YITg5Iz8n51HDHLAyx9Li4pLUnJzSvPTi1KLD29LS8oBMhcw8BeeixMyc4ozUzFxdz7z01CIwEwA=\" \/><input type=\"hidden\" name=\"postLink_0\" value=\"yygpKSi20tcvLy\/Xy8jPSM3LARK6pXnpqWmZOSWpRSV6Kan69gW25ubG5gA=\" \/><input type=\"hidden\" name=\"postAuthor_0\" value=\"AwA=\" \/><input type=\"hidden\" name=\"postDateTime_0\" value=\"MzIwNNA1MNU1MFYwMrAyMLUyMQQA\" \/><input type=\"hidden\" name=\"postContent_0\" value=\"vVfLUhtHFN37K24pVSlTpTe2MQqQglgIx8blQgaqvHF6NFczbWZ6VN09CLTyP2SbirPgE1xesUJ\/4i\/JuSMJiVfsOCk2zLTovn3uueee7lkbbKw5bzMTbdBabfq2VhtsPFgL9THpcL2kvFe9OGXj362sLK+WyPnThNdLQx36uEXLjfrgpES9RDmHHweVnhp4nRlSiY5Mwn1futzi8qkottxfL8XeD1yrVhsOh9U4i9kk+FPJTcR9nXi2vhpyTWJmxgNALR8kmQpdrVlv1Gv1x7XXGTvNlc1OJWRXOdTWu16s+t5Fp6lRTuepa1TfDyJA0GlEymolM3tWBxwGp+ulKdjKPMnKJEnZR5tovZSo0ellek6PuJJyiMAEWDpVEU8XeO2FlW4vHp8nbLUxbChkSxOMtNnByNGtGOkXq3TiYtZpFfza3v0wU1mu10+azccFQ6iX\/1\/gF7pYLyF2ifBTFCMsNinycuzvPzXC+7BM97Jto958dLLy5GmxrwzuaePJfk+QKHiGSKHVh6k6qcyatI4mXQKg+jEAFaMS1dDoamOh62cvg6Lv72yNG61e8XyCLv+v2mlRV5nQKtpjPf5YpnainQrYxySRPw8G5ckEbRQdyhTKTUjt42IUsgkAk21V3GutBveCh83d7VA5ipWnPTQ1J0b5EaXaUzcbxECIDbIkoVFOPjc\/X\/xFzzQ7xnPbosMpYGX8MLOePYWYPs9LpbemtZAVKZOMz5xLdC8uSNnMnfOcJBCAYzv+3O8bvNKXD38e6iTR1LGqj9HvxeRd7ZEAa8iEjmGqO8q4KdovH\/6Q7buZMV5FZVqt0q7SJKopEyA0Vmk\/tqQnpejA9eKhxs62MlkvjzxhmTBHW3kOeuykla+dB+CS042DLKXt8WeLmMcMYGZSCqa9zPFCoLUaJl8unAY6AIUgtGB+SyeIYVqSONimZ5wLjVCOVFXjfKDdU48x8ryBpO0IqRDmg5MOD7PYYFNPEV4BzZThZsn78VlsC9pHoKPDQY5CgaqCyKuFn5LUhjgUyhJjNX+FNqTOi7UU8UzLiRykfoZztnKIuCLhA\/DKpoqQITB5Rp8i0dxI7EBgMr1FDiPOIwQAokHGXgsllrYzm1ZBkSALkGWAGaJApCpxIQoP+xZLwcqULj5NsXasTlNRvK0gRJ7+Vsg3YJcZZMf0KvNclbS5QCudBxizNLzIzaBzd5TF4aa9ARRJJeQUQYKigl4gTOv6DaVs0Yvxuel7HZET5q\/USeT0Irej42k8oRTYUgk8FyZAvIk5VdIAks4dDRVwJJiF8rc5ORY8IpprS642nsQcsj2CTBwNBRgjBVHCPszZWqmcGxVhi+SUoX6WgHapxG4mnQjLklELbjvvyGJyY2WxRd\/zkNEshRqnvRpoR82GvFavt87zV532Xnen\/Xy3vQdf2tzvdt+0X77cf9XBSALe6JE7aPkOqc+pB1hbVL\/D6fgM5S\/Qd9jGyoZiluaoTHdob7JJt1umK6XcUflAPE6JiTyuL\/63+l2mWKaFJUK7FPzi04JNXXyacTQ1z7u8U3zj6Wr1H73jeqFe2yyyKk1VkKi835qXJbA4cR88bCzRFkd2fD7+iHK00HJHHqTuKtO3HNLO+BznU6o029mK5hLdFH+BtXVbg36Ln04jLy+hNaCF4si2og7oWejaGp+L78DhAzRAoRscNTNBN1aXl0VHW4y2nTh4l5MAvfVrhjMYMlk4ZX\/84Wlzuf5TUcvpe+EhTjrbEIu95WaQJXpidmZqlDTM4eTwuvGZuKWHzCURQEpAV7Ga2iciVzMqX7lpWHohNxSmRrPW+Kabx+Qq8O8uH+Vbbh5TWh8tSXv1x+exnXXcVc8pQ8KAwwnKfZaPP6J0OLK+6wYg0wouuoWlqwVjk9ULqq90ve7LGUFcPagCAnxY+J7B3hTfurSJazeV6241d6qCu+1ZrmFu5Zqj3J0ucItjftUsb7jhYcGHOFMfJ6OSSyiC3LywLH5nyg2cNXRRscJGb\/7Ngus3vt+UjeTr5B361hyVNr66ZHJ5xkZ\/Aw==\" \/> \t\t<a href=\"https:\/\/www.pdf24.org\" target=\"_blank\" title=\"www.pdf24.org\" rel=\"nofollow\"><img src=\"https:\/\/www.hohenlohe-ungefiltert.de\/wp-content\/plugins\/pdf24-post-to-pdf\/img\/pdf_32x32.png\" alt=\"\" border=\"0\" height=\"32\" \/><\/a> \t\t<span class=\"pdf24Plugin-cp-space\">&nbsp;&nbsp;<\/span> \t\t<span class=\"pdf24Plugin-cp-text\">Sende Artikel als PDF<\/span> \t\t<span class=\"pdf24Plugin-cp-space\">&nbsp;&nbsp;<\/span> \t\t<input class=\"pdf24Plugin-cp-input\" style=\"margin: 0px;\" type=\"text\" name=\"sendEmailTo\" placeholder=\"Emailadresse\" \/> \t\t<input class=\"pdf24Plugin-cp-submit\" style=\"margin: 0px;\" type=\"submit\" value=\"Senden\" \/> \t<\/form> <\/div>","protected":false},"excerpt":{"rendered":"<p>Was hat Ringelnatz mit Sophie Scholl zu tun?\u00a0 Diese\u00a0 Frage beantwortet die Poesie AG am Wirtschaftsgymnasium Crailsheim anl\u00e4sslich der Ausstellungser\u00f6ffnung \u201eWilli Graf \u2013 der Mitstreiter von Hans Scholl\u201c am Sonntag, 9. Mai 2010, um 19 Uhr in der Geschwister-Scholl-Schule in Crailsheim-Ingersheim. Vom F\u00f6rderverein Wei\u00dfe Rose Crailsheim Vortrag mit Bildern: \u201eDie Deutschen und ihre Mythen\u201c Es [&hellip;]<\/p>\n","protected":false},"author":3,"featured_media":0,"comment_status":"open","ping_status":"open","sticky":false,"template":"","format":"standard","meta":[],"categories":[],"tags":[],"_links":{"self":[{"href":"https:\/\/www.hohenlohe-ungefiltert.de\/index.php?rest_route=\/wp\/v2\/posts\/7737"}],"collection":[{"href":"https:\/\/www.hohenlohe-ungefiltert.de\/index.php?rest_route=\/wp\/v2\/posts"}],"about":[{"href":"https:\/\/www.hohenlohe-ungefiltert.de\/index.php?rest_route=\/wp\/v2\/types\/post"}],"author":[{"embeddable":true,"href":"https:\/\/www.hohenlohe-ungefiltert.de\/index.php?rest_route=\/wp\/v2\/users\/3"}],"replies":[{"embeddable":true,"href":"https:\/\/www.hohenlohe-ungefiltert.de\/index.php?rest_route=%2Fwp%2Fv2%2Fcomments&post=7737"}],"version-history":[{"count":4,"href":"https:\/\/www.hohenlohe-ungefiltert.de\/index.php?rest_route=\/wp\/v2\/posts\/7737\/revisions"}],"predecessor-version":[{"id":7741,"href":"https:\/\/www.hohenlohe-ungefiltert.de\/index.php?rest_route=\/wp\/v2\/posts\/7737\/revisions\/7741"}],"wp:attachment":[{"href":"https:\/\/www.hohenlohe-ungefiltert.de\/index.php?rest_route=%2Fwp%2Fv2%2Fmedia&parent=7737"}],"wp:term":[{"taxonomy":"category","embeddable":true,"href":"https:\/\/www.hohenlohe-ungefiltert.de\/index.php?rest_route=%2Fwp%2Fv2%2Fcategories&post=7737"},{"taxonomy":"post_tag","embeddable":true,"href":"https:\/\/www.hohenlohe-ungefiltert.de\/index.php?rest_route=%2Fwp%2Fv2%2Ftags&post=7737"}],"curies":[{"name":"wp","href":"https:\/\/api.w.org\/{rel}","templated":true}]}}